{"id":8151,"date":"2026-01-29T13:48:14","date_gmt":"2026-01-29T13:48:14","guid":{"rendered":"https:\/\/bladnanews.com\/mbappe-slams-real-madrid-team-mates-for-lack-of-desire\/"},"modified":"2026-01-29T13:48:14","modified_gmt":"2026-01-29T13:48:14","slug":"mbappe-critique-ses-coequipiers-du-real-madrid-pour-leur-manque-de-desir","status":"publish","type":"post","link":"https:\/\/bladnanews.com\/fr\/mbappe-critique-ses-coequipiers-du-real-madrid-pour-leur-manque-de-desir\/","title":{"rendered":"Mbapp\u00e9 critique ses co\u00e9quipiers du Real Madrid pour leur manque de d\u00e9sir."},"content":{"rendered":"<p>Kylian Mbapp\u00e9 a critiqu\u00e9 ses co\u00e9quipiers du Real Madrid apr\u00e8s que le club ait \u00e9t\u00e9 rel\u00e9gu\u00e9 en barrages de la Ligue des champions, d\u00e9plorant un manque de \u201c d\u00e9sir \u201d et affirmant que les Merengues ne sont actuellement pas une \u201c \u00e9quipe de champions \u201d.<\/p>\n<p>Le Real Madrid n'a pas fait le n\u00e9cessaire pour \u00e9viter le tour de barrages, ce qui les contraint \u00e0 disputer un match suppl\u00e9mentaire pour acc\u00e9der \u00e0 la phase suivante. Suite \u00e0 cela, Mbapp\u00e9 a livr\u00e9 une \u00e9valuation franche de l'attitude de l'effectif et des exigences requises au plus haut niveau.<\/p>\n<p><strong>\u201c Nous n'avons pas montr\u00e9 assez de d\u00e9sir \u201d,\u201d<\/strong> a d\u00e9clar\u00e9 Mbapp\u00e9, en s'interrogeant sur le fait que le groupe se comporte ou non comme des gagnants aguerris. Il a ajout\u00e9 que le Real Madrid ne peut \u00eatre consid\u00e9r\u00e9 comme une <strong>\u201c \u00e9quipe de champions \u201d<\/strong> si les joueurs ne font pas preuve du bon \u00e9tat d'esprit.<\/p>\n<p>Ces commentaires soulignent une frustration grandissante au sein du vestiaire apr\u00e8s une campagne europ\u00e9enne en de\u00e7\u00e0 des attentes. Les remarques de Mbapp\u00e9 r\u00e9v\u00e8lent \u00e9galement l'ampleur de la d\u00e9ception interne de devoir emprunter le chemin plus long des barrages de la Ligue des champions.<\/p>\n<p>Le Real Madrid devra d\u00e9sormais traverser les barrages pour garder ses espoirs vivants en Europe, Mbapp\u00e9 ayant clairement indiqu\u00e9 qu'une r\u00e9action imm\u00e9diate est n\u00e9cessaire si le club veut \u00eatre \u00e0 la hauteur de sa r\u00e9putation.<\/p>","protected":false},"excerpt":{"rendered":"<p>Kylian Mbappe has criticised his Real Madrid team-mates after the club slipped into the Champions League play-offs, saying there was [&hellip;]<\/p>\n","protected":false},"author":3,"featured_media":8150,"comment_status":"","ping_status":"open","sticky":false,"template":"","format":"standard","meta":{"googlesitekit_rrm_CAow_uzEDA:productID":"","site-sidebar-layout":"default","site-content-layout":"","ast-site-content-layout":"default","site-content-style":"default","site-sidebar-style":"default","ast-global-header-display":"","ast-banner-title-visibility":"","ast-main-header-display":"","ast-hfb-above-header-display":"","ast-hfb-below-header-display":"","ast-hfb-mobile-header-display":"","site-post-title":"","ast-breadcrumbs-content":"","ast-featured-img":"","footer-sml-layout":"","ast-disable-related-posts":"","theme-transparent-header-meta":"","adv-header-id-meta":"","stick-header-meta":"","header-above-stick-meta":"","header-main-stick-meta":"","header-below-stick-meta":"","astra-migrate-meta-layouts":"default","ast-page-background-enabled":"default","ast-page-background-meta":{"desktop":{"background-color":"var(--ast-global-color-5)","background-image":"","background-repeat":"repeat","background-position":"center center","background-size":"auto","background-attachment":"scroll","background-type":"","background-media":"","overlay-type":"","overlay-color":"","overlay-opacity":"","overlay-gradient":""},"tablet":{"background-color":"","background-image":"","background-repeat":"repeat","background-position":"center center","background-size":"auto","background-attachment":"scroll","background-type":"","background-media":"","overlay-type":"","overlay-color":"","overlay-opacity":"","overlay-gradient":""},"mobile":{"background-color":"","background-image":"","background-repeat":"repeat","background-position":"center center","background-size":"auto","background-attachment":"scroll","background-type":"","background-media":"","overlay-type":"","overlay-color":"","overlay-opacity":"","overlay-gradient":""}},"ast-content-background-meta":{"desktop":{"background-color":"var(--ast-global-color-4)","background-image":"","background-repeat":"repeat","background-position":"center center","background-size":"auto","background-attachment":"scroll","background-type":"","background-media":"","overlay-type":"","overlay-color":"","overlay-opacity":"","overlay-gradient":""},"tablet":{"background-color":"var(--ast-global-color-4)","background-image":"","background-repeat":"repeat","background-position":"center center","background-size":"auto","background-attachment":"scroll","background-type":"","background-media":"","overlay-type":"","overlay-color":"","overlay-opacity":"","overlay-gradient":""},"mobile":{"background-color":"var(--ast-global-color-4)","background-image":"","background-repeat":"repeat","background-position":"center center","background-size":"auto","background-attachment":"scroll","background-type":"","background-media":"","overlay-type":"","overlay-color":"","overlay-opacity":"","overlay-gradient":""}},"footnotes":""},"categories":[20,1],"tags":[],"class_list":["post-8151","post","type-post","status-publish","format-standard","has-post-thumbnail","hentry","category-international","category-football-latest-news"],"yoast_head":"<!-- This site is optimized with the Yoast SEO Premium plugin v26.6 (Yoast SEO v27.4) - https:\/\/yoast.com\/product\/yoast-seo-premium-wordpress\/ -->\n<title>Mbappe slams Real Madrid team-mates for lack of desire - Bladna News<\/title>\n<meta name=\"robots\" content=\"index, follow, max-snippet:-1, max-image-preview:large, max-video-preview:-1\" \/>\n<link rel=\"canonical\" href=\"https:\/\/bladnanews.com\/fr\/mbappe-critique-ses-coequipiers-du-real-madrid-pour-leur-manque-de-desir\/\" \/>\n<meta property=\"og:locale\" content=\"fr_FR\" \/>\n<meta property=\"og:type\" content=\"article\" \/>\n<meta property=\"og:title\" content=\"Mbappe slams Real Madrid team-mates for lack of desire\" \/>\n<meta property=\"og:description\" content=\"Kylian Mbappe has criticised his Real Madrid team-mates after the club slipped into the Champions League play-offs, saying there was [&hellip;]\" \/>\n<meta property=\"og:url\" content=\"https:\/\/bladnanews.com\/fr\/mbappe-critique-ses-coequipiers-du-real-madrid-pour-leur-manque-de-desir\/\" \/>\n<meta property=\"og:site_name\" content=\"Bladna News\" \/>\n<meta property=\"article:published_time\" content=\"2026-01-29T13:48:14+00:00\" \/>\n<meta property=\"og:image\" content=\"https:\/\/bladnanews.com\/wp-content\/uploads\/2025\/12\/freepik__bladna-newscom-moroccan-soccer-homepage-banner-mor__41838.png\" \/>\n\t<meta property=\"og:image:width\" content=\"1312\" \/>\n\t<meta property=\"og:image:height\" content=\"736\" \/>\n\t<meta property=\"og:image:type\" content=\"image\/png\" \/>\n<meta name=\"author\" content=\"Bladna News Staff\" \/>\n<meta name=\"twitter:card\" content=\"summary_large_image\" \/>\n<meta name=\"twitter:label1\" content=\"\u00c9crit par\" \/>\n\t<meta name=\"twitter:data1\" content=\"Bladna News Staff\" \/>\n\t<meta name=\"twitter:label2\" content=\"Dur\u00e9e de lecture estim\u00e9e\" \/>\n\t<meta name=\"twitter:data2\" content=\"1 minute\" \/>\n<script type=\"application\/ld+json\" class=\"yoast-schema-graph\">{\"@context\":\"https:\\\/\\\/schema.org\",\"@graph\":[{\"@type\":\"Article\",\"@id\":\"https:\\\/\\\/bladnanews.com\\\/mbappe-slams-real-madrid-team-mates-for-lack-of-desire\\\/#article\",\"isPartOf\":{\"@id\":\"https:\\\/\\\/bladnanews.com\\\/mbappe-slams-real-madrid-team-mates-for-lack-of-desire\\\/\"},\"author\":{\"name\":\"Bladna News Staff\",\"@id\":\"https:\\\/\\\/mediumseagreen-eel-531711.hostingersite.com\\\/#\\\/schema\\\/person\\\/268e18a453ab080ebf76df6ef7845083\"},\"headline\":\"Mbappe slams Real Madrid team-mates for lack of desire\",\"datePublished\":\"2026-01-29T13:48:14+00:00\",\"mainEntityOfPage\":{\"@id\":\"https:\\\/\\\/bladnanews.com\\\/mbappe-slams-real-madrid-team-mates-for-lack-of-desire\\\/\"},\"wordCount\":205,\"publisher\":{\"@id\":\"https:\\\/\\\/mediumseagreen-eel-531711.hostingersite.com\\\/#organization\"},\"image\":{\"@id\":\"https:\\\/\\\/bladnanews.com\\\/mbappe-slams-real-madrid-team-mates-for-lack-of-desire\\\/#primaryimage\"},\"thumbnailUrl\":\"https:\\\/\\\/bladnanews.com\\\/wp-content\\\/uploads\\\/2026\\\/01\\\/BladnaNews-Mbappe-slams-Real-Madrid-team-mates-for-lack-of-desire-2026-01-30T011008.431Z.jpg\",\"articleSection\":[\"International\",\"Latest News\"],\"inLanguage\":\"fr-FR\",\"copyrightYear\":\"2026\",\"copyrightHolder\":{\"@id\":\"https:\\\/\\\/bladnanews.com\\\/fr\\\/#organization\"}},{\"@type\":\"WebPage\",\"@id\":\"https:\\\/\\\/bladnanews.com\\\/mbappe-slams-real-madrid-team-mates-for-lack-of-desire\\\/\",\"url\":\"https:\\\/\\\/bladnanews.com\\\/mbappe-slams-real-madrid-team-mates-for-lack-of-desire\\\/\",\"name\":\"Mbappe slams Real Madrid team-mates for lack of desire - Bladna News\",\"isPartOf\":{\"@id\":\"https:\\\/\\\/mediumseagreen-eel-531711.hostingersite.com\\\/#website\"},\"primaryImageOfPage\":{\"@id\":\"https:\\\/\\\/bladnanews.com\\\/mbappe-slams-real-madrid-team-mates-for-lack-of-desire\\\/#primaryimage\"},\"image\":{\"@id\":\"https:\\\/\\\/bladnanews.com\\\/mbappe-slams-real-madrid-team-mates-for-lack-of-desire\\\/#primaryimage\"},\"thumbnailUrl\":\"https:\\\/\\\/bladnanews.com\\\/wp-content\\\/uploads\\\/2026\\\/01\\\/BladnaNews-Mbappe-slams-Real-Madrid-team-mates-for-lack-of-desire-2026-01-30T011008.431Z.jpg\",\"datePublished\":\"2026-01-29T13:48:14+00:00\",\"breadcrumb\":{\"@id\":\"https:\\\/\\\/bladnanews.com\\\/mbappe-slams-real-madrid-team-mates-for-lack-of-desire\\\/#breadcrumb\"},\"inLanguage\":\"fr-FR\",\"potentialAction\":[{\"@type\":\"ReadAction\",\"target\":[\"https:\\\/\\\/bladnanews.com\\\/mbappe-slams-real-madrid-team-mates-for-lack-of-desire\\\/\"]}]},{\"@type\":\"ImageObject\",\"inLanguage\":\"fr-FR\",\"@id\":\"https:\\\/\\\/bladnanews.com\\\/mbappe-slams-real-madrid-team-mates-for-lack-of-desire\\\/#primaryimage\",\"url\":\"https:\\\/\\\/bladnanews.com\\\/wp-content\\\/uploads\\\/2026\\\/01\\\/BladnaNews-Mbappe-slams-Real-Madrid-team-mates-for-lack-of-desire-2026-01-30T011008.431Z.jpg\",\"contentUrl\":\"https:\\\/\\\/bladnanews.com\\\/wp-content\\\/uploads\\\/2026\\\/01\\\/BladnaNews-Mbappe-slams-Real-Madrid-team-mates-for-lack-of-desire-2026-01-30T011008.431Z.jpg\",\"width\":1920,\"height\":1080,\"caption\":\"Kylian Mbapp\u00e9, in a Real Madrid jersey, shows frustration during a match, with a focused expression and hand on his face.\"},{\"@type\":\"BreadcrumbList\",\"@id\":\"https:\\\/\\\/bladnanews.com\\\/mbappe-slams-real-madrid-team-mates-for-lack-of-desire\\\/#breadcrumb\",\"itemListElement\":[{\"@type\":\"ListItem\",\"position\":1,\"name\":\"Home\",\"item\":\"https:\\\/\\\/bladnanews.com\\\/\"},{\"@type\":\"ListItem\",\"position\":2,\"name\":\"Mbappe slams Real Madrid team-mates for lack of desire\"}]},{\"@type\":\"WebSite\",\"@id\":\"https:\\\/\\\/mediumseagreen-eel-531711.hostingersite.com\\\/#website\",\"url\":\"https:\\\/\\\/mediumseagreen-eel-531711.hostingersite.com\\\/\",\"name\":\"Bladna News - Morocco\",\"description\":\"Where Moroccan Football Meets the World\",\"publisher\":{\"@id\":\"https:\\\/\\\/mediumseagreen-eel-531711.hostingersite.com\\\/#organization\"},\"potentialAction\":[{\"@type\":\"SearchAction\",\"target\":{\"@type\":\"EntryPoint\",\"urlTemplate\":\"https:\\\/\\\/mediumseagreen-eel-531711.hostingersite.com\\\/?s={search_term_string}\"},\"query-input\":{\"@type\":\"PropertyValueSpecification\",\"valueRequired\":true,\"valueName\":\"search_term_string\"}}],\"inLanguage\":\"fr-FR\"},{\"@type\":\"Organization\",\"@id\":\"https:\\\/\\\/mediumseagreen-eel-531711.hostingersite.com\\\/#organization\",\"name\":\"Bladna News.com\",\"url\":\"https:\\\/\\\/mediumseagreen-eel-531711.hostingersite.com\\\/\",\"logo\":{\"@type\":\"ImageObject\",\"inLanguage\":\"fr-FR\",\"@id\":\"https:\\\/\\\/mediumseagreen-eel-531711.hostingersite.com\\\/#\\\/schema\\\/logo\\\/image\\\/\",\"url\":\"https:\\\/\\\/bladnanews.com\\\/wp-content\\\/uploads\\\/2025\\\/12\\\/logo-bladnanews-V2-web-black-red.png\",\"contentUrl\":\"https:\\\/\\\/bladnanews.com\\\/wp-content\\\/uploads\\\/2025\\\/12\\\/logo-bladnanews-V2-web-black-red.png\",\"width\":703,\"height\":287,\"caption\":\"Bladna News.com\"},\"image\":{\"@id\":\"https:\\\/\\\/mediumseagreen-eel-531711.hostingersite.com\\\/#\\\/schema\\\/logo\\\/image\\\/\"},\"email\":\"info@bladnanews.com\",\"legalName\":\"Bladna News\"},{\"@type\":\"Person\",\"@id\":\"https:\\\/\\\/mediumseagreen-eel-531711.hostingersite.com\\\/#\\\/schema\\\/person\\\/268e18a453ab080ebf76df6ef7845083\",\"name\":\"Bladna News Staff\",\"url\":\"https:\\\/\\\/bladnanews.com\\\/fr\\\/author\\\/bladna-news-staff\\\/\"}]}<\/script>\n<!-- \/ Yoast SEO Premium plugin. -->","yoast_head_json":{"title":"Mbappe critique ses co\u00e9quipiers du Real Madrid pour leur manque de d\u00e9sir - Bladna News","robots":{"index":"index","follow":"follow","max-snippet":"max-snippet:-1","max-image-preview":"max-image-preview:large","max-video-preview":"max-video-preview:-1"},"canonical":"https:\/\/bladnanews.com\/fr\/mbappe-critique-ses-coequipiers-du-real-madrid-pour-leur-manque-de-desir\/","og_locale":"fr_FR","og_type":"article","og_title":"Mbappe slams Real Madrid team-mates for lack of desire","og_description":"Kylian Mbappe has criticised his Real Madrid team-mates after the club slipped into the Champions League play-offs, saying there was [&hellip;]","og_url":"https:\/\/bladnanews.com\/fr\/mbappe-critique-ses-coequipiers-du-real-madrid-pour-leur-manque-de-desir\/","og_site_name":"Bladna News","article_published_time":"2026-01-29T13:48:14+00:00","og_image":[{"width":1312,"height":736,"url":"https:\/\/bladnanews.com\/wp-content\/uploads\/2025\/12\/freepik__bladna-newscom-moroccan-soccer-homepage-banner-mor__41838.png","type":"image\/png"}],"author":"Bladna News Staff","twitter_card":"summary_large_image","twitter_misc":{"\u00c9crit par":"Bladna News Staff","Dur\u00e9e de lecture estim\u00e9e":"1 minute"},"schema":{"@context":"https:\/\/schema.org","@graph":[{"@type":"Article","@id":"https:\/\/bladnanews.com\/mbappe-slams-real-madrid-team-mates-for-lack-of-desire\/#article","isPartOf":{"@id":"https:\/\/bladnanews.com\/mbappe-slams-real-madrid-team-mates-for-lack-of-desire\/"},"author":{"name":"Bladna News Staff","@id":"https:\/\/mediumseagreen-eel-531711.hostingersite.com\/#\/schema\/person\/268e18a453ab080ebf76df6ef7845083"},"headline":"Mbappe slams Real Madrid team-mates for lack of desire","datePublished":"2026-01-29T13:48:14+00:00","mainEntityOfPage":{"@id":"https:\/\/bladnanews.com\/mbappe-slams-real-madrid-team-mates-for-lack-of-desire\/"},"wordCount":205,"publisher":{"@id":"https:\/\/mediumseagreen-eel-531711.hostingersite.com\/#organization"},"image":{"@id":"https:\/\/bladnanews.com\/mbappe-slams-real-madrid-team-mates-for-lack-of-desire\/#primaryimage"},"thumbnailUrl":"https:\/\/bladnanews.com\/wp-content\/uploads\/2026\/01\/BladnaNews-Mbappe-slams-Real-Madrid-team-mates-for-lack-of-desire-2026-01-30T011008.431Z.jpg","articleSection":["International","Latest News"],"inLanguage":"fr-FR","copyrightYear":"2026","copyrightHolder":{"@id":"https:\/\/bladnanews.com\/fr\/#organization"}},{"@type":"WebPage","@id":"https:\/\/bladnanews.com\/mbappe-slams-real-madrid-team-mates-for-lack-of-desire\/","url":"https:\/\/bladnanews.com\/mbappe-slams-real-madrid-team-mates-for-lack-of-desire\/","name":"Mbappe critique ses co\u00e9quipiers du Real Madrid pour leur manque de d\u00e9sir - Bladna News","isPartOf":{"@id":"https:\/\/mediumseagreen-eel-531711.hostingersite.com\/#website"},"primaryImageOfPage":{"@id":"https:\/\/bladnanews.com\/mbappe-slams-real-madrid-team-mates-for-lack-of-desire\/#primaryimage"},"image":{"@id":"https:\/\/bladnanews.com\/mbappe-slams-real-madrid-team-mates-for-lack-of-desire\/#primaryimage"},"thumbnailUrl":"https:\/\/bladnanews.com\/wp-content\/uploads\/2026\/01\/BladnaNews-Mbappe-slams-Real-Madrid-team-mates-for-lack-of-desire-2026-01-30T011008.431Z.jpg","datePublished":"2026-01-29T13:48:14+00:00","breadcrumb":{"@id":"https:\/\/bladnanews.com\/mbappe-slams-real-madrid-team-mates-for-lack-of-desire\/#breadcrumb"},"inLanguage":"fr-FR","potentialAction":[{"@type":"ReadAction","target":["https:\/\/bladnanews.com\/mbappe-slams-real-madrid-team-mates-for-lack-of-desire\/"]}]},{"@type":"ImageObject","inLanguage":"fr-FR","@id":"https:\/\/bladnanews.com\/mbappe-slams-real-madrid-team-mates-for-lack-of-desire\/#primaryimage","url":"https:\/\/bladnanews.com\/wp-content\/uploads\/2026\/01\/BladnaNews-Mbappe-slams-Real-Madrid-team-mates-for-lack-of-desire-2026-01-30T011008.431Z.jpg","contentUrl":"https:\/\/bladnanews.com\/wp-content\/uploads\/2026\/01\/BladnaNews-Mbappe-slams-Real-Madrid-team-mates-for-lack-of-desire-2026-01-30T011008.431Z.jpg","width":1920,"height":1080,"caption":"Kylian Mbapp\u00e9, in a Real Madrid jersey, shows frustration during a match, with a focused expression and hand on his face."},{"@type":"BreadcrumbList","@id":"https:\/\/bladnanews.com\/mbappe-slams-real-madrid-team-mates-for-lack-of-desire\/#breadcrumb","itemListElement":[{"@type":"ListItem","position":1,"name":"Home","item":"https:\/\/bladnanews.com\/"},{"@type":"ListItem","position":2,"name":"Mbappe slams Real Madrid team-mates for lack of desire"}]},{"@type":"WebSite","@id":"https:\/\/mediumseagreen-eel-531711.hostingersite.com\/#website","url":"https:\/\/mediumseagreen-eel-531711.hostingersite.com\/","name":"Bladna News - Maroc","description":"Quand le football marocain rencontre le monde","publisher":{"@id":"https:\/\/mediumseagreen-eel-531711.hostingersite.com\/#organization"},"potentialAction":[{"@type":"SearchAction","target":{"@type":"EntryPoint","urlTemplate":"https:\/\/mediumseagreen-eel-531711.hostingersite.com\/?s={search_term_string}"},"query-input":{"@type":"PropertyValueSpecification","valueRequired":true,"valueName":"search_term_string"}}],"inLanguage":"fr-FR"},{"@type":"Organization","@id":"https:\/\/mediumseagreen-eel-531711.hostingersite.com\/#organization","name":"Bladna News.com","url":"https:\/\/mediumseagreen-eel-531711.hostingersite.com\/","logo":{"@type":"ImageObject","inLanguage":"fr-FR","@id":"https:\/\/mediumseagreen-eel-531711.hostingersite.com\/#\/schema\/logo\/image\/","url":"https:\/\/bladnanews.com\/wp-content\/uploads\/2025\/12\/logo-bladnanews-V2-web-black-red.png","contentUrl":"https:\/\/bladnanews.com\/wp-content\/uploads\/2025\/12\/logo-bladnanews-V2-web-black-red.png","width":703,"height":287,"caption":"Bladna News.com"},"image":{"@id":"https:\/\/mediumseagreen-eel-531711.hostingersite.com\/#\/schema\/logo\/image\/"},"email":"info@bladnanews.com","legalName":"Bladna News"},{"@type":"Person","@id":"https:\/\/mediumseagreen-eel-531711.hostingersite.com\/#\/schema\/person\/268e18a453ab080ebf76df6ef7845083","name":"\u00c9quipe r\u00e9dactionnelle de Bladna News","url":"https:\/\/bladnanews.com\/fr\/author\/bladna-news-staff\/"}]}},"_links":{"self":[{"href":"https:\/\/bladnanews.com\/fr\/wp-json\/wp\/v2\/posts\/8151","targetHints":{"allow":["GET"]}}],"collection":[{"href":"https:\/\/bladnanews.com\/fr\/wp-json\/wp\/v2\/posts"}],"about":[{"href":"https:\/\/bladnanews.com\/fr\/wp-json\/wp\/v2\/types\/post"}],"author":[{"embeddable":true,"href":"https:\/\/bladnanews.com\/fr\/wp-json\/wp\/v2\/users\/3"}],"replies":[{"embeddable":true,"href":"https:\/\/bladnanews.com\/fr\/wp-json\/wp\/v2\/comments?post=8151"}],"version-history":[{"count":0,"href":"https:\/\/bladnanews.com\/fr\/wp-json\/wp\/v2\/posts\/8151\/revisions"}],"wp:featuredmedia":[{"embeddable":true,"href":"https:\/\/bladnanews.com\/fr\/wp-json\/wp\/v2\/media\/8150"}],"wp:attachment":[{"href":"https:\/\/bladnanews.com\/fr\/wp-json\/wp\/v2\/media?parent=8151"}],"wp:term":[{"taxonomy":"category","embeddable":true,"href":"https:\/\/bladnanews.com\/fr\/wp-json\/wp\/v2\/categories?post=8151"},{"taxonomy":"post_tag","embeddable":true,"href":"https:\/\/bladnanews.com\/fr\/wp-json\/wp\/v2\/tags?post=8151"}],"curies":[{"name":"wp","href":"https:\/\/api.w.org\/{rel}","templated":true}]}}