{"id":8153,"date":"2026-01-29T13:49:17","date_gmt":"2026-01-29T13:49:17","guid":{"rendered":"https:\/\/bladnanews.com\/why-ryan-giggs-was-withdrawn-from-premier-league-hall-of-fame-induction\/"},"modified":"2026-01-29T13:49:17","modified_gmt":"2026-01-29T13:49:17","slug":"pourquoi-ryan-giggs-a-ete-retire-de-lintroduction-au-temple-de-la-renommee-de-la-premier-league","status":"publish","type":"post","link":"https:\/\/bladnanews.com\/fr\/pourquoi-ryan-giggs-a-ete-retire-de-lintroduction-au-temple-de-la-renommee-de-la-premier-league\/","title":{"rendered":"Pourquoi Ryan Giggs a \u00e9t\u00e9 retir\u00e9 de l'introduction au Temple de la renomm\u00e9e de la Premier League"},"content":{"rendered":"<p>Ryan Giggs a \u00e9t\u00e9 retir\u00e9 de la premi\u00e8re promotion du Temple de la renomm\u00e9e de la Premier League en 2021 apr\u00e8s que la ligue a d\u00e9cid\u00e9 de ne pas l'inclure tant qu'il faisait face \u00e0 des accusations p\u00e9nales.<\/p>\n<p>Giggs avait \u00e9t\u00e9 nomm\u00e9 parmi les premiers intronis\u00e9s lors du lancement du Temple de la renomm\u00e9e de la Premier League, mais sa participation pr\u00e9vue a \u00e9t\u00e9 annul\u00e9e avant l'annonce officielle. La ligue a pris cette d\u00e9cision car il devait \u00eatre jug\u00e9 \u00e0 cette \u00e9poque.<\/p>\n<p>L'ancien ailier de Manchester United a \u00e9t\u00e9 inculp\u00e9 en avril 2021 pour avoir agress\u00e9 son ex-petite amie Kate Greville et pour comportement coercitif ou de contr\u00f4le entre 2017 et 2020. Il a \u00e9galement \u00e9t\u00e9 inculp\u00e9 pour avoir agress\u00e9 la s\u0153ur de Greville, Emma, en novembre 2020. Giggs a ni\u00e9 ces all\u00e9gations.<\/p>\n<p>Le Temple de la renomm\u00e9e de la Premier League a \u00e9t\u00e9 cr\u00e9\u00e9 pour honorer les meilleurs joueurs de l'histoire de la comp\u00e9tition, la premi\u00e8re promotion ayant \u00e9t\u00e9 d\u00e9voil\u00e9e en 2021.<\/p>\n<p>Giggs est l'un des joueurs les plus titr\u00e9s de l'\u00e8re Premier League, ayant b\u00e2ti son h\u00e9ritage lors d'une p\u00e9riode riche en troph\u00e9es \u00e0 Manchester United.<\/p>\n<p>En juillet 2023, Giggs a \u00e9t\u00e9 blanchi de toutes les charges apr\u00e8s que les procureurs ont annonc\u00e9 qu'un nouveau proc\u00e8s n'aurait pas lieu. L'affaire s'\u00e9tait pr\u00e9c\u00e9demment termin\u00e9e en 2022 avec un jury incapable de rendre des verdicts, avant qu'un nouveau proc\u00e8s soit programm\u00e9 puis abandonn\u00e9.<\/p>\n<p>La proc\u00e9dure judiciaire \u00e9tant en cours au moment du lancement du Temple de la renomm\u00e9e, la Premier League a choisi de retirer Giggs de la premi\u00e8re intronisation.<\/p>","protected":false},"excerpt":{"rendered":"<p>Ryan Giggs was removed from the Premier League\u2019s inaugural Hall of Fame class in 2021 after the league decided it [&hellip;]<\/p>\n","protected":false},"author":3,"featured_media":8152,"comment_status":"","ping_status":"open","sticky":false,"template":"","format":"standard","meta":{"googlesitekit_rrm_CAow_uzEDA:productID":"","site-sidebar-layout":"default","site-content-layout":"","ast-site-content-layout":"default","site-content-style":"default","site-sidebar-style":"default","ast-global-header-display":"","ast-banner-title-visibility":"","ast-main-header-display":"","ast-hfb-above-header-display":"","ast-hfb-below-header-display":"","ast-hfb-mobile-header-display":"","site-post-title":"","ast-breadcrumbs-content":"","ast-featured-img":"","footer-sml-layout":"","ast-disable-related-posts":"","theme-transparent-header-meta":"","adv-header-id-meta":"","stick-header-meta":"","header-above-stick-meta":"","header-main-stick-meta":"","header-below-stick-meta":"","astra-migrate-meta-layouts":"default","ast-page-background-enabled":"default","ast-page-background-meta":{"desktop":{"background-color":"var(--ast-global-color-5)","background-image":"","background-repeat":"repeat","background-position":"center center","background-size":"auto","background-attachment":"scroll","background-type":"","background-media":"","overlay-type":"","overlay-color":"","overlay-opacity":"","overlay-gradient":""},"tablet":{"background-color":"","background-image":"","background-repeat":"repeat","background-position":"center center","background-size":"auto","background-attachment":"scroll","background-type":"","background-media":"","overlay-type":"","overlay-color":"","overlay-opacity":"","overlay-gradient":""},"mobile":{"background-color":"","background-image":"","background-repeat":"repeat","background-position":"center center","background-size":"auto","background-attachment":"scroll","background-type":"","background-media":"","overlay-type":"","overlay-color":"","overlay-opacity":"","overlay-gradient":""}},"ast-content-background-meta":{"desktop":{"background-color":"var(--ast-global-color-4)","background-image":"","background-repeat":"repeat","background-position":"center center","background-size":"auto","background-attachment":"scroll","background-type":"","background-media":"","overlay-type":"","overlay-color":"","overlay-opacity":"","overlay-gradient":""},"tablet":{"background-color":"var(--ast-global-color-4)","background-image":"","background-repeat":"repeat","background-position":"center center","background-size":"auto","background-attachment":"scroll","background-type":"","background-media":"","overlay-type":"","overlay-color":"","overlay-opacity":"","overlay-gradient":""},"mobile":{"background-color":"var(--ast-global-color-4)","background-image":"","background-repeat":"repeat","background-position":"center center","background-size":"auto","background-attachment":"scroll","background-type":"","background-media":"","overlay-type":"","overlay-color":"","overlay-opacity":"","overlay-gradient":""}},"footnotes":""},"categories":[20,1],"tags":[],"class_list":["post-8153","post","type-post","status-publish","format-standard","has-post-thumbnail","hentry","category-international","category-football-latest-news"],"yoast_head":"<!-- This site is optimized with the Yoast SEO Premium plugin v26.6 (Yoast SEO v27.4) - https:\/\/yoast.com\/product\/yoast-seo-premium-wordpress\/ -->\n<title>Why Ryan Giggs was withdrawn from Premier League Hall of Fame induction - Bladna News<\/title>\n<meta name=\"robots\" content=\"index, follow, max-snippet:-1, max-image-preview:large, max-video-preview:-1\" \/>\n<link rel=\"canonical\" href=\"https:\/\/bladnanews.com\/fr\/pourquoi-ryan-giggs-a-ete-retire-de-lintroduction-au-temple-de-la-renommee-de-la-premier-league\/\" \/>\n<meta property=\"og:locale\" content=\"fr_FR\" \/>\n<meta property=\"og:type\" content=\"article\" \/>\n<meta property=\"og:title\" content=\"Why Ryan Giggs was withdrawn from Premier League Hall of Fame induction\" \/>\n<meta property=\"og:description\" content=\"Ryan Giggs was removed from the Premier League\u2019s inaugural Hall of Fame class in 2021 after the league decided it [&hellip;]\" \/>\n<meta property=\"og:url\" content=\"https:\/\/bladnanews.com\/fr\/pourquoi-ryan-giggs-a-ete-retire-de-lintroduction-au-temple-de-la-renommee-de-la-premier-league\/\" \/>\n<meta property=\"og:site_name\" content=\"Bladna News\" \/>\n<meta property=\"article:published_time\" content=\"2026-01-29T13:49:17+00:00\" \/>\n<meta property=\"og:image\" content=\"https:\/\/bladnanews.com\/wp-content\/uploads\/2025\/12\/freepik__bladna-newscom-moroccan-soccer-homepage-banner-mor__41838.png\" \/>\n\t<meta property=\"og:image:width\" content=\"1312\" \/>\n\t<meta property=\"og:image:height\" content=\"736\" \/>\n\t<meta property=\"og:image:type\" content=\"image\/png\" \/>\n<meta name=\"author\" content=\"Bladna News Staff\" \/>\n<meta name=\"twitter:card\" content=\"summary_large_image\" \/>\n<meta name=\"twitter:label1\" content=\"\u00c9crit par\" \/>\n\t<meta name=\"twitter:data1\" content=\"Bladna News Staff\" \/>\n\t<meta name=\"twitter:label2\" content=\"Dur\u00e9e de lecture estim\u00e9e\" \/>\n\t<meta name=\"twitter:data2\" content=\"1 minute\" \/>\n<script type=\"application\/ld+json\" class=\"yoast-schema-graph\">{\"@context\":\"https:\\\/\\\/schema.org\",\"@graph\":[{\"@type\":\"Article\",\"@id\":\"https:\\\/\\\/bladnanews.com\\\/why-ryan-giggs-was-withdrawn-from-premier-league-hall-of-fame-induction\\\/#article\",\"isPartOf\":{\"@id\":\"https:\\\/\\\/bladnanews.com\\\/why-ryan-giggs-was-withdrawn-from-premier-league-hall-of-fame-induction\\\/\"},\"author\":{\"name\":\"Bladna News Staff\",\"@id\":\"https:\\\/\\\/mediumseagreen-eel-531711.hostingersite.com\\\/#\\\/schema\\\/person\\\/268e18a453ab080ebf76df6ef7845083\"},\"headline\":\"Why Ryan Giggs was withdrawn from Premier League Hall of Fame induction\",\"datePublished\":\"2026-01-29T13:49:17+00:00\",\"mainEntityOfPage\":{\"@id\":\"https:\\\/\\\/bladnanews.com\\\/why-ryan-giggs-was-withdrawn-from-premier-league-hall-of-fame-induction\\\/\"},\"wordCount\":233,\"publisher\":{\"@id\":\"https:\\\/\\\/mediumseagreen-eel-531711.hostingersite.com\\\/#organization\"},\"image\":{\"@id\":\"https:\\\/\\\/bladnanews.com\\\/why-ryan-giggs-was-withdrawn-from-premier-league-hall-of-fame-induction\\\/#primaryimage\"},\"thumbnailUrl\":\"https:\\\/\\\/bladnanews.com\\\/wp-content\\\/uploads\\\/2026\\\/01\\\/BladnaNews-Why-Ryan-Giggs-was-withdrawn-from-Premier-League-Hall-of-Fame-induction-2026-01-30T011028.674Z.jpg\",\"articleSection\":[\"International\",\"Latest News\"],\"inLanguage\":\"fr-FR\",\"copyrightYear\":\"2026\",\"copyrightHolder\":{\"@id\":\"https:\\\/\\\/bladnanews.com\\\/fr\\\/#organization\"}},{\"@type\":\"WebPage\",\"@id\":\"https:\\\/\\\/bladnanews.com\\\/why-ryan-giggs-was-withdrawn-from-premier-league-hall-of-fame-induction\\\/\",\"url\":\"https:\\\/\\\/bladnanews.com\\\/why-ryan-giggs-was-withdrawn-from-premier-league-hall-of-fame-induction\\\/\",\"name\":\"Why Ryan Giggs was withdrawn from Premier League Hall of Fame induction - Bladna News\",\"isPartOf\":{\"@id\":\"https:\\\/\\\/mediumseagreen-eel-531711.hostingersite.com\\\/#website\"},\"primaryImageOfPage\":{\"@id\":\"https:\\\/\\\/bladnanews.com\\\/why-ryan-giggs-was-withdrawn-from-premier-league-hall-of-fame-induction\\\/#primaryimage\"},\"image\":{\"@id\":\"https:\\\/\\\/bladnanews.com\\\/why-ryan-giggs-was-withdrawn-from-premier-league-hall-of-fame-induction\\\/#primaryimage\"},\"thumbnailUrl\":\"https:\\\/\\\/bladnanews.com\\\/wp-content\\\/uploads\\\/2026\\\/01\\\/BladnaNews-Why-Ryan-Giggs-was-withdrawn-from-Premier-League-Hall-of-Fame-induction-2026-01-30T011028.674Z.jpg\",\"datePublished\":\"2026-01-29T13:49:17+00:00\",\"breadcrumb\":{\"@id\":\"https:\\\/\\\/bladnanews.com\\\/why-ryan-giggs-was-withdrawn-from-premier-league-hall-of-fame-induction\\\/#breadcrumb\"},\"inLanguage\":\"fr-FR\",\"potentialAction\":[{\"@type\":\"ReadAction\",\"target\":[\"https:\\\/\\\/bladnanews.com\\\/why-ryan-giggs-was-withdrawn-from-premier-league-hall-of-fame-induction\\\/\"]}]},{\"@type\":\"ImageObject\",\"inLanguage\":\"fr-FR\",\"@id\":\"https:\\\/\\\/bladnanews.com\\\/why-ryan-giggs-was-withdrawn-from-premier-league-hall-of-fame-induction\\\/#primaryimage\",\"url\":\"https:\\\/\\\/bladnanews.com\\\/wp-content\\\/uploads\\\/2026\\\/01\\\/BladnaNews-Why-Ryan-Giggs-was-withdrawn-from-Premier-League-Hall-of-Fame-induction-2026-01-30T011028.674Z.jpg\",\"contentUrl\":\"https:\\\/\\\/bladnanews.com\\\/wp-content\\\/uploads\\\/2026\\\/01\\\/BladnaNews-Why-Ryan-Giggs-was-withdrawn-from-Premier-League-Hall-of-Fame-induction-2026-01-30T011028.674Z.jpg\",\"width\":1776,\"height\":999,\"caption\":\"Ryan Giggs, wearing a black training jacket with \u2018RG\u2019 initials, appears contemplative on the pitch, reflecting his leadership role.\"},{\"@type\":\"BreadcrumbList\",\"@id\":\"https:\\\/\\\/bladnanews.com\\\/why-ryan-giggs-was-withdrawn-from-premier-league-hall-of-fame-induction\\\/#breadcrumb\",\"itemListElement\":[{\"@type\":\"ListItem\",\"position\":1,\"name\":\"Home\",\"item\":\"https:\\\/\\\/bladnanews.com\\\/\"},{\"@type\":\"ListItem\",\"position\":2,\"name\":\"Why Ryan Giggs was withdrawn from Premier League Hall of Fame induction\"}]},{\"@type\":\"WebSite\",\"@id\":\"https:\\\/\\\/mediumseagreen-eel-531711.hostingersite.com\\\/#website\",\"url\":\"https:\\\/\\\/mediumseagreen-eel-531711.hostingersite.com\\\/\",\"name\":\"Bladna News - Morocco\",\"description\":\"Where Moroccan Football Meets the World\",\"publisher\":{\"@id\":\"https:\\\/\\\/mediumseagreen-eel-531711.hostingersite.com\\\/#organization\"},\"potentialAction\":[{\"@type\":\"SearchAction\",\"target\":{\"@type\":\"EntryPoint\",\"urlTemplate\":\"https:\\\/\\\/mediumseagreen-eel-531711.hostingersite.com\\\/?s={search_term_string}\"},\"query-input\":{\"@type\":\"PropertyValueSpecification\",\"valueRequired\":true,\"valueName\":\"search_term_string\"}}],\"inLanguage\":\"fr-FR\"},{\"@type\":\"Organization\",\"@id\":\"https:\\\/\\\/mediumseagreen-eel-531711.hostingersite.com\\\/#organization\",\"name\":\"Bladna News.com\",\"url\":\"https:\\\/\\\/mediumseagreen-eel-531711.hostingersite.com\\\/\",\"logo\":{\"@type\":\"ImageObject\",\"inLanguage\":\"fr-FR\",\"@id\":\"https:\\\/\\\/mediumseagreen-eel-531711.hostingersite.com\\\/#\\\/schema\\\/logo\\\/image\\\/\",\"url\":\"https:\\\/\\\/bladnanews.com\\\/wp-content\\\/uploads\\\/2025\\\/12\\\/logo-bladnanews-V2-web-black-red.png\",\"contentUrl\":\"https:\\\/\\\/bladnanews.com\\\/wp-content\\\/uploads\\\/2025\\\/12\\\/logo-bladnanews-V2-web-black-red.png\",\"width\":703,\"height\":287,\"caption\":\"Bladna News.com\"},\"image\":{\"@id\":\"https:\\\/\\\/mediumseagreen-eel-531711.hostingersite.com\\\/#\\\/schema\\\/logo\\\/image\\\/\"},\"email\":\"info@bladnanews.com\",\"legalName\":\"Bladna News\"},{\"@type\":\"Person\",\"@id\":\"https:\\\/\\\/mediumseagreen-eel-531711.hostingersite.com\\\/#\\\/schema\\\/person\\\/268e18a453ab080ebf76df6ef7845083\",\"name\":\"Bladna News Staff\",\"url\":\"https:\\\/\\\/bladnanews.com\\\/fr\\\/author\\\/bladna-news-staff\\\/\"}]}<\/script>\n<!-- \/ Yoast SEO Premium plugin. -->","yoast_head_json":{"title":"Pourquoi Ryan Giggs a \u00e9t\u00e9 retir\u00e9 de l'introduction au Temple de la renomm\u00e9e de la Premier League - Bladna News","robots":{"index":"index","follow":"follow","max-snippet":"max-snippet:-1","max-image-preview":"max-image-preview:large","max-video-preview":"max-video-preview:-1"},"canonical":"https:\/\/bladnanews.com\/fr\/pourquoi-ryan-giggs-a-ete-retire-de-lintroduction-au-temple-de-la-renommee-de-la-premier-league\/","og_locale":"fr_FR","og_type":"article","og_title":"Why Ryan Giggs was withdrawn from Premier League Hall of Fame induction","og_description":"Ryan Giggs was removed from the Premier League\u2019s inaugural Hall of Fame class in 2021 after the league decided it [&hellip;]","og_url":"https:\/\/bladnanews.com\/fr\/pourquoi-ryan-giggs-a-ete-retire-de-lintroduction-au-temple-de-la-renommee-de-la-premier-league\/","og_site_name":"Bladna News","article_published_time":"2026-01-29T13:49:17+00:00","og_image":[{"width":1312,"height":736,"url":"https:\/\/bladnanews.com\/wp-content\/uploads\/2025\/12\/freepik__bladna-newscom-moroccan-soccer-homepage-banner-mor__41838.png","type":"image\/png"}],"author":"Bladna News Staff","twitter_card":"summary_large_image","twitter_misc":{"\u00c9crit par":"Bladna News Staff","Dur\u00e9e de lecture estim\u00e9e":"1 minute"},"schema":{"@context":"https:\/\/schema.org","@graph":[{"@type":"Article","@id":"https:\/\/bladnanews.com\/why-ryan-giggs-was-withdrawn-from-premier-league-hall-of-fame-induction\/#article","isPartOf":{"@id":"https:\/\/bladnanews.com\/why-ryan-giggs-was-withdrawn-from-premier-league-hall-of-fame-induction\/"},"author":{"name":"Bladna News Staff","@id":"https:\/\/mediumseagreen-eel-531711.hostingersite.com\/#\/schema\/person\/268e18a453ab080ebf76df6ef7845083"},"headline":"Why Ryan Giggs was withdrawn from Premier League Hall of Fame induction","datePublished":"2026-01-29T13:49:17+00:00","mainEntityOfPage":{"@id":"https:\/\/bladnanews.com\/why-ryan-giggs-was-withdrawn-from-premier-league-hall-of-fame-induction\/"},"wordCount":233,"publisher":{"@id":"https:\/\/mediumseagreen-eel-531711.hostingersite.com\/#organization"},"image":{"@id":"https:\/\/bladnanews.com\/why-ryan-giggs-was-withdrawn-from-premier-league-hall-of-fame-induction\/#primaryimage"},"thumbnailUrl":"https:\/\/bladnanews.com\/wp-content\/uploads\/2026\/01\/BladnaNews-Why-Ryan-Giggs-was-withdrawn-from-Premier-League-Hall-of-Fame-induction-2026-01-30T011028.674Z.jpg","articleSection":["International","Latest News"],"inLanguage":"fr-FR","copyrightYear":"2026","copyrightHolder":{"@id":"https:\/\/bladnanews.com\/fr\/#organization"}},{"@type":"WebPage","@id":"https:\/\/bladnanews.com\/why-ryan-giggs-was-withdrawn-from-premier-league-hall-of-fame-induction\/","url":"https:\/\/bladnanews.com\/why-ryan-giggs-was-withdrawn-from-premier-league-hall-of-fame-induction\/","name":"Pourquoi Ryan Giggs a \u00e9t\u00e9 retir\u00e9 de l'introduction au Temple de la renomm\u00e9e de la Premier League - Bladna News","isPartOf":{"@id":"https:\/\/mediumseagreen-eel-531711.hostingersite.com\/#website"},"primaryImageOfPage":{"@id":"https:\/\/bladnanews.com\/why-ryan-giggs-was-withdrawn-from-premier-league-hall-of-fame-induction\/#primaryimage"},"image":{"@id":"https:\/\/bladnanews.com\/why-ryan-giggs-was-withdrawn-from-premier-league-hall-of-fame-induction\/#primaryimage"},"thumbnailUrl":"https:\/\/bladnanews.com\/wp-content\/uploads\/2026\/01\/BladnaNews-Why-Ryan-Giggs-was-withdrawn-from-Premier-League-Hall-of-Fame-induction-2026-01-30T011028.674Z.jpg","datePublished":"2026-01-29T13:49:17+00:00","breadcrumb":{"@id":"https:\/\/bladnanews.com\/why-ryan-giggs-was-withdrawn-from-premier-league-hall-of-fame-induction\/#breadcrumb"},"inLanguage":"fr-FR","potentialAction":[{"@type":"ReadAction","target":["https:\/\/bladnanews.com\/why-ryan-giggs-was-withdrawn-from-premier-league-hall-of-fame-induction\/"]}]},{"@type":"ImageObject","inLanguage":"fr-FR","@id":"https:\/\/bladnanews.com\/why-ryan-giggs-was-withdrawn-from-premier-league-hall-of-fame-induction\/#primaryimage","url":"https:\/\/bladnanews.com\/wp-content\/uploads\/2026\/01\/BladnaNews-Why-Ryan-Giggs-was-withdrawn-from-Premier-League-Hall-of-Fame-induction-2026-01-30T011028.674Z.jpg","contentUrl":"https:\/\/bladnanews.com\/wp-content\/uploads\/2026\/01\/BladnaNews-Why-Ryan-Giggs-was-withdrawn-from-Premier-League-Hall-of-Fame-induction-2026-01-30T011028.674Z.jpg","width":1776,"height":999,"caption":"Ryan Giggs, wearing a black training jacket with \u2018RG\u2019 initials, appears contemplative on the pitch, reflecting his leadership role."},{"@type":"BreadcrumbList","@id":"https:\/\/bladnanews.com\/why-ryan-giggs-was-withdrawn-from-premier-league-hall-of-fame-induction\/#breadcrumb","itemListElement":[{"@type":"ListItem","position":1,"name":"Home","item":"https:\/\/bladnanews.com\/"},{"@type":"ListItem","position":2,"name":"Why Ryan Giggs was withdrawn from Premier League Hall of Fame induction"}]},{"@type":"WebSite","@id":"https:\/\/mediumseagreen-eel-531711.hostingersite.com\/#website","url":"https:\/\/mediumseagreen-eel-531711.hostingersite.com\/","name":"Bladna News - Maroc","description":"Quand le football marocain rencontre le monde","publisher":{"@id":"https:\/\/mediumseagreen-eel-531711.hostingersite.com\/#organization"},"potentialAction":[{"@type":"SearchAction","target":{"@type":"EntryPoint","urlTemplate":"https:\/\/mediumseagreen-eel-531711.hostingersite.com\/?s={search_term_string}"},"query-input":{"@type":"PropertyValueSpecification","valueRequired":true,"valueName":"search_term_string"}}],"inLanguage":"fr-FR"},{"@type":"Organization","@id":"https:\/\/mediumseagreen-eel-531711.hostingersite.com\/#organization","name":"Bladna News.com","url":"https:\/\/mediumseagreen-eel-531711.hostingersite.com\/","logo":{"@type":"ImageObject","inLanguage":"fr-FR","@id":"https:\/\/mediumseagreen-eel-531711.hostingersite.com\/#\/schema\/logo\/image\/","url":"https:\/\/bladnanews.com\/wp-content\/uploads\/2025\/12\/logo-bladnanews-V2-web-black-red.png","contentUrl":"https:\/\/bladnanews.com\/wp-content\/uploads\/2025\/12\/logo-bladnanews-V2-web-black-red.png","width":703,"height":287,"caption":"Bladna News.com"},"image":{"@id":"https:\/\/mediumseagreen-eel-531711.hostingersite.com\/#\/schema\/logo\/image\/"},"email":"info@bladnanews.com","legalName":"Bladna News"},{"@type":"Person","@id":"https:\/\/mediumseagreen-eel-531711.hostingersite.com\/#\/schema\/person\/268e18a453ab080ebf76df6ef7845083","name":"\u00c9quipe r\u00e9dactionnelle de Bladna News","url":"https:\/\/bladnanews.com\/fr\/author\/bladna-news-staff\/"}]}},"_links":{"self":[{"href":"https:\/\/bladnanews.com\/fr\/wp-json\/wp\/v2\/posts\/8153","targetHints":{"allow":["GET"]}}],"collection":[{"href":"https:\/\/bladnanews.com\/fr\/wp-json\/wp\/v2\/posts"}],"about":[{"href":"https:\/\/bladnanews.com\/fr\/wp-json\/wp\/v2\/types\/post"}],"author":[{"embeddable":true,"href":"https:\/\/bladnanews.com\/fr\/wp-json\/wp\/v2\/users\/3"}],"replies":[{"embeddable":true,"href":"https:\/\/bladnanews.com\/fr\/wp-json\/wp\/v2\/comments?post=8153"}],"version-history":[{"count":0,"href":"https:\/\/bladnanews.com\/fr\/wp-json\/wp\/v2\/posts\/8153\/revisions"}],"wp:featuredmedia":[{"embeddable":true,"href":"https:\/\/bladnanews.com\/fr\/wp-json\/wp\/v2\/media\/8152"}],"wp:attachment":[{"href":"https:\/\/bladnanews.com\/fr\/wp-json\/wp\/v2\/media?parent=8153"}],"wp:term":[{"taxonomy":"category","embeddable":true,"href":"https:\/\/bladnanews.com\/fr\/wp-json\/wp\/v2\/categories?post=8153"},{"taxonomy":"post_tag","embeddable":true,"href":"https:\/\/bladnanews.com\/fr\/wp-json\/wp\/v2\/tags?post=8153"}],"curies":[{"name":"wp","href":"https:\/\/api.w.org\/{rel}","templated":true}]}}