{"id":8163,"date":"2026-01-29T14:53:52","date_gmt":"2026-01-29T14:53:52","guid":{"rendered":"https:\/\/bladnanews.com\/roy-keane-makes-michael-carrick-u-turn-over-man-utd-job\/"},"modified":"2026-01-29T14:53:52","modified_gmt":"2026-01-29T14:53:52","slug":"roy-keane-fait-volte-face-sur-michael-carrick-pour-le-poste-de-manchester-united","status":"publish","type":"post","link":"https:\/\/bladnanews.com\/fr\/roy-keane-fait-volte-face-sur-michael-carrick-pour-le-poste-de-manchester-united\/","title":{"rendered":"Roy Keane fait volte-face concernant Michael Carrick pour le poste \u00e0 Manchester United."},"content":{"rendered":"<p>Roy Keane a assoupli sa position concernant Michael Carrick, apr\u00e8s avoir pr\u00e9c\u00e9demment insist\u00e9 sur le fait que l'ancien milieu de terrain de Manchester United ne devrait pas se voir confier le poste de mani\u00e8re permanente \u00e0 Old Trafford.<\/p>\n<p>Carrick a \u00e9t\u00e9 plac\u00e9 \u00e0 la t\u00eate de l'\u00e9quipe par int\u00e9rim suite au d\u00e9part d'Ole Gunnar Solskjaer et a entam\u00e9 son bref mandat par une victoire 2-0 \u00e0 l'ext\u00e9rieur contre Villarreal en Ligue des champions, un r\u00e9sultat qui a assur\u00e9 la qualification de United pour les huiti\u00e8mes de finale. Il a ensuite supervis\u00e9 un match nul 1-1 \u00e0 Chelsea en Premier League avant de conclure par une victoire 3-2 \u00e0 domicile contre Arsenal.<\/p>\n<p>Keane avait initialement remis en question la pertinence de consid\u00e9rer Carrick pour le r\u00f4le permanent, soulignant son manque d'exp\u00e9rience pour un poste d'une telle envergure. Cependant, s'exprimant apr\u00e8s la s\u00e9rie de r\u00e9sultats de United sous l'\u00e8re de l'int\u00e9rimaire, l'ancien capitaine a op\u00e9r\u00e9 un revirement notable, louant l'approche calme de Carrick et la mani\u00e8re dont il a g\u00e9r\u00e9 trois rencontres \u00e0 haute pression.<\/p>\n<p>Keane a reconnu les r\u00e9sultats obtenus par Carrick durant une p\u00e9riode difficile et l'a cr\u00e9dit\u00e9 pour avoir stabilis\u00e9 l'\u00e9quipe, tout en reconnaissant le d\u00e9fi que repr\u00e9sente la prise de fonction en pleine p\u00e9riode de turbulence. Le bref passage de Carrick aux commandes s'est achev\u00e9 sur une s\u00e9rie de trois matchs sans d\u00e9faite pour United, avant que le club ne proc\u00e8de \u00e0 sa nomination suivante.<\/p>","protected":false},"excerpt":{"rendered":"<p>Roy Keane has softened his stance on Michael Carrick after previously insisting the former Manchester United midfielder should not be [&hellip;]<\/p>\n","protected":false},"author":3,"featured_media":8162,"comment_status":"","ping_status":"open","sticky":false,"template":"","format":"standard","meta":{"googlesitekit_rrm_CAow_uzEDA:productID":"","site-sidebar-layout":"default","site-content-layout":"","ast-site-content-layout":"default","site-content-style":"default","site-sidebar-style":"default","ast-global-header-display":"","ast-banner-title-visibility":"","ast-main-header-display":"","ast-hfb-above-header-display":"","ast-hfb-below-header-display":"","ast-hfb-mobile-header-display":"","site-post-title":"","ast-breadcrumbs-content":"","ast-featured-img":"","footer-sml-layout":"","ast-disable-related-posts":"","theme-transparent-header-meta":"","adv-header-id-meta":"","stick-header-meta":"","header-above-stick-meta":"","header-main-stick-meta":"","header-below-stick-meta":"","astra-migrate-meta-layouts":"default","ast-page-background-enabled":"default","ast-page-background-meta":{"desktop":{"background-color":"var(--ast-global-color-5)","background-image":"","background-repeat":"repeat","background-position":"center center","background-size":"auto","background-attachment":"scroll","background-type":"","background-media":"","overlay-type":"","overlay-color":"","overlay-opacity":"","overlay-gradient":""},"tablet":{"background-color":"","background-image":"","background-repeat":"repeat","background-position":"center center","background-size":"auto","background-attachment":"scroll","background-type":"","background-media":"","overlay-type":"","overlay-color":"","overlay-opacity":"","overlay-gradient":""},"mobile":{"background-color":"","background-image":"","background-repeat":"repeat","background-position":"center center","background-size":"auto","background-attachment":"scroll","background-type":"","background-media":"","overlay-type":"","overlay-color":"","overlay-opacity":"","overlay-gradient":""}},"ast-content-background-meta":{"desktop":{"background-color":"var(--ast-global-color-4)","background-image":"","background-repeat":"repeat","background-position":"center center","background-size":"auto","background-attachment":"scroll","background-type":"","background-media":"","overlay-type":"","overlay-color":"","overlay-opacity":"","overlay-gradient":""},"tablet":{"background-color":"var(--ast-global-color-4)","background-image":"","background-repeat":"repeat","background-position":"center center","background-size":"auto","background-attachment":"scroll","background-type":"","background-media":"","overlay-type":"","overlay-color":"","overlay-opacity":"","overlay-gradient":""},"mobile":{"background-color":"var(--ast-global-color-4)","background-image":"","background-repeat":"repeat","background-position":"center center","background-size":"auto","background-attachment":"scroll","background-type":"","background-media":"","overlay-type":"","overlay-color":"","overlay-opacity":"","overlay-gradient":""}},"footnotes":""},"categories":[20,1],"tags":[],"class_list":["post-8163","post","type-post","status-publish","format-standard","has-post-thumbnail","hentry","category-international","category-football-latest-news"],"yoast_head":"<!-- This site is optimized with the Yoast SEO Premium plugin v26.6 (Yoast SEO v27.4) - https:\/\/yoast.com\/product\/yoast-seo-premium-wordpress\/ -->\n<title>Roy Keane makes Michael Carrick U-turn over Man Utd job - Bladna News<\/title>\n<meta name=\"robots\" content=\"index, follow, max-snippet:-1, max-image-preview:large, max-video-preview:-1\" \/>\n<link rel=\"canonical\" href=\"https:\/\/bladnanews.com\/fr\/roy-keane-fait-volte-face-sur-michael-carrick-pour-le-poste-de-manchester-united\/\" \/>\n<meta property=\"og:locale\" content=\"fr_FR\" \/>\n<meta property=\"og:type\" content=\"article\" \/>\n<meta property=\"og:title\" content=\"Roy Keane makes Michael Carrick U-turn over Man Utd job\" \/>\n<meta property=\"og:description\" content=\"Roy Keane has softened his stance on Michael Carrick after previously insisting the former Manchester United midfielder should not be [&hellip;]\" \/>\n<meta property=\"og:url\" content=\"https:\/\/bladnanews.com\/fr\/roy-keane-fait-volte-face-sur-michael-carrick-pour-le-poste-de-manchester-united\/\" \/>\n<meta property=\"og:site_name\" content=\"Bladna News\" \/>\n<meta property=\"article:published_time\" content=\"2026-01-29T14:53:52+00:00\" \/>\n<meta property=\"og:image\" content=\"https:\/\/bladnanews.com\/wp-content\/uploads\/2025\/12\/freepik__bladna-newscom-moroccan-soccer-homepage-banner-mor__41838.png\" \/>\n\t<meta property=\"og:image:width\" content=\"1312\" \/>\n\t<meta property=\"og:image:height\" content=\"736\" \/>\n\t<meta property=\"og:image:type\" content=\"image\/png\" \/>\n<meta name=\"author\" content=\"Bladna News Staff\" \/>\n<meta name=\"twitter:card\" content=\"summary_large_image\" \/>\n<meta name=\"twitter:label1\" content=\"\u00c9crit par\" \/>\n\t<meta name=\"twitter:data1\" content=\"Bladna News Staff\" \/>\n\t<meta name=\"twitter:label2\" content=\"Dur\u00e9e de lecture estim\u00e9e\" \/>\n\t<meta name=\"twitter:data2\" content=\"1 minute\" \/>\n<script type=\"application\/ld+json\" class=\"yoast-schema-graph\">{\"@context\":\"https:\\\/\\\/schema.org\",\"@graph\":[{\"@type\":\"Article\",\"@id\":\"https:\\\/\\\/bladnanews.com\\\/roy-keane-makes-michael-carrick-u-turn-over-man-utd-job\\\/#article\",\"isPartOf\":{\"@id\":\"https:\\\/\\\/bladnanews.com\\\/roy-keane-makes-michael-carrick-u-turn-over-man-utd-job\\\/\"},\"author\":{\"name\":\"Bladna News Staff\",\"@id\":\"https:\\\/\\\/mediumseagreen-eel-531711.hostingersite.com\\\/#\\\/schema\\\/person\\\/268e18a453ab080ebf76df6ef7845083\"},\"headline\":\"Roy Keane makes Michael Carrick U-turn over Man Utd job\",\"datePublished\":\"2026-01-29T14:53:52+00:00\",\"mainEntityOfPage\":{\"@id\":\"https:\\\/\\\/bladnanews.com\\\/roy-keane-makes-michael-carrick-u-turn-over-man-utd-job\\\/\"},\"wordCount\":210,\"publisher\":{\"@id\":\"https:\\\/\\\/mediumseagreen-eel-531711.hostingersite.com\\\/#organization\"},\"image\":{\"@id\":\"https:\\\/\\\/bladnanews.com\\\/roy-keane-makes-michael-carrick-u-turn-over-man-utd-job\\\/#primaryimage\"},\"thumbnailUrl\":\"https:\\\/\\\/bladnanews.com\\\/wp-content\\\/uploads\\\/2026\\\/01\\\/BladnaNews-Roy-Keane-makes-Michael-Carrick-U-turn-over-Man-Utd-job-2026-01-30T051021.798Z.jpg\",\"articleSection\":[\"International\",\"Latest News\"],\"inLanguage\":\"fr-FR\",\"copyrightYear\":\"2026\",\"copyrightHolder\":{\"@id\":\"https:\\\/\\\/bladnanews.com\\\/fr\\\/#organization\"}},{\"@type\":\"WebPage\",\"@id\":\"https:\\\/\\\/bladnanews.com\\\/roy-keane-makes-michael-carrick-u-turn-over-man-utd-job\\\/\",\"url\":\"https:\\\/\\\/bladnanews.com\\\/roy-keane-makes-michael-carrick-u-turn-over-man-utd-job\\\/\",\"name\":\"Roy Keane makes Michael Carrick U-turn over Man Utd job - Bladna News\",\"isPartOf\":{\"@id\":\"https:\\\/\\\/mediumseagreen-eel-531711.hostingersite.com\\\/#website\"},\"primaryImageOfPage\":{\"@id\":\"https:\\\/\\\/bladnanews.com\\\/roy-keane-makes-michael-carrick-u-turn-over-man-utd-job\\\/#primaryimage\"},\"image\":{\"@id\":\"https:\\\/\\\/bladnanews.com\\\/roy-keane-makes-michael-carrick-u-turn-over-man-utd-job\\\/#primaryimage\"},\"thumbnailUrl\":\"https:\\\/\\\/bladnanews.com\\\/wp-content\\\/uploads\\\/2026\\\/01\\\/BladnaNews-Roy-Keane-makes-Michael-Carrick-U-turn-over-Man-Utd-job-2026-01-30T051021.798Z.jpg\",\"datePublished\":\"2026-01-29T14:53:52+00:00\",\"breadcrumb\":{\"@id\":\"https:\\\/\\\/bladnanews.com\\\/roy-keane-makes-michael-carrick-u-turn-over-man-utd-job\\\/#breadcrumb\"},\"inLanguage\":\"fr-FR\",\"potentialAction\":[{\"@type\":\"ReadAction\",\"target\":[\"https:\\\/\\\/bladnanews.com\\\/roy-keane-makes-michael-carrick-u-turn-over-man-utd-job\\\/\"]}]},{\"@type\":\"ImageObject\",\"inLanguage\":\"fr-FR\",\"@id\":\"https:\\\/\\\/bladnanews.com\\\/roy-keane-makes-michael-carrick-u-turn-over-man-utd-job\\\/#primaryimage\",\"url\":\"https:\\\/\\\/bladnanews.com\\\/wp-content\\\/uploads\\\/2026\\\/01\\\/BladnaNews-Roy-Keane-makes-Michael-Carrick-U-turn-over-Man-Utd-job-2026-01-30T051021.798Z.jpg\",\"contentUrl\":\"https:\\\/\\\/bladnanews.com\\\/wp-content\\\/uploads\\\/2026\\\/01\\\/BladnaNews-Roy-Keane-makes-Michael-Carrick-U-turn-over-Man-Utd-job-2026-01-30T051021.798Z.jpg\",\"width\":1920,\"height\":1080,\"caption\":\"Michael Carrick and Roy Keane side by side, both displaying distinct styles; Carrick in a dark jacket and Keane with a grey beard, contemplative expressions.\"},{\"@type\":\"BreadcrumbList\",\"@id\":\"https:\\\/\\\/bladnanews.com\\\/roy-keane-makes-michael-carrick-u-turn-over-man-utd-job\\\/#breadcrumb\",\"itemListElement\":[{\"@type\":\"ListItem\",\"position\":1,\"name\":\"Home\",\"item\":\"https:\\\/\\\/bladnanews.com\\\/\"},{\"@type\":\"ListItem\",\"position\":2,\"name\":\"Roy Keane makes Michael Carrick U-turn over Man Utd job\"}]},{\"@type\":\"WebSite\",\"@id\":\"https:\\\/\\\/mediumseagreen-eel-531711.hostingersite.com\\\/#website\",\"url\":\"https:\\\/\\\/mediumseagreen-eel-531711.hostingersite.com\\\/\",\"name\":\"Bladna News - Morocco\",\"description\":\"Where Moroccan Football Meets the World\",\"publisher\":{\"@id\":\"https:\\\/\\\/mediumseagreen-eel-531711.hostingersite.com\\\/#organization\"},\"potentialAction\":[{\"@type\":\"SearchAction\",\"target\":{\"@type\":\"EntryPoint\",\"urlTemplate\":\"https:\\\/\\\/mediumseagreen-eel-531711.hostingersite.com\\\/?s={search_term_string}\"},\"query-input\":{\"@type\":\"PropertyValueSpecification\",\"valueRequired\":true,\"valueName\":\"search_term_string\"}}],\"inLanguage\":\"fr-FR\"},{\"@type\":\"Organization\",\"@id\":\"https:\\\/\\\/mediumseagreen-eel-531711.hostingersite.com\\\/#organization\",\"name\":\"Bladna News.com\",\"url\":\"https:\\\/\\\/mediumseagreen-eel-531711.hostingersite.com\\\/\",\"logo\":{\"@type\":\"ImageObject\",\"inLanguage\":\"fr-FR\",\"@id\":\"https:\\\/\\\/mediumseagreen-eel-531711.hostingersite.com\\\/#\\\/schema\\\/logo\\\/image\\\/\",\"url\":\"https:\\\/\\\/bladnanews.com\\\/wp-content\\\/uploads\\\/2025\\\/12\\\/logo-bladnanews-V2-web-black-red.png\",\"contentUrl\":\"https:\\\/\\\/bladnanews.com\\\/wp-content\\\/uploads\\\/2025\\\/12\\\/logo-bladnanews-V2-web-black-red.png\",\"width\":703,\"height\":287,\"caption\":\"Bladna News.com\"},\"image\":{\"@id\":\"https:\\\/\\\/mediumseagreen-eel-531711.hostingersite.com\\\/#\\\/schema\\\/logo\\\/image\\\/\"},\"email\":\"info@bladnanews.com\",\"legalName\":\"Bladna News\"},{\"@type\":\"Person\",\"@id\":\"https:\\\/\\\/mediumseagreen-eel-531711.hostingersite.com\\\/#\\\/schema\\\/person\\\/268e18a453ab080ebf76df6ef7845083\",\"name\":\"Bladna News Staff\",\"url\":\"https:\\\/\\\/bladnanews.com\\\/fr\\\/author\\\/bladna-news-staff\\\/\"}]}<\/script>\n<!-- \/ Yoast SEO Premium plugin. -->","yoast_head_json":{"title":"Roy Keane fait volte-face concernant Michael Carrick pour le poste \u00e0 Manchester United - Bladna News","robots":{"index":"index","follow":"follow","max-snippet":"max-snippet:-1","max-image-preview":"max-image-preview:large","max-video-preview":"max-video-preview:-1"},"canonical":"https:\/\/bladnanews.com\/fr\/roy-keane-fait-volte-face-sur-michael-carrick-pour-le-poste-de-manchester-united\/","og_locale":"fr_FR","og_type":"article","og_title":"Roy Keane makes Michael Carrick U-turn over Man Utd job","og_description":"Roy Keane has softened his stance on Michael Carrick after previously insisting the former Manchester United midfielder should not be [&hellip;]","og_url":"https:\/\/bladnanews.com\/fr\/roy-keane-fait-volte-face-sur-michael-carrick-pour-le-poste-de-manchester-united\/","og_site_name":"Bladna News","article_published_time":"2026-01-29T14:53:52+00:00","og_image":[{"width":1312,"height":736,"url":"https:\/\/bladnanews.com\/wp-content\/uploads\/2025\/12\/freepik__bladna-newscom-moroccan-soccer-homepage-banner-mor__41838.png","type":"image\/png"}],"author":"Bladna News Staff","twitter_card":"summary_large_image","twitter_misc":{"\u00c9crit par":"Bladna News Staff","Dur\u00e9e de lecture estim\u00e9e":"1 minute"},"schema":{"@context":"https:\/\/schema.org","@graph":[{"@type":"Article","@id":"https:\/\/bladnanews.com\/roy-keane-makes-michael-carrick-u-turn-over-man-utd-job\/#article","isPartOf":{"@id":"https:\/\/bladnanews.com\/roy-keane-makes-michael-carrick-u-turn-over-man-utd-job\/"},"author":{"name":"Bladna News Staff","@id":"https:\/\/mediumseagreen-eel-531711.hostingersite.com\/#\/schema\/person\/268e18a453ab080ebf76df6ef7845083"},"headline":"Roy Keane makes Michael Carrick U-turn over Man Utd job","datePublished":"2026-01-29T14:53:52+00:00","mainEntityOfPage":{"@id":"https:\/\/bladnanews.com\/roy-keane-makes-michael-carrick-u-turn-over-man-utd-job\/"},"wordCount":210,"publisher":{"@id":"https:\/\/mediumseagreen-eel-531711.hostingersite.com\/#organization"},"image":{"@id":"https:\/\/bladnanews.com\/roy-keane-makes-michael-carrick-u-turn-over-man-utd-job\/#primaryimage"},"thumbnailUrl":"https:\/\/bladnanews.com\/wp-content\/uploads\/2026\/01\/BladnaNews-Roy-Keane-makes-Michael-Carrick-U-turn-over-Man-Utd-job-2026-01-30T051021.798Z.jpg","articleSection":["International","Latest News"],"inLanguage":"fr-FR","copyrightYear":"2026","copyrightHolder":{"@id":"https:\/\/bladnanews.com\/fr\/#organization"}},{"@type":"WebPage","@id":"https:\/\/bladnanews.com\/roy-keane-makes-michael-carrick-u-turn-over-man-utd-job\/","url":"https:\/\/bladnanews.com\/roy-keane-makes-michael-carrick-u-turn-over-man-utd-job\/","name":"Roy Keane fait volte-face concernant Michael Carrick pour le poste \u00e0 Manchester United - Bladna News","isPartOf":{"@id":"https:\/\/mediumseagreen-eel-531711.hostingersite.com\/#website"},"primaryImageOfPage":{"@id":"https:\/\/bladnanews.com\/roy-keane-makes-michael-carrick-u-turn-over-man-utd-job\/#primaryimage"},"image":{"@id":"https:\/\/bladnanews.com\/roy-keane-makes-michael-carrick-u-turn-over-man-utd-job\/#primaryimage"},"thumbnailUrl":"https:\/\/bladnanews.com\/wp-content\/uploads\/2026\/01\/BladnaNews-Roy-Keane-makes-Michael-Carrick-U-turn-over-Man-Utd-job-2026-01-30T051021.798Z.jpg","datePublished":"2026-01-29T14:53:52+00:00","breadcrumb":{"@id":"https:\/\/bladnanews.com\/roy-keane-makes-michael-carrick-u-turn-over-man-utd-job\/#breadcrumb"},"inLanguage":"fr-FR","potentialAction":[{"@type":"ReadAction","target":["https:\/\/bladnanews.com\/roy-keane-makes-michael-carrick-u-turn-over-man-utd-job\/"]}]},{"@type":"ImageObject","inLanguage":"fr-FR","@id":"https:\/\/bladnanews.com\/roy-keane-makes-michael-carrick-u-turn-over-man-utd-job\/#primaryimage","url":"https:\/\/bladnanews.com\/wp-content\/uploads\/2026\/01\/BladnaNews-Roy-Keane-makes-Michael-Carrick-U-turn-over-Man-Utd-job-2026-01-30T051021.798Z.jpg","contentUrl":"https:\/\/bladnanews.com\/wp-content\/uploads\/2026\/01\/BladnaNews-Roy-Keane-makes-Michael-Carrick-U-turn-over-Man-Utd-job-2026-01-30T051021.798Z.jpg","width":1920,"height":1080,"caption":"Michael Carrick and Roy Keane side by side, both displaying distinct styles; Carrick in a dark jacket and Keane with a grey beard, contemplative expressions."},{"@type":"BreadcrumbList","@id":"https:\/\/bladnanews.com\/roy-keane-makes-michael-carrick-u-turn-over-man-utd-job\/#breadcrumb","itemListElement":[{"@type":"ListItem","position":1,"name":"Home","item":"https:\/\/bladnanews.com\/"},{"@type":"ListItem","position":2,"name":"Roy Keane makes Michael Carrick U-turn over Man Utd job"}]},{"@type":"WebSite","@id":"https:\/\/mediumseagreen-eel-531711.hostingersite.com\/#website","url":"https:\/\/mediumseagreen-eel-531711.hostingersite.com\/","name":"Bladna News - Maroc","description":"Quand le football marocain rencontre le monde","publisher":{"@id":"https:\/\/mediumseagreen-eel-531711.hostingersite.com\/#organization"},"potentialAction":[{"@type":"SearchAction","target":{"@type":"EntryPoint","urlTemplate":"https:\/\/mediumseagreen-eel-531711.hostingersite.com\/?s={search_term_string}"},"query-input":{"@type":"PropertyValueSpecification","valueRequired":true,"valueName":"search_term_string"}}],"inLanguage":"fr-FR"},{"@type":"Organization","@id":"https:\/\/mediumseagreen-eel-531711.hostingersite.com\/#organization","name":"Bladna News.com","url":"https:\/\/mediumseagreen-eel-531711.hostingersite.com\/","logo":{"@type":"ImageObject","inLanguage":"fr-FR","@id":"https:\/\/mediumseagreen-eel-531711.hostingersite.com\/#\/schema\/logo\/image\/","url":"https:\/\/bladnanews.com\/wp-content\/uploads\/2025\/12\/logo-bladnanews-V2-web-black-red.png","contentUrl":"https:\/\/bladnanews.com\/wp-content\/uploads\/2025\/12\/logo-bladnanews-V2-web-black-red.png","width":703,"height":287,"caption":"Bladna News.com"},"image":{"@id":"https:\/\/mediumseagreen-eel-531711.hostingersite.com\/#\/schema\/logo\/image\/"},"email":"info@bladnanews.com","legalName":"Bladna News"},{"@type":"Person","@id":"https:\/\/mediumseagreen-eel-531711.hostingersite.com\/#\/schema\/person\/268e18a453ab080ebf76df6ef7845083","name":"\u00c9quipe r\u00e9dactionnelle de Bladna News","url":"https:\/\/bladnanews.com\/fr\/author\/bladna-news-staff\/"}]}},"_links":{"self":[{"href":"https:\/\/bladnanews.com\/fr\/wp-json\/wp\/v2\/posts\/8163","targetHints":{"allow":["GET"]}}],"collection":[{"href":"https:\/\/bladnanews.com\/fr\/wp-json\/wp\/v2\/posts"}],"about":[{"href":"https:\/\/bladnanews.com\/fr\/wp-json\/wp\/v2\/types\/post"}],"author":[{"embeddable":true,"href":"https:\/\/bladnanews.com\/fr\/wp-json\/wp\/v2\/users\/3"}],"replies":[{"embeddable":true,"href":"https:\/\/bladnanews.com\/fr\/wp-json\/wp\/v2\/comments?post=8163"}],"version-history":[{"count":0,"href":"https:\/\/bladnanews.com\/fr\/wp-json\/wp\/v2\/posts\/8163\/revisions"}],"wp:featuredmedia":[{"embeddable":true,"href":"https:\/\/bladnanews.com\/fr\/wp-json\/wp\/v2\/media\/8162"}],"wp:attachment":[{"href":"https:\/\/bladnanews.com\/fr\/wp-json\/wp\/v2\/media?parent=8163"}],"wp:term":[{"taxonomy":"category","embeddable":true,"href":"https:\/\/bladnanews.com\/fr\/wp-json\/wp\/v2\/categories?post=8163"},{"taxonomy":"post_tag","embeddable":true,"href":"https:\/\/bladnanews.com\/fr\/wp-json\/wp\/v2\/tags?post=8163"}],"curies":[{"name":"wp","href":"https:\/\/api.w.org\/{rel}","templated":true}]}}