{"id":8187,"date":"2026-01-30T05:14:15","date_gmt":"2026-01-30T05:14:15","guid":{"rendered":"https:\/\/bladnanews.com\/villarreal-sign-usmnt-right-back-alex-freeman-on-six-year-deal\/"},"modified":"2026-01-30T05:14:15","modified_gmt":"2026-01-30T05:14:15","slug":"villarreal-signe-larriere-droit-des-etats-unis-alex-freeman-pour-un-contrat-de-six-ans","status":"publish","type":"post","link":"https:\/\/bladnanews.com\/fr\/villarreal-signe-larriere-droit-des-etats-unis-alex-freeman-pour-un-contrat-de-six-ans\/","title":{"rendered":"Villarreal signe le d\u00e9fenseur droit des \u00c9tats-Unis Alex Freeman pour un contrat de six ans."},"content":{"rendered":"<p>Villarreal a confirm\u00e9 la signature du lat\u00e9ral droit de l'\u00e9quipe nationale am\u00e9ricaine (USMNT), Alex Freeman, en provenance d'Orlando City, avec un contrat de six ans.<\/p>\n<p>\u00c2g\u00e9 de 20 ans, le joueur rejoint le club de Liga apr\u00e8s \u00eatre pass\u00e9 par l'acad\u00e9mie d'Orlando City et s'\u00eatre impos\u00e9 en \u00e9quipe premi\u00e8re en MLS. Villarreal a annonc\u00e9 l'accord mardi, Freeman ayant sign\u00e9 un contrat le liant au club jusqu'en 2030.<\/p>\n<p>Freeman quitte Orlando apr\u00e8s s'\u00eatre \u00e9tabli comme un choix r\u00e9gulier sur le c\u00f4t\u00e9 droit, obtenant parall\u00e8lement une reconnaissance au sein du groupe des \u00c9tats-Unis. Ce transfert marque une \u00e9tape majeure dans sa carri\u00e8re alors qu'il part en Espagne pour poursuivre son d\u00e9veloppement.<\/p>\n<p>Villarreal a agi t\u00f4t pour s\u00e9curiser le d\u00e9fenseur \u00e0 long terme, l'int\u00e9grant \u00e0 l'effectif dans le cadre de la pr\u00e9paration de la nouvelle saison. Freeman devient ainsi le dernier Am\u00e9ricain \u00e0 faire le saut en Liga, Villarreal confirmant qu'il rejoindra le club apr\u00e8s son passage en MLS \u00e0 Orlando City.<\/p>","protected":false},"excerpt":{"rendered":"<p>Villarreal have confirmed the signing of USMNT right back Alex Freeman from Orlando City on a six-year contract. The 20-year-old [&hellip;]<\/p>\n","protected":false},"author":3,"featured_media":8186,"comment_status":"","ping_status":"open","sticky":false,"template":"","format":"standard","meta":{"googlesitekit_rrm_CAow_uzEDA:productID":"","site-sidebar-layout":"default","site-content-layout":"","ast-site-content-layout":"default","site-content-style":"default","site-sidebar-style":"default","ast-global-header-display":"","ast-banner-title-visibility":"","ast-main-header-display":"","ast-hfb-above-header-display":"","ast-hfb-below-header-display":"","ast-hfb-mobile-header-display":"","site-post-title":"","ast-breadcrumbs-content":"","ast-featured-img":"","footer-sml-layout":"","ast-disable-related-posts":"","theme-transparent-header-meta":"","adv-header-id-meta":"","stick-header-meta":"","header-above-stick-meta":"","header-main-stick-meta":"","header-below-stick-meta":"","astra-migrate-meta-layouts":"default","ast-page-background-enabled":"default","ast-page-background-meta":{"desktop":{"background-color":"var(--ast-global-color-5)","background-image":"","background-repeat":"repeat","background-position":"center center","background-size":"auto","background-attachment":"scroll","background-type":"","background-media":"","overlay-type":"","overlay-color":"","overlay-opacity":"","overlay-gradient":""},"tablet":{"background-color":"","background-image":"","background-repeat":"repeat","background-position":"center center","background-size":"auto","background-attachment":"scroll","background-type":"","background-media":"","overlay-type":"","overlay-color":"","overlay-opacity":"","overlay-gradient":""},"mobile":{"background-color":"","background-image":"","background-repeat":"repeat","background-position":"center center","background-size":"auto","background-attachment":"scroll","background-type":"","background-media":"","overlay-type":"","overlay-color":"","overlay-opacity":"","overlay-gradient":""}},"ast-content-background-meta":{"desktop":{"background-color":"var(--ast-global-color-4)","background-image":"","background-repeat":"repeat","background-position":"center center","background-size":"auto","background-attachment":"scroll","background-type":"","background-media":"","overlay-type":"","overlay-color":"","overlay-opacity":"","overlay-gradient":""},"tablet":{"background-color":"var(--ast-global-color-4)","background-image":"","background-repeat":"repeat","background-position":"center center","background-size":"auto","background-attachment":"scroll","background-type":"","background-media":"","overlay-type":"","overlay-color":"","overlay-opacity":"","overlay-gradient":""},"mobile":{"background-color":"var(--ast-global-color-4)","background-image":"","background-repeat":"repeat","background-position":"center center","background-size":"auto","background-attachment":"scroll","background-type":"","background-media":"","overlay-type":"","overlay-color":"","overlay-opacity":"","overlay-gradient":""}},"footnotes":""},"categories":[20,1],"tags":[],"class_list":["post-8187","post","type-post","status-publish","format-standard","has-post-thumbnail","hentry","category-international","category-football-latest-news"],"yoast_head":"<!-- This site is optimized with the Yoast SEO Premium plugin v26.6 (Yoast SEO v27.4) - https:\/\/yoast.com\/product\/yoast-seo-premium-wordpress\/ -->\n<title>Villarreal sign USMNT right back Alex Freeman on six-year deal - Bladna News<\/title>\n<meta name=\"robots\" content=\"index, follow, max-snippet:-1, max-image-preview:large, max-video-preview:-1\" \/>\n<link rel=\"canonical\" href=\"https:\/\/bladnanews.com\/fr\/villarreal-signe-larriere-droit-des-etats-unis-alex-freeman-pour-un-contrat-de-six-ans\/\" \/>\n<meta property=\"og:locale\" content=\"fr_FR\" \/>\n<meta property=\"og:type\" content=\"article\" \/>\n<meta property=\"og:title\" content=\"Villarreal sign USMNT right back Alex Freeman on six-year deal\" \/>\n<meta property=\"og:description\" content=\"Villarreal have confirmed the signing of USMNT right back Alex Freeman from Orlando City on a six-year contract. The 20-year-old [&hellip;]\" \/>\n<meta property=\"og:url\" content=\"https:\/\/bladnanews.com\/fr\/villarreal-signe-larriere-droit-des-etats-unis-alex-freeman-pour-un-contrat-de-six-ans\/\" \/>\n<meta property=\"og:site_name\" content=\"Bladna News\" \/>\n<meta property=\"article:published_time\" content=\"2026-01-30T05:14:15+00:00\" \/>\n<meta property=\"og:image\" content=\"https:\/\/bladnanews.com\/wp-content\/uploads\/2025\/12\/freepik__bladna-newscom-moroccan-soccer-homepage-banner-mor__41838.png\" \/>\n\t<meta property=\"og:image:width\" content=\"1312\" \/>\n\t<meta property=\"og:image:height\" content=\"736\" \/>\n\t<meta property=\"og:image:type\" content=\"image\/png\" \/>\n<meta name=\"author\" content=\"Bladna News Staff\" \/>\n<meta name=\"twitter:card\" content=\"summary_large_image\" \/>\n<meta name=\"twitter:label1\" content=\"\u00c9crit par\" \/>\n\t<meta name=\"twitter:data1\" content=\"Bladna News Staff\" \/>\n\t<meta name=\"twitter:label2\" content=\"Dur\u00e9e de lecture estim\u00e9e\" \/>\n\t<meta name=\"twitter:data2\" content=\"1 minute\" \/>\n<script type=\"application\/ld+json\" class=\"yoast-schema-graph\">{\"@context\":\"https:\\\/\\\/schema.org\",\"@graph\":[{\"@type\":\"Article\",\"@id\":\"https:\\\/\\\/bladnanews.com\\\/villarreal-sign-usmnt-right-back-alex-freeman-on-six-year-deal\\\/#article\",\"isPartOf\":{\"@id\":\"https:\\\/\\\/bladnanews.com\\\/villarreal-sign-usmnt-right-back-alex-freeman-on-six-year-deal\\\/\"},\"author\":{\"name\":\"Bladna News Staff\",\"@id\":\"https:\\\/\\\/mediumseagreen-eel-531711.hostingersite.com\\\/#\\\/schema\\\/person\\\/268e18a453ab080ebf76df6ef7845083\"},\"headline\":\"Villarreal sign USMNT right back Alex Freeman on six-year deal\",\"datePublished\":\"2026-01-30T05:14:15+00:00\",\"mainEntityOfPage\":{\"@id\":\"https:\\\/\\\/bladnanews.com\\\/villarreal-sign-usmnt-right-back-alex-freeman-on-six-year-deal\\\/\"},\"wordCount\":159,\"publisher\":{\"@id\":\"https:\\\/\\\/mediumseagreen-eel-531711.hostingersite.com\\\/#organization\"},\"image\":{\"@id\":\"https:\\\/\\\/bladnanews.com\\\/villarreal-sign-usmnt-right-back-alex-freeman-on-six-year-deal\\\/#primaryimage\"},\"thumbnailUrl\":\"https:\\\/\\\/bladnanews.com\\\/wp-content\\\/uploads\\\/2026\\\/01\\\/BladnaNews-Villarreal-sign-USMNT-right-back-Alex-Freeman-on-six-year-deal-2026-01-30T130928.208Z-scaled.jpg\",\"articleSection\":[\"International\",\"Latest News\"],\"inLanguage\":\"fr-FR\",\"copyrightYear\":\"2026\",\"copyrightHolder\":{\"@id\":\"https:\\\/\\\/bladnanews.com\\\/fr\\\/#organization\"}},{\"@type\":\"WebPage\",\"@id\":\"https:\\\/\\\/bladnanews.com\\\/villarreal-sign-usmnt-right-back-alex-freeman-on-six-year-deal\\\/\",\"url\":\"https:\\\/\\\/bladnanews.com\\\/villarreal-sign-usmnt-right-back-alex-freeman-on-six-year-deal\\\/\",\"name\":\"Villarreal sign USMNT right back Alex Freeman on six-year deal - Bladna News\",\"isPartOf\":{\"@id\":\"https:\\\/\\\/mediumseagreen-eel-531711.hostingersite.com\\\/#website\"},\"primaryImageOfPage\":{\"@id\":\"https:\\\/\\\/bladnanews.com\\\/villarreal-sign-usmnt-right-back-alex-freeman-on-six-year-deal\\\/#primaryimage\"},\"image\":{\"@id\":\"https:\\\/\\\/bladnanews.com\\\/villarreal-sign-usmnt-right-back-alex-freeman-on-six-year-deal\\\/#primaryimage\"},\"thumbnailUrl\":\"https:\\\/\\\/bladnanews.com\\\/wp-content\\\/uploads\\\/2026\\\/01\\\/BladnaNews-Villarreal-sign-USMNT-right-back-Alex-Freeman-on-six-year-deal-2026-01-30T130928.208Z-scaled.jpg\",\"datePublished\":\"2026-01-30T05:14:15+00:00\",\"breadcrumb\":{\"@id\":\"https:\\\/\\\/bladnanews.com\\\/villarreal-sign-usmnt-right-back-alex-freeman-on-six-year-deal\\\/#breadcrumb\"},\"inLanguage\":\"fr-FR\",\"potentialAction\":[{\"@type\":\"ReadAction\",\"target\":[\"https:\\\/\\\/bladnanews.com\\\/villarreal-sign-usmnt-right-back-alex-freeman-on-six-year-deal\\\/\"]}]},{\"@type\":\"ImageObject\",\"inLanguage\":\"fr-FR\",\"@id\":\"https:\\\/\\\/bladnanews.com\\\/villarreal-sign-usmnt-right-back-alex-freeman-on-six-year-deal\\\/#primaryimage\",\"url\":\"https:\\\/\\\/bladnanews.com\\\/wp-content\\\/uploads\\\/2026\\\/01\\\/BladnaNews-Villarreal-sign-USMNT-right-back-Alex-Freeman-on-six-year-deal-2026-01-30T130928.208Z-scaled.jpg\",\"contentUrl\":\"https:\\\/\\\/bladnanews.com\\\/wp-content\\\/uploads\\\/2026\\\/01\\\/BladnaNews-Villarreal-sign-USMNT-right-back-Alex-Freeman-on-six-year-deal-2026-01-30T130928.208Z-scaled.jpg\",\"width\":2560,\"height\":1440,\"caption\":\"U.S. players celebrate a goal at a match, wearing the navy blue striped national team kits. Joyful expressions highlight their success.\"},{\"@type\":\"BreadcrumbList\",\"@id\":\"https:\\\/\\\/bladnanews.com\\\/villarreal-sign-usmnt-right-back-alex-freeman-on-six-year-deal\\\/#breadcrumb\",\"itemListElement\":[{\"@type\":\"ListItem\",\"position\":1,\"name\":\"Home\",\"item\":\"https:\\\/\\\/bladnanews.com\\\/\"},{\"@type\":\"ListItem\",\"position\":2,\"name\":\"Villarreal sign USMNT right back Alex Freeman on six-year deal\"}]},{\"@type\":\"WebSite\",\"@id\":\"https:\\\/\\\/mediumseagreen-eel-531711.hostingersite.com\\\/#website\",\"url\":\"https:\\\/\\\/mediumseagreen-eel-531711.hostingersite.com\\\/\",\"name\":\"Bladna News - Morocco\",\"description\":\"Where Moroccan Football Meets the World\",\"publisher\":{\"@id\":\"https:\\\/\\\/mediumseagreen-eel-531711.hostingersite.com\\\/#organization\"},\"potentialAction\":[{\"@type\":\"SearchAction\",\"target\":{\"@type\":\"EntryPoint\",\"urlTemplate\":\"https:\\\/\\\/mediumseagreen-eel-531711.hostingersite.com\\\/?s={search_term_string}\"},\"query-input\":{\"@type\":\"PropertyValueSpecification\",\"valueRequired\":true,\"valueName\":\"search_term_string\"}}],\"inLanguage\":\"fr-FR\"},{\"@type\":\"Organization\",\"@id\":\"https:\\\/\\\/mediumseagreen-eel-531711.hostingersite.com\\\/#organization\",\"name\":\"Bladna News.com\",\"url\":\"https:\\\/\\\/mediumseagreen-eel-531711.hostingersite.com\\\/\",\"logo\":{\"@type\":\"ImageObject\",\"inLanguage\":\"fr-FR\",\"@id\":\"https:\\\/\\\/mediumseagreen-eel-531711.hostingersite.com\\\/#\\\/schema\\\/logo\\\/image\\\/\",\"url\":\"https:\\\/\\\/bladnanews.com\\\/wp-content\\\/uploads\\\/2025\\\/12\\\/logo-bladnanews-V2-web-black-red.png\",\"contentUrl\":\"https:\\\/\\\/bladnanews.com\\\/wp-content\\\/uploads\\\/2025\\\/12\\\/logo-bladnanews-V2-web-black-red.png\",\"width\":703,\"height\":287,\"caption\":\"Bladna News.com\"},\"image\":{\"@id\":\"https:\\\/\\\/mediumseagreen-eel-531711.hostingersite.com\\\/#\\\/schema\\\/logo\\\/image\\\/\"},\"email\":\"info@bladnanews.com\",\"legalName\":\"Bladna News\"},{\"@type\":\"Person\",\"@id\":\"https:\\\/\\\/mediumseagreen-eel-531711.hostingersite.com\\\/#\\\/schema\\\/person\\\/268e18a453ab080ebf76df6ef7845083\",\"name\":\"Bladna News Staff\",\"url\":\"https:\\\/\\\/bladnanews.com\\\/fr\\\/author\\\/bladna-news-staff\\\/\"}]}<\/script>\n<!-- \/ Yoast SEO Premium plugin. -->","yoast_head_json":{"title":"Villarreal signe l'arri\u00e8re droit des USMNT Alex Freeman pour un contrat de six ans - Bladna News","robots":{"index":"index","follow":"follow","max-snippet":"max-snippet:-1","max-image-preview":"max-image-preview:large","max-video-preview":"max-video-preview:-1"},"canonical":"https:\/\/bladnanews.com\/fr\/villarreal-signe-larriere-droit-des-etats-unis-alex-freeman-pour-un-contrat-de-six-ans\/","og_locale":"fr_FR","og_type":"article","og_title":"Villarreal sign USMNT right back Alex Freeman on six-year deal","og_description":"Villarreal have confirmed the signing of USMNT right back Alex Freeman from Orlando City on a six-year contract. The 20-year-old [&hellip;]","og_url":"https:\/\/bladnanews.com\/fr\/villarreal-signe-larriere-droit-des-etats-unis-alex-freeman-pour-un-contrat-de-six-ans\/","og_site_name":"Bladna News","article_published_time":"2026-01-30T05:14:15+00:00","og_image":[{"width":1312,"height":736,"url":"https:\/\/bladnanews.com\/wp-content\/uploads\/2025\/12\/freepik__bladna-newscom-moroccan-soccer-homepage-banner-mor__41838.png","type":"image\/png"}],"author":"Bladna News Staff","twitter_card":"summary_large_image","twitter_misc":{"\u00c9crit par":"Bladna News Staff","Dur\u00e9e de lecture estim\u00e9e":"1 minute"},"schema":{"@context":"https:\/\/schema.org","@graph":[{"@type":"Article","@id":"https:\/\/bladnanews.com\/villarreal-sign-usmnt-right-back-alex-freeman-on-six-year-deal\/#article","isPartOf":{"@id":"https:\/\/bladnanews.com\/villarreal-sign-usmnt-right-back-alex-freeman-on-six-year-deal\/"},"author":{"name":"Bladna News Staff","@id":"https:\/\/mediumseagreen-eel-531711.hostingersite.com\/#\/schema\/person\/268e18a453ab080ebf76df6ef7845083"},"headline":"Villarreal sign USMNT right back Alex Freeman on six-year deal","datePublished":"2026-01-30T05:14:15+00:00","mainEntityOfPage":{"@id":"https:\/\/bladnanews.com\/villarreal-sign-usmnt-right-back-alex-freeman-on-six-year-deal\/"},"wordCount":159,"publisher":{"@id":"https:\/\/mediumseagreen-eel-531711.hostingersite.com\/#organization"},"image":{"@id":"https:\/\/bladnanews.com\/villarreal-sign-usmnt-right-back-alex-freeman-on-six-year-deal\/#primaryimage"},"thumbnailUrl":"https:\/\/bladnanews.com\/wp-content\/uploads\/2026\/01\/BladnaNews-Villarreal-sign-USMNT-right-back-Alex-Freeman-on-six-year-deal-2026-01-30T130928.208Z-scaled.jpg","articleSection":["International","Latest News"],"inLanguage":"fr-FR","copyrightYear":"2026","copyrightHolder":{"@id":"https:\/\/bladnanews.com\/fr\/#organization"}},{"@type":"WebPage","@id":"https:\/\/bladnanews.com\/villarreal-sign-usmnt-right-back-alex-freeman-on-six-year-deal\/","url":"https:\/\/bladnanews.com\/villarreal-sign-usmnt-right-back-alex-freeman-on-six-year-deal\/","name":"Villarreal signe l'arri\u00e8re droit des USMNT Alex Freeman pour un contrat de six ans - Bladna News","isPartOf":{"@id":"https:\/\/mediumseagreen-eel-531711.hostingersite.com\/#website"},"primaryImageOfPage":{"@id":"https:\/\/bladnanews.com\/villarreal-sign-usmnt-right-back-alex-freeman-on-six-year-deal\/#primaryimage"},"image":{"@id":"https:\/\/bladnanews.com\/villarreal-sign-usmnt-right-back-alex-freeman-on-six-year-deal\/#primaryimage"},"thumbnailUrl":"https:\/\/bladnanews.com\/wp-content\/uploads\/2026\/01\/BladnaNews-Villarreal-sign-USMNT-right-back-Alex-Freeman-on-six-year-deal-2026-01-30T130928.208Z-scaled.jpg","datePublished":"2026-01-30T05:14:15+00:00","breadcrumb":{"@id":"https:\/\/bladnanews.com\/villarreal-sign-usmnt-right-back-alex-freeman-on-six-year-deal\/#breadcrumb"},"inLanguage":"fr-FR","potentialAction":[{"@type":"ReadAction","target":["https:\/\/bladnanews.com\/villarreal-sign-usmnt-right-back-alex-freeman-on-six-year-deal\/"]}]},{"@type":"ImageObject","inLanguage":"fr-FR","@id":"https:\/\/bladnanews.com\/villarreal-sign-usmnt-right-back-alex-freeman-on-six-year-deal\/#primaryimage","url":"https:\/\/bladnanews.com\/wp-content\/uploads\/2026\/01\/BladnaNews-Villarreal-sign-USMNT-right-back-Alex-Freeman-on-six-year-deal-2026-01-30T130928.208Z-scaled.jpg","contentUrl":"https:\/\/bladnanews.com\/wp-content\/uploads\/2026\/01\/BladnaNews-Villarreal-sign-USMNT-right-back-Alex-Freeman-on-six-year-deal-2026-01-30T130928.208Z-scaled.jpg","width":2560,"height":1440,"caption":"U.S. players celebrate a goal at a match, wearing the navy blue striped national team kits. Joyful expressions highlight their success."},{"@type":"BreadcrumbList","@id":"https:\/\/bladnanews.com\/villarreal-sign-usmnt-right-back-alex-freeman-on-six-year-deal\/#breadcrumb","itemListElement":[{"@type":"ListItem","position":1,"name":"Home","item":"https:\/\/bladnanews.com\/"},{"@type":"ListItem","position":2,"name":"Villarreal sign USMNT right back Alex Freeman on six-year deal"}]},{"@type":"WebSite","@id":"https:\/\/mediumseagreen-eel-531711.hostingersite.com\/#website","url":"https:\/\/mediumseagreen-eel-531711.hostingersite.com\/","name":"Bladna News - Maroc","description":"Quand le football marocain rencontre le monde","publisher":{"@id":"https:\/\/mediumseagreen-eel-531711.hostingersite.com\/#organization"},"potentialAction":[{"@type":"SearchAction","target":{"@type":"EntryPoint","urlTemplate":"https:\/\/mediumseagreen-eel-531711.hostingersite.com\/?s={search_term_string}"},"query-input":{"@type":"PropertyValueSpecification","valueRequired":true,"valueName":"search_term_string"}}],"inLanguage":"fr-FR"},{"@type":"Organization","@id":"https:\/\/mediumseagreen-eel-531711.hostingersite.com\/#organization","name":"Bladna News.com","url":"https:\/\/mediumseagreen-eel-531711.hostingersite.com\/","logo":{"@type":"ImageObject","inLanguage":"fr-FR","@id":"https:\/\/mediumseagreen-eel-531711.hostingersite.com\/#\/schema\/logo\/image\/","url":"https:\/\/bladnanews.com\/wp-content\/uploads\/2025\/12\/logo-bladnanews-V2-web-black-red.png","contentUrl":"https:\/\/bladnanews.com\/wp-content\/uploads\/2025\/12\/logo-bladnanews-V2-web-black-red.png","width":703,"height":287,"caption":"Bladna News.com"},"image":{"@id":"https:\/\/mediumseagreen-eel-531711.hostingersite.com\/#\/schema\/logo\/image\/"},"email":"info@bladnanews.com","legalName":"Bladna News"},{"@type":"Person","@id":"https:\/\/mediumseagreen-eel-531711.hostingersite.com\/#\/schema\/person\/268e18a453ab080ebf76df6ef7845083","name":"\u00c9quipe r\u00e9dactionnelle de Bladna News","url":"https:\/\/bladnanews.com\/fr\/author\/bladna-news-staff\/"}]}},"_links":{"self":[{"href":"https:\/\/bladnanews.com\/fr\/wp-json\/wp\/v2\/posts\/8187","targetHints":{"allow":["GET"]}}],"collection":[{"href":"https:\/\/bladnanews.com\/fr\/wp-json\/wp\/v2\/posts"}],"about":[{"href":"https:\/\/bladnanews.com\/fr\/wp-json\/wp\/v2\/types\/post"}],"author":[{"embeddable":true,"href":"https:\/\/bladnanews.com\/fr\/wp-json\/wp\/v2\/users\/3"}],"replies":[{"embeddable":true,"href":"https:\/\/bladnanews.com\/fr\/wp-json\/wp\/v2\/comments?post=8187"}],"version-history":[{"count":0,"href":"https:\/\/bladnanews.com\/fr\/wp-json\/wp\/v2\/posts\/8187\/revisions"}],"wp:featuredmedia":[{"embeddable":true,"href":"https:\/\/bladnanews.com\/fr\/wp-json\/wp\/v2\/media\/8186"}],"wp:attachment":[{"href":"https:\/\/bladnanews.com\/fr\/wp-json\/wp\/v2\/media?parent=8187"}],"wp:term":[{"taxonomy":"category","embeddable":true,"href":"https:\/\/bladnanews.com\/fr\/wp-json\/wp\/v2\/categories?post=8187"},{"taxonomy":"post_tag","embeddable":true,"href":"https:\/\/bladnanews.com\/fr\/wp-json\/wp\/v2\/tags?post=8187"}],"curies":[{"name":"wp","href":"https:\/\/api.w.org\/{rel}","templated":true}]}}