{"id":8189,"date":"2026-01-30T07:31:57","date_gmt":"2026-01-30T07:31:57","guid":{"rendered":"https:\/\/bladnanews.com\/roberto-de-zerbi-resigns-as-marseille-coach-after-ucl-exit\/"},"modified":"2026-01-30T07:31:57","modified_gmt":"2026-01-30T07:31:57","slug":"roberto-de-zerbi-demissionne-de-son-poste-dentraineur-de-marseille-apres-lelimination-en-ligue-des-champions","status":"publish","type":"post","link":"https:\/\/bladnanews.com\/fr\/roberto-de-zerbi-demissionne-de-son-poste-dentraineur-de-marseille-apres-lelimination-en-ligue-des-champions\/","title":{"rendered":"Roberto De Zerbi d\u00e9missionne de son poste d'entra\u00eeneur de l'OM apr\u00e8s l'\u00e9limination en Ligue des champions"},"content":{"rendered":"<p>Roberto De Zerbi a d\u00e9missionn\u00e9 de son poste d'entra\u00eeneur de l'Olympique de Marseille apr\u00e8s l'\u00e9limination du club en Ligue des champions, contraignant l'\u00e9quipe de Ligue 1 \u00e0 prendre une d\u00e9cision imm\u00e9diate quant \u00e0 la suite.<\/p>\n<p>L'Italien au temp\u00e9rament fougueux a inform\u00e9 Marseille de son intention de se retirer \u00e0 la suite de cette sortie europ\u00e9enne, sa d\u00e9mission ayant \u00e9t\u00e9 act\u00e9e par le club peu apr\u00e8s la d\u00e9faite qui a mis fin \u00e0 leur parcours en Ligue des champions.<\/p>\n<p>De Zerbi, arriv\u00e9 avec une r\u00e9putation de football offensif et de convictions affirm\u00e9es, a affich\u00e9 une figure frustr\u00e9e ces derni\u00e8res semaines, alors que les r\u00e9sultats et les tensions autour de l'\u00e9quipe s'accentuaient.<\/p>\n<p>Cette d\u00e9mission intervient \u00e0 un moment critique de la saison marseillaise, le club \u00e9tant toujours engag\u00e9 sur le plan national et ayant besoin de stabilit\u00e9 apr\u00e8s une fin de parcours europ\u00e9en plus pr\u00e9coce que pr\u00e9vu.<\/p>\n<p>Marseille n'a pas encore confirm\u00e9 la suite \u00e0 donner, mais la d\u00e9cision de De Zerbi oblige d\u00e9sormais le club \u00e0 se pr\u00e9parer \u00e0 \u00e9voluer sans lui sur le banc de touche.<\/p>","protected":false},"excerpt":{"rendered":"<p>Roberto De Zerbi has resigned as Marseille head coach after the club\u2019s Champions League elimination, leaving the Ligue 1 side [&hellip;]<\/p>\n","protected":false},"author":3,"featured_media":8188,"comment_status":"","ping_status":"open","sticky":false,"template":"","format":"standard","meta":{"googlesitekit_rrm_CAow_uzEDA:productID":"","site-sidebar-layout":"default","site-content-layout":"","ast-site-content-layout":"default","site-content-style":"default","site-sidebar-style":"default","ast-global-header-display":"","ast-banner-title-visibility":"","ast-main-header-display":"","ast-hfb-above-header-display":"","ast-hfb-below-header-display":"","ast-hfb-mobile-header-display":"","site-post-title":"","ast-breadcrumbs-content":"","ast-featured-img":"","footer-sml-layout":"","ast-disable-related-posts":"","theme-transparent-header-meta":"","adv-header-id-meta":"","stick-header-meta":"","header-above-stick-meta":"","header-main-stick-meta":"","header-below-stick-meta":"","astra-migrate-meta-layouts":"default","ast-page-background-enabled":"default","ast-page-background-meta":{"desktop":{"background-color":"var(--ast-global-color-5)","background-image":"","background-repeat":"repeat","background-position":"center center","background-size":"auto","background-attachment":"scroll","background-type":"","background-media":"","overlay-type":"","overlay-color":"","overlay-opacity":"","overlay-gradient":""},"tablet":{"background-color":"","background-image":"","background-repeat":"repeat","background-position":"center center","background-size":"auto","background-attachment":"scroll","background-type":"","background-media":"","overlay-type":"","overlay-color":"","overlay-opacity":"","overlay-gradient":""},"mobile":{"background-color":"","background-image":"","background-repeat":"repeat","background-position":"center center","background-size":"auto","background-attachment":"scroll","background-type":"","background-media":"","overlay-type":"","overlay-color":"","overlay-opacity":"","overlay-gradient":""}},"ast-content-background-meta":{"desktop":{"background-color":"var(--ast-global-color-4)","background-image":"","background-repeat":"repeat","background-position":"center center","background-size":"auto","background-attachment":"scroll","background-type":"","background-media":"","overlay-type":"","overlay-color":"","overlay-opacity":"","overlay-gradient":""},"tablet":{"background-color":"var(--ast-global-color-4)","background-image":"","background-repeat":"repeat","background-position":"center center","background-size":"auto","background-attachment":"scroll","background-type":"","background-media":"","overlay-type":"","overlay-color":"","overlay-opacity":"","overlay-gradient":""},"mobile":{"background-color":"var(--ast-global-color-4)","background-image":"","background-repeat":"repeat","background-position":"center center","background-size":"auto","background-attachment":"scroll","background-type":"","background-media":"","overlay-type":"","overlay-color":"","overlay-opacity":"","overlay-gradient":""}},"footnotes":""},"categories":[20,1],"tags":[],"class_list":["post-8189","post","type-post","status-publish","format-standard","has-post-thumbnail","hentry","category-international","category-football-latest-news"],"yoast_head":"<!-- This site is optimized with the Yoast SEO Premium plugin v26.6 (Yoast SEO v27.4) - https:\/\/yoast.com\/product\/yoast-seo-premium-wordpress\/ -->\n<title>Roberto De Zerbi resigns as Marseille coach after UCL exit - Bladna News<\/title>\n<meta name=\"robots\" content=\"index, follow, max-snippet:-1, max-image-preview:large, max-video-preview:-1\" \/>\n<link rel=\"canonical\" href=\"https:\/\/bladnanews.com\/fr\/roberto-de-zerbi-demissionne-de-son-poste-dentraineur-de-marseille-apres-lelimination-en-ligue-des-champions\/\" \/>\n<meta property=\"og:locale\" content=\"fr_FR\" \/>\n<meta property=\"og:type\" content=\"article\" \/>\n<meta property=\"og:title\" content=\"Roberto De Zerbi resigns as Marseille coach after UCL exit\" \/>\n<meta property=\"og:description\" content=\"Roberto De Zerbi has resigned as Marseille head coach after the club\u2019s Champions League elimination, leaving the Ligue 1 side [&hellip;]\" \/>\n<meta property=\"og:url\" content=\"https:\/\/bladnanews.com\/fr\/roberto-de-zerbi-demissionne-de-son-poste-dentraineur-de-marseille-apres-lelimination-en-ligue-des-champions\/\" \/>\n<meta property=\"og:site_name\" content=\"Bladna News\" \/>\n<meta property=\"article:published_time\" content=\"2026-01-30T07:31:57+00:00\" \/>\n<meta property=\"og:image\" content=\"https:\/\/bladnanews.com\/wp-content\/uploads\/2025\/12\/freepik__bladna-newscom-moroccan-soccer-homepage-banner-mor__41838.png\" \/>\n\t<meta property=\"og:image:width\" content=\"1312\" \/>\n\t<meta property=\"og:image:height\" content=\"736\" \/>\n\t<meta property=\"og:image:type\" content=\"image\/png\" \/>\n<meta name=\"author\" content=\"Bladna News Staff\" \/>\n<meta name=\"twitter:card\" content=\"summary_large_image\" \/>\n<meta name=\"twitter:label1\" content=\"\u00c9crit par\" \/>\n\t<meta name=\"twitter:data1\" content=\"Bladna News Staff\" \/>\n\t<meta name=\"twitter:label2\" content=\"Dur\u00e9e de lecture estim\u00e9e\" \/>\n\t<meta name=\"twitter:data2\" content=\"1 minute\" \/>\n<script type=\"application\/ld+json\" class=\"yoast-schema-graph\">{\"@context\":\"https:\\\/\\\/schema.org\",\"@graph\":[{\"@type\":\"Article\",\"@id\":\"https:\\\/\\\/bladnanews.com\\\/roberto-de-zerbi-resigns-as-marseille-coach-after-ucl-exit\\\/#article\",\"isPartOf\":{\"@id\":\"https:\\\/\\\/bladnanews.com\\\/roberto-de-zerbi-resigns-as-marseille-coach-after-ucl-exit\\\/\"},\"author\":{\"name\":\"Bladna News Staff\",\"@id\":\"https:\\\/\\\/mediumseagreen-eel-531711.hostingersite.com\\\/#\\\/schema\\\/person\\\/268e18a453ab080ebf76df6ef7845083\"},\"headline\":\"Roberto De Zerbi resigns as Marseille coach after UCL exit\",\"datePublished\":\"2026-01-30T07:31:57+00:00\",\"mainEntityOfPage\":{\"@id\":\"https:\\\/\\\/bladnanews.com\\\/roberto-de-zerbi-resigns-as-marseille-coach-after-ucl-exit\\\/\"},\"wordCount\":160,\"publisher\":{\"@id\":\"https:\\\/\\\/mediumseagreen-eel-531711.hostingersite.com\\\/#organization\"},\"image\":{\"@id\":\"https:\\\/\\\/bladnanews.com\\\/roberto-de-zerbi-resigns-as-marseille-coach-after-ucl-exit\\\/#primaryimage\"},\"thumbnailUrl\":\"https:\\\/\\\/bladnanews.com\\\/wp-content\\\/uploads\\\/2026\\\/01\\\/BladnaNews-Roberto-De-Zerbi-resigns-as-Marseille-coach-after-UCL-exit-2026-01-30T130950.382Z-scaled.jpg\",\"articleSection\":[\"International\",\"Latest News\"],\"inLanguage\":\"fr-FR\",\"copyrightYear\":\"2026\",\"copyrightHolder\":{\"@id\":\"https:\\\/\\\/bladnanews.com\\\/fr\\\/#organization\"}},{\"@type\":\"WebPage\",\"@id\":\"https:\\\/\\\/bladnanews.com\\\/roberto-de-zerbi-resigns-as-marseille-coach-after-ucl-exit\\\/\",\"url\":\"https:\\\/\\\/bladnanews.com\\\/roberto-de-zerbi-resigns-as-marseille-coach-after-ucl-exit\\\/\",\"name\":\"Roberto De Zerbi resigns as Marseille coach after UCL exit - Bladna News\",\"isPartOf\":{\"@id\":\"https:\\\/\\\/mediumseagreen-eel-531711.hostingersite.com\\\/#website\"},\"primaryImageOfPage\":{\"@id\":\"https:\\\/\\\/bladnanews.com\\\/roberto-de-zerbi-resigns-as-marseille-coach-after-ucl-exit\\\/#primaryimage\"},\"image\":{\"@id\":\"https:\\\/\\\/bladnanews.com\\\/roberto-de-zerbi-resigns-as-marseille-coach-after-ucl-exit\\\/#primaryimage\"},\"thumbnailUrl\":\"https:\\\/\\\/bladnanews.com\\\/wp-content\\\/uploads\\\/2026\\\/01\\\/BladnaNews-Roberto-De-Zerbi-resigns-as-Marseille-coach-after-UCL-exit-2026-01-30T130950.382Z-scaled.jpg\",\"datePublished\":\"2026-01-30T07:31:57+00:00\",\"breadcrumb\":{\"@id\":\"https:\\\/\\\/bladnanews.com\\\/roberto-de-zerbi-resigns-as-marseille-coach-after-ucl-exit\\\/#breadcrumb\"},\"inLanguage\":\"fr-FR\",\"potentialAction\":[{\"@type\":\"ReadAction\",\"target\":[\"https:\\\/\\\/bladnanews.com\\\/roberto-de-zerbi-resigns-as-marseille-coach-after-ucl-exit\\\/\"]}]},{\"@type\":\"ImageObject\",\"inLanguage\":\"fr-FR\",\"@id\":\"https:\\\/\\\/bladnanews.com\\\/roberto-de-zerbi-resigns-as-marseille-coach-after-ucl-exit\\\/#primaryimage\",\"url\":\"https:\\\/\\\/bladnanews.com\\\/wp-content\\\/uploads\\\/2026\\\/01\\\/BladnaNews-Roberto-De-Zerbi-resigns-as-Marseille-coach-after-UCL-exit-2026-01-30T130950.382Z-scaled.jpg\",\"contentUrl\":\"https:\\\/\\\/bladnanews.com\\\/wp-content\\\/uploads\\\/2026\\\/01\\\/BladnaNews-Roberto-De-Zerbi-resigns-as-Marseille-coach-after-UCL-exit-2026-01-30T130950.382Z-scaled.jpg\",\"width\":2560,\"height\":1440,\"caption\":\"Roberto De Zerbi sits pensively on the Marseille bench, dressed in a black jacket, reflecting after the UCL exit.\"},{\"@type\":\"BreadcrumbList\",\"@id\":\"https:\\\/\\\/bladnanews.com\\\/roberto-de-zerbi-resigns-as-marseille-coach-after-ucl-exit\\\/#breadcrumb\",\"itemListElement\":[{\"@type\":\"ListItem\",\"position\":1,\"name\":\"Home\",\"item\":\"https:\\\/\\\/bladnanews.com\\\/\"},{\"@type\":\"ListItem\",\"position\":2,\"name\":\"Roberto De Zerbi resigns as Marseille coach after UCL exit\"}]},{\"@type\":\"WebSite\",\"@id\":\"https:\\\/\\\/mediumseagreen-eel-531711.hostingersite.com\\\/#website\",\"url\":\"https:\\\/\\\/mediumseagreen-eel-531711.hostingersite.com\\\/\",\"name\":\"Bladna News - Morocco\",\"description\":\"Where Moroccan Football Meets the World\",\"publisher\":{\"@id\":\"https:\\\/\\\/mediumseagreen-eel-531711.hostingersite.com\\\/#organization\"},\"potentialAction\":[{\"@type\":\"SearchAction\",\"target\":{\"@type\":\"EntryPoint\",\"urlTemplate\":\"https:\\\/\\\/mediumseagreen-eel-531711.hostingersite.com\\\/?s={search_term_string}\"},\"query-input\":{\"@type\":\"PropertyValueSpecification\",\"valueRequired\":true,\"valueName\":\"search_term_string\"}}],\"inLanguage\":\"fr-FR\"},{\"@type\":\"Organization\",\"@id\":\"https:\\\/\\\/mediumseagreen-eel-531711.hostingersite.com\\\/#organization\",\"name\":\"Bladna News.com\",\"url\":\"https:\\\/\\\/mediumseagreen-eel-531711.hostingersite.com\\\/\",\"logo\":{\"@type\":\"ImageObject\",\"inLanguage\":\"fr-FR\",\"@id\":\"https:\\\/\\\/mediumseagreen-eel-531711.hostingersite.com\\\/#\\\/schema\\\/logo\\\/image\\\/\",\"url\":\"https:\\\/\\\/bladnanews.com\\\/wp-content\\\/uploads\\\/2025\\\/12\\\/logo-bladnanews-V2-web-black-red.png\",\"contentUrl\":\"https:\\\/\\\/bladnanews.com\\\/wp-content\\\/uploads\\\/2025\\\/12\\\/logo-bladnanews-V2-web-black-red.png\",\"width\":703,\"height\":287,\"caption\":\"Bladna News.com\"},\"image\":{\"@id\":\"https:\\\/\\\/mediumseagreen-eel-531711.hostingersite.com\\\/#\\\/schema\\\/logo\\\/image\\\/\"},\"email\":\"info@bladnanews.com\",\"legalName\":\"Bladna News\"},{\"@type\":\"Person\",\"@id\":\"https:\\\/\\\/mediumseagreen-eel-531711.hostingersite.com\\\/#\\\/schema\\\/person\\\/268e18a453ab080ebf76df6ef7845083\",\"name\":\"Bladna News Staff\",\"url\":\"https:\\\/\\\/bladnanews.com\\\/fr\\\/author\\\/bladna-news-staff\\\/\"}]}<\/script>\n<!-- \/ Yoast SEO Premium plugin. -->","yoast_head_json":{"title":"Roberto De Zerbi d\u00e9missionne de son poste d'entra\u00eeneur de Marseille apr\u00e8s l'\u00e9limination en Ligue des Champions - Bladna News","robots":{"index":"index","follow":"follow","max-snippet":"max-snippet:-1","max-image-preview":"max-image-preview:large","max-video-preview":"max-video-preview:-1"},"canonical":"https:\/\/bladnanews.com\/fr\/roberto-de-zerbi-demissionne-de-son-poste-dentraineur-de-marseille-apres-lelimination-en-ligue-des-champions\/","og_locale":"fr_FR","og_type":"article","og_title":"Roberto De Zerbi resigns as Marseille coach after UCL exit","og_description":"Roberto De Zerbi has resigned as Marseille head coach after the club\u2019s Champions League elimination, leaving the Ligue 1 side [&hellip;]","og_url":"https:\/\/bladnanews.com\/fr\/roberto-de-zerbi-demissionne-de-son-poste-dentraineur-de-marseille-apres-lelimination-en-ligue-des-champions\/","og_site_name":"Bladna News","article_published_time":"2026-01-30T07:31:57+00:00","og_image":[{"width":1312,"height":736,"url":"https:\/\/bladnanews.com\/wp-content\/uploads\/2025\/12\/freepik__bladna-newscom-moroccan-soccer-homepage-banner-mor__41838.png","type":"image\/png"}],"author":"Bladna News Staff","twitter_card":"summary_large_image","twitter_misc":{"\u00c9crit par":"Bladna News Staff","Dur\u00e9e de lecture estim\u00e9e":"1 minute"},"schema":{"@context":"https:\/\/schema.org","@graph":[{"@type":"Article","@id":"https:\/\/bladnanews.com\/roberto-de-zerbi-resigns-as-marseille-coach-after-ucl-exit\/#article","isPartOf":{"@id":"https:\/\/bladnanews.com\/roberto-de-zerbi-resigns-as-marseille-coach-after-ucl-exit\/"},"author":{"name":"Bladna News Staff","@id":"https:\/\/mediumseagreen-eel-531711.hostingersite.com\/#\/schema\/person\/268e18a453ab080ebf76df6ef7845083"},"headline":"Roberto De Zerbi resigns as Marseille coach after UCL exit","datePublished":"2026-01-30T07:31:57+00:00","mainEntityOfPage":{"@id":"https:\/\/bladnanews.com\/roberto-de-zerbi-resigns-as-marseille-coach-after-ucl-exit\/"},"wordCount":160,"publisher":{"@id":"https:\/\/mediumseagreen-eel-531711.hostingersite.com\/#organization"},"image":{"@id":"https:\/\/bladnanews.com\/roberto-de-zerbi-resigns-as-marseille-coach-after-ucl-exit\/#primaryimage"},"thumbnailUrl":"https:\/\/bladnanews.com\/wp-content\/uploads\/2026\/01\/BladnaNews-Roberto-De-Zerbi-resigns-as-Marseille-coach-after-UCL-exit-2026-01-30T130950.382Z-scaled.jpg","articleSection":["International","Latest News"],"inLanguage":"fr-FR","copyrightYear":"2026","copyrightHolder":{"@id":"https:\/\/bladnanews.com\/fr\/#organization"}},{"@type":"WebPage","@id":"https:\/\/bladnanews.com\/roberto-de-zerbi-resigns-as-marseille-coach-after-ucl-exit\/","url":"https:\/\/bladnanews.com\/roberto-de-zerbi-resigns-as-marseille-coach-after-ucl-exit\/","name":"Roberto De Zerbi d\u00e9missionne de son poste d'entra\u00eeneur de Marseille apr\u00e8s l'\u00e9limination en Ligue des Champions - Bladna News","isPartOf":{"@id":"https:\/\/mediumseagreen-eel-531711.hostingersite.com\/#website"},"primaryImageOfPage":{"@id":"https:\/\/bladnanews.com\/roberto-de-zerbi-resigns-as-marseille-coach-after-ucl-exit\/#primaryimage"},"image":{"@id":"https:\/\/bladnanews.com\/roberto-de-zerbi-resigns-as-marseille-coach-after-ucl-exit\/#primaryimage"},"thumbnailUrl":"https:\/\/bladnanews.com\/wp-content\/uploads\/2026\/01\/BladnaNews-Roberto-De-Zerbi-resigns-as-Marseille-coach-after-UCL-exit-2026-01-30T130950.382Z-scaled.jpg","datePublished":"2026-01-30T07:31:57+00:00","breadcrumb":{"@id":"https:\/\/bladnanews.com\/roberto-de-zerbi-resigns-as-marseille-coach-after-ucl-exit\/#breadcrumb"},"inLanguage":"fr-FR","potentialAction":[{"@type":"ReadAction","target":["https:\/\/bladnanews.com\/roberto-de-zerbi-resigns-as-marseille-coach-after-ucl-exit\/"]}]},{"@type":"ImageObject","inLanguage":"fr-FR","@id":"https:\/\/bladnanews.com\/roberto-de-zerbi-resigns-as-marseille-coach-after-ucl-exit\/#primaryimage","url":"https:\/\/bladnanews.com\/wp-content\/uploads\/2026\/01\/BladnaNews-Roberto-De-Zerbi-resigns-as-Marseille-coach-after-UCL-exit-2026-01-30T130950.382Z-scaled.jpg","contentUrl":"https:\/\/bladnanews.com\/wp-content\/uploads\/2026\/01\/BladnaNews-Roberto-De-Zerbi-resigns-as-Marseille-coach-after-UCL-exit-2026-01-30T130950.382Z-scaled.jpg","width":2560,"height":1440,"caption":"Roberto De Zerbi sits pensively on the Marseille bench, dressed in a black jacket, reflecting after the UCL exit."},{"@type":"BreadcrumbList","@id":"https:\/\/bladnanews.com\/roberto-de-zerbi-resigns-as-marseille-coach-after-ucl-exit\/#breadcrumb","itemListElement":[{"@type":"ListItem","position":1,"name":"Home","item":"https:\/\/bladnanews.com\/"},{"@type":"ListItem","position":2,"name":"Roberto De Zerbi resigns as Marseille coach after UCL exit"}]},{"@type":"WebSite","@id":"https:\/\/mediumseagreen-eel-531711.hostingersite.com\/#website","url":"https:\/\/mediumseagreen-eel-531711.hostingersite.com\/","name":"Bladna News - Maroc","description":"Quand le football marocain rencontre le monde","publisher":{"@id":"https:\/\/mediumseagreen-eel-531711.hostingersite.com\/#organization"},"potentialAction":[{"@type":"SearchAction","target":{"@type":"EntryPoint","urlTemplate":"https:\/\/mediumseagreen-eel-531711.hostingersite.com\/?s={search_term_string}"},"query-input":{"@type":"PropertyValueSpecification","valueRequired":true,"valueName":"search_term_string"}}],"inLanguage":"fr-FR"},{"@type":"Organization","@id":"https:\/\/mediumseagreen-eel-531711.hostingersite.com\/#organization","name":"Bladna News.com","url":"https:\/\/mediumseagreen-eel-531711.hostingersite.com\/","logo":{"@type":"ImageObject","inLanguage":"fr-FR","@id":"https:\/\/mediumseagreen-eel-531711.hostingersite.com\/#\/schema\/logo\/image\/","url":"https:\/\/bladnanews.com\/wp-content\/uploads\/2025\/12\/logo-bladnanews-V2-web-black-red.png","contentUrl":"https:\/\/bladnanews.com\/wp-content\/uploads\/2025\/12\/logo-bladnanews-V2-web-black-red.png","width":703,"height":287,"caption":"Bladna News.com"},"image":{"@id":"https:\/\/mediumseagreen-eel-531711.hostingersite.com\/#\/schema\/logo\/image\/"},"email":"info@bladnanews.com","legalName":"Bladna News"},{"@type":"Person","@id":"https:\/\/mediumseagreen-eel-531711.hostingersite.com\/#\/schema\/person\/268e18a453ab080ebf76df6ef7845083","name":"\u00c9quipe r\u00e9dactionnelle de Bladna News","url":"https:\/\/bladnanews.com\/fr\/author\/bladna-news-staff\/"}]}},"_links":{"self":[{"href":"https:\/\/bladnanews.com\/fr\/wp-json\/wp\/v2\/posts\/8189","targetHints":{"allow":["GET"]}}],"collection":[{"href":"https:\/\/bladnanews.com\/fr\/wp-json\/wp\/v2\/posts"}],"about":[{"href":"https:\/\/bladnanews.com\/fr\/wp-json\/wp\/v2\/types\/post"}],"author":[{"embeddable":true,"href":"https:\/\/bladnanews.com\/fr\/wp-json\/wp\/v2\/users\/3"}],"replies":[{"embeddable":true,"href":"https:\/\/bladnanews.com\/fr\/wp-json\/wp\/v2\/comments?post=8189"}],"version-history":[{"count":0,"href":"https:\/\/bladnanews.com\/fr\/wp-json\/wp\/v2\/posts\/8189\/revisions"}],"wp:featuredmedia":[{"embeddable":true,"href":"https:\/\/bladnanews.com\/fr\/wp-json\/wp\/v2\/media\/8188"}],"wp:attachment":[{"href":"https:\/\/bladnanews.com\/fr\/wp-json\/wp\/v2\/media?parent=8189"}],"wp:term":[{"taxonomy":"category","embeddable":true,"href":"https:\/\/bladnanews.com\/fr\/wp-json\/wp\/v2\/categories?post=8189"},{"taxonomy":"post_tag","embeddable":true,"href":"https:\/\/bladnanews.com\/fr\/wp-json\/wp\/v2\/tags?post=8189"}],"curies":[{"name":"wp","href":"https:\/\/api.w.org\/{rel}","templated":true}]}}