{"id":8191,"date":"2026-01-30T07:37:47","date_gmt":"2026-01-30T07:37:47","guid":{"rendered":"https:\/\/bladnanews.com\/unai-emery-criticised-after-ollie-watkins-injury-vs-salzburg\/"},"modified":"2026-01-30T07:37:47","modified_gmt":"2026-01-30T07:37:47","slug":"unai-emery-critique-apres-la-blessure-dollie-watkins-contre-salzbourg","status":"publish","type":"post","link":"https:\/\/bladnanews.com\/fr\/unai-emery-critique-apres-la-blessure-dollie-watkins-contre-salzbourg\/","title":{"rendered":"Unai Emery critiqu\u00e9 apr\u00e8s la blessure d'Ollie Watkins contre Salzbourg"},"content":{"rendered":"<p>Unai Emery a \u00e9t\u00e9 critiqu\u00e9 apr\u00e8s qu'Ollie Watkins se soit bless\u00e9 lors du match de l'Aston Villa en Ligue Europa contre Salzbourg, certains s'interrogeant sur le fait que l'attaquant n'ait pas \u00e9t\u00e9 laiss\u00e9 au repos.<\/p>\n<p>Watkins \u00e9tait titulaire pour cette rencontre europ\u00e9enne alors que Villa cherchait \u00e0 conclure l'affaire face \u00e0 Salzbourg, mais l'attaquant a \u00e9t\u00e9 contraint de s'arr\u00eater et de recevoir des soins apr\u00e8s \u00eatre tomb\u00e9. Il a finalement \u00e9t\u00e9 remplac\u00e9, laissant Villa terminer la rencontre sans son principal num\u00e9ro 9.<\/p>\n<p>L'incident a rapidement suscit\u00e9 des r\u00e9actions en ligne, o\u00f9 les supporters et observateurs ont sugg\u00e9r\u00e9 que Watkins \u201caurait d\u00fb \u00eatre repos\u00e9\u201d, soulignant la charge de travail qu'il a support\u00e9e et l'importance de le pr\u00e9server pour le d\u00e9nouement d\u00e9cisif de la saison.<\/p>\n<p>Emery s'est fortement appuy\u00e9 sur Watkins dans toutes les comp\u00e9titions, l'international anglais \u00e9tant l'un des joueurs les plus importants de Villa sous la direction de l'Espagnol. Cette blessure survenue en Autriche suscite d\u00e9sormais des inqui\u00e9tudes quant \u00e0 sa disponibilit\u00e9 pour les prochains matches.<\/p>\n<p>Il a \u00e9galement \u00e9t\u00e9 r\u00e9v\u00e9l\u00e9 que Watkins tra\u00eenait un probl\u00e8me physique avant le match contre Salzbourg, ce qui n'a fait qu'accro\u00eetre les critiques entourant la d\u00e9cision de le faire d\u00e9buter la rencontre.<\/p>\n<p>Villa n'a pas encore confirm\u00e9 l'\u00e9tendue exacte du probl\u00e8me, mais le remplacement pr\u00e9matur\u00e9 de l'attaquant sera une source d'inqui\u00e9tude pour Emery alors que le club continue de se battre sur plusieurs fronts.<\/p>","protected":false},"excerpt":{"rendered":"<p>Unai Emery has come under criticism after Ollie Watkins picked up an injury during Aston Villa\u2019s Europa League tie with [&hellip;]<\/p>\n","protected":false},"author":3,"featured_media":8190,"comment_status":"","ping_status":"open","sticky":false,"template":"","format":"standard","meta":{"googlesitekit_rrm_CAow_uzEDA:productID":"","site-sidebar-layout":"default","site-content-layout":"","ast-site-content-layout":"default","site-content-style":"default","site-sidebar-style":"default","ast-global-header-display":"","ast-banner-title-visibility":"","ast-main-header-display":"","ast-hfb-above-header-display":"","ast-hfb-below-header-display":"","ast-hfb-mobile-header-display":"","site-post-title":"","ast-breadcrumbs-content":"","ast-featured-img":"","footer-sml-layout":"","ast-disable-related-posts":"","theme-transparent-header-meta":"","adv-header-id-meta":"","stick-header-meta":"","header-above-stick-meta":"","header-main-stick-meta":"","header-below-stick-meta":"","astra-migrate-meta-layouts":"default","ast-page-background-enabled":"default","ast-page-background-meta":{"desktop":{"background-color":"var(--ast-global-color-5)","background-image":"","background-repeat":"repeat","background-position":"center center","background-size":"auto","background-attachment":"scroll","background-type":"","background-media":"","overlay-type":"","overlay-color":"","overlay-opacity":"","overlay-gradient":""},"tablet":{"background-color":"","background-image":"","background-repeat":"repeat","background-position":"center center","background-size":"auto","background-attachment":"scroll","background-type":"","background-media":"","overlay-type":"","overlay-color":"","overlay-opacity":"","overlay-gradient":""},"mobile":{"background-color":"","background-image":"","background-repeat":"repeat","background-position":"center center","background-size":"auto","background-attachment":"scroll","background-type":"","background-media":"","overlay-type":"","overlay-color":"","overlay-opacity":"","overlay-gradient":""}},"ast-content-background-meta":{"desktop":{"background-color":"var(--ast-global-color-4)","background-image":"","background-repeat":"repeat","background-position":"center center","background-size":"auto","background-attachment":"scroll","background-type":"","background-media":"","overlay-type":"","overlay-color":"","overlay-opacity":"","overlay-gradient":""},"tablet":{"background-color":"var(--ast-global-color-4)","background-image":"","background-repeat":"repeat","background-position":"center center","background-size":"auto","background-attachment":"scroll","background-type":"","background-media":"","overlay-type":"","overlay-color":"","overlay-opacity":"","overlay-gradient":""},"mobile":{"background-color":"var(--ast-global-color-4)","background-image":"","background-repeat":"repeat","background-position":"center center","background-size":"auto","background-attachment":"scroll","background-type":"","background-media":"","overlay-type":"","overlay-color":"","overlay-opacity":"","overlay-gradient":""}},"footnotes":""},"categories":[20,1],"tags":[],"class_list":["post-8191","post","type-post","status-publish","format-standard","has-post-thumbnail","hentry","category-international","category-football-latest-news"],"yoast_head":"<!-- This site is optimized with the Yoast SEO Premium plugin v26.6 (Yoast SEO v27.4) - https:\/\/yoast.com\/product\/yoast-seo-premium-wordpress\/ -->\n<title>Unai Emery criticised after Ollie Watkins injury vs Salzburg - Bladna News<\/title>\n<meta name=\"robots\" content=\"index, follow, max-snippet:-1, max-image-preview:large, max-video-preview:-1\" \/>\n<link rel=\"canonical\" href=\"https:\/\/bladnanews.com\/fr\/unai-emery-critique-apres-la-blessure-dollie-watkins-contre-salzbourg\/\" \/>\n<meta property=\"og:locale\" content=\"fr_FR\" \/>\n<meta property=\"og:type\" content=\"article\" \/>\n<meta property=\"og:title\" content=\"Unai Emery criticised after Ollie Watkins injury vs Salzburg\" \/>\n<meta property=\"og:description\" content=\"Unai Emery has come under criticism after Ollie Watkins picked up an injury during Aston Villa\u2019s Europa League tie with [&hellip;]\" \/>\n<meta property=\"og:url\" content=\"https:\/\/bladnanews.com\/fr\/unai-emery-critique-apres-la-blessure-dollie-watkins-contre-salzbourg\/\" \/>\n<meta property=\"og:site_name\" content=\"Bladna News\" \/>\n<meta property=\"article:published_time\" content=\"2026-01-30T07:37:47+00:00\" \/>\n<meta property=\"og:image\" content=\"https:\/\/bladnanews.com\/wp-content\/uploads\/2025\/12\/freepik__bladna-newscom-moroccan-soccer-homepage-banner-mor__41838.png\" \/>\n\t<meta property=\"og:image:width\" content=\"1312\" \/>\n\t<meta property=\"og:image:height\" content=\"736\" \/>\n\t<meta property=\"og:image:type\" content=\"image\/png\" \/>\n<meta name=\"author\" content=\"Bladna News Staff\" \/>\n<meta name=\"twitter:card\" content=\"summary_large_image\" \/>\n<meta name=\"twitter:label1\" content=\"\u00c9crit par\" \/>\n\t<meta name=\"twitter:data1\" content=\"Bladna News Staff\" \/>\n\t<meta name=\"twitter:label2\" content=\"Dur\u00e9e de lecture estim\u00e9e\" \/>\n\t<meta name=\"twitter:data2\" content=\"1 minute\" \/>\n<script type=\"application\/ld+json\" class=\"yoast-schema-graph\">{\"@context\":\"https:\\\/\\\/schema.org\",\"@graph\":[{\"@type\":\"Article\",\"@id\":\"https:\\\/\\\/bladnanews.com\\\/unai-emery-criticised-after-ollie-watkins-injury-vs-salzburg\\\/#article\",\"isPartOf\":{\"@id\":\"https:\\\/\\\/bladnanews.com\\\/unai-emery-criticised-after-ollie-watkins-injury-vs-salzburg\\\/\"},\"author\":{\"name\":\"Bladna News Staff\",\"@id\":\"https:\\\/\\\/mediumseagreen-eel-531711.hostingersite.com\\\/#\\\/schema\\\/person\\\/268e18a453ab080ebf76df6ef7845083\"},\"headline\":\"Unai Emery criticised after Ollie Watkins injury vs Salzburg\",\"datePublished\":\"2026-01-30T07:37:47+00:00\",\"mainEntityOfPage\":{\"@id\":\"https:\\\/\\\/bladnanews.com\\\/unai-emery-criticised-after-ollie-watkins-injury-vs-salzburg\\\/\"},\"wordCount\":215,\"publisher\":{\"@id\":\"https:\\\/\\\/mediumseagreen-eel-531711.hostingersite.com\\\/#organization\"},\"image\":{\"@id\":\"https:\\\/\\\/bladnanews.com\\\/unai-emery-criticised-after-ollie-watkins-injury-vs-salzburg\\\/#primaryimage\"},\"thumbnailUrl\":\"https:\\\/\\\/bladnanews.com\\\/wp-content\\\/uploads\\\/2026\\\/01\\\/BladnaNews-Unai-Emery-criticised-after-Ollie-Watkins-injury-vs-Salzburg-2026-01-30T131022.427Z.jpg\",\"articleSection\":[\"International\",\"Latest News\"],\"inLanguage\":\"fr-FR\",\"copyrightYear\":\"2026\",\"copyrightHolder\":{\"@id\":\"https:\\\/\\\/bladnanews.com\\\/fr\\\/#organization\"}},{\"@type\":\"WebPage\",\"@id\":\"https:\\\/\\\/bladnanews.com\\\/unai-emery-criticised-after-ollie-watkins-injury-vs-salzburg\\\/\",\"url\":\"https:\\\/\\\/bladnanews.com\\\/unai-emery-criticised-after-ollie-watkins-injury-vs-salzburg\\\/\",\"name\":\"Unai Emery criticised after Ollie Watkins injury vs Salzburg - Bladna News\",\"isPartOf\":{\"@id\":\"https:\\\/\\\/mediumseagreen-eel-531711.hostingersite.com\\\/#website\"},\"primaryImageOfPage\":{\"@id\":\"https:\\\/\\\/bladnanews.com\\\/unai-emery-criticised-after-ollie-watkins-injury-vs-salzburg\\\/#primaryimage\"},\"image\":{\"@id\":\"https:\\\/\\\/bladnanews.com\\\/unai-emery-criticised-after-ollie-watkins-injury-vs-salzburg\\\/#primaryimage\"},\"thumbnailUrl\":\"https:\\\/\\\/bladnanews.com\\\/wp-content\\\/uploads\\\/2026\\\/01\\\/BladnaNews-Unai-Emery-criticised-after-Ollie-Watkins-injury-vs-Salzburg-2026-01-30T131022.427Z.jpg\",\"datePublished\":\"2026-01-30T07:37:47+00:00\",\"breadcrumb\":{\"@id\":\"https:\\\/\\\/bladnanews.com\\\/unai-emery-criticised-after-ollie-watkins-injury-vs-salzburg\\\/#breadcrumb\"},\"inLanguage\":\"fr-FR\",\"potentialAction\":[{\"@type\":\"ReadAction\",\"target\":[\"https:\\\/\\\/bladnanews.com\\\/unai-emery-criticised-after-ollie-watkins-injury-vs-salzburg\\\/\"]}]},{\"@type\":\"ImageObject\",\"inLanguage\":\"fr-FR\",\"@id\":\"https:\\\/\\\/bladnanews.com\\\/unai-emery-criticised-after-ollie-watkins-injury-vs-salzburg\\\/#primaryimage\",\"url\":\"https:\\\/\\\/bladnanews.com\\\/wp-content\\\/uploads\\\/2026\\\/01\\\/BladnaNews-Unai-Emery-criticised-after-Ollie-Watkins-injury-vs-Salzburg-2026-01-30T131022.427Z.jpg\",\"contentUrl\":\"https:\\\/\\\/bladnanews.com\\\/wp-content\\\/uploads\\\/2026\\\/01\\\/BladnaNews-Unai-Emery-criticised-after-Ollie-Watkins-injury-vs-Salzburg-2026-01-30T131022.427Z.jpg\",\"width\":1984,\"height\":1116,\"caption\":\"Unai Emery speaking to Ollie Watkins, who looks dejected after sustaining an injury during a match against Salzburg.\"},{\"@type\":\"BreadcrumbList\",\"@id\":\"https:\\\/\\\/bladnanews.com\\\/unai-emery-criticised-after-ollie-watkins-injury-vs-salzburg\\\/#breadcrumb\",\"itemListElement\":[{\"@type\":\"ListItem\",\"position\":1,\"name\":\"Home\",\"item\":\"https:\\\/\\\/bladnanews.com\\\/\"},{\"@type\":\"ListItem\",\"position\":2,\"name\":\"Unai Emery criticised after Ollie Watkins injury vs Salzburg\"}]},{\"@type\":\"WebSite\",\"@id\":\"https:\\\/\\\/mediumseagreen-eel-531711.hostingersite.com\\\/#website\",\"url\":\"https:\\\/\\\/mediumseagreen-eel-531711.hostingersite.com\\\/\",\"name\":\"Bladna News - Morocco\",\"description\":\"Where Moroccan Football Meets the World\",\"publisher\":{\"@id\":\"https:\\\/\\\/mediumseagreen-eel-531711.hostingersite.com\\\/#organization\"},\"potentialAction\":[{\"@type\":\"SearchAction\",\"target\":{\"@type\":\"EntryPoint\",\"urlTemplate\":\"https:\\\/\\\/mediumseagreen-eel-531711.hostingersite.com\\\/?s={search_term_string}\"},\"query-input\":{\"@type\":\"PropertyValueSpecification\",\"valueRequired\":true,\"valueName\":\"search_term_string\"}}],\"inLanguage\":\"fr-FR\"},{\"@type\":\"Organization\",\"@id\":\"https:\\\/\\\/mediumseagreen-eel-531711.hostingersite.com\\\/#organization\",\"name\":\"Bladna News.com\",\"url\":\"https:\\\/\\\/mediumseagreen-eel-531711.hostingersite.com\\\/\",\"logo\":{\"@type\":\"ImageObject\",\"inLanguage\":\"fr-FR\",\"@id\":\"https:\\\/\\\/mediumseagreen-eel-531711.hostingersite.com\\\/#\\\/schema\\\/logo\\\/image\\\/\",\"url\":\"https:\\\/\\\/bladnanews.com\\\/wp-content\\\/uploads\\\/2025\\\/12\\\/logo-bladnanews-V2-web-black-red.png\",\"contentUrl\":\"https:\\\/\\\/bladnanews.com\\\/wp-content\\\/uploads\\\/2025\\\/12\\\/logo-bladnanews-V2-web-black-red.png\",\"width\":703,\"height\":287,\"caption\":\"Bladna News.com\"},\"image\":{\"@id\":\"https:\\\/\\\/mediumseagreen-eel-531711.hostingersite.com\\\/#\\\/schema\\\/logo\\\/image\\\/\"},\"email\":\"info@bladnanews.com\",\"legalName\":\"Bladna News\"},{\"@type\":\"Person\",\"@id\":\"https:\\\/\\\/mediumseagreen-eel-531711.hostingersite.com\\\/#\\\/schema\\\/person\\\/268e18a453ab080ebf76df6ef7845083\",\"name\":\"Bladna News Staff\",\"url\":\"https:\\\/\\\/bladnanews.com\\\/fr\\\/author\\\/bladna-news-staff\\\/\"}]}<\/script>\n<!-- \/ Yoast SEO Premium plugin. -->","yoast_head_json":{"title":"Unai Emery critiqu\u00e9 apr\u00e8s la blessure d'Ollie Watkins contre Salzbourg - Bladna News","robots":{"index":"index","follow":"follow","max-snippet":"max-snippet:-1","max-image-preview":"max-image-preview:large","max-video-preview":"max-video-preview:-1"},"canonical":"https:\/\/bladnanews.com\/fr\/unai-emery-critique-apres-la-blessure-dollie-watkins-contre-salzbourg\/","og_locale":"fr_FR","og_type":"article","og_title":"Unai Emery criticised after Ollie Watkins injury vs Salzburg","og_description":"Unai Emery has come under criticism after Ollie Watkins picked up an injury during Aston Villa\u2019s Europa League tie with [&hellip;]","og_url":"https:\/\/bladnanews.com\/fr\/unai-emery-critique-apres-la-blessure-dollie-watkins-contre-salzbourg\/","og_site_name":"Bladna News","article_published_time":"2026-01-30T07:37:47+00:00","og_image":[{"width":1312,"height":736,"url":"https:\/\/bladnanews.com\/wp-content\/uploads\/2025\/12\/freepik__bladna-newscom-moroccan-soccer-homepage-banner-mor__41838.png","type":"image\/png"}],"author":"Bladna News Staff","twitter_card":"summary_large_image","twitter_misc":{"\u00c9crit par":"Bladna News Staff","Dur\u00e9e de lecture estim\u00e9e":"1 minute"},"schema":{"@context":"https:\/\/schema.org","@graph":[{"@type":"Article","@id":"https:\/\/bladnanews.com\/unai-emery-criticised-after-ollie-watkins-injury-vs-salzburg\/#article","isPartOf":{"@id":"https:\/\/bladnanews.com\/unai-emery-criticised-after-ollie-watkins-injury-vs-salzburg\/"},"author":{"name":"Bladna News Staff","@id":"https:\/\/mediumseagreen-eel-531711.hostingersite.com\/#\/schema\/person\/268e18a453ab080ebf76df6ef7845083"},"headline":"Unai Emery criticised after Ollie Watkins injury vs Salzburg","datePublished":"2026-01-30T07:37:47+00:00","mainEntityOfPage":{"@id":"https:\/\/bladnanews.com\/unai-emery-criticised-after-ollie-watkins-injury-vs-salzburg\/"},"wordCount":215,"publisher":{"@id":"https:\/\/mediumseagreen-eel-531711.hostingersite.com\/#organization"},"image":{"@id":"https:\/\/bladnanews.com\/unai-emery-criticised-after-ollie-watkins-injury-vs-salzburg\/#primaryimage"},"thumbnailUrl":"https:\/\/bladnanews.com\/wp-content\/uploads\/2026\/01\/BladnaNews-Unai-Emery-criticised-after-Ollie-Watkins-injury-vs-Salzburg-2026-01-30T131022.427Z.jpg","articleSection":["International","Latest News"],"inLanguage":"fr-FR","copyrightYear":"2026","copyrightHolder":{"@id":"https:\/\/bladnanews.com\/fr\/#organization"}},{"@type":"WebPage","@id":"https:\/\/bladnanews.com\/unai-emery-criticised-after-ollie-watkins-injury-vs-salzburg\/","url":"https:\/\/bladnanews.com\/unai-emery-criticised-after-ollie-watkins-injury-vs-salzburg\/","name":"Unai Emery critiqu\u00e9 apr\u00e8s la blessure d'Ollie Watkins contre Salzbourg - Bladna News","isPartOf":{"@id":"https:\/\/mediumseagreen-eel-531711.hostingersite.com\/#website"},"primaryImageOfPage":{"@id":"https:\/\/bladnanews.com\/unai-emery-criticised-after-ollie-watkins-injury-vs-salzburg\/#primaryimage"},"image":{"@id":"https:\/\/bladnanews.com\/unai-emery-criticised-after-ollie-watkins-injury-vs-salzburg\/#primaryimage"},"thumbnailUrl":"https:\/\/bladnanews.com\/wp-content\/uploads\/2026\/01\/BladnaNews-Unai-Emery-criticised-after-Ollie-Watkins-injury-vs-Salzburg-2026-01-30T131022.427Z.jpg","datePublished":"2026-01-30T07:37:47+00:00","breadcrumb":{"@id":"https:\/\/bladnanews.com\/unai-emery-criticised-after-ollie-watkins-injury-vs-salzburg\/#breadcrumb"},"inLanguage":"fr-FR","potentialAction":[{"@type":"ReadAction","target":["https:\/\/bladnanews.com\/unai-emery-criticised-after-ollie-watkins-injury-vs-salzburg\/"]}]},{"@type":"ImageObject","inLanguage":"fr-FR","@id":"https:\/\/bladnanews.com\/unai-emery-criticised-after-ollie-watkins-injury-vs-salzburg\/#primaryimage","url":"https:\/\/bladnanews.com\/wp-content\/uploads\/2026\/01\/BladnaNews-Unai-Emery-criticised-after-Ollie-Watkins-injury-vs-Salzburg-2026-01-30T131022.427Z.jpg","contentUrl":"https:\/\/bladnanews.com\/wp-content\/uploads\/2026\/01\/BladnaNews-Unai-Emery-criticised-after-Ollie-Watkins-injury-vs-Salzburg-2026-01-30T131022.427Z.jpg","width":1984,"height":1116,"caption":"Unai Emery speaking to Ollie Watkins, who looks dejected after sustaining an injury during a match against Salzburg."},{"@type":"BreadcrumbList","@id":"https:\/\/bladnanews.com\/unai-emery-criticised-after-ollie-watkins-injury-vs-salzburg\/#breadcrumb","itemListElement":[{"@type":"ListItem","position":1,"name":"Home","item":"https:\/\/bladnanews.com\/"},{"@type":"ListItem","position":2,"name":"Unai Emery criticised after Ollie Watkins injury vs Salzburg"}]},{"@type":"WebSite","@id":"https:\/\/mediumseagreen-eel-531711.hostingersite.com\/#website","url":"https:\/\/mediumseagreen-eel-531711.hostingersite.com\/","name":"Bladna News - Maroc","description":"Quand le football marocain rencontre le monde","publisher":{"@id":"https:\/\/mediumseagreen-eel-531711.hostingersite.com\/#organization"},"potentialAction":[{"@type":"SearchAction","target":{"@type":"EntryPoint","urlTemplate":"https:\/\/mediumseagreen-eel-531711.hostingersite.com\/?s={search_term_string}"},"query-input":{"@type":"PropertyValueSpecification","valueRequired":true,"valueName":"search_term_string"}}],"inLanguage":"fr-FR"},{"@type":"Organization","@id":"https:\/\/mediumseagreen-eel-531711.hostingersite.com\/#organization","name":"Bladna News.com","url":"https:\/\/mediumseagreen-eel-531711.hostingersite.com\/","logo":{"@type":"ImageObject","inLanguage":"fr-FR","@id":"https:\/\/mediumseagreen-eel-531711.hostingersite.com\/#\/schema\/logo\/image\/","url":"https:\/\/bladnanews.com\/wp-content\/uploads\/2025\/12\/logo-bladnanews-V2-web-black-red.png","contentUrl":"https:\/\/bladnanews.com\/wp-content\/uploads\/2025\/12\/logo-bladnanews-V2-web-black-red.png","width":703,"height":287,"caption":"Bladna News.com"},"image":{"@id":"https:\/\/mediumseagreen-eel-531711.hostingersite.com\/#\/schema\/logo\/image\/"},"email":"info@bladnanews.com","legalName":"Bladna News"},{"@type":"Person","@id":"https:\/\/mediumseagreen-eel-531711.hostingersite.com\/#\/schema\/person\/268e18a453ab080ebf76df6ef7845083","name":"\u00c9quipe r\u00e9dactionnelle de Bladna News","url":"https:\/\/bladnanews.com\/fr\/author\/bladna-news-staff\/"}]}},"_links":{"self":[{"href":"https:\/\/bladnanews.com\/fr\/wp-json\/wp\/v2\/posts\/8191","targetHints":{"allow":["GET"]}}],"collection":[{"href":"https:\/\/bladnanews.com\/fr\/wp-json\/wp\/v2\/posts"}],"about":[{"href":"https:\/\/bladnanews.com\/fr\/wp-json\/wp\/v2\/types\/post"}],"author":[{"embeddable":true,"href":"https:\/\/bladnanews.com\/fr\/wp-json\/wp\/v2\/users\/3"}],"replies":[{"embeddable":true,"href":"https:\/\/bladnanews.com\/fr\/wp-json\/wp\/v2\/comments?post=8191"}],"version-history":[{"count":0,"href":"https:\/\/bladnanews.com\/fr\/wp-json\/wp\/v2\/posts\/8191\/revisions"}],"wp:featuredmedia":[{"embeddable":true,"href":"https:\/\/bladnanews.com\/fr\/wp-json\/wp\/v2\/media\/8190"}],"wp:attachment":[{"href":"https:\/\/bladnanews.com\/fr\/wp-json\/wp\/v2\/media?parent=8191"}],"wp:term":[{"taxonomy":"category","embeddable":true,"href":"https:\/\/bladnanews.com\/fr\/wp-json\/wp\/v2\/categories?post=8191"},{"taxonomy":"post_tag","embeddable":true,"href":"https:\/\/bladnanews.com\/fr\/wp-json\/wp\/v2\/tags?post=8191"}],"curies":[{"name":"wp","href":"https:\/\/api.w.org\/{rel}","templated":true}]}}