{"id":8203,"date":"2026-01-30T09:59:58","date_gmt":"2026-01-30T09:59:58","guid":{"rendered":"https:\/\/bladnanews.com\/man-utd-miss-out-as-ruben-neves-set-for-al-hilal-deal\/"},"modified":"2026-01-30T09:59:58","modified_gmt":"2026-01-30T09:59:58","slug":"manchester-united-passe-a-cote-alors-que-ruben-neves-sapprete-a-signer-avec-al-hilal","status":"publish","type":"post","link":"https:\/\/bladnanews.com\/fr\/manchester-united-passe-a-cote-alors-que-ruben-neves-sapprete-a-signer-avec-al-hilal\/","title":{"rendered":"Manchester United passe \u00e0 c\u00f4t\u00e9, Ruben Neves s'appr\u00eate \u00e0 signer \u00e0 Al Hilal"},"content":{"rendered":"<p>Manchester United a subi un revers majeur dans sa poursuite de Ruben Neves, le milieu de terrain \u00e9tant d\u00e9sormais attendu pour s'engager envers Al-Hilal.<\/p>\n<p>Neves avait \u00e9t\u00e9 associ\u00e9 \u00e0 un \u00e9ventuel d\u00e9part d'Arabie Saoudite durant le mercato hivernal de janvier, United figurant parmi les clubs cit\u00e9s comme int\u00e9ress\u00e9s, cherchant \u00e0 ajouter de l'exp\u00e9rience et du contr\u00f4le au milieu de terrain.<\/p>\n<p>Ces espoirs semblent s'\u00e9vaporer rapidement. Il a \u00e9t\u00e9 r\u00e9v\u00e9l\u00e9 que Neves s'appr\u00eate \u00e0 signer un nouveau contrat avec Al-Hilal, une d\u00e9cision qui mettrait effectivement fin \u00e0 toute sp\u00e9culation sur un d\u00e9part hivernal.<\/p>\n<p>L'international portugais n'a rejoint le club de Riyad que l'\u00e9t\u00e9 dernier, mais sa situation avait tout de m\u00eame attir\u00e9 l'attention, alimentant les rumeurs d'un possible retour en Europe.<\/p>\n<p>United, cependant, semble d\u00e9sormais devoir passer son tour, Al-Hilal \u00e9tant pr\u00eat \u00e0 verrouiller Neves et \u00e0 le maintenir comme \u00e9l\u00e9ment cl\u00e9 de ses projets \u00e0 long terme.<\/p>","protected":false},"excerpt":{"rendered":"<p>Manchester United have been dealt a major setback in their pursuit of Ruben Neves, with the midfielder now expected to [&hellip;]<\/p>\n","protected":false},"author":3,"featured_media":8202,"comment_status":"","ping_status":"open","sticky":false,"template":"","format":"standard","meta":{"googlesitekit_rrm_CAow_uzEDA:productID":"","site-sidebar-layout":"default","site-content-layout":"","ast-site-content-layout":"default","site-content-style":"default","site-sidebar-style":"default","ast-global-header-display":"","ast-banner-title-visibility":"","ast-main-header-display":"","ast-hfb-above-header-display":"","ast-hfb-below-header-display":"","ast-hfb-mobile-header-display":"","site-post-title":"","ast-breadcrumbs-content":"","ast-featured-img":"","footer-sml-layout":"","ast-disable-related-posts":"","theme-transparent-header-meta":"","adv-header-id-meta":"","stick-header-meta":"","header-above-stick-meta":"","header-main-stick-meta":"","header-below-stick-meta":"","astra-migrate-meta-layouts":"default","ast-page-background-enabled":"default","ast-page-background-meta":{"desktop":{"background-color":"var(--ast-global-color-5)","background-image":"","background-repeat":"repeat","background-position":"center center","background-size":"auto","background-attachment":"scroll","background-type":"","background-media":"","overlay-type":"","overlay-color":"","overlay-opacity":"","overlay-gradient":""},"tablet":{"background-color":"","background-image":"","background-repeat":"repeat","background-position":"center center","background-size":"auto","background-attachment":"scroll","background-type":"","background-media":"","overlay-type":"","overlay-color":"","overlay-opacity":"","overlay-gradient":""},"mobile":{"background-color":"","background-image":"","background-repeat":"repeat","background-position":"center center","background-size":"auto","background-attachment":"scroll","background-type":"","background-media":"","overlay-type":"","overlay-color":"","overlay-opacity":"","overlay-gradient":""}},"ast-content-background-meta":{"desktop":{"background-color":"var(--ast-global-color-4)","background-image":"","background-repeat":"repeat","background-position":"center center","background-size":"auto","background-attachment":"scroll","background-type":"","background-media":"","overlay-type":"","overlay-color":"","overlay-opacity":"","overlay-gradient":""},"tablet":{"background-color":"var(--ast-global-color-4)","background-image":"","background-repeat":"repeat","background-position":"center center","background-size":"auto","background-attachment":"scroll","background-type":"","background-media":"","overlay-type":"","overlay-color":"","overlay-opacity":"","overlay-gradient":""},"mobile":{"background-color":"var(--ast-global-color-4)","background-image":"","background-repeat":"repeat","background-position":"center center","background-size":"auto","background-attachment":"scroll","background-type":"","background-media":"","overlay-type":"","overlay-color":"","overlay-opacity":"","overlay-gradient":""}},"footnotes":""},"categories":[20,1],"tags":[],"class_list":["post-8203","post","type-post","status-publish","format-standard","has-post-thumbnail","hentry","category-international","category-football-latest-news"],"yoast_head":"<!-- This site is optimized with the Yoast SEO Premium plugin v26.6 (Yoast SEO v27.4) - https:\/\/yoast.com\/product\/yoast-seo-premium-wordpress\/ -->\n<title>Man Utd miss out as Ruben Neves set for Al Hilal deal - Bladna News<\/title>\n<meta name=\"robots\" content=\"index, follow, max-snippet:-1, max-image-preview:large, max-video-preview:-1\" \/>\n<link rel=\"canonical\" href=\"https:\/\/bladnanews.com\/fr\/manchester-united-passe-a-cote-alors-que-ruben-neves-sapprete-a-signer-avec-al-hilal\/\" \/>\n<meta property=\"og:locale\" content=\"fr_FR\" \/>\n<meta property=\"og:type\" content=\"article\" \/>\n<meta property=\"og:title\" content=\"Man Utd miss out as Ruben Neves set for Al Hilal deal\" \/>\n<meta property=\"og:description\" content=\"Manchester United have been dealt a major setback in their pursuit of Ruben Neves, with the midfielder now expected to [&hellip;]\" \/>\n<meta property=\"og:url\" content=\"https:\/\/bladnanews.com\/fr\/manchester-united-passe-a-cote-alors-que-ruben-neves-sapprete-a-signer-avec-al-hilal\/\" \/>\n<meta property=\"og:site_name\" content=\"Bladna News\" \/>\n<meta property=\"article:published_time\" content=\"2026-01-30T09:59:58+00:00\" \/>\n<meta property=\"og:image\" content=\"https:\/\/bladnanews.com\/wp-content\/uploads\/2025\/12\/freepik__bladna-newscom-moroccan-soccer-homepage-banner-mor__41838.png\" \/>\n\t<meta property=\"og:image:width\" content=\"1312\" \/>\n\t<meta property=\"og:image:height\" content=\"736\" \/>\n\t<meta property=\"og:image:type\" content=\"image\/png\" \/>\n<meta name=\"author\" content=\"Bladna News Staff\" \/>\n<meta name=\"twitter:card\" content=\"summary_large_image\" \/>\n<meta name=\"twitter:label1\" content=\"\u00c9crit par\" \/>\n\t<meta name=\"twitter:data1\" content=\"Bladna News Staff\" \/>\n\t<meta name=\"twitter:label2\" content=\"Dur\u00e9e de lecture estim\u00e9e\" \/>\n\t<meta name=\"twitter:data2\" content=\"1 minute\" \/>\n<script type=\"application\/ld+json\" class=\"yoast-schema-graph\">{\"@context\":\"https:\\\/\\\/schema.org\",\"@graph\":[{\"@type\":\"Article\",\"@id\":\"https:\\\/\\\/bladnanews.com\\\/man-utd-miss-out-as-ruben-neves-set-for-al-hilal-deal\\\/#article\",\"isPartOf\":{\"@id\":\"https:\\\/\\\/bladnanews.com\\\/man-utd-miss-out-as-ruben-neves-set-for-al-hilal-deal\\\/\"},\"author\":{\"name\":\"Bladna News Staff\",\"@id\":\"https:\\\/\\\/mediumseagreen-eel-531711.hostingersite.com\\\/#\\\/schema\\\/person\\\/268e18a453ab080ebf76df6ef7845083\"},\"headline\":\"Man Utd miss out as Ruben Neves set for Al Hilal deal\",\"datePublished\":\"2026-01-30T09:59:58+00:00\",\"mainEntityOfPage\":{\"@id\":\"https:\\\/\\\/bladnanews.com\\\/man-utd-miss-out-as-ruben-neves-set-for-al-hilal-deal\\\/\"},\"wordCount\":160,\"publisher\":{\"@id\":\"https:\\\/\\\/mediumseagreen-eel-531711.hostingersite.com\\\/#organization\"},\"image\":{\"@id\":\"https:\\\/\\\/bladnanews.com\\\/man-utd-miss-out-as-ruben-neves-set-for-al-hilal-deal\\\/#primaryimage\"},\"thumbnailUrl\":\"https:\\\/\\\/bladnanews.com\\\/wp-content\\\/uploads\\\/2026\\\/01\\\/BladnaNews-Man-Utd-miss-out-as-Ruben-Neves-set-for-Al-Hilal-deal-2026-01-30T170950.814Z.jpg\",\"articleSection\":[\"International\",\"Latest News\"],\"inLanguage\":\"fr-FR\",\"copyrightYear\":\"2026\",\"copyrightHolder\":{\"@id\":\"https:\\\/\\\/bladnanews.com\\\/fr\\\/#organization\"}},{\"@type\":\"WebPage\",\"@id\":\"https:\\\/\\\/bladnanews.com\\\/man-utd-miss-out-as-ruben-neves-set-for-al-hilal-deal\\\/\",\"url\":\"https:\\\/\\\/bladnanews.com\\\/man-utd-miss-out-as-ruben-neves-set-for-al-hilal-deal\\\/\",\"name\":\"Man Utd miss out as Ruben Neves set for Al Hilal deal - Bladna News\",\"isPartOf\":{\"@id\":\"https:\\\/\\\/mediumseagreen-eel-531711.hostingersite.com\\\/#website\"},\"primaryImageOfPage\":{\"@id\":\"https:\\\/\\\/bladnanews.com\\\/man-utd-miss-out-as-ruben-neves-set-for-al-hilal-deal\\\/#primaryimage\"},\"image\":{\"@id\":\"https:\\\/\\\/bladnanews.com\\\/man-utd-miss-out-as-ruben-neves-set-for-al-hilal-deal\\\/#primaryimage\"},\"thumbnailUrl\":\"https:\\\/\\\/bladnanews.com\\\/wp-content\\\/uploads\\\/2026\\\/01\\\/BladnaNews-Man-Utd-miss-out-as-Ruben-Neves-set-for-Al-Hilal-deal-2026-01-30T170950.814Z.jpg\",\"datePublished\":\"2026-01-30T09:59:58+00:00\",\"breadcrumb\":{\"@id\":\"https:\\\/\\\/bladnanews.com\\\/man-utd-miss-out-as-ruben-neves-set-for-al-hilal-deal\\\/#breadcrumb\"},\"inLanguage\":\"fr-FR\",\"potentialAction\":[{\"@type\":\"ReadAction\",\"target\":[\"https:\\\/\\\/bladnanews.com\\\/man-utd-miss-out-as-ruben-neves-set-for-al-hilal-deal\\\/\"]}]},{\"@type\":\"ImageObject\",\"inLanguage\":\"fr-FR\",\"@id\":\"https:\\\/\\\/bladnanews.com\\\/man-utd-miss-out-as-ruben-neves-set-for-al-hilal-deal\\\/#primaryimage\",\"url\":\"https:\\\/\\\/bladnanews.com\\\/wp-content\\\/uploads\\\/2026\\\/01\\\/BladnaNews-Man-Utd-miss-out-as-Ruben-Neves-set-for-Al-Hilal-deal-2026-01-30T170950.814Z.jpg\",\"contentUrl\":\"https:\\\/\\\/bladnanews.com\\\/wp-content\\\/uploads\\\/2026\\\/01\\\/BladnaNews-Man-Utd-miss-out-as-Ruben-Neves-set-for-Al-Hilal-deal-2026-01-30T170950.814Z.jpg\",\"width\":1472,\"height\":828,\"caption\":\"Ruben Neves celebrating in Al-Hilal's blue kit, showcasing his tattoos and striking a gesture during a match.\"},{\"@type\":\"BreadcrumbList\",\"@id\":\"https:\\\/\\\/bladnanews.com\\\/man-utd-miss-out-as-ruben-neves-set-for-al-hilal-deal\\\/#breadcrumb\",\"itemListElement\":[{\"@type\":\"ListItem\",\"position\":1,\"name\":\"Home\",\"item\":\"https:\\\/\\\/bladnanews.com\\\/\"},{\"@type\":\"ListItem\",\"position\":2,\"name\":\"Man Utd miss out as Ruben Neves set for Al Hilal deal\"}]},{\"@type\":\"WebSite\",\"@id\":\"https:\\\/\\\/mediumseagreen-eel-531711.hostingersite.com\\\/#website\",\"url\":\"https:\\\/\\\/mediumseagreen-eel-531711.hostingersite.com\\\/\",\"name\":\"Bladna News - Morocco\",\"description\":\"Where Moroccan Football Meets the World\",\"publisher\":{\"@id\":\"https:\\\/\\\/mediumseagreen-eel-531711.hostingersite.com\\\/#organization\"},\"potentialAction\":[{\"@type\":\"SearchAction\",\"target\":{\"@type\":\"EntryPoint\",\"urlTemplate\":\"https:\\\/\\\/mediumseagreen-eel-531711.hostingersite.com\\\/?s={search_term_string}\"},\"query-input\":{\"@type\":\"PropertyValueSpecification\",\"valueRequired\":true,\"valueName\":\"search_term_string\"}}],\"inLanguage\":\"fr-FR\"},{\"@type\":\"Organization\",\"@id\":\"https:\\\/\\\/mediumseagreen-eel-531711.hostingersite.com\\\/#organization\",\"name\":\"Bladna News.com\",\"url\":\"https:\\\/\\\/mediumseagreen-eel-531711.hostingersite.com\\\/\",\"logo\":{\"@type\":\"ImageObject\",\"inLanguage\":\"fr-FR\",\"@id\":\"https:\\\/\\\/mediumseagreen-eel-531711.hostingersite.com\\\/#\\\/schema\\\/logo\\\/image\\\/\",\"url\":\"https:\\\/\\\/bladnanews.com\\\/wp-content\\\/uploads\\\/2025\\\/12\\\/logo-bladnanews-V2-web-black-red.png\",\"contentUrl\":\"https:\\\/\\\/bladnanews.com\\\/wp-content\\\/uploads\\\/2025\\\/12\\\/logo-bladnanews-V2-web-black-red.png\",\"width\":703,\"height\":287,\"caption\":\"Bladna News.com\"},\"image\":{\"@id\":\"https:\\\/\\\/mediumseagreen-eel-531711.hostingersite.com\\\/#\\\/schema\\\/logo\\\/image\\\/\"},\"email\":\"info@bladnanews.com\",\"legalName\":\"Bladna News\"},{\"@type\":\"Person\",\"@id\":\"https:\\\/\\\/mediumseagreen-eel-531711.hostingersite.com\\\/#\\\/schema\\\/person\\\/268e18a453ab080ebf76df6ef7845083\",\"name\":\"Bladna News Staff\",\"url\":\"https:\\\/\\\/bladnanews.com\\\/fr\\\/author\\\/bladna-news-staff\\\/\"}]}<\/script>\n<!-- \/ Yoast SEO Premium plugin. -->","yoast_head_json":{"title":"Manchester United passe \u00e0 c\u00f4t\u00e9, Ruben Neves s'appr\u00eate \u00e0 signer avec Al Hilal - Bladna News","robots":{"index":"index","follow":"follow","max-snippet":"max-snippet:-1","max-image-preview":"max-image-preview:large","max-video-preview":"max-video-preview:-1"},"canonical":"https:\/\/bladnanews.com\/fr\/manchester-united-passe-a-cote-alors-que-ruben-neves-sapprete-a-signer-avec-al-hilal\/","og_locale":"fr_FR","og_type":"article","og_title":"Man Utd miss out as Ruben Neves set for Al Hilal deal","og_description":"Manchester United have been dealt a major setback in their pursuit of Ruben Neves, with the midfielder now expected to [&hellip;]","og_url":"https:\/\/bladnanews.com\/fr\/manchester-united-passe-a-cote-alors-que-ruben-neves-sapprete-a-signer-avec-al-hilal\/","og_site_name":"Bladna News","article_published_time":"2026-01-30T09:59:58+00:00","og_image":[{"width":1312,"height":736,"url":"https:\/\/bladnanews.com\/wp-content\/uploads\/2025\/12\/freepik__bladna-newscom-moroccan-soccer-homepage-banner-mor__41838.png","type":"image\/png"}],"author":"Bladna News Staff","twitter_card":"summary_large_image","twitter_misc":{"\u00c9crit par":"Bladna News Staff","Dur\u00e9e de lecture estim\u00e9e":"1 minute"},"schema":{"@context":"https:\/\/schema.org","@graph":[{"@type":"Article","@id":"https:\/\/bladnanews.com\/man-utd-miss-out-as-ruben-neves-set-for-al-hilal-deal\/#article","isPartOf":{"@id":"https:\/\/bladnanews.com\/man-utd-miss-out-as-ruben-neves-set-for-al-hilal-deal\/"},"author":{"name":"Bladna News Staff","@id":"https:\/\/mediumseagreen-eel-531711.hostingersite.com\/#\/schema\/person\/268e18a453ab080ebf76df6ef7845083"},"headline":"Man Utd miss out as Ruben Neves set for Al Hilal deal","datePublished":"2026-01-30T09:59:58+00:00","mainEntityOfPage":{"@id":"https:\/\/bladnanews.com\/man-utd-miss-out-as-ruben-neves-set-for-al-hilal-deal\/"},"wordCount":160,"publisher":{"@id":"https:\/\/mediumseagreen-eel-531711.hostingersite.com\/#organization"},"image":{"@id":"https:\/\/bladnanews.com\/man-utd-miss-out-as-ruben-neves-set-for-al-hilal-deal\/#primaryimage"},"thumbnailUrl":"https:\/\/bladnanews.com\/wp-content\/uploads\/2026\/01\/BladnaNews-Man-Utd-miss-out-as-Ruben-Neves-set-for-Al-Hilal-deal-2026-01-30T170950.814Z.jpg","articleSection":["International","Latest News"],"inLanguage":"fr-FR","copyrightYear":"2026","copyrightHolder":{"@id":"https:\/\/bladnanews.com\/fr\/#organization"}},{"@type":"WebPage","@id":"https:\/\/bladnanews.com\/man-utd-miss-out-as-ruben-neves-set-for-al-hilal-deal\/","url":"https:\/\/bladnanews.com\/man-utd-miss-out-as-ruben-neves-set-for-al-hilal-deal\/","name":"Manchester United passe \u00e0 c\u00f4t\u00e9, Ruben Neves s'appr\u00eate \u00e0 signer avec Al Hilal - Bladna News","isPartOf":{"@id":"https:\/\/mediumseagreen-eel-531711.hostingersite.com\/#website"},"primaryImageOfPage":{"@id":"https:\/\/bladnanews.com\/man-utd-miss-out-as-ruben-neves-set-for-al-hilal-deal\/#primaryimage"},"image":{"@id":"https:\/\/bladnanews.com\/man-utd-miss-out-as-ruben-neves-set-for-al-hilal-deal\/#primaryimage"},"thumbnailUrl":"https:\/\/bladnanews.com\/wp-content\/uploads\/2026\/01\/BladnaNews-Man-Utd-miss-out-as-Ruben-Neves-set-for-Al-Hilal-deal-2026-01-30T170950.814Z.jpg","datePublished":"2026-01-30T09:59:58+00:00","breadcrumb":{"@id":"https:\/\/bladnanews.com\/man-utd-miss-out-as-ruben-neves-set-for-al-hilal-deal\/#breadcrumb"},"inLanguage":"fr-FR","potentialAction":[{"@type":"ReadAction","target":["https:\/\/bladnanews.com\/man-utd-miss-out-as-ruben-neves-set-for-al-hilal-deal\/"]}]},{"@type":"ImageObject","inLanguage":"fr-FR","@id":"https:\/\/bladnanews.com\/man-utd-miss-out-as-ruben-neves-set-for-al-hilal-deal\/#primaryimage","url":"https:\/\/bladnanews.com\/wp-content\/uploads\/2026\/01\/BladnaNews-Man-Utd-miss-out-as-Ruben-Neves-set-for-Al-Hilal-deal-2026-01-30T170950.814Z.jpg","contentUrl":"https:\/\/bladnanews.com\/wp-content\/uploads\/2026\/01\/BladnaNews-Man-Utd-miss-out-as-Ruben-Neves-set-for-Al-Hilal-deal-2026-01-30T170950.814Z.jpg","width":1472,"height":828,"caption":"Ruben Neves celebrating in Al-Hilal's blue kit, showcasing his tattoos and striking a gesture during a match."},{"@type":"BreadcrumbList","@id":"https:\/\/bladnanews.com\/man-utd-miss-out-as-ruben-neves-set-for-al-hilal-deal\/#breadcrumb","itemListElement":[{"@type":"ListItem","position":1,"name":"Home","item":"https:\/\/bladnanews.com\/"},{"@type":"ListItem","position":2,"name":"Man Utd miss out as Ruben Neves set for Al Hilal deal"}]},{"@type":"WebSite","@id":"https:\/\/mediumseagreen-eel-531711.hostingersite.com\/#website","url":"https:\/\/mediumseagreen-eel-531711.hostingersite.com\/","name":"Bladna News - Maroc","description":"Quand le football marocain rencontre le monde","publisher":{"@id":"https:\/\/mediumseagreen-eel-531711.hostingersite.com\/#organization"},"potentialAction":[{"@type":"SearchAction","target":{"@type":"EntryPoint","urlTemplate":"https:\/\/mediumseagreen-eel-531711.hostingersite.com\/?s={search_term_string}"},"query-input":{"@type":"PropertyValueSpecification","valueRequired":true,"valueName":"search_term_string"}}],"inLanguage":"fr-FR"},{"@type":"Organization","@id":"https:\/\/mediumseagreen-eel-531711.hostingersite.com\/#organization","name":"Bladna News.com","url":"https:\/\/mediumseagreen-eel-531711.hostingersite.com\/","logo":{"@type":"ImageObject","inLanguage":"fr-FR","@id":"https:\/\/mediumseagreen-eel-531711.hostingersite.com\/#\/schema\/logo\/image\/","url":"https:\/\/bladnanews.com\/wp-content\/uploads\/2025\/12\/logo-bladnanews-V2-web-black-red.png","contentUrl":"https:\/\/bladnanews.com\/wp-content\/uploads\/2025\/12\/logo-bladnanews-V2-web-black-red.png","width":703,"height":287,"caption":"Bladna News.com"},"image":{"@id":"https:\/\/mediumseagreen-eel-531711.hostingersite.com\/#\/schema\/logo\/image\/"},"email":"info@bladnanews.com","legalName":"Bladna News"},{"@type":"Person","@id":"https:\/\/mediumseagreen-eel-531711.hostingersite.com\/#\/schema\/person\/268e18a453ab080ebf76df6ef7845083","name":"\u00c9quipe r\u00e9dactionnelle de Bladna News","url":"https:\/\/bladnanews.com\/fr\/author\/bladna-news-staff\/"}]}},"_links":{"self":[{"href":"https:\/\/bladnanews.com\/fr\/wp-json\/wp\/v2\/posts\/8203","targetHints":{"allow":["GET"]}}],"collection":[{"href":"https:\/\/bladnanews.com\/fr\/wp-json\/wp\/v2\/posts"}],"about":[{"href":"https:\/\/bladnanews.com\/fr\/wp-json\/wp\/v2\/types\/post"}],"author":[{"embeddable":true,"href":"https:\/\/bladnanews.com\/fr\/wp-json\/wp\/v2\/users\/3"}],"replies":[{"embeddable":true,"href":"https:\/\/bladnanews.com\/fr\/wp-json\/wp\/v2\/comments?post=8203"}],"version-history":[{"count":0,"href":"https:\/\/bladnanews.com\/fr\/wp-json\/wp\/v2\/posts\/8203\/revisions"}],"wp:featuredmedia":[{"embeddable":true,"href":"https:\/\/bladnanews.com\/fr\/wp-json\/wp\/v2\/media\/8202"}],"wp:attachment":[{"href":"https:\/\/bladnanews.com\/fr\/wp-json\/wp\/v2\/media?parent=8203"}],"wp:term":[{"taxonomy":"category","embeddable":true,"href":"https:\/\/bladnanews.com\/fr\/wp-json\/wp\/v2\/categories?post=8203"},{"taxonomy":"post_tag","embeddable":true,"href":"https:\/\/bladnanews.com\/fr\/wp-json\/wp\/v2\/tags?post=8203"}],"curies":[{"name":"wp","href":"https:\/\/api.w.org\/{rel}","templated":true}]}}