{"id":8207,"date":"2026-01-30T10:23:18","date_gmt":"2026-01-30T10:23:18","guid":{"rendered":"https:\/\/bladnanews.com\/arsenal-sign-16-year-old-max-dowman-to-pre-contract-terms\/"},"modified":"2026-01-30T10:23:18","modified_gmt":"2026-01-30T10:23:18","slug":"arsenal-signe-un-contrat-preliminaire-avec-max-dowman-age-de-16-ans","status":"publish","type":"post","link":"https:\/\/bladnanews.com\/fr\/arsenal-signe-un-contrat-preliminaire-avec-max-dowman-age-de-16-ans\/","title":{"rendered":"Arsenal signe un contrat pr\u00e9liminaire avec Max Dowman, \u00e2g\u00e9 de 16 ans."},"content":{"rendered":"<p>Arsenal a s\u00e9curis\u00e9 le jeune espoir <strong>Max Dowman<\/strong> apr\u00e8s avoir convenu <strong>de termes pr\u00e9contractuels<\/strong> avec le tr\u00e8s bien not\u00e9 joueur de 16 ans.<\/p>\n<p>Dowman, qui est dans le viseur du club depuis un certain temps, a d\u00e9cid\u00e9 de rester dans le nord de Londres et de poursuivre son d\u00e9veloppement au sein de l'\u00e9quipe qu'il supporte depuis l'enfance. Cette d\u00e9marche est un signe clair de la volont\u00e9 d'Arsenal de retenir ses meilleurs jeunes talents en interne alors qu'ils planifient l'avenir.<\/p>\n<p>Le joueur de 16 ans a \u00e9galement d\u00e9sign\u00e9 trois mod\u00e8les qui ont influenc\u00e9 sa d\u00e9cision de rester \u00e0 l'Emirates, citant <strong>Bukayo Saka<\/strong>, <strong>et Emile Smith Rowe<\/strong> et <strong>Ethan Nwaneri<\/strong> comme des joueurs dont l'exemple l'a convaincu qu'il pouvait franchir un nouveau palier \u00e0 Arsenal.<\/p>\n<p>L'accord avec Dowman constitue un nouvel encouragement pour le parcours de formation du club, Arsenal continuant \u00e0 mettre en avant les opportunit\u00e9s pour les jeunes joueurs d'obtenir leur chance au niveau senior.<\/p>","protected":false},"excerpt":{"rendered":"<p>Arsenal have tied down teenage prospect Max Dowman after agreeing pre-contract terms with the highly-rated 16-year-old. Dowman, who has been [&hellip;]<\/p>\n","protected":false},"author":3,"featured_media":8206,"comment_status":"","ping_status":"open","sticky":false,"template":"","format":"standard","meta":{"googlesitekit_rrm_CAow_uzEDA:productID":"","site-sidebar-layout":"default","site-content-layout":"","ast-site-content-layout":"default","site-content-style":"default","site-sidebar-style":"default","ast-global-header-display":"","ast-banner-title-visibility":"","ast-main-header-display":"","ast-hfb-above-header-display":"","ast-hfb-below-header-display":"","ast-hfb-mobile-header-display":"","site-post-title":"","ast-breadcrumbs-content":"","ast-featured-img":"","footer-sml-layout":"","ast-disable-related-posts":"","theme-transparent-header-meta":"","adv-header-id-meta":"","stick-header-meta":"","header-above-stick-meta":"","header-main-stick-meta":"","header-below-stick-meta":"","astra-migrate-meta-layouts":"default","ast-page-background-enabled":"default","ast-page-background-meta":{"desktop":{"background-color":"var(--ast-global-color-5)","background-image":"","background-repeat":"repeat","background-position":"center center","background-size":"auto","background-attachment":"scroll","background-type":"","background-media":"","overlay-type":"","overlay-color":"","overlay-opacity":"","overlay-gradient":""},"tablet":{"background-color":"","background-image":"","background-repeat":"repeat","background-position":"center center","background-size":"auto","background-attachment":"scroll","background-type":"","background-media":"","overlay-type":"","overlay-color":"","overlay-opacity":"","overlay-gradient":""},"mobile":{"background-color":"","background-image":"","background-repeat":"repeat","background-position":"center center","background-size":"auto","background-attachment":"scroll","background-type":"","background-media":"","overlay-type":"","overlay-color":"","overlay-opacity":"","overlay-gradient":""}},"ast-content-background-meta":{"desktop":{"background-color":"var(--ast-global-color-4)","background-image":"","background-repeat":"repeat","background-position":"center center","background-size":"auto","background-attachment":"scroll","background-type":"","background-media":"","overlay-type":"","overlay-color":"","overlay-opacity":"","overlay-gradient":""},"tablet":{"background-color":"var(--ast-global-color-4)","background-image":"","background-repeat":"repeat","background-position":"center center","background-size":"auto","background-attachment":"scroll","background-type":"","background-media":"","overlay-type":"","overlay-color":"","overlay-opacity":"","overlay-gradient":""},"mobile":{"background-color":"var(--ast-global-color-4)","background-image":"","background-repeat":"repeat","background-position":"center center","background-size":"auto","background-attachment":"scroll","background-type":"","background-media":"","overlay-type":"","overlay-color":"","overlay-opacity":"","overlay-gradient":""}},"footnotes":""},"categories":[20,1],"tags":[],"class_list":["post-8207","post","type-post","status-publish","format-standard","has-post-thumbnail","hentry","category-international","category-football-latest-news"],"yoast_head":"<!-- This site is optimized with the Yoast SEO Premium plugin v26.6 (Yoast SEO v27.4) - https:\/\/yoast.com\/product\/yoast-seo-premium-wordpress\/ -->\n<title>Arsenal sign 16-year-old Max Dowman to pre-contract terms - Bladna News<\/title>\n<meta name=\"robots\" content=\"index, follow, max-snippet:-1, max-image-preview:large, max-video-preview:-1\" \/>\n<link rel=\"canonical\" href=\"https:\/\/bladnanews.com\/fr\/arsenal-signe-un-contrat-preliminaire-avec-max-dowman-age-de-16-ans\/\" \/>\n<meta property=\"og:locale\" content=\"fr_FR\" \/>\n<meta property=\"og:type\" content=\"article\" \/>\n<meta property=\"og:title\" content=\"Arsenal sign 16-year-old Max Dowman to pre-contract terms\" \/>\n<meta property=\"og:description\" content=\"Arsenal have tied down teenage prospect Max Dowman after agreeing pre-contract terms with the highly-rated 16-year-old. Dowman, who has been [&hellip;]\" \/>\n<meta property=\"og:url\" content=\"https:\/\/bladnanews.com\/fr\/arsenal-signe-un-contrat-preliminaire-avec-max-dowman-age-de-16-ans\/\" \/>\n<meta property=\"og:site_name\" content=\"Bladna News\" \/>\n<meta property=\"article:published_time\" content=\"2026-01-30T10:23:18+00:00\" \/>\n<meta property=\"og:image\" content=\"https:\/\/bladnanews.com\/wp-content\/uploads\/2025\/12\/freepik__bladna-newscom-moroccan-soccer-homepage-banner-mor__41838.png\" \/>\n\t<meta property=\"og:image:width\" content=\"1312\" \/>\n\t<meta property=\"og:image:height\" content=\"736\" \/>\n\t<meta property=\"og:image:type\" content=\"image\/png\" \/>\n<meta name=\"author\" content=\"Bladna News Staff\" \/>\n<meta name=\"twitter:card\" content=\"summary_large_image\" \/>\n<meta name=\"twitter:label1\" content=\"\u00c9crit par\" \/>\n\t<meta name=\"twitter:data1\" content=\"Bladna News Staff\" \/>\n\t<meta name=\"twitter:label2\" content=\"Dur\u00e9e de lecture estim\u00e9e\" \/>\n\t<meta name=\"twitter:data2\" content=\"1 minute\" \/>\n<script type=\"application\/ld+json\" class=\"yoast-schema-graph\">{\"@context\":\"https:\\\/\\\/schema.org\",\"@graph\":[{\"@type\":\"Article\",\"@id\":\"https:\\\/\\\/bladnanews.com\\\/arsenal-sign-16-year-old-max-dowman-to-pre-contract-terms\\\/#article\",\"isPartOf\":{\"@id\":\"https:\\\/\\\/bladnanews.com\\\/arsenal-sign-16-year-old-max-dowman-to-pre-contract-terms\\\/\"},\"author\":{\"name\":\"Bladna News Staff\",\"@id\":\"https:\\\/\\\/mediumseagreen-eel-531711.hostingersite.com\\\/#\\\/schema\\\/person\\\/268e18a453ab080ebf76df6ef7845083\"},\"headline\":\"Arsenal sign 16-year-old Max Dowman to pre-contract terms\",\"datePublished\":\"2026-01-30T10:23:18+00:00\",\"mainEntityOfPage\":{\"@id\":\"https:\\\/\\\/bladnanews.com\\\/arsenal-sign-16-year-old-max-dowman-to-pre-contract-terms\\\/\"},\"wordCount\":147,\"publisher\":{\"@id\":\"https:\\\/\\\/mediumseagreen-eel-531711.hostingersite.com\\\/#organization\"},\"image\":{\"@id\":\"https:\\\/\\\/bladnanews.com\\\/arsenal-sign-16-year-old-max-dowman-to-pre-contract-terms\\\/#primaryimage\"},\"thumbnailUrl\":\"https:\\\/\\\/bladnanews.com\\\/wp-content\\\/uploads\\\/2026\\\/01\\\/BladnaNews-Arsenal-sign-16-year-old-Max-Dowman-to-pre-contract-terms-2026-01-30T171039.133Z-scaled.jpg\",\"articleSection\":[\"International\",\"Latest News\"],\"inLanguage\":\"fr-FR\",\"copyrightYear\":\"2026\",\"copyrightHolder\":{\"@id\":\"https:\\\/\\\/bladnanews.com\\\/fr\\\/#organization\"}},{\"@type\":\"WebPage\",\"@id\":\"https:\\\/\\\/bladnanews.com\\\/arsenal-sign-16-year-old-max-dowman-to-pre-contract-terms\\\/\",\"url\":\"https:\\\/\\\/bladnanews.com\\\/arsenal-sign-16-year-old-max-dowman-to-pre-contract-terms\\\/\",\"name\":\"Arsenal sign 16-year-old Max Dowman to pre-contract terms - Bladna News\",\"isPartOf\":{\"@id\":\"https:\\\/\\\/mediumseagreen-eel-531711.hostingersite.com\\\/#website\"},\"primaryImageOfPage\":{\"@id\":\"https:\\\/\\\/bladnanews.com\\\/arsenal-sign-16-year-old-max-dowman-to-pre-contract-terms\\\/#primaryimage\"},\"image\":{\"@id\":\"https:\\\/\\\/bladnanews.com\\\/arsenal-sign-16-year-old-max-dowman-to-pre-contract-terms\\\/#primaryimage\"},\"thumbnailUrl\":\"https:\\\/\\\/bladnanews.com\\\/wp-content\\\/uploads\\\/2026\\\/01\\\/BladnaNews-Arsenal-sign-16-year-old-Max-Dowman-to-pre-contract-terms-2026-01-30T171039.133Z-scaled.jpg\",\"datePublished\":\"2026-01-30T10:23:18+00:00\",\"breadcrumb\":{\"@id\":\"https:\\\/\\\/bladnanews.com\\\/arsenal-sign-16-year-old-max-dowman-to-pre-contract-terms\\\/#breadcrumb\"},\"inLanguage\":\"fr-FR\",\"potentialAction\":[{\"@type\":\"ReadAction\",\"target\":[\"https:\\\/\\\/bladnanews.com\\\/arsenal-sign-16-year-old-max-dowman-to-pre-contract-terms\\\/\"]}]},{\"@type\":\"ImageObject\",\"inLanguage\":\"fr-FR\",\"@id\":\"https:\\\/\\\/bladnanews.com\\\/arsenal-sign-16-year-old-max-dowman-to-pre-contract-terms\\\/#primaryimage\",\"url\":\"https:\\\/\\\/bladnanews.com\\\/wp-content\\\/uploads\\\/2026\\\/01\\\/BladnaNews-Arsenal-sign-16-year-old-Max-Dowman-to-pre-contract-terms-2026-01-30T171039.133Z-scaled.jpg\",\"contentUrl\":\"https:\\\/\\\/bladnanews.com\\\/wp-content\\\/uploads\\\/2026\\\/01\\\/BladnaNews-Arsenal-sign-16-year-old-Max-Dowman-to-pre-contract-terms-2026-01-30T171039.133Z-scaled.jpg\",\"width\":2560,\"height\":1440,\"caption\":\"Max Dowman, in Arsenal's red and white kit, applauds the fans after a match, showcasing his commitment and excitement.\"},{\"@type\":\"BreadcrumbList\",\"@id\":\"https:\\\/\\\/bladnanews.com\\\/arsenal-sign-16-year-old-max-dowman-to-pre-contract-terms\\\/#breadcrumb\",\"itemListElement\":[{\"@type\":\"ListItem\",\"position\":1,\"name\":\"Home\",\"item\":\"https:\\\/\\\/bladnanews.com\\\/\"},{\"@type\":\"ListItem\",\"position\":2,\"name\":\"Arsenal sign 16-year-old Max Dowman to pre-contract terms\"}]},{\"@type\":\"WebSite\",\"@id\":\"https:\\\/\\\/mediumseagreen-eel-531711.hostingersite.com\\\/#website\",\"url\":\"https:\\\/\\\/mediumseagreen-eel-531711.hostingersite.com\\\/\",\"name\":\"Bladna News - Morocco\",\"description\":\"Where Moroccan Football Meets the World\",\"publisher\":{\"@id\":\"https:\\\/\\\/mediumseagreen-eel-531711.hostingersite.com\\\/#organization\"},\"potentialAction\":[{\"@type\":\"SearchAction\",\"target\":{\"@type\":\"EntryPoint\",\"urlTemplate\":\"https:\\\/\\\/mediumseagreen-eel-531711.hostingersite.com\\\/?s={search_term_string}\"},\"query-input\":{\"@type\":\"PropertyValueSpecification\",\"valueRequired\":true,\"valueName\":\"search_term_string\"}}],\"inLanguage\":\"fr-FR\"},{\"@type\":\"Organization\",\"@id\":\"https:\\\/\\\/mediumseagreen-eel-531711.hostingersite.com\\\/#organization\",\"name\":\"Bladna News.com\",\"url\":\"https:\\\/\\\/mediumseagreen-eel-531711.hostingersite.com\\\/\",\"logo\":{\"@type\":\"ImageObject\",\"inLanguage\":\"fr-FR\",\"@id\":\"https:\\\/\\\/mediumseagreen-eel-531711.hostingersite.com\\\/#\\\/schema\\\/logo\\\/image\\\/\",\"url\":\"https:\\\/\\\/bladnanews.com\\\/wp-content\\\/uploads\\\/2025\\\/12\\\/logo-bladnanews-V2-web-black-red.png\",\"contentUrl\":\"https:\\\/\\\/bladnanews.com\\\/wp-content\\\/uploads\\\/2025\\\/12\\\/logo-bladnanews-V2-web-black-red.png\",\"width\":703,\"height\":287,\"caption\":\"Bladna News.com\"},\"image\":{\"@id\":\"https:\\\/\\\/mediumseagreen-eel-531711.hostingersite.com\\\/#\\\/schema\\\/logo\\\/image\\\/\"},\"email\":\"info@bladnanews.com\",\"legalName\":\"Bladna News\"},{\"@type\":\"Person\",\"@id\":\"https:\\\/\\\/mediumseagreen-eel-531711.hostingersite.com\\\/#\\\/schema\\\/person\\\/268e18a453ab080ebf76df6ef7845083\",\"name\":\"Bladna News Staff\",\"url\":\"https:\\\/\\\/bladnanews.com\\\/fr\\\/author\\\/bladna-news-staff\\\/\"}]}<\/script>\n<!-- \/ Yoast SEO Premium plugin. -->","yoast_head_json":{"title":"Arsenal signe un contrat pr\u00e9liminaire avec Max Dowman, \u00e2g\u00e9 de 16 ans - Bladna News","robots":{"index":"index","follow":"follow","max-snippet":"max-snippet:-1","max-image-preview":"max-image-preview:large","max-video-preview":"max-video-preview:-1"},"canonical":"https:\/\/bladnanews.com\/fr\/arsenal-signe-un-contrat-preliminaire-avec-max-dowman-age-de-16-ans\/","og_locale":"fr_FR","og_type":"article","og_title":"Arsenal sign 16-year-old Max Dowman to pre-contract terms","og_description":"Arsenal have tied down teenage prospect Max Dowman after agreeing pre-contract terms with the highly-rated 16-year-old. Dowman, who has been [&hellip;]","og_url":"https:\/\/bladnanews.com\/fr\/arsenal-signe-un-contrat-preliminaire-avec-max-dowman-age-de-16-ans\/","og_site_name":"Bladna News","article_published_time":"2026-01-30T10:23:18+00:00","og_image":[{"width":1312,"height":736,"url":"https:\/\/bladnanews.com\/wp-content\/uploads\/2025\/12\/freepik__bladna-newscom-moroccan-soccer-homepage-banner-mor__41838.png","type":"image\/png"}],"author":"Bladna News Staff","twitter_card":"summary_large_image","twitter_misc":{"\u00c9crit par":"Bladna News Staff","Dur\u00e9e de lecture estim\u00e9e":"1 minute"},"schema":{"@context":"https:\/\/schema.org","@graph":[{"@type":"Article","@id":"https:\/\/bladnanews.com\/arsenal-sign-16-year-old-max-dowman-to-pre-contract-terms\/#article","isPartOf":{"@id":"https:\/\/bladnanews.com\/arsenal-sign-16-year-old-max-dowman-to-pre-contract-terms\/"},"author":{"name":"Bladna News Staff","@id":"https:\/\/mediumseagreen-eel-531711.hostingersite.com\/#\/schema\/person\/268e18a453ab080ebf76df6ef7845083"},"headline":"Arsenal sign 16-year-old Max Dowman to pre-contract terms","datePublished":"2026-01-30T10:23:18+00:00","mainEntityOfPage":{"@id":"https:\/\/bladnanews.com\/arsenal-sign-16-year-old-max-dowman-to-pre-contract-terms\/"},"wordCount":147,"publisher":{"@id":"https:\/\/mediumseagreen-eel-531711.hostingersite.com\/#organization"},"image":{"@id":"https:\/\/bladnanews.com\/arsenal-sign-16-year-old-max-dowman-to-pre-contract-terms\/#primaryimage"},"thumbnailUrl":"https:\/\/bladnanews.com\/wp-content\/uploads\/2026\/01\/BladnaNews-Arsenal-sign-16-year-old-Max-Dowman-to-pre-contract-terms-2026-01-30T171039.133Z-scaled.jpg","articleSection":["International","Latest News"],"inLanguage":"fr-FR","copyrightYear":"2026","copyrightHolder":{"@id":"https:\/\/bladnanews.com\/fr\/#organization"}},{"@type":"WebPage","@id":"https:\/\/bladnanews.com\/arsenal-sign-16-year-old-max-dowman-to-pre-contract-terms\/","url":"https:\/\/bladnanews.com\/arsenal-sign-16-year-old-max-dowman-to-pre-contract-terms\/","name":"Arsenal signe un contrat pr\u00e9liminaire avec Max Dowman, \u00e2g\u00e9 de 16 ans - Bladna News","isPartOf":{"@id":"https:\/\/mediumseagreen-eel-531711.hostingersite.com\/#website"},"primaryImageOfPage":{"@id":"https:\/\/bladnanews.com\/arsenal-sign-16-year-old-max-dowman-to-pre-contract-terms\/#primaryimage"},"image":{"@id":"https:\/\/bladnanews.com\/arsenal-sign-16-year-old-max-dowman-to-pre-contract-terms\/#primaryimage"},"thumbnailUrl":"https:\/\/bladnanews.com\/wp-content\/uploads\/2026\/01\/BladnaNews-Arsenal-sign-16-year-old-Max-Dowman-to-pre-contract-terms-2026-01-30T171039.133Z-scaled.jpg","datePublished":"2026-01-30T10:23:18+00:00","breadcrumb":{"@id":"https:\/\/bladnanews.com\/arsenal-sign-16-year-old-max-dowman-to-pre-contract-terms\/#breadcrumb"},"inLanguage":"fr-FR","potentialAction":[{"@type":"ReadAction","target":["https:\/\/bladnanews.com\/arsenal-sign-16-year-old-max-dowman-to-pre-contract-terms\/"]}]},{"@type":"ImageObject","inLanguage":"fr-FR","@id":"https:\/\/bladnanews.com\/arsenal-sign-16-year-old-max-dowman-to-pre-contract-terms\/#primaryimage","url":"https:\/\/bladnanews.com\/wp-content\/uploads\/2026\/01\/BladnaNews-Arsenal-sign-16-year-old-Max-Dowman-to-pre-contract-terms-2026-01-30T171039.133Z-scaled.jpg","contentUrl":"https:\/\/bladnanews.com\/wp-content\/uploads\/2026\/01\/BladnaNews-Arsenal-sign-16-year-old-Max-Dowman-to-pre-contract-terms-2026-01-30T171039.133Z-scaled.jpg","width":2560,"height":1440,"caption":"Max Dowman, in Arsenal's red and white kit, applauds the fans after a match, showcasing his commitment and excitement."},{"@type":"BreadcrumbList","@id":"https:\/\/bladnanews.com\/arsenal-sign-16-year-old-max-dowman-to-pre-contract-terms\/#breadcrumb","itemListElement":[{"@type":"ListItem","position":1,"name":"Home","item":"https:\/\/bladnanews.com\/"},{"@type":"ListItem","position":2,"name":"Arsenal sign 16-year-old Max Dowman to pre-contract terms"}]},{"@type":"WebSite","@id":"https:\/\/mediumseagreen-eel-531711.hostingersite.com\/#website","url":"https:\/\/mediumseagreen-eel-531711.hostingersite.com\/","name":"Bladna News - Maroc","description":"Quand le football marocain rencontre le monde","publisher":{"@id":"https:\/\/mediumseagreen-eel-531711.hostingersite.com\/#organization"},"potentialAction":[{"@type":"SearchAction","target":{"@type":"EntryPoint","urlTemplate":"https:\/\/mediumseagreen-eel-531711.hostingersite.com\/?s={search_term_string}"},"query-input":{"@type":"PropertyValueSpecification","valueRequired":true,"valueName":"search_term_string"}}],"inLanguage":"fr-FR"},{"@type":"Organization","@id":"https:\/\/mediumseagreen-eel-531711.hostingersite.com\/#organization","name":"Bladna News.com","url":"https:\/\/mediumseagreen-eel-531711.hostingersite.com\/","logo":{"@type":"ImageObject","inLanguage":"fr-FR","@id":"https:\/\/mediumseagreen-eel-531711.hostingersite.com\/#\/schema\/logo\/image\/","url":"https:\/\/bladnanews.com\/wp-content\/uploads\/2025\/12\/logo-bladnanews-V2-web-black-red.png","contentUrl":"https:\/\/bladnanews.com\/wp-content\/uploads\/2025\/12\/logo-bladnanews-V2-web-black-red.png","width":703,"height":287,"caption":"Bladna News.com"},"image":{"@id":"https:\/\/mediumseagreen-eel-531711.hostingersite.com\/#\/schema\/logo\/image\/"},"email":"info@bladnanews.com","legalName":"Bladna News"},{"@type":"Person","@id":"https:\/\/mediumseagreen-eel-531711.hostingersite.com\/#\/schema\/person\/268e18a453ab080ebf76df6ef7845083","name":"\u00c9quipe r\u00e9dactionnelle de Bladna News","url":"https:\/\/bladnanews.com\/fr\/author\/bladna-news-staff\/"}]}},"_links":{"self":[{"href":"https:\/\/bladnanews.com\/fr\/wp-json\/wp\/v2\/posts\/8207","targetHints":{"allow":["GET"]}}],"collection":[{"href":"https:\/\/bladnanews.com\/fr\/wp-json\/wp\/v2\/posts"}],"about":[{"href":"https:\/\/bladnanews.com\/fr\/wp-json\/wp\/v2\/types\/post"}],"author":[{"embeddable":true,"href":"https:\/\/bladnanews.com\/fr\/wp-json\/wp\/v2\/users\/3"}],"replies":[{"embeddable":true,"href":"https:\/\/bladnanews.com\/fr\/wp-json\/wp\/v2\/comments?post=8207"}],"version-history":[{"count":0,"href":"https:\/\/bladnanews.com\/fr\/wp-json\/wp\/v2\/posts\/8207\/revisions"}],"wp:featuredmedia":[{"embeddable":true,"href":"https:\/\/bladnanews.com\/fr\/wp-json\/wp\/v2\/media\/8206"}],"wp:attachment":[{"href":"https:\/\/bladnanews.com\/fr\/wp-json\/wp\/v2\/media?parent=8207"}],"wp:term":[{"taxonomy":"category","embeddable":true,"href":"https:\/\/bladnanews.com\/fr\/wp-json\/wp\/v2\/categories?post=8207"},{"taxonomy":"post_tag","embeddable":true,"href":"https:\/\/bladnanews.com\/fr\/wp-json\/wp\/v2\/tags?post=8207"}],"curies":[{"name":"wp","href":"https:\/\/api.w.org\/{rel}","templated":true}]}}