{"id":8223,"date":"2026-01-30T11:40:39","date_gmt":"2026-01-30T11:40:39","guid":{"rendered":"https:\/\/bladnanews.com\/real-madrid-admit-transfer-strategy-mistakes-in-disappointing-season\/"},"modified":"2026-01-30T11:40:39","modified_gmt":"2026-01-30T11:40:39","slug":"le-real-madrid-admet-des-erreurs-dans-sa-strategie-de-transfert-lors-dune-saison-decevante","status":"publish","type":"post","link":"https:\/\/bladnanews.com\/fr\/le-real-madrid-admet-des-erreurs-dans-sa-strategie-de-transfert-lors-dune-saison-decevante\/","title":{"rendered":"Le Real Madrid admet des erreurs dans sa strat\u00e9gie de transfert lors d'une saison d\u00e9cevante."},"content":{"rendered":"<p>Le Real Madrid aurait tenu des discussions internes au cours desquelles le club <strong>a reconnu des erreurs<\/strong> dans sa strat\u00e9gie r\u00e9cente de transfert, alors que l'exasp\u00e9ration grandit lors d'une nouvelle <strong>saison d\u00e9cevante<\/strong> au Bernab\u00e9u.<\/p>\n<p>La direction sportive du club aurait le sentiment que des d\u00e9cisions cl\u00e9s sur le march\u00e9 ont laiss\u00e9 l'effectif incomplet dans des secteurs importants, l'\u00e9quilibre de l'\u00e9quipe \u00e9tant remis en question alors que les r\u00e9sultats et les performances n'ont pas r\u00e9pondu aux standards habituels \u00e0 Madrid.<\/p>\n<p>Malgr\u00e9 la politique de longue date du club visant \u00e0 cibler des grands noms et l'approche \u201c Galactiques \u201d qui a fa\u00e7onn\u00e9 des \u00e9poques par le pass\u00e9, il semble <strong>5. r\u00e9v\u00e9l\u00e9s<\/strong> qu'il y ait d\u00e9sormais, dans les coulisses, une acceptation que le plan actuel n'a pas donn\u00e9 les r\u00e9sultats escompt\u00e9s.<\/p>\n<p>Le Real est toujours en lice sur plusieurs fronts, mais l'ambiance autour de l'\u00e9quipe a \u00e9t\u00e9 affect\u00e9e par l'inconstance et par le sentiment que, compar\u00e9 \u00e0 ses plus grands rivaux, le club ne s'est pas renforc\u00e9 de la bonne mani\u00e8re au bon moment.<\/p>\n<p>Le rapport sugg\u00e8re qu'une conviction grandit au sein du club : le mod\u00e8le de recrutement n\u00e9cessite des ajustements, en tirant les le\u00e7ons d'une campagne qui ne s'est pas d\u00e9roul\u00e9e comme pr\u00e9vu.<\/p>\n<p>Face \u00e0 des d\u00e9cisions majeures \u00e0 venir, le Madrid devrait revoir son approche afin de rectifier le cap et de construire un effectif capable de retrouver le niveau exig\u00e9 par le club.<\/p>","protected":false},"excerpt":{"rendered":"<p>Real Madrid have reportedly held internal discussions in which they admitted mistakes in their recent transfer strategy, as frustration grows [&hellip;]<\/p>\n","protected":false},"author":3,"featured_media":8222,"comment_status":"","ping_status":"open","sticky":false,"template":"","format":"standard","meta":{"googlesitekit_rrm_CAow_uzEDA:productID":"","site-sidebar-layout":"default","site-content-layout":"","ast-site-content-layout":"default","site-content-style":"default","site-sidebar-style":"default","ast-global-header-display":"","ast-banner-title-visibility":"","ast-main-header-display":"","ast-hfb-above-header-display":"","ast-hfb-below-header-display":"","ast-hfb-mobile-header-display":"","site-post-title":"","ast-breadcrumbs-content":"","ast-featured-img":"","footer-sml-layout":"","ast-disable-related-posts":"","theme-transparent-header-meta":"","adv-header-id-meta":"","stick-header-meta":"","header-above-stick-meta":"","header-main-stick-meta":"","header-below-stick-meta":"","astra-migrate-meta-layouts":"default","ast-page-background-enabled":"default","ast-page-background-meta":{"desktop":{"background-color":"var(--ast-global-color-5)","background-image":"","background-repeat":"repeat","background-position":"center center","background-size":"auto","background-attachment":"scroll","background-type":"","background-media":"","overlay-type":"","overlay-color":"","overlay-opacity":"","overlay-gradient":""},"tablet":{"background-color":"","background-image":"","background-repeat":"repeat","background-position":"center center","background-size":"auto","background-attachment":"scroll","background-type":"","background-media":"","overlay-type":"","overlay-color":"","overlay-opacity":"","overlay-gradient":""},"mobile":{"background-color":"","background-image":"","background-repeat":"repeat","background-position":"center center","background-size":"auto","background-attachment":"scroll","background-type":"","background-media":"","overlay-type":"","overlay-color":"","overlay-opacity":"","overlay-gradient":""}},"ast-content-background-meta":{"desktop":{"background-color":"var(--ast-global-color-4)","background-image":"","background-repeat":"repeat","background-position":"center center","background-size":"auto","background-attachment":"scroll","background-type":"","background-media":"","overlay-type":"","overlay-color":"","overlay-opacity":"","overlay-gradient":""},"tablet":{"background-color":"var(--ast-global-color-4)","background-image":"","background-repeat":"repeat","background-position":"center center","background-size":"auto","background-attachment":"scroll","background-type":"","background-media":"","overlay-type":"","overlay-color":"","overlay-opacity":"","overlay-gradient":""},"mobile":{"background-color":"var(--ast-global-color-4)","background-image":"","background-repeat":"repeat","background-position":"center center","background-size":"auto","background-attachment":"scroll","background-type":"","background-media":"","overlay-type":"","overlay-color":"","overlay-opacity":"","overlay-gradient":""}},"footnotes":""},"categories":[20,1],"tags":[],"class_list":["post-8223","post","type-post","status-publish","format-standard","has-post-thumbnail","hentry","category-international","category-football-latest-news"],"yoast_head":"<!-- This site is optimized with the Yoast SEO Premium plugin v26.6 (Yoast SEO v27.4) - https:\/\/yoast.com\/product\/yoast-seo-premium-wordpress\/ -->\n<title>Real Madrid admit transfer strategy mistakes in disappointing season - Bladna News<\/title>\n<meta name=\"robots\" content=\"index, follow, max-snippet:-1, max-image-preview:large, max-video-preview:-1\" \/>\n<link rel=\"canonical\" href=\"https:\/\/bladnanews.com\/fr\/le-real-madrid-admet-des-erreurs-dans-sa-strategie-de-transfert-lors-dune-saison-decevante\/\" \/>\n<meta property=\"og:locale\" content=\"fr_FR\" \/>\n<meta property=\"og:type\" content=\"article\" \/>\n<meta property=\"og:title\" content=\"Real Madrid admit transfer strategy mistakes in disappointing season\" \/>\n<meta property=\"og:description\" content=\"Real Madrid have reportedly held internal discussions in which they admitted mistakes in their recent transfer strategy, as frustration grows [&hellip;]\" \/>\n<meta property=\"og:url\" content=\"https:\/\/bladnanews.com\/fr\/le-real-madrid-admet-des-erreurs-dans-sa-strategie-de-transfert-lors-dune-saison-decevante\/\" \/>\n<meta property=\"og:site_name\" content=\"Bladna News\" \/>\n<meta property=\"article:published_time\" content=\"2026-01-30T11:40:39+00:00\" \/>\n<meta property=\"og:image\" content=\"https:\/\/bladnanews.com\/wp-content\/uploads\/2025\/12\/freepik__bladna-newscom-moroccan-soccer-homepage-banner-mor__41838.png\" \/>\n\t<meta property=\"og:image:width\" content=\"1312\" \/>\n\t<meta property=\"og:image:height\" content=\"736\" \/>\n\t<meta property=\"og:image:type\" content=\"image\/png\" \/>\n<meta name=\"author\" content=\"Bladna News Staff\" \/>\n<meta name=\"twitter:card\" content=\"summary_large_image\" \/>\n<meta name=\"twitter:label1\" content=\"\u00c9crit par\" \/>\n\t<meta name=\"twitter:data1\" content=\"Bladna News Staff\" \/>\n\t<meta name=\"twitter:label2\" content=\"Dur\u00e9e de lecture estim\u00e9e\" \/>\n\t<meta name=\"twitter:data2\" content=\"1 minute\" \/>\n<script type=\"application\/ld+json\" class=\"yoast-schema-graph\">{\"@context\":\"https:\\\/\\\/schema.org\",\"@graph\":[{\"@type\":\"Article\",\"@id\":\"https:\\\/\\\/bladnanews.com\\\/real-madrid-admit-transfer-strategy-mistakes-in-disappointing-season\\\/#article\",\"isPartOf\":{\"@id\":\"https:\\\/\\\/bladnanews.com\\\/real-madrid-admit-transfer-strategy-mistakes-in-disappointing-season\\\/\"},\"author\":{\"name\":\"Bladna News Staff\",\"@id\":\"https:\\\/\\\/mediumseagreen-eel-531711.hostingersite.com\\\/#\\\/schema\\\/person\\\/268e18a453ab080ebf76df6ef7845083\"},\"headline\":\"Real Madrid admit transfer strategy mistakes in disappointing season\",\"datePublished\":\"2026-01-30T11:40:39+00:00\",\"mainEntityOfPage\":{\"@id\":\"https:\\\/\\\/bladnanews.com\\\/real-madrid-admit-transfer-strategy-mistakes-in-disappointing-season\\\/\"},\"wordCount\":222,\"publisher\":{\"@id\":\"https:\\\/\\\/mediumseagreen-eel-531711.hostingersite.com\\\/#organization\"},\"image\":{\"@id\":\"https:\\\/\\\/bladnanews.com\\\/real-madrid-admit-transfer-strategy-mistakes-in-disappointing-season\\\/#primaryimage\"},\"thumbnailUrl\":\"https:\\\/\\\/bladnanews.com\\\/wp-content\\\/uploads\\\/2026\\\/01\\\/BladnaNews-Real-Madrid-admit-transfer-strategy-mistakes-in-disappointing-season-2026-01-30T210931.404Z.jpg\",\"articleSection\":[\"International\",\"Latest News\"],\"inLanguage\":\"fr-FR\",\"copyrightYear\":\"2026\",\"copyrightHolder\":{\"@id\":\"https:\\\/\\\/bladnanews.com\\\/fr\\\/#organization\"}},{\"@type\":\"WebPage\",\"@id\":\"https:\\\/\\\/bladnanews.com\\\/real-madrid-admit-transfer-strategy-mistakes-in-disappointing-season\\\/\",\"url\":\"https:\\\/\\\/bladnanews.com\\\/real-madrid-admit-transfer-strategy-mistakes-in-disappointing-season\\\/\",\"name\":\"Real Madrid admit transfer strategy mistakes in disappointing season - Bladna News\",\"isPartOf\":{\"@id\":\"https:\\\/\\\/mediumseagreen-eel-531711.hostingersite.com\\\/#website\"},\"primaryImageOfPage\":{\"@id\":\"https:\\\/\\\/bladnanews.com\\\/real-madrid-admit-transfer-strategy-mistakes-in-disappointing-season\\\/#primaryimage\"},\"image\":{\"@id\":\"https:\\\/\\\/bladnanews.com\\\/real-madrid-admit-transfer-strategy-mistakes-in-disappointing-season\\\/#primaryimage\"},\"thumbnailUrl\":\"https:\\\/\\\/bladnanews.com\\\/wp-content\\\/uploads\\\/2026\\\/01\\\/BladnaNews-Real-Madrid-admit-transfer-strategy-mistakes-in-disappointing-season-2026-01-30T210931.404Z.jpg\",\"datePublished\":\"2026-01-30T11:40:39+00:00\",\"breadcrumb\":{\"@id\":\"https:\\\/\\\/bladnanews.com\\\/real-madrid-admit-transfer-strategy-mistakes-in-disappointing-season\\\/#breadcrumb\"},\"inLanguage\":\"fr-FR\",\"potentialAction\":[{\"@type\":\"ReadAction\",\"target\":[\"https:\\\/\\\/bladnanews.com\\\/real-madrid-admit-transfer-strategy-mistakes-in-disappointing-season\\\/\"]}]},{\"@type\":\"ImageObject\",\"inLanguage\":\"fr-FR\",\"@id\":\"https:\\\/\\\/bladnanews.com\\\/real-madrid-admit-transfer-strategy-mistakes-in-disappointing-season\\\/#primaryimage\",\"url\":\"https:\\\/\\\/bladnanews.com\\\/wp-content\\\/uploads\\\/2026\\\/01\\\/BladnaNews-Real-Madrid-admit-transfer-strategy-mistakes-in-disappointing-season-2026-01-30T210931.404Z.jpg\",\"contentUrl\":\"https:\\\/\\\/bladnanews.com\\\/wp-content\\\/uploads\\\/2026\\\/01\\\/BladnaNews-Real-Madrid-admit-transfer-strategy-mistakes-in-disappointing-season-2026-01-30T210931.404Z.jpg\",\"width\":1872,\"height\":1053,\"caption\":\"Florentino P\u00e9rez, Real Madrid president, delivers a speech, reflecting on the club's transfer strategy and disappointing season.\"},{\"@type\":\"BreadcrumbList\",\"@id\":\"https:\\\/\\\/bladnanews.com\\\/real-madrid-admit-transfer-strategy-mistakes-in-disappointing-season\\\/#breadcrumb\",\"itemListElement\":[{\"@type\":\"ListItem\",\"position\":1,\"name\":\"Home\",\"item\":\"https:\\\/\\\/bladnanews.com\\\/\"},{\"@type\":\"ListItem\",\"position\":2,\"name\":\"Real Madrid admit transfer strategy mistakes in disappointing season\"}]},{\"@type\":\"WebSite\",\"@id\":\"https:\\\/\\\/mediumseagreen-eel-531711.hostingersite.com\\\/#website\",\"url\":\"https:\\\/\\\/mediumseagreen-eel-531711.hostingersite.com\\\/\",\"name\":\"Bladna News - Morocco\",\"description\":\"Where Moroccan Football Meets the World\",\"publisher\":{\"@id\":\"https:\\\/\\\/mediumseagreen-eel-531711.hostingersite.com\\\/#organization\"},\"potentialAction\":[{\"@type\":\"SearchAction\",\"target\":{\"@type\":\"EntryPoint\",\"urlTemplate\":\"https:\\\/\\\/mediumseagreen-eel-531711.hostingersite.com\\\/?s={search_term_string}\"},\"query-input\":{\"@type\":\"PropertyValueSpecification\",\"valueRequired\":true,\"valueName\":\"search_term_string\"}}],\"inLanguage\":\"fr-FR\"},{\"@type\":\"Organization\",\"@id\":\"https:\\\/\\\/mediumseagreen-eel-531711.hostingersite.com\\\/#organization\",\"name\":\"Bladna News.com\",\"url\":\"https:\\\/\\\/mediumseagreen-eel-531711.hostingersite.com\\\/\",\"logo\":{\"@type\":\"ImageObject\",\"inLanguage\":\"fr-FR\",\"@id\":\"https:\\\/\\\/mediumseagreen-eel-531711.hostingersite.com\\\/#\\\/schema\\\/logo\\\/image\\\/\",\"url\":\"https:\\\/\\\/bladnanews.com\\\/wp-content\\\/uploads\\\/2025\\\/12\\\/logo-bladnanews-V2-web-black-red.png\",\"contentUrl\":\"https:\\\/\\\/bladnanews.com\\\/wp-content\\\/uploads\\\/2025\\\/12\\\/logo-bladnanews-V2-web-black-red.png\",\"width\":703,\"height\":287,\"caption\":\"Bladna News.com\"},\"image\":{\"@id\":\"https:\\\/\\\/mediumseagreen-eel-531711.hostingersite.com\\\/#\\\/schema\\\/logo\\\/image\\\/\"},\"email\":\"info@bladnanews.com\",\"legalName\":\"Bladna News\"},{\"@type\":\"Person\",\"@id\":\"https:\\\/\\\/mediumseagreen-eel-531711.hostingersite.com\\\/#\\\/schema\\\/person\\\/268e18a453ab080ebf76df6ef7845083\",\"name\":\"Bladna News Staff\",\"url\":\"https:\\\/\\\/bladnanews.com\\\/fr\\\/author\\\/bladna-news-staff\\\/\"}]}<\/script>\n<!-- \/ Yoast SEO Premium plugin. -->","yoast_head_json":{"title":"Le Real Madrid admet des erreurs dans sa strat\u00e9gie de transfert lors d'une saison d\u00e9cevante - Bladna News","robots":{"index":"index","follow":"follow","max-snippet":"max-snippet:-1","max-image-preview":"max-image-preview:large","max-video-preview":"max-video-preview:-1"},"canonical":"https:\/\/bladnanews.com\/fr\/le-real-madrid-admet-des-erreurs-dans-sa-strategie-de-transfert-lors-dune-saison-decevante\/","og_locale":"fr_FR","og_type":"article","og_title":"Real Madrid admit transfer strategy mistakes in disappointing season","og_description":"Real Madrid have reportedly held internal discussions in which they admitted mistakes in their recent transfer strategy, as frustration grows [&hellip;]","og_url":"https:\/\/bladnanews.com\/fr\/le-real-madrid-admet-des-erreurs-dans-sa-strategie-de-transfert-lors-dune-saison-decevante\/","og_site_name":"Bladna News","article_published_time":"2026-01-30T11:40:39+00:00","og_image":[{"width":1312,"height":736,"url":"https:\/\/bladnanews.com\/wp-content\/uploads\/2025\/12\/freepik__bladna-newscom-moroccan-soccer-homepage-banner-mor__41838.png","type":"image\/png"}],"author":"Bladna News Staff","twitter_card":"summary_large_image","twitter_misc":{"\u00c9crit par":"Bladna News Staff","Dur\u00e9e de lecture estim\u00e9e":"1 minute"},"schema":{"@context":"https:\/\/schema.org","@graph":[{"@type":"Article","@id":"https:\/\/bladnanews.com\/real-madrid-admit-transfer-strategy-mistakes-in-disappointing-season\/#article","isPartOf":{"@id":"https:\/\/bladnanews.com\/real-madrid-admit-transfer-strategy-mistakes-in-disappointing-season\/"},"author":{"name":"Bladna News Staff","@id":"https:\/\/mediumseagreen-eel-531711.hostingersite.com\/#\/schema\/person\/268e18a453ab080ebf76df6ef7845083"},"headline":"Real Madrid admit transfer strategy mistakes in disappointing season","datePublished":"2026-01-30T11:40:39+00:00","mainEntityOfPage":{"@id":"https:\/\/bladnanews.com\/real-madrid-admit-transfer-strategy-mistakes-in-disappointing-season\/"},"wordCount":222,"publisher":{"@id":"https:\/\/mediumseagreen-eel-531711.hostingersite.com\/#organization"},"image":{"@id":"https:\/\/bladnanews.com\/real-madrid-admit-transfer-strategy-mistakes-in-disappointing-season\/#primaryimage"},"thumbnailUrl":"https:\/\/bladnanews.com\/wp-content\/uploads\/2026\/01\/BladnaNews-Real-Madrid-admit-transfer-strategy-mistakes-in-disappointing-season-2026-01-30T210931.404Z.jpg","articleSection":["International","Latest News"],"inLanguage":"fr-FR","copyrightYear":"2026","copyrightHolder":{"@id":"https:\/\/bladnanews.com\/fr\/#organization"}},{"@type":"WebPage","@id":"https:\/\/bladnanews.com\/real-madrid-admit-transfer-strategy-mistakes-in-disappointing-season\/","url":"https:\/\/bladnanews.com\/real-madrid-admit-transfer-strategy-mistakes-in-disappointing-season\/","name":"Le Real Madrid admet des erreurs dans sa strat\u00e9gie de transfert lors d'une saison d\u00e9cevante - Bladna News","isPartOf":{"@id":"https:\/\/mediumseagreen-eel-531711.hostingersite.com\/#website"},"primaryImageOfPage":{"@id":"https:\/\/bladnanews.com\/real-madrid-admit-transfer-strategy-mistakes-in-disappointing-season\/#primaryimage"},"image":{"@id":"https:\/\/bladnanews.com\/real-madrid-admit-transfer-strategy-mistakes-in-disappointing-season\/#primaryimage"},"thumbnailUrl":"https:\/\/bladnanews.com\/wp-content\/uploads\/2026\/01\/BladnaNews-Real-Madrid-admit-transfer-strategy-mistakes-in-disappointing-season-2026-01-30T210931.404Z.jpg","datePublished":"2026-01-30T11:40:39+00:00","breadcrumb":{"@id":"https:\/\/bladnanews.com\/real-madrid-admit-transfer-strategy-mistakes-in-disappointing-season\/#breadcrumb"},"inLanguage":"fr-FR","potentialAction":[{"@type":"ReadAction","target":["https:\/\/bladnanews.com\/real-madrid-admit-transfer-strategy-mistakes-in-disappointing-season\/"]}]},{"@type":"ImageObject","inLanguage":"fr-FR","@id":"https:\/\/bladnanews.com\/real-madrid-admit-transfer-strategy-mistakes-in-disappointing-season\/#primaryimage","url":"https:\/\/bladnanews.com\/wp-content\/uploads\/2026\/01\/BladnaNews-Real-Madrid-admit-transfer-strategy-mistakes-in-disappointing-season-2026-01-30T210931.404Z.jpg","contentUrl":"https:\/\/bladnanews.com\/wp-content\/uploads\/2026\/01\/BladnaNews-Real-Madrid-admit-transfer-strategy-mistakes-in-disappointing-season-2026-01-30T210931.404Z.jpg","width":1872,"height":1053,"caption":"Florentino P\u00e9rez, Real Madrid president, delivers a speech, reflecting on the club's transfer strategy and disappointing season."},{"@type":"BreadcrumbList","@id":"https:\/\/bladnanews.com\/real-madrid-admit-transfer-strategy-mistakes-in-disappointing-season\/#breadcrumb","itemListElement":[{"@type":"ListItem","position":1,"name":"Home","item":"https:\/\/bladnanews.com\/"},{"@type":"ListItem","position":2,"name":"Real Madrid admit transfer strategy mistakes in disappointing season"}]},{"@type":"WebSite","@id":"https:\/\/mediumseagreen-eel-531711.hostingersite.com\/#website","url":"https:\/\/mediumseagreen-eel-531711.hostingersite.com\/","name":"Bladna News - Maroc","description":"Quand le football marocain rencontre le monde","publisher":{"@id":"https:\/\/mediumseagreen-eel-531711.hostingersite.com\/#organization"},"potentialAction":[{"@type":"SearchAction","target":{"@type":"EntryPoint","urlTemplate":"https:\/\/mediumseagreen-eel-531711.hostingersite.com\/?s={search_term_string}"},"query-input":{"@type":"PropertyValueSpecification","valueRequired":true,"valueName":"search_term_string"}}],"inLanguage":"fr-FR"},{"@type":"Organization","@id":"https:\/\/mediumseagreen-eel-531711.hostingersite.com\/#organization","name":"Bladna News.com","url":"https:\/\/mediumseagreen-eel-531711.hostingersite.com\/","logo":{"@type":"ImageObject","inLanguage":"fr-FR","@id":"https:\/\/mediumseagreen-eel-531711.hostingersite.com\/#\/schema\/logo\/image\/","url":"https:\/\/bladnanews.com\/wp-content\/uploads\/2025\/12\/logo-bladnanews-V2-web-black-red.png","contentUrl":"https:\/\/bladnanews.com\/wp-content\/uploads\/2025\/12\/logo-bladnanews-V2-web-black-red.png","width":703,"height":287,"caption":"Bladna News.com"},"image":{"@id":"https:\/\/mediumseagreen-eel-531711.hostingersite.com\/#\/schema\/logo\/image\/"},"email":"info@bladnanews.com","legalName":"Bladna News"},{"@type":"Person","@id":"https:\/\/mediumseagreen-eel-531711.hostingersite.com\/#\/schema\/person\/268e18a453ab080ebf76df6ef7845083","name":"\u00c9quipe r\u00e9dactionnelle de Bladna News","url":"https:\/\/bladnanews.com\/fr\/author\/bladna-news-staff\/"}]}},"_links":{"self":[{"href":"https:\/\/bladnanews.com\/fr\/wp-json\/wp\/v2\/posts\/8223","targetHints":{"allow":["GET"]}}],"collection":[{"href":"https:\/\/bladnanews.com\/fr\/wp-json\/wp\/v2\/posts"}],"about":[{"href":"https:\/\/bladnanews.com\/fr\/wp-json\/wp\/v2\/types\/post"}],"author":[{"embeddable":true,"href":"https:\/\/bladnanews.com\/fr\/wp-json\/wp\/v2\/users\/3"}],"replies":[{"embeddable":true,"href":"https:\/\/bladnanews.com\/fr\/wp-json\/wp\/v2\/comments?post=8223"}],"version-history":[{"count":0,"href":"https:\/\/bladnanews.com\/fr\/wp-json\/wp\/v2\/posts\/8223\/revisions"}],"wp:featuredmedia":[{"embeddable":true,"href":"https:\/\/bladnanews.com\/fr\/wp-json\/wp\/v2\/media\/8222"}],"wp:attachment":[{"href":"https:\/\/bladnanews.com\/fr\/wp-json\/wp\/v2\/media?parent=8223"}],"wp:term":[{"taxonomy":"category","embeddable":true,"href":"https:\/\/bladnanews.com\/fr\/wp-json\/wp\/v2\/categories?post=8223"},{"taxonomy":"post_tag","embeddable":true,"href":"https:\/\/bladnanews.com\/fr\/wp-json\/wp\/v2\/tags?post=8223"}],"curies":[{"name":"wp","href":"https:\/\/api.w.org\/{rel}","templated":true}]}}