{"id":8225,"date":"2026-01-30T12:00:00","date_gmt":"2026-01-30T12:00:00","guid":{"rendered":"https:\/\/bladnanews.com\/ballon-dor-2026-power-rankings-led-by-kane-and-mbappe\/"},"modified":"2026-01-30T12:00:00","modified_gmt":"2026-01-30T12:00:00","slug":"classement-des-puissances-du-ballon-dor-2026-mene-par-kane-et-mbappe","status":"publish","type":"post","link":"https:\/\/bladnanews.com\/fr\/classement-des-puissances-du-ballon-dor-2026-mene-par-kane-et-mbappe\/","title":{"rendered":"Classement des favoris pour le Ballon d'Or 2026 men\u00e9 par Kane et Mbapp\u00e9"},"content":{"rendered":"<p>Harry Kane et Kylian Mbapp\u00e9 donnent le ton dans les premi\u00e8res estimations du classement Ballon d'Or 2026, les deux attaquants continuant d'afficher les statistiques et les performances d\u00e9cisives qui d\u00e9cident g\u00e9n\u00e9ralement de la course.<\/p>\n<p>La derni\u00e8re mise \u00e0 jour place Kane et Mbapp\u00e9 en t\u00eate de liste en tant que principaux pr\u00e9tendants \u00e0 ce stade, refl\u00e9tant leur influence en club et en s\u00e9lection ainsi que la r\u00e9gularit\u00e9 dont ils ont fait preuve depuis le d\u00e9but de la saison.<\/p>\n<p><strong>Raphinha fait \u00e9galement son retour dans la conversation<\/strong> apr\u00e8s une nouvelle s\u00e9rie de performances solides. Le Br\u00e9silien se retrouve \u00e0 nouveau en position de concurrence, soulignant \u00e0 quelle vitesse la situation peut \u00e9voluer lorsqu'un joueur encha\u00eene les prestations d\u00e9cisives et les r\u00e9sultats concrets.<\/p>\n<p>Le classement de puissance suit les principaux candidats tout au long de la saison, utilisant la forme r\u00e9cente et l'impact au plus haut niveau pour \u00e9tablir l'ordre, alors que les discussions autour du Ballon d'Or reprennent de l'ampleur.<\/p>","protected":false},"excerpt":{"rendered":"<p>Harry Kane and Kylian Mbappe are setting the early pace in the Ballon d\u2019Or 2026 power rankings, with both forwards [&hellip;]<\/p>\n","protected":false},"author":3,"featured_media":8224,"comment_status":"","ping_status":"open","sticky":false,"template":"","format":"standard","meta":{"googlesitekit_rrm_CAow_uzEDA:productID":"","site-sidebar-layout":"default","site-content-layout":"","ast-site-content-layout":"default","site-content-style":"default","site-sidebar-style":"default","ast-global-header-display":"","ast-banner-title-visibility":"","ast-main-header-display":"","ast-hfb-above-header-display":"","ast-hfb-below-header-display":"","ast-hfb-mobile-header-display":"","site-post-title":"","ast-breadcrumbs-content":"","ast-featured-img":"","footer-sml-layout":"","ast-disable-related-posts":"","theme-transparent-header-meta":"","adv-header-id-meta":"","stick-header-meta":"","header-above-stick-meta":"","header-main-stick-meta":"","header-below-stick-meta":"","astra-migrate-meta-layouts":"default","ast-page-background-enabled":"default","ast-page-background-meta":{"desktop":{"background-color":"var(--ast-global-color-5)","background-image":"","background-repeat":"repeat","background-position":"center center","background-size":"auto","background-attachment":"scroll","background-type":"","background-media":"","overlay-type":"","overlay-color":"","overlay-opacity":"","overlay-gradient":""},"tablet":{"background-color":"","background-image":"","background-repeat":"repeat","background-position":"center center","background-size":"auto","background-attachment":"scroll","background-type":"","background-media":"","overlay-type":"","overlay-color":"","overlay-opacity":"","overlay-gradient":""},"mobile":{"background-color":"","background-image":"","background-repeat":"repeat","background-position":"center center","background-size":"auto","background-attachment":"scroll","background-type":"","background-media":"","overlay-type":"","overlay-color":"","overlay-opacity":"","overlay-gradient":""}},"ast-content-background-meta":{"desktop":{"background-color":"var(--ast-global-color-4)","background-image":"","background-repeat":"repeat","background-position":"center center","background-size":"auto","background-attachment":"scroll","background-type":"","background-media":"","overlay-type":"","overlay-color":"","overlay-opacity":"","overlay-gradient":""},"tablet":{"background-color":"var(--ast-global-color-4)","background-image":"","background-repeat":"repeat","background-position":"center center","background-size":"auto","background-attachment":"scroll","background-type":"","background-media":"","overlay-type":"","overlay-color":"","overlay-opacity":"","overlay-gradient":""},"mobile":{"background-color":"var(--ast-global-color-4)","background-image":"","background-repeat":"repeat","background-position":"center center","background-size":"auto","background-attachment":"scroll","background-type":"","background-media":"","overlay-type":"","overlay-color":"","overlay-opacity":"","overlay-gradient":""}},"footnotes":""},"categories":[20,1],"tags":[],"class_list":["post-8225","post","type-post","status-publish","format-standard","has-post-thumbnail","hentry","category-international","category-football-latest-news"],"yoast_head":"<!-- This site is optimized with the Yoast SEO Premium plugin v26.6 (Yoast SEO v27.4) - https:\/\/yoast.com\/product\/yoast-seo-premium-wordpress\/ -->\n<title>Ballon dOr 2026 power rankings led by Kane and Mbappe - Bladna News<\/title>\n<meta name=\"robots\" content=\"index, follow, max-snippet:-1, max-image-preview:large, max-video-preview:-1\" \/>\n<link rel=\"canonical\" href=\"https:\/\/bladnanews.com\/fr\/classement-des-puissances-du-ballon-dor-2026-mene-par-kane-et-mbappe\/\" \/>\n<meta property=\"og:locale\" content=\"fr_FR\" \/>\n<meta property=\"og:type\" content=\"article\" \/>\n<meta property=\"og:title\" content=\"Ballon dOr 2026 power rankings led by Kane and Mbappe\" \/>\n<meta property=\"og:description\" content=\"Harry Kane and Kylian Mbappe are setting the early pace in the Ballon d\u2019Or 2026 power rankings, with both forwards [&hellip;]\" \/>\n<meta property=\"og:url\" content=\"https:\/\/bladnanews.com\/fr\/classement-des-puissances-du-ballon-dor-2026-mene-par-kane-et-mbappe\/\" \/>\n<meta property=\"og:site_name\" content=\"Bladna News\" \/>\n<meta property=\"article:published_time\" content=\"2026-01-30T12:00:00+00:00\" \/>\n<meta property=\"og:image\" content=\"https:\/\/bladnanews.com\/wp-content\/uploads\/2025\/12\/freepik__bladna-newscom-moroccan-soccer-homepage-banner-mor__41838.png\" \/>\n\t<meta property=\"og:image:width\" content=\"1312\" \/>\n\t<meta property=\"og:image:height\" content=\"736\" \/>\n\t<meta property=\"og:image:type\" content=\"image\/png\" \/>\n<meta name=\"author\" content=\"Bladna News Staff\" \/>\n<meta name=\"twitter:card\" content=\"summary_large_image\" \/>\n<meta name=\"twitter:label1\" content=\"\u00c9crit par\" \/>\n\t<meta name=\"twitter:data1\" content=\"Bladna News Staff\" \/>\n\t<meta name=\"twitter:label2\" content=\"Dur\u00e9e de lecture estim\u00e9e\" \/>\n\t<meta name=\"twitter:data2\" content=\"1 minute\" \/>\n<script type=\"application\/ld+json\" class=\"yoast-schema-graph\">{\"@context\":\"https:\\\/\\\/schema.org\",\"@graph\":[{\"@type\":\"Article\",\"@id\":\"https:\\\/\\\/bladnanews.com\\\/ballon-dor-2026-power-rankings-led-by-kane-and-mbappe\\\/#article\",\"isPartOf\":{\"@id\":\"https:\\\/\\\/bladnanews.com\\\/ballon-dor-2026-power-rankings-led-by-kane-and-mbappe\\\/\"},\"author\":{\"name\":\"Bladna News Staff\",\"@id\":\"https:\\\/\\\/mediumseagreen-eel-531711.hostingersite.com\\\/#\\\/schema\\\/person\\\/268e18a453ab080ebf76df6ef7845083\"},\"headline\":\"Ballon dOr 2026 power rankings led by Kane and Mbappe\",\"datePublished\":\"2026-01-30T12:00:00+00:00\",\"mainEntityOfPage\":{\"@id\":\"https:\\\/\\\/bladnanews.com\\\/ballon-dor-2026-power-rankings-led-by-kane-and-mbappe\\\/\"},\"wordCount\":155,\"publisher\":{\"@id\":\"https:\\\/\\\/mediumseagreen-eel-531711.hostingersite.com\\\/#organization\"},\"image\":{\"@id\":\"https:\\\/\\\/bladnanews.com\\\/ballon-dor-2026-power-rankings-led-by-kane-and-mbappe\\\/#primaryimage\"},\"thumbnailUrl\":\"https:\\\/\\\/bladnanews.com\\\/wp-content\\\/uploads\\\/2026\\\/01\\\/BladnaNews-Ballon-dOr-2026-power-rankings-led-by-Kane-and-Mbappe-2026-01-30T210953.352Z.jpg\",\"articleSection\":[\"International\",\"Latest News\"],\"inLanguage\":\"fr-FR\",\"copyrightYear\":\"2026\",\"copyrightHolder\":{\"@id\":\"https:\\\/\\\/bladnanews.com\\\/fr\\\/#organization\"}},{\"@type\":\"WebPage\",\"@id\":\"https:\\\/\\\/bladnanews.com\\\/ballon-dor-2026-power-rankings-led-by-kane-and-mbappe\\\/\",\"url\":\"https:\\\/\\\/bladnanews.com\\\/ballon-dor-2026-power-rankings-led-by-kane-and-mbappe\\\/\",\"name\":\"Ballon dOr 2026 power rankings led by Kane and Mbappe - Bladna News\",\"isPartOf\":{\"@id\":\"https:\\\/\\\/mediumseagreen-eel-531711.hostingersite.com\\\/#website\"},\"primaryImageOfPage\":{\"@id\":\"https:\\\/\\\/bladnanews.com\\\/ballon-dor-2026-power-rankings-led-by-kane-and-mbappe\\\/#primaryimage\"},\"image\":{\"@id\":\"https:\\\/\\\/bladnanews.com\\\/ballon-dor-2026-power-rankings-led-by-kane-and-mbappe\\\/#primaryimage\"},\"thumbnailUrl\":\"https:\\\/\\\/bladnanews.com\\\/wp-content\\\/uploads\\\/2026\\\/01\\\/BladnaNews-Ballon-dOr-2026-power-rankings-led-by-Kane-and-Mbappe-2026-01-30T210953.352Z.jpg\",\"datePublished\":\"2026-01-30T12:00:00+00:00\",\"breadcrumb\":{\"@id\":\"https:\\\/\\\/bladnanews.com\\\/ballon-dor-2026-power-rankings-led-by-kane-and-mbappe\\\/#breadcrumb\"},\"inLanguage\":\"fr-FR\",\"potentialAction\":[{\"@type\":\"ReadAction\",\"target\":[\"https:\\\/\\\/bladnanews.com\\\/ballon-dor-2026-power-rankings-led-by-kane-and-mbappe\\\/\"]}]},{\"@type\":\"ImageObject\",\"inLanguage\":\"fr-FR\",\"@id\":\"https:\\\/\\\/bladnanews.com\\\/ballon-dor-2026-power-rankings-led-by-kane-and-mbappe\\\/#primaryimage\",\"url\":\"https:\\\/\\\/bladnanews.com\\\/wp-content\\\/uploads\\\/2026\\\/01\\\/BladnaNews-Ballon-dOr-2026-power-rankings-led-by-Kane-and-Mbappe-2026-01-30T210953.352Z.jpg\",\"contentUrl\":\"https:\\\/\\\/bladnanews.com\\\/wp-content\\\/uploads\\\/2026\\\/01\\\/BladnaNews-Ballon-dOr-2026-power-rankings-led-by-Kane-and-Mbappe-2026-01-30T210953.352Z.jpg\",\"width\":1920,\"height\":1080,\"caption\":\"Kane, Mbapp\u00e9, and a Barcelona player pose against a golden Ballon d'Or backdrop, highlighting 2026 power rankings.\"},{\"@type\":\"BreadcrumbList\",\"@id\":\"https:\\\/\\\/bladnanews.com\\\/ballon-dor-2026-power-rankings-led-by-kane-and-mbappe\\\/#breadcrumb\",\"itemListElement\":[{\"@type\":\"ListItem\",\"position\":1,\"name\":\"Home\",\"item\":\"https:\\\/\\\/bladnanews.com\\\/\"},{\"@type\":\"ListItem\",\"position\":2,\"name\":\"Ballon dOr 2026 power rankings led by Kane and Mbappe\"}]},{\"@type\":\"WebSite\",\"@id\":\"https:\\\/\\\/mediumseagreen-eel-531711.hostingersite.com\\\/#website\",\"url\":\"https:\\\/\\\/mediumseagreen-eel-531711.hostingersite.com\\\/\",\"name\":\"Bladna News - Morocco\",\"description\":\"Where Moroccan Football Meets the World\",\"publisher\":{\"@id\":\"https:\\\/\\\/mediumseagreen-eel-531711.hostingersite.com\\\/#organization\"},\"potentialAction\":[{\"@type\":\"SearchAction\",\"target\":{\"@type\":\"EntryPoint\",\"urlTemplate\":\"https:\\\/\\\/mediumseagreen-eel-531711.hostingersite.com\\\/?s={search_term_string}\"},\"query-input\":{\"@type\":\"PropertyValueSpecification\",\"valueRequired\":true,\"valueName\":\"search_term_string\"}}],\"inLanguage\":\"fr-FR\"},{\"@type\":\"Organization\",\"@id\":\"https:\\\/\\\/mediumseagreen-eel-531711.hostingersite.com\\\/#organization\",\"name\":\"Bladna News.com\",\"url\":\"https:\\\/\\\/mediumseagreen-eel-531711.hostingersite.com\\\/\",\"logo\":{\"@type\":\"ImageObject\",\"inLanguage\":\"fr-FR\",\"@id\":\"https:\\\/\\\/mediumseagreen-eel-531711.hostingersite.com\\\/#\\\/schema\\\/logo\\\/image\\\/\",\"url\":\"https:\\\/\\\/bladnanews.com\\\/wp-content\\\/uploads\\\/2025\\\/12\\\/logo-bladnanews-V2-web-black-red.png\",\"contentUrl\":\"https:\\\/\\\/bladnanews.com\\\/wp-content\\\/uploads\\\/2025\\\/12\\\/logo-bladnanews-V2-web-black-red.png\",\"width\":703,\"height\":287,\"caption\":\"Bladna News.com\"},\"image\":{\"@id\":\"https:\\\/\\\/mediumseagreen-eel-531711.hostingersite.com\\\/#\\\/schema\\\/logo\\\/image\\\/\"},\"email\":\"info@bladnanews.com\",\"legalName\":\"Bladna News\"},{\"@type\":\"Person\",\"@id\":\"https:\\\/\\\/mediumseagreen-eel-531711.hostingersite.com\\\/#\\\/schema\\\/person\\\/268e18a453ab080ebf76df6ef7845083\",\"name\":\"Bladna News Staff\",\"url\":\"https:\\\/\\\/bladnanews.com\\\/fr\\\/author\\\/bladna-news-staff\\\/\"}]}<\/script>\n<!-- \/ Yoast SEO Premium plugin. -->","yoast_head_json":{"title":"Classement des favoris pour le Ballon d'Or 2026 domin\u00e9 par Kane et Mbapp\u00e9 - Bladna News","robots":{"index":"index","follow":"follow","max-snippet":"max-snippet:-1","max-image-preview":"max-image-preview:large","max-video-preview":"max-video-preview:-1"},"canonical":"https:\/\/bladnanews.com\/fr\/classement-des-puissances-du-ballon-dor-2026-mene-par-kane-et-mbappe\/","og_locale":"fr_FR","og_type":"article","og_title":"Ballon dOr 2026 power rankings led by Kane and Mbappe","og_description":"Harry Kane and Kylian Mbappe are setting the early pace in the Ballon d\u2019Or 2026 power rankings, with both forwards [&hellip;]","og_url":"https:\/\/bladnanews.com\/fr\/classement-des-puissances-du-ballon-dor-2026-mene-par-kane-et-mbappe\/","og_site_name":"Bladna News","article_published_time":"2026-01-30T12:00:00+00:00","og_image":[{"width":1312,"height":736,"url":"https:\/\/bladnanews.com\/wp-content\/uploads\/2025\/12\/freepik__bladna-newscom-moroccan-soccer-homepage-banner-mor__41838.png","type":"image\/png"}],"author":"Bladna News Staff","twitter_card":"summary_large_image","twitter_misc":{"\u00c9crit par":"Bladna News Staff","Dur\u00e9e de lecture estim\u00e9e":"1 minute"},"schema":{"@context":"https:\/\/schema.org","@graph":[{"@type":"Article","@id":"https:\/\/bladnanews.com\/ballon-dor-2026-power-rankings-led-by-kane-and-mbappe\/#article","isPartOf":{"@id":"https:\/\/bladnanews.com\/ballon-dor-2026-power-rankings-led-by-kane-and-mbappe\/"},"author":{"name":"Bladna News Staff","@id":"https:\/\/mediumseagreen-eel-531711.hostingersite.com\/#\/schema\/person\/268e18a453ab080ebf76df6ef7845083"},"headline":"Ballon dOr 2026 power rankings led by Kane and Mbappe","datePublished":"2026-01-30T12:00:00+00:00","mainEntityOfPage":{"@id":"https:\/\/bladnanews.com\/ballon-dor-2026-power-rankings-led-by-kane-and-mbappe\/"},"wordCount":155,"publisher":{"@id":"https:\/\/mediumseagreen-eel-531711.hostingersite.com\/#organization"},"image":{"@id":"https:\/\/bladnanews.com\/ballon-dor-2026-power-rankings-led-by-kane-and-mbappe\/#primaryimage"},"thumbnailUrl":"https:\/\/bladnanews.com\/wp-content\/uploads\/2026\/01\/BladnaNews-Ballon-dOr-2026-power-rankings-led-by-Kane-and-Mbappe-2026-01-30T210953.352Z.jpg","articleSection":["International","Latest News"],"inLanguage":"fr-FR","copyrightYear":"2026","copyrightHolder":{"@id":"https:\/\/bladnanews.com\/fr\/#organization"}},{"@type":"WebPage","@id":"https:\/\/bladnanews.com\/ballon-dor-2026-power-rankings-led-by-kane-and-mbappe\/","url":"https:\/\/bladnanews.com\/ballon-dor-2026-power-rankings-led-by-kane-and-mbappe\/","name":"Classement des favoris pour le Ballon d'Or 2026 domin\u00e9 par Kane et Mbapp\u00e9 - Bladna News","isPartOf":{"@id":"https:\/\/mediumseagreen-eel-531711.hostingersite.com\/#website"},"primaryImageOfPage":{"@id":"https:\/\/bladnanews.com\/ballon-dor-2026-power-rankings-led-by-kane-and-mbappe\/#primaryimage"},"image":{"@id":"https:\/\/bladnanews.com\/ballon-dor-2026-power-rankings-led-by-kane-and-mbappe\/#primaryimage"},"thumbnailUrl":"https:\/\/bladnanews.com\/wp-content\/uploads\/2026\/01\/BladnaNews-Ballon-dOr-2026-power-rankings-led-by-Kane-and-Mbappe-2026-01-30T210953.352Z.jpg","datePublished":"2026-01-30T12:00:00+00:00","breadcrumb":{"@id":"https:\/\/bladnanews.com\/ballon-dor-2026-power-rankings-led-by-kane-and-mbappe\/#breadcrumb"},"inLanguage":"fr-FR","potentialAction":[{"@type":"ReadAction","target":["https:\/\/bladnanews.com\/ballon-dor-2026-power-rankings-led-by-kane-and-mbappe\/"]}]},{"@type":"ImageObject","inLanguage":"fr-FR","@id":"https:\/\/bladnanews.com\/ballon-dor-2026-power-rankings-led-by-kane-and-mbappe\/#primaryimage","url":"https:\/\/bladnanews.com\/wp-content\/uploads\/2026\/01\/BladnaNews-Ballon-dOr-2026-power-rankings-led-by-Kane-and-Mbappe-2026-01-30T210953.352Z.jpg","contentUrl":"https:\/\/bladnanews.com\/wp-content\/uploads\/2026\/01\/BladnaNews-Ballon-dOr-2026-power-rankings-led-by-Kane-and-Mbappe-2026-01-30T210953.352Z.jpg","width":1920,"height":1080,"caption":"Kane, Mbapp\u00e9, and a Barcelona player pose against a golden Ballon d'Or backdrop, highlighting 2026 power rankings."},{"@type":"BreadcrumbList","@id":"https:\/\/bladnanews.com\/ballon-dor-2026-power-rankings-led-by-kane-and-mbappe\/#breadcrumb","itemListElement":[{"@type":"ListItem","position":1,"name":"Home","item":"https:\/\/bladnanews.com\/"},{"@type":"ListItem","position":2,"name":"Ballon dOr 2026 power rankings led by Kane and Mbappe"}]},{"@type":"WebSite","@id":"https:\/\/mediumseagreen-eel-531711.hostingersite.com\/#website","url":"https:\/\/mediumseagreen-eel-531711.hostingersite.com\/","name":"Bladna News - Maroc","description":"Quand le football marocain rencontre le monde","publisher":{"@id":"https:\/\/mediumseagreen-eel-531711.hostingersite.com\/#organization"},"potentialAction":[{"@type":"SearchAction","target":{"@type":"EntryPoint","urlTemplate":"https:\/\/mediumseagreen-eel-531711.hostingersite.com\/?s={search_term_string}"},"query-input":{"@type":"PropertyValueSpecification","valueRequired":true,"valueName":"search_term_string"}}],"inLanguage":"fr-FR"},{"@type":"Organization","@id":"https:\/\/mediumseagreen-eel-531711.hostingersite.com\/#organization","name":"Bladna News.com","url":"https:\/\/mediumseagreen-eel-531711.hostingersite.com\/","logo":{"@type":"ImageObject","inLanguage":"fr-FR","@id":"https:\/\/mediumseagreen-eel-531711.hostingersite.com\/#\/schema\/logo\/image\/","url":"https:\/\/bladnanews.com\/wp-content\/uploads\/2025\/12\/logo-bladnanews-V2-web-black-red.png","contentUrl":"https:\/\/bladnanews.com\/wp-content\/uploads\/2025\/12\/logo-bladnanews-V2-web-black-red.png","width":703,"height":287,"caption":"Bladna News.com"},"image":{"@id":"https:\/\/mediumseagreen-eel-531711.hostingersite.com\/#\/schema\/logo\/image\/"},"email":"info@bladnanews.com","legalName":"Bladna News"},{"@type":"Person","@id":"https:\/\/mediumseagreen-eel-531711.hostingersite.com\/#\/schema\/person\/268e18a453ab080ebf76df6ef7845083","name":"\u00c9quipe r\u00e9dactionnelle de Bladna News","url":"https:\/\/bladnanews.com\/fr\/author\/bladna-news-staff\/"}]}},"_links":{"self":[{"href":"https:\/\/bladnanews.com\/fr\/wp-json\/wp\/v2\/posts\/8225","targetHints":{"allow":["GET"]}}],"collection":[{"href":"https:\/\/bladnanews.com\/fr\/wp-json\/wp\/v2\/posts"}],"about":[{"href":"https:\/\/bladnanews.com\/fr\/wp-json\/wp\/v2\/types\/post"}],"author":[{"embeddable":true,"href":"https:\/\/bladnanews.com\/fr\/wp-json\/wp\/v2\/users\/3"}],"replies":[{"embeddable":true,"href":"https:\/\/bladnanews.com\/fr\/wp-json\/wp\/v2\/comments?post=8225"}],"version-history":[{"count":0,"href":"https:\/\/bladnanews.com\/fr\/wp-json\/wp\/v2\/posts\/8225\/revisions"}],"wp:featuredmedia":[{"embeddable":true,"href":"https:\/\/bladnanews.com\/fr\/wp-json\/wp\/v2\/media\/8224"}],"wp:attachment":[{"href":"https:\/\/bladnanews.com\/fr\/wp-json\/wp\/v2\/media?parent=8225"}],"wp:term":[{"taxonomy":"category","embeddable":true,"href":"https:\/\/bladnanews.com\/fr\/wp-json\/wp\/v2\/categories?post=8225"},{"taxonomy":"post_tag","embeddable":true,"href":"https:\/\/bladnanews.com\/fr\/wp-json\/wp\/v2\/tags?post=8225"}],"curies":[{"name":"wp","href":"https:\/\/api.w.org\/{rel}","templated":true}]}}