{"id":8233,"date":"2026-01-30T12:13:10","date_gmt":"2026-01-30T12:13:10","guid":{"rendered":"https:\/\/bladnanews.com\/robin-van-persie-confirms-son-suffered-serious-knee-injury\/"},"modified":"2026-01-30T12:13:10","modified_gmt":"2026-01-30T12:13:10","slug":"robin-van-persie-confirme-que-son-fils-a-subi-une-grave-blessure-au-genou","status":"publish","type":"post","link":"https:\/\/bladnanews.com\/fr\/robin-van-persie-confirme-que-son-fils-a-subi-une-grave-blessure-au-genou\/","title":{"rendered":"Robin van Persie confirme que son fils a subi une grave blessure au genou"},"content":{"rendered":"<p>Robin van Persie a confirm\u00e9 que son fils, Shaqueel van Persie, a subi une grave blessure au genou en jouant pour Feyenoord lors de la d\u00e9faite en Ligue Europa face au Real Betis.<\/p>\n<p>L'ancien attaquant d'Arsenal et de Manchester United a reconnu que ce revers a durement touch\u00e9 la famille, r\u00e9v\u00e9lant que le probl\u00e8me de l'adolescent est important suite \u00e0 l'incident survenu en Espagne.<\/p>\n<p><strong>\u201cC'est d\u00e9chirant,\u201d<\/strong> a d\u00e9clar\u00e9 Van Persie, en \u00e9voquant la blessure et son impact sur la progression de Shaqueel.<\/p>\n<p>Shaqueel participait \u00e0 la d\u00e9faite de Feyenoord en Ligue Europa \u00e0 l'ext\u00e9rieur contre le Real Betis lorsque la blessure s'est produite, laissant le club et ses proches dans l'attente anxieuse de son r\u00e9tablissement.<\/p>\n<p>Les commentaires de Van Persie ont confirm\u00e9 la gravit\u00e9 du probl\u00e8me au genou, l'ancien international n\u00e9erlandais soulignant combien il est difficile de voir son fils subir un tel coup.<\/p>\n<p>Feyenoord a \u00e9t\u00e9 battu par Betis dans cette rencontre europ\u00e9enne, et le match est d\u00e9sormais associ\u00e9 dans la famille Van Persie au moment douloureux qui a entra\u00een\u00e9 la blessure de Shaqueel.<\/p>\n<p>Le quadrag\u00e9naire, qui reste l'un des noms les plus embl\u00e9matiques du football n\u00e9erlandais, a soulign\u00e9 que l'objectif est d\u00e9sormais que Shaqueel surmonte sa blessure et retrouve une condition physique compl\u00e8te.<\/p>","protected":false},"excerpt":{"rendered":"<p>Robin van Persie has confirmed his son, Shaqueel van Persie, suffered a serious knee injury while playing for Feyenoord in [&hellip;]<\/p>\n","protected":false},"author":3,"featured_media":8232,"comment_status":"","ping_status":"open","sticky":false,"template":"","format":"standard","meta":{"googlesitekit_rrm_CAow_uzEDA:productID":"","site-sidebar-layout":"default","site-content-layout":"","ast-site-content-layout":"default","site-content-style":"default","site-sidebar-style":"default","ast-global-header-display":"","ast-banner-title-visibility":"","ast-main-header-display":"","ast-hfb-above-header-display":"","ast-hfb-below-header-display":"","ast-hfb-mobile-header-display":"","site-post-title":"","ast-breadcrumbs-content":"","ast-featured-img":"","footer-sml-layout":"","ast-disable-related-posts":"","theme-transparent-header-meta":"","adv-header-id-meta":"","stick-header-meta":"","header-above-stick-meta":"","header-main-stick-meta":"","header-below-stick-meta":"","astra-migrate-meta-layouts":"default","ast-page-background-enabled":"default","ast-page-background-meta":{"desktop":{"background-color":"var(--ast-global-color-5)","background-image":"","background-repeat":"repeat","background-position":"center center","background-size":"auto","background-attachment":"scroll","background-type":"","background-media":"","overlay-type":"","overlay-color":"","overlay-opacity":"","overlay-gradient":""},"tablet":{"background-color":"","background-image":"","background-repeat":"repeat","background-position":"center center","background-size":"auto","background-attachment":"scroll","background-type":"","background-media":"","overlay-type":"","overlay-color":"","overlay-opacity":"","overlay-gradient":""},"mobile":{"background-color":"","background-image":"","background-repeat":"repeat","background-position":"center center","background-size":"auto","background-attachment":"scroll","background-type":"","background-media":"","overlay-type":"","overlay-color":"","overlay-opacity":"","overlay-gradient":""}},"ast-content-background-meta":{"desktop":{"background-color":"var(--ast-global-color-4)","background-image":"","background-repeat":"repeat","background-position":"center center","background-size":"auto","background-attachment":"scroll","background-type":"","background-media":"","overlay-type":"","overlay-color":"","overlay-opacity":"","overlay-gradient":""},"tablet":{"background-color":"var(--ast-global-color-4)","background-image":"","background-repeat":"repeat","background-position":"center center","background-size":"auto","background-attachment":"scroll","background-type":"","background-media":"","overlay-type":"","overlay-color":"","overlay-opacity":"","overlay-gradient":""},"mobile":{"background-color":"var(--ast-global-color-4)","background-image":"","background-repeat":"repeat","background-position":"center center","background-size":"auto","background-attachment":"scroll","background-type":"","background-media":"","overlay-type":"","overlay-color":"","overlay-opacity":"","overlay-gradient":""}},"footnotes":""},"categories":[20,1],"tags":[],"class_list":["post-8233","post","type-post","status-publish","format-standard","has-post-thumbnail","hentry","category-international","category-football-latest-news"],"yoast_head":"<!-- This site is optimized with the Yoast SEO Premium plugin v26.6 (Yoast SEO v27.4) - https:\/\/yoast.com\/product\/yoast-seo-premium-wordpress\/ -->\n<title>Robin van Persie confirms son suffered serious knee injury - Bladna News<\/title>\n<meta name=\"robots\" content=\"index, follow, max-snippet:-1, max-image-preview:large, max-video-preview:-1\" \/>\n<link rel=\"canonical\" href=\"https:\/\/bladnanews.com\/fr\/robin-van-persie-confirme-que-son-fils-a-subi-une-grave-blessure-au-genou\/\" \/>\n<meta property=\"og:locale\" content=\"fr_FR\" \/>\n<meta property=\"og:type\" content=\"article\" \/>\n<meta property=\"og:title\" content=\"Robin van Persie confirms son suffered serious knee injury\" \/>\n<meta property=\"og:description\" content=\"Robin van Persie has confirmed his son, Shaqueel van Persie, suffered a serious knee injury while playing for Feyenoord in [&hellip;]\" \/>\n<meta property=\"og:url\" content=\"https:\/\/bladnanews.com\/fr\/robin-van-persie-confirme-que-son-fils-a-subi-une-grave-blessure-au-genou\/\" \/>\n<meta property=\"og:site_name\" content=\"Bladna News\" \/>\n<meta property=\"article:published_time\" content=\"2026-01-30T12:13:10+00:00\" \/>\n<meta property=\"og:image\" content=\"https:\/\/bladnanews.com\/wp-content\/uploads\/2025\/12\/freepik__bladna-newscom-moroccan-soccer-homepage-banner-mor__41838.png\" \/>\n\t<meta property=\"og:image:width\" content=\"1312\" \/>\n\t<meta property=\"og:image:height\" content=\"736\" \/>\n\t<meta property=\"og:image:type\" content=\"image\/png\" \/>\n<meta name=\"author\" content=\"Bladna News Staff\" \/>\n<meta name=\"twitter:card\" content=\"summary_large_image\" \/>\n<meta name=\"twitter:label1\" content=\"\u00c9crit par\" \/>\n\t<meta name=\"twitter:data1\" content=\"Bladna News Staff\" \/>\n\t<meta name=\"twitter:label2\" content=\"Dur\u00e9e de lecture estim\u00e9e\" \/>\n\t<meta name=\"twitter:data2\" content=\"1 minute\" \/>\n<script type=\"application\/ld+json\" class=\"yoast-schema-graph\">{\"@context\":\"https:\\\/\\\/schema.org\",\"@graph\":[{\"@type\":\"Article\",\"@id\":\"https:\\\/\\\/bladnanews.com\\\/robin-van-persie-confirms-son-suffered-serious-knee-injury\\\/#article\",\"isPartOf\":{\"@id\":\"https:\\\/\\\/bladnanews.com\\\/robin-van-persie-confirms-son-suffered-serious-knee-injury\\\/\"},\"author\":{\"name\":\"Bladna News Staff\",\"@id\":\"https:\\\/\\\/mediumseagreen-eel-531711.hostingersite.com\\\/#\\\/schema\\\/person\\\/268e18a453ab080ebf76df6ef7845083\"},\"headline\":\"Robin van Persie confirms son suffered serious knee injury\",\"datePublished\":\"2026-01-30T12:13:10+00:00\",\"mainEntityOfPage\":{\"@id\":\"https:\\\/\\\/bladnanews.com\\\/robin-van-persie-confirms-son-suffered-serious-knee-injury\\\/\"},\"wordCount\":205,\"publisher\":{\"@id\":\"https:\\\/\\\/mediumseagreen-eel-531711.hostingersite.com\\\/#organization\"},\"image\":{\"@id\":\"https:\\\/\\\/bladnanews.com\\\/robin-van-persie-confirms-son-suffered-serious-knee-injury\\\/#primaryimage\"},\"thumbnailUrl\":\"https:\\\/\\\/bladnanews.com\\\/wp-content\\\/uploads\\\/2026\\\/01\\\/BladnaNews-Robin-van-Persie-confirms-son-suffered-serious-knee-injury-2026-01-31T010931.487Z-scaled.jpg\",\"articleSection\":[\"International\",\"Latest News\"],\"inLanguage\":\"fr-FR\",\"copyrightYear\":\"2026\",\"copyrightHolder\":{\"@id\":\"https:\\\/\\\/bladnanews.com\\\/fr\\\/#organization\"}},{\"@type\":\"WebPage\",\"@id\":\"https:\\\/\\\/bladnanews.com\\\/robin-van-persie-confirms-son-suffered-serious-knee-injury\\\/\",\"url\":\"https:\\\/\\\/bladnanews.com\\\/robin-van-persie-confirms-son-suffered-serious-knee-injury\\\/\",\"name\":\"Robin van Persie confirms son suffered serious knee injury - Bladna News\",\"isPartOf\":{\"@id\":\"https:\\\/\\\/mediumseagreen-eel-531711.hostingersite.com\\\/#website\"},\"primaryImageOfPage\":{\"@id\":\"https:\\\/\\\/bladnanews.com\\\/robin-van-persie-confirms-son-suffered-serious-knee-injury\\\/#primaryimage\"},\"image\":{\"@id\":\"https:\\\/\\\/bladnanews.com\\\/robin-van-persie-confirms-son-suffered-serious-knee-injury\\\/#primaryimage\"},\"thumbnailUrl\":\"https:\\\/\\\/bladnanews.com\\\/wp-content\\\/uploads\\\/2026\\\/01\\\/BladnaNews-Robin-van-Persie-confirms-son-suffered-serious-knee-injury-2026-01-31T010931.487Z-scaled.jpg\",\"datePublished\":\"2026-01-30T12:13:10+00:00\",\"breadcrumb\":{\"@id\":\"https:\\\/\\\/bladnanews.com\\\/robin-van-persie-confirms-son-suffered-serious-knee-injury\\\/#breadcrumb\"},\"inLanguage\":\"fr-FR\",\"potentialAction\":[{\"@type\":\"ReadAction\",\"target\":[\"https:\\\/\\\/bladnanews.com\\\/robin-van-persie-confirms-son-suffered-serious-knee-injury\\\/\"]}]},{\"@type\":\"ImageObject\",\"inLanguage\":\"fr-FR\",\"@id\":\"https:\\\/\\\/bladnanews.com\\\/robin-van-persie-confirms-son-suffered-serious-knee-injury\\\/#primaryimage\",\"url\":\"https:\\\/\\\/bladnanews.com\\\/wp-content\\\/uploads\\\/2026\\\/01\\\/BladnaNews-Robin-van-Persie-confirms-son-suffered-serious-knee-injury-2026-01-31T010931.487Z-scaled.jpg\",\"contentUrl\":\"https:\\\/\\\/bladnanews.com\\\/wp-content\\\/uploads\\\/2026\\\/01\\\/BladnaNews-Robin-van-Persie-confirms-son-suffered-serious-knee-injury-2026-01-31T010931.487Z-scaled.jpg\",\"width\":2560,\"height\":1440,\"caption\":\"Injured football player receiving medical assistance on a stretcher, surrounded by paramedics in high-visibility jackets, during a match.\"},{\"@type\":\"BreadcrumbList\",\"@id\":\"https:\\\/\\\/bladnanews.com\\\/robin-van-persie-confirms-son-suffered-serious-knee-injury\\\/#breadcrumb\",\"itemListElement\":[{\"@type\":\"ListItem\",\"position\":1,\"name\":\"Home\",\"item\":\"https:\\\/\\\/bladnanews.com\\\/\"},{\"@type\":\"ListItem\",\"position\":2,\"name\":\"Robin van Persie confirms son suffered serious knee injury\"}]},{\"@type\":\"WebSite\",\"@id\":\"https:\\\/\\\/mediumseagreen-eel-531711.hostingersite.com\\\/#website\",\"url\":\"https:\\\/\\\/mediumseagreen-eel-531711.hostingersite.com\\\/\",\"name\":\"Bladna News - Morocco\",\"description\":\"Where Moroccan Football Meets the World\",\"publisher\":{\"@id\":\"https:\\\/\\\/mediumseagreen-eel-531711.hostingersite.com\\\/#organization\"},\"potentialAction\":[{\"@type\":\"SearchAction\",\"target\":{\"@type\":\"EntryPoint\",\"urlTemplate\":\"https:\\\/\\\/mediumseagreen-eel-531711.hostingersite.com\\\/?s={search_term_string}\"},\"query-input\":{\"@type\":\"PropertyValueSpecification\",\"valueRequired\":true,\"valueName\":\"search_term_string\"}}],\"inLanguage\":\"fr-FR\"},{\"@type\":\"Organization\",\"@id\":\"https:\\\/\\\/mediumseagreen-eel-531711.hostingersite.com\\\/#organization\",\"name\":\"Bladna News.com\",\"url\":\"https:\\\/\\\/mediumseagreen-eel-531711.hostingersite.com\\\/\",\"logo\":{\"@type\":\"ImageObject\",\"inLanguage\":\"fr-FR\",\"@id\":\"https:\\\/\\\/mediumseagreen-eel-531711.hostingersite.com\\\/#\\\/schema\\\/logo\\\/image\\\/\",\"url\":\"https:\\\/\\\/bladnanews.com\\\/wp-content\\\/uploads\\\/2025\\\/12\\\/logo-bladnanews-V2-web-black-red.png\",\"contentUrl\":\"https:\\\/\\\/bladnanews.com\\\/wp-content\\\/uploads\\\/2025\\\/12\\\/logo-bladnanews-V2-web-black-red.png\",\"width\":703,\"height\":287,\"caption\":\"Bladna News.com\"},\"image\":{\"@id\":\"https:\\\/\\\/mediumseagreen-eel-531711.hostingersite.com\\\/#\\\/schema\\\/logo\\\/image\\\/\"},\"email\":\"info@bladnanews.com\",\"legalName\":\"Bladna News\"},{\"@type\":\"Person\",\"@id\":\"https:\\\/\\\/mediumseagreen-eel-531711.hostingersite.com\\\/#\\\/schema\\\/person\\\/268e18a453ab080ebf76df6ef7845083\",\"name\":\"Bladna News Staff\",\"url\":\"https:\\\/\\\/bladnanews.com\\\/fr\\\/author\\\/bladna-news-staff\\\/\"}]}<\/script>\n<!-- \/ Yoast SEO Premium plugin. -->","yoast_head_json":{"title":"Robin van Persie confirme que son fils a subi une grave blessure au genou - Bladna News","robots":{"index":"index","follow":"follow","max-snippet":"max-snippet:-1","max-image-preview":"max-image-preview:large","max-video-preview":"max-video-preview:-1"},"canonical":"https:\/\/bladnanews.com\/fr\/robin-van-persie-confirme-que-son-fils-a-subi-une-grave-blessure-au-genou\/","og_locale":"fr_FR","og_type":"article","og_title":"Robin van Persie confirms son suffered serious knee injury","og_description":"Robin van Persie has confirmed his son, Shaqueel van Persie, suffered a serious knee injury while playing for Feyenoord in [&hellip;]","og_url":"https:\/\/bladnanews.com\/fr\/robin-van-persie-confirme-que-son-fils-a-subi-une-grave-blessure-au-genou\/","og_site_name":"Bladna News","article_published_time":"2026-01-30T12:13:10+00:00","og_image":[{"width":1312,"height":736,"url":"https:\/\/bladnanews.com\/wp-content\/uploads\/2025\/12\/freepik__bladna-newscom-moroccan-soccer-homepage-banner-mor__41838.png","type":"image\/png"}],"author":"Bladna News Staff","twitter_card":"summary_large_image","twitter_misc":{"\u00c9crit par":"Bladna News Staff","Dur\u00e9e de lecture estim\u00e9e":"1 minute"},"schema":{"@context":"https:\/\/schema.org","@graph":[{"@type":"Article","@id":"https:\/\/bladnanews.com\/robin-van-persie-confirms-son-suffered-serious-knee-injury\/#article","isPartOf":{"@id":"https:\/\/bladnanews.com\/robin-van-persie-confirms-son-suffered-serious-knee-injury\/"},"author":{"name":"Bladna News Staff","@id":"https:\/\/mediumseagreen-eel-531711.hostingersite.com\/#\/schema\/person\/268e18a453ab080ebf76df6ef7845083"},"headline":"Robin van Persie confirms son suffered serious knee injury","datePublished":"2026-01-30T12:13:10+00:00","mainEntityOfPage":{"@id":"https:\/\/bladnanews.com\/robin-van-persie-confirms-son-suffered-serious-knee-injury\/"},"wordCount":205,"publisher":{"@id":"https:\/\/mediumseagreen-eel-531711.hostingersite.com\/#organization"},"image":{"@id":"https:\/\/bladnanews.com\/robin-van-persie-confirms-son-suffered-serious-knee-injury\/#primaryimage"},"thumbnailUrl":"https:\/\/bladnanews.com\/wp-content\/uploads\/2026\/01\/BladnaNews-Robin-van-Persie-confirms-son-suffered-serious-knee-injury-2026-01-31T010931.487Z-scaled.jpg","articleSection":["International","Latest News"],"inLanguage":"fr-FR","copyrightYear":"2026","copyrightHolder":{"@id":"https:\/\/bladnanews.com\/fr\/#organization"}},{"@type":"WebPage","@id":"https:\/\/bladnanews.com\/robin-van-persie-confirms-son-suffered-serious-knee-injury\/","url":"https:\/\/bladnanews.com\/robin-van-persie-confirms-son-suffered-serious-knee-injury\/","name":"Robin van Persie confirme que son fils a subi une grave blessure au genou - Bladna News","isPartOf":{"@id":"https:\/\/mediumseagreen-eel-531711.hostingersite.com\/#website"},"primaryImageOfPage":{"@id":"https:\/\/bladnanews.com\/robin-van-persie-confirms-son-suffered-serious-knee-injury\/#primaryimage"},"image":{"@id":"https:\/\/bladnanews.com\/robin-van-persie-confirms-son-suffered-serious-knee-injury\/#primaryimage"},"thumbnailUrl":"https:\/\/bladnanews.com\/wp-content\/uploads\/2026\/01\/BladnaNews-Robin-van-Persie-confirms-son-suffered-serious-knee-injury-2026-01-31T010931.487Z-scaled.jpg","datePublished":"2026-01-30T12:13:10+00:00","breadcrumb":{"@id":"https:\/\/bladnanews.com\/robin-van-persie-confirms-son-suffered-serious-knee-injury\/#breadcrumb"},"inLanguage":"fr-FR","potentialAction":[{"@type":"ReadAction","target":["https:\/\/bladnanews.com\/robin-van-persie-confirms-son-suffered-serious-knee-injury\/"]}]},{"@type":"ImageObject","inLanguage":"fr-FR","@id":"https:\/\/bladnanews.com\/robin-van-persie-confirms-son-suffered-serious-knee-injury\/#primaryimage","url":"https:\/\/bladnanews.com\/wp-content\/uploads\/2026\/01\/BladnaNews-Robin-van-Persie-confirms-son-suffered-serious-knee-injury-2026-01-31T010931.487Z-scaled.jpg","contentUrl":"https:\/\/bladnanews.com\/wp-content\/uploads\/2026\/01\/BladnaNews-Robin-van-Persie-confirms-son-suffered-serious-knee-injury-2026-01-31T010931.487Z-scaled.jpg","width":2560,"height":1440,"caption":"Injured football player receiving medical assistance on a stretcher, surrounded by paramedics in high-visibility jackets, during a match."},{"@type":"BreadcrumbList","@id":"https:\/\/bladnanews.com\/robin-van-persie-confirms-son-suffered-serious-knee-injury\/#breadcrumb","itemListElement":[{"@type":"ListItem","position":1,"name":"Home","item":"https:\/\/bladnanews.com\/"},{"@type":"ListItem","position":2,"name":"Robin van Persie confirms son suffered serious knee injury"}]},{"@type":"WebSite","@id":"https:\/\/mediumseagreen-eel-531711.hostingersite.com\/#website","url":"https:\/\/mediumseagreen-eel-531711.hostingersite.com\/","name":"Bladna News - Maroc","description":"Quand le football marocain rencontre le monde","publisher":{"@id":"https:\/\/mediumseagreen-eel-531711.hostingersite.com\/#organization"},"potentialAction":[{"@type":"SearchAction","target":{"@type":"EntryPoint","urlTemplate":"https:\/\/mediumseagreen-eel-531711.hostingersite.com\/?s={search_term_string}"},"query-input":{"@type":"PropertyValueSpecification","valueRequired":true,"valueName":"search_term_string"}}],"inLanguage":"fr-FR"},{"@type":"Organization","@id":"https:\/\/mediumseagreen-eel-531711.hostingersite.com\/#organization","name":"Bladna News.com","url":"https:\/\/mediumseagreen-eel-531711.hostingersite.com\/","logo":{"@type":"ImageObject","inLanguage":"fr-FR","@id":"https:\/\/mediumseagreen-eel-531711.hostingersite.com\/#\/schema\/logo\/image\/","url":"https:\/\/bladnanews.com\/wp-content\/uploads\/2025\/12\/logo-bladnanews-V2-web-black-red.png","contentUrl":"https:\/\/bladnanews.com\/wp-content\/uploads\/2025\/12\/logo-bladnanews-V2-web-black-red.png","width":703,"height":287,"caption":"Bladna News.com"},"image":{"@id":"https:\/\/mediumseagreen-eel-531711.hostingersite.com\/#\/schema\/logo\/image\/"},"email":"info@bladnanews.com","legalName":"Bladna News"},{"@type":"Person","@id":"https:\/\/mediumseagreen-eel-531711.hostingersite.com\/#\/schema\/person\/268e18a453ab080ebf76df6ef7845083","name":"\u00c9quipe r\u00e9dactionnelle de Bladna News","url":"https:\/\/bladnanews.com\/fr\/author\/bladna-news-staff\/"}]}},"_links":{"self":[{"href":"https:\/\/bladnanews.com\/fr\/wp-json\/wp\/v2\/posts\/8233","targetHints":{"allow":["GET"]}}],"collection":[{"href":"https:\/\/bladnanews.com\/fr\/wp-json\/wp\/v2\/posts"}],"about":[{"href":"https:\/\/bladnanews.com\/fr\/wp-json\/wp\/v2\/types\/post"}],"author":[{"embeddable":true,"href":"https:\/\/bladnanews.com\/fr\/wp-json\/wp\/v2\/users\/3"}],"replies":[{"embeddable":true,"href":"https:\/\/bladnanews.com\/fr\/wp-json\/wp\/v2\/comments?post=8233"}],"version-history":[{"count":0,"href":"https:\/\/bladnanews.com\/fr\/wp-json\/wp\/v2\/posts\/8233\/revisions"}],"wp:featuredmedia":[{"embeddable":true,"href":"https:\/\/bladnanews.com\/fr\/wp-json\/wp\/v2\/media\/8232"}],"wp:attachment":[{"href":"https:\/\/bladnanews.com\/fr\/wp-json\/wp\/v2\/media?parent=8233"}],"wp:term":[{"taxonomy":"category","embeddable":true,"href":"https:\/\/bladnanews.com\/fr\/wp-json\/wp\/v2\/categories?post=8233"},{"taxonomy":"post_tag","embeddable":true,"href":"https:\/\/bladnanews.com\/fr\/wp-json\/wp\/v2\/tags?post=8233"}],"curies":[{"name":"wp","href":"https:\/\/api.w.org\/{rel}","templated":true}]}}