{"id":8235,"date":"2026-01-30T12:47:30","date_gmt":"2026-01-30T12:47:30","guid":{"rendered":"https:\/\/bladnanews.com\/jack-grealish-set-to-miss-rest-of-season-after-foot-injury\/"},"modified":"2026-01-30T12:47:30","modified_gmt":"2026-01-30T12:47:30","slug":"jack-grealish-devrait-manquer-le-reste-de-la-saison-apres-une-blessure-au-pied","status":"publish","type":"post","link":"https:\/\/bladnanews.com\/fr\/jack-grealish-devrait-manquer-le-reste-de-la-saison-apres-une-blessure-au-pied\/","title":{"rendered":"Jack Grealish devrait manquer le reste de la saison apr\u00e8s une blessure au pied"},"content":{"rendered":"<p>Jack Grealish devrait d\u00e9sormais manquer le reste de la saison apr\u00e8s que l'entra\u00eeneur d'Everton, David Moyes, a confirm\u00e9 que l'espoir anglais est confront\u00e9 \u00e0 une longue absence en raison d'une blessure au pied.<\/p>\n<p>Moyes a r\u00e9v\u00e9l\u00e9 qu'une d\u00e9cision a \u00e9t\u00e9 prise pour que Grealish subisse une op\u00e9ration, laissant le milieu de terrain pr\u00eat\u00e9 avec peu de chances de rejouer avant la fin de la campagne.<\/p>\n<p>Le manager d'Everton a admis que cette nouvelle est un coup dur \u00e0 la fois pour le club et le joueur, Grealish ayant fait des efforts pour rester en lice pour une s\u00e9lection en \u00e9quipe d'Angleterre.<\/p>\n<p>La blessure de Grealish l'a tenu \u00e9loign\u00e9 des terrains ces derni\u00e8res semaines et Moyes a indiqu\u00e9 que la situation ne s'est pas suffisamment am\u00e9lior\u00e9e pour \u00e9viter une intervention. Une op\u00e9ration \u00e9tant d\u00e9sormais planifi\u00e9e, Everton se pr\u00e9pare \u00e0 devoir se passer de lui pour la fin de saison.<\/p>\n<p>Ce contretemps est un tournant frustrant pour Grealish \u00e0 un moment crucial de la saison, Moyes indiquant que sa date de retour ne devrait pas intervenir avant les derniers matchs.<\/p>","protected":false},"excerpt":{"rendered":"<p>Jack Grealish is now expected to miss the rest of the season after Everton boss David Moyes confirmed the England [&hellip;]<\/p>\n","protected":false},"author":3,"featured_media":8234,"comment_status":"","ping_status":"open","sticky":false,"template":"","format":"standard","meta":{"googlesitekit_rrm_CAow_uzEDA:productID":"","site-sidebar-layout":"default","site-content-layout":"","ast-site-content-layout":"default","site-content-style":"default","site-sidebar-style":"default","ast-global-header-display":"","ast-banner-title-visibility":"","ast-main-header-display":"","ast-hfb-above-header-display":"","ast-hfb-below-header-display":"","ast-hfb-mobile-header-display":"","site-post-title":"","ast-breadcrumbs-content":"","ast-featured-img":"","footer-sml-layout":"","ast-disable-related-posts":"","theme-transparent-header-meta":"","adv-header-id-meta":"","stick-header-meta":"","header-above-stick-meta":"","header-main-stick-meta":"","header-below-stick-meta":"","astra-migrate-meta-layouts":"default","ast-page-background-enabled":"default","ast-page-background-meta":{"desktop":{"background-color":"var(--ast-global-color-5)","background-image":"","background-repeat":"repeat","background-position":"center center","background-size":"auto","background-attachment":"scroll","background-type":"","background-media":"","overlay-type":"","overlay-color":"","overlay-opacity":"","overlay-gradient":""},"tablet":{"background-color":"","background-image":"","background-repeat":"repeat","background-position":"center center","background-size":"auto","background-attachment":"scroll","background-type":"","background-media":"","overlay-type":"","overlay-color":"","overlay-opacity":"","overlay-gradient":""},"mobile":{"background-color":"","background-image":"","background-repeat":"repeat","background-position":"center center","background-size":"auto","background-attachment":"scroll","background-type":"","background-media":"","overlay-type":"","overlay-color":"","overlay-opacity":"","overlay-gradient":""}},"ast-content-background-meta":{"desktop":{"background-color":"var(--ast-global-color-4)","background-image":"","background-repeat":"repeat","background-position":"center center","background-size":"auto","background-attachment":"scroll","background-type":"","background-media":"","overlay-type":"","overlay-color":"","overlay-opacity":"","overlay-gradient":""},"tablet":{"background-color":"var(--ast-global-color-4)","background-image":"","background-repeat":"repeat","background-position":"center center","background-size":"auto","background-attachment":"scroll","background-type":"","background-media":"","overlay-type":"","overlay-color":"","overlay-opacity":"","overlay-gradient":""},"mobile":{"background-color":"var(--ast-global-color-4)","background-image":"","background-repeat":"repeat","background-position":"center center","background-size":"auto","background-attachment":"scroll","background-type":"","background-media":"","overlay-type":"","overlay-color":"","overlay-opacity":"","overlay-gradient":""}},"footnotes":""},"categories":[20,1],"tags":[],"class_list":["post-8235","post","type-post","status-publish","format-standard","has-post-thumbnail","hentry","category-international","category-football-latest-news"],"yoast_head":"<!-- This site is optimized with the Yoast SEO Premium plugin v26.6 (Yoast SEO v27.4) - https:\/\/yoast.com\/product\/yoast-seo-premium-wordpress\/ -->\n<title>Jack Grealish set to miss rest of season after foot injury - Bladna News<\/title>\n<meta name=\"robots\" content=\"index, follow, max-snippet:-1, max-image-preview:large, max-video-preview:-1\" \/>\n<link rel=\"canonical\" href=\"https:\/\/bladnanews.com\/fr\/jack-grealish-devrait-manquer-le-reste-de-la-saison-apres-une-blessure-au-pied\/\" \/>\n<meta property=\"og:locale\" content=\"fr_FR\" \/>\n<meta property=\"og:type\" content=\"article\" \/>\n<meta property=\"og:title\" content=\"Jack Grealish set to miss rest of season after foot injury\" \/>\n<meta property=\"og:description\" content=\"Jack Grealish is now expected to miss the rest of the season after Everton boss David Moyes confirmed the England [&hellip;]\" \/>\n<meta property=\"og:url\" content=\"https:\/\/bladnanews.com\/fr\/jack-grealish-devrait-manquer-le-reste-de-la-saison-apres-une-blessure-au-pied\/\" \/>\n<meta property=\"og:site_name\" content=\"Bladna News\" \/>\n<meta property=\"article:published_time\" content=\"2026-01-30T12:47:30+00:00\" \/>\n<meta property=\"og:image\" content=\"https:\/\/bladnanews.com\/wp-content\/uploads\/2025\/12\/freepik__bladna-newscom-moroccan-soccer-homepage-banner-mor__41838.png\" \/>\n\t<meta property=\"og:image:width\" content=\"1312\" \/>\n\t<meta property=\"og:image:height\" content=\"736\" \/>\n\t<meta property=\"og:image:type\" content=\"image\/png\" \/>\n<meta name=\"author\" content=\"Bladna News Staff\" \/>\n<meta name=\"twitter:card\" content=\"summary_large_image\" \/>\n<meta name=\"twitter:label1\" content=\"\u00c9crit par\" \/>\n\t<meta name=\"twitter:data1\" content=\"Bladna News Staff\" \/>\n\t<meta name=\"twitter:label2\" content=\"Dur\u00e9e de lecture estim\u00e9e\" \/>\n\t<meta name=\"twitter:data2\" content=\"1 minute\" \/>\n<script type=\"application\/ld+json\" class=\"yoast-schema-graph\">{\"@context\":\"https:\\\/\\\/schema.org\",\"@graph\":[{\"@type\":\"Article\",\"@id\":\"https:\\\/\\\/bladnanews.com\\\/jack-grealish-set-to-miss-rest-of-season-after-foot-injury\\\/#article\",\"isPartOf\":{\"@id\":\"https:\\\/\\\/bladnanews.com\\\/jack-grealish-set-to-miss-rest-of-season-after-foot-injury\\\/\"},\"author\":{\"name\":\"Bladna News Staff\",\"@id\":\"https:\\\/\\\/mediumseagreen-eel-531711.hostingersite.com\\\/#\\\/schema\\\/person\\\/268e18a453ab080ebf76df6ef7845083\"},\"headline\":\"Jack Grealish set to miss rest of season after foot injury\",\"datePublished\":\"2026-01-30T12:47:30+00:00\",\"mainEntityOfPage\":{\"@id\":\"https:\\\/\\\/bladnanews.com\\\/jack-grealish-set-to-miss-rest-of-season-after-foot-injury\\\/\"},\"wordCount\":165,\"publisher\":{\"@id\":\"https:\\\/\\\/mediumseagreen-eel-531711.hostingersite.com\\\/#organization\"},\"image\":{\"@id\":\"https:\\\/\\\/bladnanews.com\\\/jack-grealish-set-to-miss-rest-of-season-after-foot-injury\\\/#primaryimage\"},\"thumbnailUrl\":\"https:\\\/\\\/bladnanews.com\\\/wp-content\\\/uploads\\\/2026\\\/01\\\/BladnaNews-Jack-Grealish-set-to-miss-rest-of-season-after-foot-injury-2026-01-31T010954.252Z.jpg\",\"articleSection\":[\"International\",\"Latest News\"],\"inLanguage\":\"fr-FR\",\"copyrightYear\":\"2026\",\"copyrightHolder\":{\"@id\":\"https:\\\/\\\/bladnanews.com\\\/fr\\\/#organization\"}},{\"@type\":\"WebPage\",\"@id\":\"https:\\\/\\\/bladnanews.com\\\/jack-grealish-set-to-miss-rest-of-season-after-foot-injury\\\/\",\"url\":\"https:\\\/\\\/bladnanews.com\\\/jack-grealish-set-to-miss-rest-of-season-after-foot-injury\\\/\",\"name\":\"Jack Grealish set to miss rest of season after foot injury - Bladna News\",\"isPartOf\":{\"@id\":\"https:\\\/\\\/mediumseagreen-eel-531711.hostingersite.com\\\/#website\"},\"primaryImageOfPage\":{\"@id\":\"https:\\\/\\\/bladnanews.com\\\/jack-grealish-set-to-miss-rest-of-season-after-foot-injury\\\/#primaryimage\"},\"image\":{\"@id\":\"https:\\\/\\\/bladnanews.com\\\/jack-grealish-set-to-miss-rest-of-season-after-foot-injury\\\/#primaryimage\"},\"thumbnailUrl\":\"https:\\\/\\\/bladnanews.com\\\/wp-content\\\/uploads\\\/2026\\\/01\\\/BladnaNews-Jack-Grealish-set-to-miss-rest-of-season-after-foot-injury-2026-01-31T010954.252Z.jpg\",\"datePublished\":\"2026-01-30T12:47:30+00:00\",\"breadcrumb\":{\"@id\":\"https:\\\/\\\/bladnanews.com\\\/jack-grealish-set-to-miss-rest-of-season-after-foot-injury\\\/#breadcrumb\"},\"inLanguage\":\"fr-FR\",\"potentialAction\":[{\"@type\":\"ReadAction\",\"target\":[\"https:\\\/\\\/bladnanews.com\\\/jack-grealish-set-to-miss-rest-of-season-after-foot-injury\\\/\"]}]},{\"@type\":\"ImageObject\",\"inLanguage\":\"fr-FR\",\"@id\":\"https:\\\/\\\/bladnanews.com\\\/jack-grealish-set-to-miss-rest-of-season-after-foot-injury\\\/#primaryimage\",\"url\":\"https:\\\/\\\/bladnanews.com\\\/wp-content\\\/uploads\\\/2026\\\/01\\\/BladnaNews-Jack-Grealish-set-to-miss-rest-of-season-after-foot-injury-2026-01-31T010954.252Z.jpg\",\"contentUrl\":\"https:\\\/\\\/bladnanews.com\\\/wp-content\\\/uploads\\\/2026\\\/01\\\/BladnaNews-Jack-Grealish-set-to-miss-rest-of-season-after-foot-injury-2026-01-31T010954.252Z.jpg\",\"width\":2048,\"height\":1152,\"caption\":\"Jack Grealish, wearing a blue football kit, looks concerned as he runs his hand through his hair, reflecting on an injury during a match.\"},{\"@type\":\"BreadcrumbList\",\"@id\":\"https:\\\/\\\/bladnanews.com\\\/jack-grealish-set-to-miss-rest-of-season-after-foot-injury\\\/#breadcrumb\",\"itemListElement\":[{\"@type\":\"ListItem\",\"position\":1,\"name\":\"Home\",\"item\":\"https:\\\/\\\/bladnanews.com\\\/\"},{\"@type\":\"ListItem\",\"position\":2,\"name\":\"Jack Grealish set to miss rest of season after foot injury\"}]},{\"@type\":\"WebSite\",\"@id\":\"https:\\\/\\\/mediumseagreen-eel-531711.hostingersite.com\\\/#website\",\"url\":\"https:\\\/\\\/mediumseagreen-eel-531711.hostingersite.com\\\/\",\"name\":\"Bladna News - Morocco\",\"description\":\"Where Moroccan Football Meets the World\",\"publisher\":{\"@id\":\"https:\\\/\\\/mediumseagreen-eel-531711.hostingersite.com\\\/#organization\"},\"potentialAction\":[{\"@type\":\"SearchAction\",\"target\":{\"@type\":\"EntryPoint\",\"urlTemplate\":\"https:\\\/\\\/mediumseagreen-eel-531711.hostingersite.com\\\/?s={search_term_string}\"},\"query-input\":{\"@type\":\"PropertyValueSpecification\",\"valueRequired\":true,\"valueName\":\"search_term_string\"}}],\"inLanguage\":\"fr-FR\"},{\"@type\":\"Organization\",\"@id\":\"https:\\\/\\\/mediumseagreen-eel-531711.hostingersite.com\\\/#organization\",\"name\":\"Bladna News.com\",\"url\":\"https:\\\/\\\/mediumseagreen-eel-531711.hostingersite.com\\\/\",\"logo\":{\"@type\":\"ImageObject\",\"inLanguage\":\"fr-FR\",\"@id\":\"https:\\\/\\\/mediumseagreen-eel-531711.hostingersite.com\\\/#\\\/schema\\\/logo\\\/image\\\/\",\"url\":\"https:\\\/\\\/bladnanews.com\\\/wp-content\\\/uploads\\\/2025\\\/12\\\/logo-bladnanews-V2-web-black-red.png\",\"contentUrl\":\"https:\\\/\\\/bladnanews.com\\\/wp-content\\\/uploads\\\/2025\\\/12\\\/logo-bladnanews-V2-web-black-red.png\",\"width\":703,\"height\":287,\"caption\":\"Bladna News.com\"},\"image\":{\"@id\":\"https:\\\/\\\/mediumseagreen-eel-531711.hostingersite.com\\\/#\\\/schema\\\/logo\\\/image\\\/\"},\"email\":\"info@bladnanews.com\",\"legalName\":\"Bladna News\"},{\"@type\":\"Person\",\"@id\":\"https:\\\/\\\/mediumseagreen-eel-531711.hostingersite.com\\\/#\\\/schema\\\/person\\\/268e18a453ab080ebf76df6ef7845083\",\"name\":\"Bladna News Staff\",\"url\":\"https:\\\/\\\/bladnanews.com\\\/fr\\\/author\\\/bladna-news-staff\\\/\"}]}<\/script>\n<!-- \/ Yoast SEO Premium plugin. -->","yoast_head_json":{"title":"Jack Grealish devrait manquer le reste de la saison apr\u00e8s une blessure au pied - Bladna News","robots":{"index":"index","follow":"follow","max-snippet":"max-snippet:-1","max-image-preview":"max-image-preview:large","max-video-preview":"max-video-preview:-1"},"canonical":"https:\/\/bladnanews.com\/fr\/jack-grealish-devrait-manquer-le-reste-de-la-saison-apres-une-blessure-au-pied\/","og_locale":"fr_FR","og_type":"article","og_title":"Jack Grealish set to miss rest of season after foot injury","og_description":"Jack Grealish is now expected to miss the rest of the season after Everton boss David Moyes confirmed the England [&hellip;]","og_url":"https:\/\/bladnanews.com\/fr\/jack-grealish-devrait-manquer-le-reste-de-la-saison-apres-une-blessure-au-pied\/","og_site_name":"Bladna News","article_published_time":"2026-01-30T12:47:30+00:00","og_image":[{"width":1312,"height":736,"url":"https:\/\/bladnanews.com\/wp-content\/uploads\/2025\/12\/freepik__bladna-newscom-moroccan-soccer-homepage-banner-mor__41838.png","type":"image\/png"}],"author":"Bladna News Staff","twitter_card":"summary_large_image","twitter_misc":{"\u00c9crit par":"Bladna News Staff","Dur\u00e9e de lecture estim\u00e9e":"1 minute"},"schema":{"@context":"https:\/\/schema.org","@graph":[{"@type":"Article","@id":"https:\/\/bladnanews.com\/jack-grealish-set-to-miss-rest-of-season-after-foot-injury\/#article","isPartOf":{"@id":"https:\/\/bladnanews.com\/jack-grealish-set-to-miss-rest-of-season-after-foot-injury\/"},"author":{"name":"Bladna News Staff","@id":"https:\/\/mediumseagreen-eel-531711.hostingersite.com\/#\/schema\/person\/268e18a453ab080ebf76df6ef7845083"},"headline":"Jack Grealish set to miss rest of season after foot injury","datePublished":"2026-01-30T12:47:30+00:00","mainEntityOfPage":{"@id":"https:\/\/bladnanews.com\/jack-grealish-set-to-miss-rest-of-season-after-foot-injury\/"},"wordCount":165,"publisher":{"@id":"https:\/\/mediumseagreen-eel-531711.hostingersite.com\/#organization"},"image":{"@id":"https:\/\/bladnanews.com\/jack-grealish-set-to-miss-rest-of-season-after-foot-injury\/#primaryimage"},"thumbnailUrl":"https:\/\/bladnanews.com\/wp-content\/uploads\/2026\/01\/BladnaNews-Jack-Grealish-set-to-miss-rest-of-season-after-foot-injury-2026-01-31T010954.252Z.jpg","articleSection":["International","Latest News"],"inLanguage":"fr-FR","copyrightYear":"2026","copyrightHolder":{"@id":"https:\/\/bladnanews.com\/fr\/#organization"}},{"@type":"WebPage","@id":"https:\/\/bladnanews.com\/jack-grealish-set-to-miss-rest-of-season-after-foot-injury\/","url":"https:\/\/bladnanews.com\/jack-grealish-set-to-miss-rest-of-season-after-foot-injury\/","name":"Jack Grealish devrait manquer le reste de la saison apr\u00e8s une blessure au pied - Bladna News","isPartOf":{"@id":"https:\/\/mediumseagreen-eel-531711.hostingersite.com\/#website"},"primaryImageOfPage":{"@id":"https:\/\/bladnanews.com\/jack-grealish-set-to-miss-rest-of-season-after-foot-injury\/#primaryimage"},"image":{"@id":"https:\/\/bladnanews.com\/jack-grealish-set-to-miss-rest-of-season-after-foot-injury\/#primaryimage"},"thumbnailUrl":"https:\/\/bladnanews.com\/wp-content\/uploads\/2026\/01\/BladnaNews-Jack-Grealish-set-to-miss-rest-of-season-after-foot-injury-2026-01-31T010954.252Z.jpg","datePublished":"2026-01-30T12:47:30+00:00","breadcrumb":{"@id":"https:\/\/bladnanews.com\/jack-grealish-set-to-miss-rest-of-season-after-foot-injury\/#breadcrumb"},"inLanguage":"fr-FR","potentialAction":[{"@type":"ReadAction","target":["https:\/\/bladnanews.com\/jack-grealish-set-to-miss-rest-of-season-after-foot-injury\/"]}]},{"@type":"ImageObject","inLanguage":"fr-FR","@id":"https:\/\/bladnanews.com\/jack-grealish-set-to-miss-rest-of-season-after-foot-injury\/#primaryimage","url":"https:\/\/bladnanews.com\/wp-content\/uploads\/2026\/01\/BladnaNews-Jack-Grealish-set-to-miss-rest-of-season-after-foot-injury-2026-01-31T010954.252Z.jpg","contentUrl":"https:\/\/bladnanews.com\/wp-content\/uploads\/2026\/01\/BladnaNews-Jack-Grealish-set-to-miss-rest-of-season-after-foot-injury-2026-01-31T010954.252Z.jpg","width":2048,"height":1152,"caption":"Jack Grealish, wearing a blue football kit, looks concerned as he runs his hand through his hair, reflecting on an injury during a match."},{"@type":"BreadcrumbList","@id":"https:\/\/bladnanews.com\/jack-grealish-set-to-miss-rest-of-season-after-foot-injury\/#breadcrumb","itemListElement":[{"@type":"ListItem","position":1,"name":"Home","item":"https:\/\/bladnanews.com\/"},{"@type":"ListItem","position":2,"name":"Jack Grealish set to miss rest of season after foot injury"}]},{"@type":"WebSite","@id":"https:\/\/mediumseagreen-eel-531711.hostingersite.com\/#website","url":"https:\/\/mediumseagreen-eel-531711.hostingersite.com\/","name":"Bladna News - Maroc","description":"Quand le football marocain rencontre le monde","publisher":{"@id":"https:\/\/mediumseagreen-eel-531711.hostingersite.com\/#organization"},"potentialAction":[{"@type":"SearchAction","target":{"@type":"EntryPoint","urlTemplate":"https:\/\/mediumseagreen-eel-531711.hostingersite.com\/?s={search_term_string}"},"query-input":{"@type":"PropertyValueSpecification","valueRequired":true,"valueName":"search_term_string"}}],"inLanguage":"fr-FR"},{"@type":"Organization","@id":"https:\/\/mediumseagreen-eel-531711.hostingersite.com\/#organization","name":"Bladna News.com","url":"https:\/\/mediumseagreen-eel-531711.hostingersite.com\/","logo":{"@type":"ImageObject","inLanguage":"fr-FR","@id":"https:\/\/mediumseagreen-eel-531711.hostingersite.com\/#\/schema\/logo\/image\/","url":"https:\/\/bladnanews.com\/wp-content\/uploads\/2025\/12\/logo-bladnanews-V2-web-black-red.png","contentUrl":"https:\/\/bladnanews.com\/wp-content\/uploads\/2025\/12\/logo-bladnanews-V2-web-black-red.png","width":703,"height":287,"caption":"Bladna News.com"},"image":{"@id":"https:\/\/mediumseagreen-eel-531711.hostingersite.com\/#\/schema\/logo\/image\/"},"email":"info@bladnanews.com","legalName":"Bladna News"},{"@type":"Person","@id":"https:\/\/mediumseagreen-eel-531711.hostingersite.com\/#\/schema\/person\/268e18a453ab080ebf76df6ef7845083","name":"\u00c9quipe r\u00e9dactionnelle de Bladna News","url":"https:\/\/bladnanews.com\/fr\/author\/bladna-news-staff\/"}]}},"_links":{"self":[{"href":"https:\/\/bladnanews.com\/fr\/wp-json\/wp\/v2\/posts\/8235","targetHints":{"allow":["GET"]}}],"collection":[{"href":"https:\/\/bladnanews.com\/fr\/wp-json\/wp\/v2\/posts"}],"about":[{"href":"https:\/\/bladnanews.com\/fr\/wp-json\/wp\/v2\/types\/post"}],"author":[{"embeddable":true,"href":"https:\/\/bladnanews.com\/fr\/wp-json\/wp\/v2\/users\/3"}],"replies":[{"embeddable":true,"href":"https:\/\/bladnanews.com\/fr\/wp-json\/wp\/v2\/comments?post=8235"}],"version-history":[{"count":0,"href":"https:\/\/bladnanews.com\/fr\/wp-json\/wp\/v2\/posts\/8235\/revisions"}],"wp:featuredmedia":[{"embeddable":true,"href":"https:\/\/bladnanews.com\/fr\/wp-json\/wp\/v2\/media\/8234"}],"wp:attachment":[{"href":"https:\/\/bladnanews.com\/fr\/wp-json\/wp\/v2\/media?parent=8235"}],"wp:term":[{"taxonomy":"category","embeddable":true,"href":"https:\/\/bladnanews.com\/fr\/wp-json\/wp\/v2\/categories?post=8235"},{"taxonomy":"post_tag","embeddable":true,"href":"https:\/\/bladnanews.com\/fr\/wp-json\/wp\/v2\/tags?post=8235"}],"curies":[{"name":"wp","href":"https:\/\/api.w.org\/{rel}","templated":true}]}}