{"id":8237,"date":"2026-01-30T12:52:30","date_gmt":"2026-01-30T12:52:30","guid":{"rendered":"https:\/\/bladnanews.com\/man-city-complete-27m-sale-of-youngster-to-fulham\/"},"modified":"2026-01-30T12:52:30","modified_gmt":"2026-01-30T12:52:30","slug":"manchester-city-finalise-la-vente-de-27-millions-deuros-dun-jeune-joueur-a-fulham","status":"publish","type":"post","link":"https:\/\/bladnanews.com\/fr\/manchester-city-finalise-la-vente-de-27-millions-deuros-dun-jeune-joueur-a-fulham\/","title":{"rendered":"Manchester City finalise la vente \u00e0 27 millions de livres d'un jeune joueur \u00e0 Fulham."},"content":{"rendered":"<p>Manchester City a finalis\u00e9 le transfert d\u00e9finitif du jeune Tosin Adarabioyo \u00e0 Fulham pour un montant de 27 millions de livres sterling, alors que Pep Guardiola continue d'all\u00e9ger son effectif en vue d'un nouvel assaut sur le titre de Premier League.<\/p>\n<p>Le d\u00e9fenseur de 24 ans, issu du centre de formation de City, avait pass\u00e9 la saison 2020-21 en pr\u00eat \u00e0 Craven Cottage et avait impressionn\u00e9 malgr\u00e9 la rel\u00e9gation de Fulham. Cette p\u00e9riode a convaincu l'\u00e9quipe de Marco Silva d'insister pour un transfert permanent, et City a d\u00e9sormais accept\u00e9 de le laisser partir dans une vente significative.<\/p>\n<p>Adarabioyo n'a effectu\u00e9 qu'une poign\u00e9e d'apparitions en \u00e9quipe premi\u00e8re avec City, ses opportunit\u00e9s \u00e9tant limit\u00e9es par la profondeur de l'effectif au poste de d\u00e9fenseur central. Il est d\u00e9sormais appel\u00e9 \u00e0 devenir un \u00e9l\u00e9ment cl\u00e9 des plans de Fulham, qui se pr\u00e9pare \u00e0 retrouver l'\u00e9lite.<\/p>\n<p>Les 27 millions de livres sterling repr\u00e9sentent un autre retour sur investissement substantiel pour City concernant un joueur form\u00e9 au club, et ce transfert r\u00e9duit \u00e9galement les options de Guardiola, qui souhaite maintenir un effectif comp\u00e9titif pour la longue campagne \u00e0 venir.<\/p>\n<p>Fulham, promu de Championship la saison derni\u00e8re, a agi rapidement pour renforcer son effectif. L'arriv\u00e9e d'Adarabioyo constitue une op\u00e9ration majeure pour le club londonien, qui cherche \u00e0 s'\u00e9tablir durablement en Premier League.<\/p>","protected":false},"excerpt":{"rendered":"<p>Manchester City have completed the permanent transfer of youngster Tosin Adarabioyo to Fulham in a deal worth \u00a327 million, as [&hellip;]<\/p>\n","protected":false},"author":3,"featured_media":8236,"comment_status":"","ping_status":"open","sticky":false,"template":"","format":"standard","meta":{"googlesitekit_rrm_CAow_uzEDA:productID":"","site-sidebar-layout":"default","site-content-layout":"","ast-site-content-layout":"default","site-content-style":"default","site-sidebar-style":"default","ast-global-header-display":"","ast-banner-title-visibility":"","ast-main-header-display":"","ast-hfb-above-header-display":"","ast-hfb-below-header-display":"","ast-hfb-mobile-header-display":"","site-post-title":"","ast-breadcrumbs-content":"","ast-featured-img":"","footer-sml-layout":"","ast-disable-related-posts":"","theme-transparent-header-meta":"","adv-header-id-meta":"","stick-header-meta":"","header-above-stick-meta":"","header-main-stick-meta":"","header-below-stick-meta":"","astra-migrate-meta-layouts":"default","ast-page-background-enabled":"default","ast-page-background-meta":{"desktop":{"background-color":"var(--ast-global-color-5)","background-image":"","background-repeat":"repeat","background-position":"center center","background-size":"auto","background-attachment":"scroll","background-type":"","background-media":"","overlay-type":"","overlay-color":"","overlay-opacity":"","overlay-gradient":""},"tablet":{"background-color":"","background-image":"","background-repeat":"repeat","background-position":"center center","background-size":"auto","background-attachment":"scroll","background-type":"","background-media":"","overlay-type":"","overlay-color":"","overlay-opacity":"","overlay-gradient":""},"mobile":{"background-color":"","background-image":"","background-repeat":"repeat","background-position":"center center","background-size":"auto","background-attachment":"scroll","background-type":"","background-media":"","overlay-type":"","overlay-color":"","overlay-opacity":"","overlay-gradient":""}},"ast-content-background-meta":{"desktop":{"background-color":"var(--ast-global-color-4)","background-image":"","background-repeat":"repeat","background-position":"center center","background-size":"auto","background-attachment":"scroll","background-type":"","background-media":"","overlay-type":"","overlay-color":"","overlay-opacity":"","overlay-gradient":""},"tablet":{"background-color":"var(--ast-global-color-4)","background-image":"","background-repeat":"repeat","background-position":"center center","background-size":"auto","background-attachment":"scroll","background-type":"","background-media":"","overlay-type":"","overlay-color":"","overlay-opacity":"","overlay-gradient":""},"mobile":{"background-color":"var(--ast-global-color-4)","background-image":"","background-repeat":"repeat","background-position":"center center","background-size":"auto","background-attachment":"scroll","background-type":"","background-media":"","overlay-type":"","overlay-color":"","overlay-opacity":"","overlay-gradient":""}},"footnotes":""},"categories":[20,1],"tags":[],"class_list":["post-8237","post","type-post","status-publish","format-standard","has-post-thumbnail","hentry","category-international","category-football-latest-news"],"yoast_head":"<!-- This site is optimized with the Yoast SEO Premium plugin v26.6 (Yoast SEO v27.4) - https:\/\/yoast.com\/product\/yoast-seo-premium-wordpress\/ -->\n<title>Man City complete \u00a327m sale of youngster to Fulham - Bladna News<\/title>\n<meta name=\"robots\" content=\"index, follow, max-snippet:-1, max-image-preview:large, max-video-preview:-1\" \/>\n<link rel=\"canonical\" href=\"https:\/\/bladnanews.com\/fr\/manchester-city-finalise-la-vente-de-27-millions-deuros-dun-jeune-joueur-a-fulham\/\" \/>\n<meta property=\"og:locale\" content=\"fr_FR\" \/>\n<meta property=\"og:type\" content=\"article\" \/>\n<meta property=\"og:title\" content=\"Man City complete \u00a327m sale of youngster to Fulham\" \/>\n<meta property=\"og:description\" content=\"Manchester City have completed the permanent transfer of youngster Tosin Adarabioyo to Fulham in a deal worth \u00a327 million, as [&hellip;]\" \/>\n<meta property=\"og:url\" content=\"https:\/\/bladnanews.com\/fr\/manchester-city-finalise-la-vente-de-27-millions-deuros-dun-jeune-joueur-a-fulham\/\" \/>\n<meta property=\"og:site_name\" content=\"Bladna News\" \/>\n<meta property=\"article:published_time\" content=\"2026-01-30T12:52:30+00:00\" \/>\n<meta property=\"og:image\" content=\"https:\/\/bladnanews.com\/wp-content\/uploads\/2025\/12\/freepik__bladna-newscom-moroccan-soccer-homepage-banner-mor__41838.png\" \/>\n\t<meta property=\"og:image:width\" content=\"1312\" \/>\n\t<meta property=\"og:image:height\" content=\"736\" \/>\n\t<meta property=\"og:image:type\" content=\"image\/png\" \/>\n<meta name=\"author\" content=\"Bladna News Staff\" \/>\n<meta name=\"twitter:card\" content=\"summary_large_image\" \/>\n<meta name=\"twitter:label1\" content=\"\u00c9crit par\" \/>\n\t<meta name=\"twitter:data1\" content=\"Bladna News Staff\" \/>\n\t<meta name=\"twitter:label2\" content=\"Dur\u00e9e de lecture estim\u00e9e\" \/>\n\t<meta name=\"twitter:data2\" content=\"1 minute\" \/>\n<script type=\"application\/ld+json\" class=\"yoast-schema-graph\">{\"@context\":\"https:\\\/\\\/schema.org\",\"@graph\":[{\"@type\":\"Article\",\"@id\":\"https:\\\/\\\/bladnanews.com\\\/man-city-complete-27m-sale-of-youngster-to-fulham\\\/#article\",\"isPartOf\":{\"@id\":\"https:\\\/\\\/bladnanews.com\\\/man-city-complete-27m-sale-of-youngster-to-fulham\\\/\"},\"author\":{\"name\":\"Bladna News Staff\",\"@id\":\"https:\\\/\\\/mediumseagreen-eel-531711.hostingersite.com\\\/#\\\/schema\\\/person\\\/268e18a453ab080ebf76df6ef7845083\"},\"headline\":\"Man City complete \u00a327m sale of youngster to Fulham\",\"datePublished\":\"2026-01-30T12:52:30+00:00\",\"mainEntityOfPage\":{\"@id\":\"https:\\\/\\\/bladnanews.com\\\/man-city-complete-27m-sale-of-youngster-to-fulham\\\/\"},\"wordCount\":206,\"publisher\":{\"@id\":\"https:\\\/\\\/mediumseagreen-eel-531711.hostingersite.com\\\/#organization\"},\"image\":{\"@id\":\"https:\\\/\\\/bladnanews.com\\\/man-city-complete-27m-sale-of-youngster-to-fulham\\\/#primaryimage\"},\"thumbnailUrl\":\"https:\\\/\\\/bladnanews.com\\\/wp-content\\\/uploads\\\/2026\\\/01\\\/BladnaNews-Man-City-complete-27m-sale-of-youngster-to-Fulham-2026-01-31T011014.697Z.jpg\",\"articleSection\":[\"International\",\"Latest News\"],\"inLanguage\":\"fr-FR\",\"copyrightYear\":\"2026\",\"copyrightHolder\":{\"@id\":\"https:\\\/\\\/bladnanews.com\\\/fr\\\/#organization\"}},{\"@type\":\"WebPage\",\"@id\":\"https:\\\/\\\/bladnanews.com\\\/man-city-complete-27m-sale-of-youngster-to-fulham\\\/\",\"url\":\"https:\\\/\\\/bladnanews.com\\\/man-city-complete-27m-sale-of-youngster-to-fulham\\\/\",\"name\":\"Man City complete \u00a327m sale of youngster to Fulham - Bladna News\",\"isPartOf\":{\"@id\":\"https:\\\/\\\/mediumseagreen-eel-531711.hostingersite.com\\\/#website\"},\"primaryImageOfPage\":{\"@id\":\"https:\\\/\\\/bladnanews.com\\\/man-city-complete-27m-sale-of-youngster-to-fulham\\\/#primaryimage\"},\"image\":{\"@id\":\"https:\\\/\\\/bladnanews.com\\\/man-city-complete-27m-sale-of-youngster-to-fulham\\\/#primaryimage\"},\"thumbnailUrl\":\"https:\\\/\\\/bladnanews.com\\\/wp-content\\\/uploads\\\/2026\\\/01\\\/BladnaNews-Man-City-complete-27m-sale-of-youngster-to-Fulham-2026-01-31T011014.697Z.jpg\",\"datePublished\":\"2026-01-30T12:52:30+00:00\",\"breadcrumb\":{\"@id\":\"https:\\\/\\\/bladnanews.com\\\/man-city-complete-27m-sale-of-youngster-to-fulham\\\/#breadcrumb\"},\"inLanguage\":\"fr-FR\",\"potentialAction\":[{\"@type\":\"ReadAction\",\"target\":[\"https:\\\/\\\/bladnanews.com\\\/man-city-complete-27m-sale-of-youngster-to-fulham\\\/\"]}]},{\"@type\":\"ImageObject\",\"inLanguage\":\"fr-FR\",\"@id\":\"https:\\\/\\\/bladnanews.com\\\/man-city-complete-27m-sale-of-youngster-to-fulham\\\/#primaryimage\",\"url\":\"https:\\\/\\\/bladnanews.com\\\/wp-content\\\/uploads\\\/2026\\\/01\\\/BladnaNews-Man-City-complete-27m-sale-of-youngster-to-Fulham-2026-01-31T011014.697Z.jpg\",\"contentUrl\":\"https:\\\/\\\/bladnanews.com\\\/wp-content\\\/uploads\\\/2026\\\/01\\\/BladnaNews-Man-City-complete-27m-sale-of-youngster-to-Fulham-2026-01-31T011014.697Z.jpg\",\"width\":1984,\"height\":1116,\"caption\":\"Young Manchester City player in a light blue kit, displaying a focused expression during a match, highlighting his potential transfer to Fulham.\"},{\"@type\":\"BreadcrumbList\",\"@id\":\"https:\\\/\\\/bladnanews.com\\\/man-city-complete-27m-sale-of-youngster-to-fulham\\\/#breadcrumb\",\"itemListElement\":[{\"@type\":\"ListItem\",\"position\":1,\"name\":\"Home\",\"item\":\"https:\\\/\\\/bladnanews.com\\\/\"},{\"@type\":\"ListItem\",\"position\":2,\"name\":\"Man City complete \u00a327m sale of youngster to Fulham\"}]},{\"@type\":\"WebSite\",\"@id\":\"https:\\\/\\\/mediumseagreen-eel-531711.hostingersite.com\\\/#website\",\"url\":\"https:\\\/\\\/mediumseagreen-eel-531711.hostingersite.com\\\/\",\"name\":\"Bladna News - Morocco\",\"description\":\"Where Moroccan Football Meets the World\",\"publisher\":{\"@id\":\"https:\\\/\\\/mediumseagreen-eel-531711.hostingersite.com\\\/#organization\"},\"potentialAction\":[{\"@type\":\"SearchAction\",\"target\":{\"@type\":\"EntryPoint\",\"urlTemplate\":\"https:\\\/\\\/mediumseagreen-eel-531711.hostingersite.com\\\/?s={search_term_string}\"},\"query-input\":{\"@type\":\"PropertyValueSpecification\",\"valueRequired\":true,\"valueName\":\"search_term_string\"}}],\"inLanguage\":\"fr-FR\"},{\"@type\":\"Organization\",\"@id\":\"https:\\\/\\\/mediumseagreen-eel-531711.hostingersite.com\\\/#organization\",\"name\":\"Bladna News.com\",\"url\":\"https:\\\/\\\/mediumseagreen-eel-531711.hostingersite.com\\\/\",\"logo\":{\"@type\":\"ImageObject\",\"inLanguage\":\"fr-FR\",\"@id\":\"https:\\\/\\\/mediumseagreen-eel-531711.hostingersite.com\\\/#\\\/schema\\\/logo\\\/image\\\/\",\"url\":\"https:\\\/\\\/bladnanews.com\\\/wp-content\\\/uploads\\\/2025\\\/12\\\/logo-bladnanews-V2-web-black-red.png\",\"contentUrl\":\"https:\\\/\\\/bladnanews.com\\\/wp-content\\\/uploads\\\/2025\\\/12\\\/logo-bladnanews-V2-web-black-red.png\",\"width\":703,\"height\":287,\"caption\":\"Bladna News.com\"},\"image\":{\"@id\":\"https:\\\/\\\/mediumseagreen-eel-531711.hostingersite.com\\\/#\\\/schema\\\/logo\\\/image\\\/\"},\"email\":\"info@bladnanews.com\",\"legalName\":\"Bladna News\"},{\"@type\":\"Person\",\"@id\":\"https:\\\/\\\/mediumseagreen-eel-531711.hostingersite.com\\\/#\\\/schema\\\/person\\\/268e18a453ab080ebf76df6ef7845083\",\"name\":\"Bladna News Staff\",\"url\":\"https:\\\/\\\/bladnanews.com\\\/fr\\\/author\\\/bladna-news-staff\\\/\"}]}<\/script>\n<!-- \/ Yoast SEO Premium plugin. -->","yoast_head_json":{"title":"Manchester City finalise la vente de 27 millions de livres d'un jeune joueur \u00e0 Fulham - Bladna News","robots":{"index":"index","follow":"follow","max-snippet":"max-snippet:-1","max-image-preview":"max-image-preview:large","max-video-preview":"max-video-preview:-1"},"canonical":"https:\/\/bladnanews.com\/fr\/manchester-city-finalise-la-vente-de-27-millions-deuros-dun-jeune-joueur-a-fulham\/","og_locale":"fr_FR","og_type":"article","og_title":"Man City complete \u00a327m sale of youngster to Fulham","og_description":"Manchester City have completed the permanent transfer of youngster Tosin Adarabioyo to Fulham in a deal worth \u00a327 million, as [&hellip;]","og_url":"https:\/\/bladnanews.com\/fr\/manchester-city-finalise-la-vente-de-27-millions-deuros-dun-jeune-joueur-a-fulham\/","og_site_name":"Bladna News","article_published_time":"2026-01-30T12:52:30+00:00","og_image":[{"width":1312,"height":736,"url":"https:\/\/bladnanews.com\/wp-content\/uploads\/2025\/12\/freepik__bladna-newscom-moroccan-soccer-homepage-banner-mor__41838.png","type":"image\/png"}],"author":"Bladna News Staff","twitter_card":"summary_large_image","twitter_misc":{"\u00c9crit par":"Bladna News Staff","Dur\u00e9e de lecture estim\u00e9e":"1 minute"},"schema":{"@context":"https:\/\/schema.org","@graph":[{"@type":"Article","@id":"https:\/\/bladnanews.com\/man-city-complete-27m-sale-of-youngster-to-fulham\/#article","isPartOf":{"@id":"https:\/\/bladnanews.com\/man-city-complete-27m-sale-of-youngster-to-fulham\/"},"author":{"name":"Bladna News Staff","@id":"https:\/\/mediumseagreen-eel-531711.hostingersite.com\/#\/schema\/person\/268e18a453ab080ebf76df6ef7845083"},"headline":"Man City complete \u00a327m sale of youngster to Fulham","datePublished":"2026-01-30T12:52:30+00:00","mainEntityOfPage":{"@id":"https:\/\/bladnanews.com\/man-city-complete-27m-sale-of-youngster-to-fulham\/"},"wordCount":206,"publisher":{"@id":"https:\/\/mediumseagreen-eel-531711.hostingersite.com\/#organization"},"image":{"@id":"https:\/\/bladnanews.com\/man-city-complete-27m-sale-of-youngster-to-fulham\/#primaryimage"},"thumbnailUrl":"https:\/\/bladnanews.com\/wp-content\/uploads\/2026\/01\/BladnaNews-Man-City-complete-27m-sale-of-youngster-to-Fulham-2026-01-31T011014.697Z.jpg","articleSection":["International","Latest News"],"inLanguage":"fr-FR","copyrightYear":"2026","copyrightHolder":{"@id":"https:\/\/bladnanews.com\/fr\/#organization"}},{"@type":"WebPage","@id":"https:\/\/bladnanews.com\/man-city-complete-27m-sale-of-youngster-to-fulham\/","url":"https:\/\/bladnanews.com\/man-city-complete-27m-sale-of-youngster-to-fulham\/","name":"Manchester City finalise la vente de 27 millions de livres d'un jeune joueur \u00e0 Fulham - Bladna News","isPartOf":{"@id":"https:\/\/mediumseagreen-eel-531711.hostingersite.com\/#website"},"primaryImageOfPage":{"@id":"https:\/\/bladnanews.com\/man-city-complete-27m-sale-of-youngster-to-fulham\/#primaryimage"},"image":{"@id":"https:\/\/bladnanews.com\/man-city-complete-27m-sale-of-youngster-to-fulham\/#primaryimage"},"thumbnailUrl":"https:\/\/bladnanews.com\/wp-content\/uploads\/2026\/01\/BladnaNews-Man-City-complete-27m-sale-of-youngster-to-Fulham-2026-01-31T011014.697Z.jpg","datePublished":"2026-01-30T12:52:30+00:00","breadcrumb":{"@id":"https:\/\/bladnanews.com\/man-city-complete-27m-sale-of-youngster-to-fulham\/#breadcrumb"},"inLanguage":"fr-FR","potentialAction":[{"@type":"ReadAction","target":["https:\/\/bladnanews.com\/man-city-complete-27m-sale-of-youngster-to-fulham\/"]}]},{"@type":"ImageObject","inLanguage":"fr-FR","@id":"https:\/\/bladnanews.com\/man-city-complete-27m-sale-of-youngster-to-fulham\/#primaryimage","url":"https:\/\/bladnanews.com\/wp-content\/uploads\/2026\/01\/BladnaNews-Man-City-complete-27m-sale-of-youngster-to-Fulham-2026-01-31T011014.697Z.jpg","contentUrl":"https:\/\/bladnanews.com\/wp-content\/uploads\/2026\/01\/BladnaNews-Man-City-complete-27m-sale-of-youngster-to-Fulham-2026-01-31T011014.697Z.jpg","width":1984,"height":1116,"caption":"Young Manchester City player in a light blue kit, displaying a focused expression during a match, highlighting his potential transfer to Fulham."},{"@type":"BreadcrumbList","@id":"https:\/\/bladnanews.com\/man-city-complete-27m-sale-of-youngster-to-fulham\/#breadcrumb","itemListElement":[{"@type":"ListItem","position":1,"name":"Home","item":"https:\/\/bladnanews.com\/"},{"@type":"ListItem","position":2,"name":"Man City complete \u00a327m sale of youngster to Fulham"}]},{"@type":"WebSite","@id":"https:\/\/mediumseagreen-eel-531711.hostingersite.com\/#website","url":"https:\/\/mediumseagreen-eel-531711.hostingersite.com\/","name":"Bladna News - Maroc","description":"Quand le football marocain rencontre le monde","publisher":{"@id":"https:\/\/mediumseagreen-eel-531711.hostingersite.com\/#organization"},"potentialAction":[{"@type":"SearchAction","target":{"@type":"EntryPoint","urlTemplate":"https:\/\/mediumseagreen-eel-531711.hostingersite.com\/?s={search_term_string}"},"query-input":{"@type":"PropertyValueSpecification","valueRequired":true,"valueName":"search_term_string"}}],"inLanguage":"fr-FR"},{"@type":"Organization","@id":"https:\/\/mediumseagreen-eel-531711.hostingersite.com\/#organization","name":"Bladna News.com","url":"https:\/\/mediumseagreen-eel-531711.hostingersite.com\/","logo":{"@type":"ImageObject","inLanguage":"fr-FR","@id":"https:\/\/mediumseagreen-eel-531711.hostingersite.com\/#\/schema\/logo\/image\/","url":"https:\/\/bladnanews.com\/wp-content\/uploads\/2025\/12\/logo-bladnanews-V2-web-black-red.png","contentUrl":"https:\/\/bladnanews.com\/wp-content\/uploads\/2025\/12\/logo-bladnanews-V2-web-black-red.png","width":703,"height":287,"caption":"Bladna News.com"},"image":{"@id":"https:\/\/mediumseagreen-eel-531711.hostingersite.com\/#\/schema\/logo\/image\/"},"email":"info@bladnanews.com","legalName":"Bladna News"},{"@type":"Person","@id":"https:\/\/mediumseagreen-eel-531711.hostingersite.com\/#\/schema\/person\/268e18a453ab080ebf76df6ef7845083","name":"\u00c9quipe r\u00e9dactionnelle de Bladna News","url":"https:\/\/bladnanews.com\/fr\/author\/bladna-news-staff\/"}]}},"_links":{"self":[{"href":"https:\/\/bladnanews.com\/fr\/wp-json\/wp\/v2\/posts\/8237","targetHints":{"allow":["GET"]}}],"collection":[{"href":"https:\/\/bladnanews.com\/fr\/wp-json\/wp\/v2\/posts"}],"about":[{"href":"https:\/\/bladnanews.com\/fr\/wp-json\/wp\/v2\/types\/post"}],"author":[{"embeddable":true,"href":"https:\/\/bladnanews.com\/fr\/wp-json\/wp\/v2\/users\/3"}],"replies":[{"embeddable":true,"href":"https:\/\/bladnanews.com\/fr\/wp-json\/wp\/v2\/comments?post=8237"}],"version-history":[{"count":0,"href":"https:\/\/bladnanews.com\/fr\/wp-json\/wp\/v2\/posts\/8237\/revisions"}],"wp:featuredmedia":[{"embeddable":true,"href":"https:\/\/bladnanews.com\/fr\/wp-json\/wp\/v2\/media\/8236"}],"wp:attachment":[{"href":"https:\/\/bladnanews.com\/fr\/wp-json\/wp\/v2\/media?parent=8237"}],"wp:term":[{"taxonomy":"category","embeddable":true,"href":"https:\/\/bladnanews.com\/fr\/wp-json\/wp\/v2\/categories?post=8237"},{"taxonomy":"post_tag","embeddable":true,"href":"https:\/\/bladnanews.com\/fr\/wp-json\/wp\/v2\/tags?post=8237"}],"curies":[{"name":"wp","href":"https:\/\/api.w.org\/{rel}","templated":true}]}}