{"id":8239,"date":"2026-01-30T13:04:21","date_gmt":"2026-01-30T13:04:21","guid":{"rendered":"https:\/\/bladnanews.com\/man-utd-staff-divided-over-harry-maguire-future-amid-expiry\/"},"modified":"2026-01-30T13:04:21","modified_gmt":"2026-01-30T13:04:21","slug":"le-personnel-de-manchester-united-est-divise-sur-lavenir-de-harry-maguire-a-lapproche-de-lexpiration-de-son-contrat","status":"publish","type":"post","link":"https:\/\/bladnanews.com\/fr\/le-personnel-de-manchester-united-est-divise-sur-lavenir-de-harry-maguire-a-lapproche-de-lexpiration-de-son-contrat\/","title":{"rendered":"Le personnel de Manchester United est divis\u00e9 quant \u00e0 l'avenir de Harry Maguire \u00e0 l'approche de l'expiration de son contrat."},"content":{"rendered":"<p>Manchester United est confront\u00e9 \u00e0 une d\u00e9cision cruciale concernant Harry Maguire, le personnel \u00e9tant divis\u00e9 sur la marche \u00e0 suivre alors que le d\u00e9fenseur approche de la fin de son contrat.<\/p>\n<p>Le contrat actuel de Maguire \u00e0 Old Trafford expire \u00e0 l'\u00e9t\u00e9 2026. Le club dispose \u00e9galement d'une option pour prolonger son contrat d'une ann\u00e9e suppl\u00e9mentaire, mais aucun choix d\u00e9finitif n'a \u00e9t\u00e9 arr\u00eat\u00e9 quant \u00e0 son activation.<\/p>\n<p>Des divergences existent en coulisses : certains au sein du club estiment que Maguire a encore un r\u00f4le \u00e0 jouer et devrait \u00eatre conserv\u00e9. D'autres consid\u00e8rent que United devrait tourner la page et remodeler ses options d\u00e9fensives dans le cadre de la reconstruction plus large de l'effectif.<\/p>\n<p>\u00c2g\u00e9 de 31 ans, le joueur a altern\u00e9 entre titulaire et rempla\u00e7ant ces derni\u00e8res saisons et a d\u00fb g\u00e9rer des changements de statut, notamment la perte du brassard de capitaine. Malgr\u00e9 cela, il a continu\u00e9 \u00e0 r\u00e9pondre pr\u00e9sent lorsqu'il \u00e9tait sollicit\u00e9 et est rest\u00e9 un \u00e9l\u00e9ment r\u00e9gulier du groupe.<\/p>\n<p>La position officielle de United reste qu'aucune d\u00e9cision n'a \u00e9t\u00e9 confirm\u00e9e publiquement, mais la situation gagne en acuit\u00e9 \u00e0 mesure que le terme du contrat approche et que le club p\u00e8se le meilleur choix pour la phase suivante de son projet.<\/p>\n<p>Pour l'instant, l'avenir de Maguire n'est pas tranch\u00e9, et le d\u00e9bat interne refl\u00e8te une question plus vaste pour United : faut-il privil\u00e9gier l'exp\u00e9rience et la profondeur de l'effectif, ou est-il temps de tourner la page et de reconstruire la d\u00e9fense ?.<\/p>","protected":false},"excerpt":{"rendered":"<p>Manchester United face a key decision over Harry Maguire, with staff split on what the club should do as the [&hellip;]<\/p>\n","protected":false},"author":3,"featured_media":8238,"comment_status":"","ping_status":"open","sticky":false,"template":"","format":"standard","meta":{"googlesitekit_rrm_CAow_uzEDA:productID":"","site-sidebar-layout":"default","site-content-layout":"","ast-site-content-layout":"default","site-content-style":"default","site-sidebar-style":"default","ast-global-header-display":"","ast-banner-title-visibility":"","ast-main-header-display":"","ast-hfb-above-header-display":"","ast-hfb-below-header-display":"","ast-hfb-mobile-header-display":"","site-post-title":"","ast-breadcrumbs-content":"","ast-featured-img":"","footer-sml-layout":"","ast-disable-related-posts":"","theme-transparent-header-meta":"","adv-header-id-meta":"","stick-header-meta":"","header-above-stick-meta":"","header-main-stick-meta":"","header-below-stick-meta":"","astra-migrate-meta-layouts":"default","ast-page-background-enabled":"default","ast-page-background-meta":{"desktop":{"background-color":"var(--ast-global-color-5)","background-image":"","background-repeat":"repeat","background-position":"center center","background-size":"auto","background-attachment":"scroll","background-type":"","background-media":"","overlay-type":"","overlay-color":"","overlay-opacity":"","overlay-gradient":""},"tablet":{"background-color":"","background-image":"","background-repeat":"repeat","background-position":"center center","background-size":"auto","background-attachment":"scroll","background-type":"","background-media":"","overlay-type":"","overlay-color":"","overlay-opacity":"","overlay-gradient":""},"mobile":{"background-color":"","background-image":"","background-repeat":"repeat","background-position":"center center","background-size":"auto","background-attachment":"scroll","background-type":"","background-media":"","overlay-type":"","overlay-color":"","overlay-opacity":"","overlay-gradient":""}},"ast-content-background-meta":{"desktop":{"background-color":"var(--ast-global-color-4)","background-image":"","background-repeat":"repeat","background-position":"center center","background-size":"auto","background-attachment":"scroll","background-type":"","background-media":"","overlay-type":"","overlay-color":"","overlay-opacity":"","overlay-gradient":""},"tablet":{"background-color":"var(--ast-global-color-4)","background-image":"","background-repeat":"repeat","background-position":"center center","background-size":"auto","background-attachment":"scroll","background-type":"","background-media":"","overlay-type":"","overlay-color":"","overlay-opacity":"","overlay-gradient":""},"mobile":{"background-color":"var(--ast-global-color-4)","background-image":"","background-repeat":"repeat","background-position":"center center","background-size":"auto","background-attachment":"scroll","background-type":"","background-media":"","overlay-type":"","overlay-color":"","overlay-opacity":"","overlay-gradient":""}},"footnotes":""},"categories":[20,1],"tags":[],"class_list":["post-8239","post","type-post","status-publish","format-standard","has-post-thumbnail","hentry","category-international","category-football-latest-news"],"yoast_head":"<!-- This site is optimized with the Yoast SEO Premium plugin v26.6 (Yoast SEO v27.4) - https:\/\/yoast.com\/product\/yoast-seo-premium-wordpress\/ -->\n<title>Man Utd staff divided over Harry Maguire future amid expiry - Bladna News<\/title>\n<meta name=\"robots\" content=\"index, follow, max-snippet:-1, max-image-preview:large, max-video-preview:-1\" \/>\n<link rel=\"canonical\" href=\"https:\/\/bladnanews.com\/fr\/le-personnel-de-manchester-united-est-divise-sur-lavenir-de-harry-maguire-a-lapproche-de-lexpiration-de-son-contrat\/\" \/>\n<meta property=\"og:locale\" content=\"fr_FR\" \/>\n<meta property=\"og:type\" content=\"article\" \/>\n<meta property=\"og:title\" content=\"Man Utd staff divided over Harry Maguire future amid expiry\" \/>\n<meta property=\"og:description\" content=\"Manchester United face a key decision over Harry Maguire, with staff split on what the club should do as the [&hellip;]\" \/>\n<meta property=\"og:url\" content=\"https:\/\/bladnanews.com\/fr\/le-personnel-de-manchester-united-est-divise-sur-lavenir-de-harry-maguire-a-lapproche-de-lexpiration-de-son-contrat\/\" \/>\n<meta property=\"og:site_name\" content=\"Bladna News\" \/>\n<meta property=\"article:published_time\" content=\"2026-01-30T13:04:21+00:00\" \/>\n<meta property=\"og:image\" content=\"https:\/\/bladnanews.com\/wp-content\/uploads\/2025\/12\/freepik__bladna-newscom-moroccan-soccer-homepage-banner-mor__41838.png\" \/>\n\t<meta property=\"og:image:width\" content=\"1312\" \/>\n\t<meta property=\"og:image:height\" content=\"736\" \/>\n\t<meta property=\"og:image:type\" content=\"image\/png\" \/>\n<meta name=\"author\" content=\"Bladna News Staff\" \/>\n<meta name=\"twitter:card\" content=\"summary_large_image\" \/>\n<meta name=\"twitter:label1\" content=\"\u00c9crit par\" \/>\n\t<meta name=\"twitter:data1\" content=\"Bladna News Staff\" \/>\n\t<meta name=\"twitter:label2\" content=\"Dur\u00e9e de lecture estim\u00e9e\" \/>\n\t<meta name=\"twitter:data2\" content=\"1 minute\" \/>\n<script type=\"application\/ld+json\" class=\"yoast-schema-graph\">{\"@context\":\"https:\\\/\\\/schema.org\",\"@graph\":[{\"@type\":\"Article\",\"@id\":\"https:\\\/\\\/bladnanews.com\\\/man-utd-staff-divided-over-harry-maguire-future-amid-expiry\\\/#article\",\"isPartOf\":{\"@id\":\"https:\\\/\\\/bladnanews.com\\\/man-utd-staff-divided-over-harry-maguire-future-amid-expiry\\\/\"},\"author\":{\"name\":\"Bladna News Staff\",\"@id\":\"https:\\\/\\\/mediumseagreen-eel-531711.hostingersite.com\\\/#\\\/schema\\\/person\\\/268e18a453ab080ebf76df6ef7845083\"},\"headline\":\"Man Utd staff divided over Harry Maguire future amid expiry\",\"datePublished\":\"2026-01-30T13:04:21+00:00\",\"mainEntityOfPage\":{\"@id\":\"https:\\\/\\\/bladnanews.com\\\/man-utd-staff-divided-over-harry-maguire-future-amid-expiry\\\/\"},\"wordCount\":244,\"publisher\":{\"@id\":\"https:\\\/\\\/mediumseagreen-eel-531711.hostingersite.com\\\/#organization\"},\"image\":{\"@id\":\"https:\\\/\\\/bladnanews.com\\\/man-utd-staff-divided-over-harry-maguire-future-amid-expiry\\\/#primaryimage\"},\"thumbnailUrl\":\"https:\\\/\\\/bladnanews.com\\\/wp-content\\\/uploads\\\/2026\\\/01\\\/BladnaNews-Man-Utd-staff-divided-over-Harry-Maguire-future-amid-expiry-2026-01-31T011036.384Z.jpg\",\"articleSection\":[\"International\",\"Latest News\"],\"inLanguage\":\"fr-FR\",\"copyrightYear\":\"2026\",\"copyrightHolder\":{\"@id\":\"https:\\\/\\\/bladnanews.com\\\/fr\\\/#organization\"}},{\"@type\":\"WebPage\",\"@id\":\"https:\\\/\\\/bladnanews.com\\\/man-utd-staff-divided-over-harry-maguire-future-amid-expiry\\\/\",\"url\":\"https:\\\/\\\/bladnanews.com\\\/man-utd-staff-divided-over-harry-maguire-future-amid-expiry\\\/\",\"name\":\"Man Utd staff divided over Harry Maguire future amid expiry - Bladna News\",\"isPartOf\":{\"@id\":\"https:\\\/\\\/mediumseagreen-eel-531711.hostingersite.com\\\/#website\"},\"primaryImageOfPage\":{\"@id\":\"https:\\\/\\\/bladnanews.com\\\/man-utd-staff-divided-over-harry-maguire-future-amid-expiry\\\/#primaryimage\"},\"image\":{\"@id\":\"https:\\\/\\\/bladnanews.com\\\/man-utd-staff-divided-over-harry-maguire-future-amid-expiry\\\/#primaryimage\"},\"thumbnailUrl\":\"https:\\\/\\\/bladnanews.com\\\/wp-content\\\/uploads\\\/2026\\\/01\\\/BladnaNews-Man-Utd-staff-divided-over-Harry-Maguire-future-amid-expiry-2026-01-31T011036.384Z.jpg\",\"datePublished\":\"2026-01-30T13:04:21+00:00\",\"breadcrumb\":{\"@id\":\"https:\\\/\\\/bladnanews.com\\\/man-utd-staff-divided-over-harry-maguire-future-amid-expiry\\\/#breadcrumb\"},\"inLanguage\":\"fr-FR\",\"potentialAction\":[{\"@type\":\"ReadAction\",\"target\":[\"https:\\\/\\\/bladnanews.com\\\/man-utd-staff-divided-over-harry-maguire-future-amid-expiry\\\/\"]}]},{\"@type\":\"ImageObject\",\"inLanguage\":\"fr-FR\",\"@id\":\"https:\\\/\\\/bladnanews.com\\\/man-utd-staff-divided-over-harry-maguire-future-amid-expiry\\\/#primaryimage\",\"url\":\"https:\\\/\\\/bladnanews.com\\\/wp-content\\\/uploads\\\/2026\\\/01\\\/BladnaNews-Man-Utd-staff-divided-over-Harry-Maguire-future-amid-expiry-2026-01-31T011036.384Z.jpg\",\"contentUrl\":\"https:\\\/\\\/bladnanews.com\\\/wp-content\\\/uploads\\\/2026\\\/01\\\/BladnaNews-Man-Utd-staff-divided-over-Harry-Maguire-future-amid-expiry-2026-01-31T011036.384Z.jpg\",\"width\":1728,\"height\":972,\"caption\":\"Harry Maguire in a Manchester United red kit, looking serious during a match, reflecting uncertainty about his future at the club.\"},{\"@type\":\"BreadcrumbList\",\"@id\":\"https:\\\/\\\/bladnanews.com\\\/man-utd-staff-divided-over-harry-maguire-future-amid-expiry\\\/#breadcrumb\",\"itemListElement\":[{\"@type\":\"ListItem\",\"position\":1,\"name\":\"Home\",\"item\":\"https:\\\/\\\/bladnanews.com\\\/\"},{\"@type\":\"ListItem\",\"position\":2,\"name\":\"Man Utd staff divided over Harry Maguire future amid expiry\"}]},{\"@type\":\"WebSite\",\"@id\":\"https:\\\/\\\/mediumseagreen-eel-531711.hostingersite.com\\\/#website\",\"url\":\"https:\\\/\\\/mediumseagreen-eel-531711.hostingersite.com\\\/\",\"name\":\"Bladna News - Morocco\",\"description\":\"Where Moroccan Football Meets the World\",\"publisher\":{\"@id\":\"https:\\\/\\\/mediumseagreen-eel-531711.hostingersite.com\\\/#organization\"},\"potentialAction\":[{\"@type\":\"SearchAction\",\"target\":{\"@type\":\"EntryPoint\",\"urlTemplate\":\"https:\\\/\\\/mediumseagreen-eel-531711.hostingersite.com\\\/?s={search_term_string}\"},\"query-input\":{\"@type\":\"PropertyValueSpecification\",\"valueRequired\":true,\"valueName\":\"search_term_string\"}}],\"inLanguage\":\"fr-FR\"},{\"@type\":\"Organization\",\"@id\":\"https:\\\/\\\/mediumseagreen-eel-531711.hostingersite.com\\\/#organization\",\"name\":\"Bladna News.com\",\"url\":\"https:\\\/\\\/mediumseagreen-eel-531711.hostingersite.com\\\/\",\"logo\":{\"@type\":\"ImageObject\",\"inLanguage\":\"fr-FR\",\"@id\":\"https:\\\/\\\/mediumseagreen-eel-531711.hostingersite.com\\\/#\\\/schema\\\/logo\\\/image\\\/\",\"url\":\"https:\\\/\\\/bladnanews.com\\\/wp-content\\\/uploads\\\/2025\\\/12\\\/logo-bladnanews-V2-web-black-red.png\",\"contentUrl\":\"https:\\\/\\\/bladnanews.com\\\/wp-content\\\/uploads\\\/2025\\\/12\\\/logo-bladnanews-V2-web-black-red.png\",\"width\":703,\"height\":287,\"caption\":\"Bladna News.com\"},\"image\":{\"@id\":\"https:\\\/\\\/mediumseagreen-eel-531711.hostingersite.com\\\/#\\\/schema\\\/logo\\\/image\\\/\"},\"email\":\"info@bladnanews.com\",\"legalName\":\"Bladna News\"},{\"@type\":\"Person\",\"@id\":\"https:\\\/\\\/mediumseagreen-eel-531711.hostingersite.com\\\/#\\\/schema\\\/person\\\/268e18a453ab080ebf76df6ef7845083\",\"name\":\"Bladna News Staff\",\"url\":\"https:\\\/\\\/bladnanews.com\\\/fr\\\/author\\\/bladna-news-staff\\\/\"}]}<\/script>\n<!-- \/ Yoast SEO Premium plugin. -->","yoast_head_json":{"title":"Le personnel de Manchester United divis\u00e9 sur l'avenir de Harry Maguire \u00e0 l'approche de l'expiration de son contrat - Bladna News","robots":{"index":"index","follow":"follow","max-snippet":"max-snippet:-1","max-image-preview":"max-image-preview:large","max-video-preview":"max-video-preview:-1"},"canonical":"https:\/\/bladnanews.com\/fr\/le-personnel-de-manchester-united-est-divise-sur-lavenir-de-harry-maguire-a-lapproche-de-lexpiration-de-son-contrat\/","og_locale":"fr_FR","og_type":"article","og_title":"Man Utd staff divided over Harry Maguire future amid expiry","og_description":"Manchester United face a key decision over Harry Maguire, with staff split on what the club should do as the [&hellip;]","og_url":"https:\/\/bladnanews.com\/fr\/le-personnel-de-manchester-united-est-divise-sur-lavenir-de-harry-maguire-a-lapproche-de-lexpiration-de-son-contrat\/","og_site_name":"Bladna News","article_published_time":"2026-01-30T13:04:21+00:00","og_image":[{"width":1312,"height":736,"url":"https:\/\/bladnanews.com\/wp-content\/uploads\/2025\/12\/freepik__bladna-newscom-moroccan-soccer-homepage-banner-mor__41838.png","type":"image\/png"}],"author":"Bladna News Staff","twitter_card":"summary_large_image","twitter_misc":{"\u00c9crit par":"Bladna News Staff","Dur\u00e9e de lecture estim\u00e9e":"1 minute"},"schema":{"@context":"https:\/\/schema.org","@graph":[{"@type":"Article","@id":"https:\/\/bladnanews.com\/man-utd-staff-divided-over-harry-maguire-future-amid-expiry\/#article","isPartOf":{"@id":"https:\/\/bladnanews.com\/man-utd-staff-divided-over-harry-maguire-future-amid-expiry\/"},"author":{"name":"Bladna News Staff","@id":"https:\/\/mediumseagreen-eel-531711.hostingersite.com\/#\/schema\/person\/268e18a453ab080ebf76df6ef7845083"},"headline":"Man Utd staff divided over Harry Maguire future amid expiry","datePublished":"2026-01-30T13:04:21+00:00","mainEntityOfPage":{"@id":"https:\/\/bladnanews.com\/man-utd-staff-divided-over-harry-maguire-future-amid-expiry\/"},"wordCount":244,"publisher":{"@id":"https:\/\/mediumseagreen-eel-531711.hostingersite.com\/#organization"},"image":{"@id":"https:\/\/bladnanews.com\/man-utd-staff-divided-over-harry-maguire-future-amid-expiry\/#primaryimage"},"thumbnailUrl":"https:\/\/bladnanews.com\/wp-content\/uploads\/2026\/01\/BladnaNews-Man-Utd-staff-divided-over-Harry-Maguire-future-amid-expiry-2026-01-31T011036.384Z.jpg","articleSection":["International","Latest News"],"inLanguage":"fr-FR","copyrightYear":"2026","copyrightHolder":{"@id":"https:\/\/bladnanews.com\/fr\/#organization"}},{"@type":"WebPage","@id":"https:\/\/bladnanews.com\/man-utd-staff-divided-over-harry-maguire-future-amid-expiry\/","url":"https:\/\/bladnanews.com\/man-utd-staff-divided-over-harry-maguire-future-amid-expiry\/","name":"Le personnel de Manchester United divis\u00e9 sur l'avenir de Harry Maguire \u00e0 l'approche de l'expiration de son contrat - Bladna News","isPartOf":{"@id":"https:\/\/mediumseagreen-eel-531711.hostingersite.com\/#website"},"primaryImageOfPage":{"@id":"https:\/\/bladnanews.com\/man-utd-staff-divided-over-harry-maguire-future-amid-expiry\/#primaryimage"},"image":{"@id":"https:\/\/bladnanews.com\/man-utd-staff-divided-over-harry-maguire-future-amid-expiry\/#primaryimage"},"thumbnailUrl":"https:\/\/bladnanews.com\/wp-content\/uploads\/2026\/01\/BladnaNews-Man-Utd-staff-divided-over-Harry-Maguire-future-amid-expiry-2026-01-31T011036.384Z.jpg","datePublished":"2026-01-30T13:04:21+00:00","breadcrumb":{"@id":"https:\/\/bladnanews.com\/man-utd-staff-divided-over-harry-maguire-future-amid-expiry\/#breadcrumb"},"inLanguage":"fr-FR","potentialAction":[{"@type":"ReadAction","target":["https:\/\/bladnanews.com\/man-utd-staff-divided-over-harry-maguire-future-amid-expiry\/"]}]},{"@type":"ImageObject","inLanguage":"fr-FR","@id":"https:\/\/bladnanews.com\/man-utd-staff-divided-over-harry-maguire-future-amid-expiry\/#primaryimage","url":"https:\/\/bladnanews.com\/wp-content\/uploads\/2026\/01\/BladnaNews-Man-Utd-staff-divided-over-Harry-Maguire-future-amid-expiry-2026-01-31T011036.384Z.jpg","contentUrl":"https:\/\/bladnanews.com\/wp-content\/uploads\/2026\/01\/BladnaNews-Man-Utd-staff-divided-over-Harry-Maguire-future-amid-expiry-2026-01-31T011036.384Z.jpg","width":1728,"height":972,"caption":"Harry Maguire in a Manchester United red kit, looking serious during a match, reflecting uncertainty about his future at the club."},{"@type":"BreadcrumbList","@id":"https:\/\/bladnanews.com\/man-utd-staff-divided-over-harry-maguire-future-amid-expiry\/#breadcrumb","itemListElement":[{"@type":"ListItem","position":1,"name":"Home","item":"https:\/\/bladnanews.com\/"},{"@type":"ListItem","position":2,"name":"Man Utd staff divided over Harry Maguire future amid expiry"}]},{"@type":"WebSite","@id":"https:\/\/mediumseagreen-eel-531711.hostingersite.com\/#website","url":"https:\/\/mediumseagreen-eel-531711.hostingersite.com\/","name":"Bladna News - Maroc","description":"Quand le football marocain rencontre le monde","publisher":{"@id":"https:\/\/mediumseagreen-eel-531711.hostingersite.com\/#organization"},"potentialAction":[{"@type":"SearchAction","target":{"@type":"EntryPoint","urlTemplate":"https:\/\/mediumseagreen-eel-531711.hostingersite.com\/?s={search_term_string}"},"query-input":{"@type":"PropertyValueSpecification","valueRequired":true,"valueName":"search_term_string"}}],"inLanguage":"fr-FR"},{"@type":"Organization","@id":"https:\/\/mediumseagreen-eel-531711.hostingersite.com\/#organization","name":"Bladna News.com","url":"https:\/\/mediumseagreen-eel-531711.hostingersite.com\/","logo":{"@type":"ImageObject","inLanguage":"fr-FR","@id":"https:\/\/mediumseagreen-eel-531711.hostingersite.com\/#\/schema\/logo\/image\/","url":"https:\/\/bladnanews.com\/wp-content\/uploads\/2025\/12\/logo-bladnanews-V2-web-black-red.png","contentUrl":"https:\/\/bladnanews.com\/wp-content\/uploads\/2025\/12\/logo-bladnanews-V2-web-black-red.png","width":703,"height":287,"caption":"Bladna News.com"},"image":{"@id":"https:\/\/mediumseagreen-eel-531711.hostingersite.com\/#\/schema\/logo\/image\/"},"email":"info@bladnanews.com","legalName":"Bladna News"},{"@type":"Person","@id":"https:\/\/mediumseagreen-eel-531711.hostingersite.com\/#\/schema\/person\/268e18a453ab080ebf76df6ef7845083","name":"\u00c9quipe r\u00e9dactionnelle de Bladna News","url":"https:\/\/bladnanews.com\/fr\/author\/bladna-news-staff\/"}]}},"_links":{"self":[{"href":"https:\/\/bladnanews.com\/fr\/wp-json\/wp\/v2\/posts\/8239","targetHints":{"allow":["GET"]}}],"collection":[{"href":"https:\/\/bladnanews.com\/fr\/wp-json\/wp\/v2\/posts"}],"about":[{"href":"https:\/\/bladnanews.com\/fr\/wp-json\/wp\/v2\/types\/post"}],"author":[{"embeddable":true,"href":"https:\/\/bladnanews.com\/fr\/wp-json\/wp\/v2\/users\/3"}],"replies":[{"embeddable":true,"href":"https:\/\/bladnanews.com\/fr\/wp-json\/wp\/v2\/comments?post=8239"}],"version-history":[{"count":0,"href":"https:\/\/bladnanews.com\/fr\/wp-json\/wp\/v2\/posts\/8239\/revisions"}],"wp:featuredmedia":[{"embeddable":true,"href":"https:\/\/bladnanews.com\/fr\/wp-json\/wp\/v2\/media\/8238"}],"wp:attachment":[{"href":"https:\/\/bladnanews.com\/fr\/wp-json\/wp\/v2\/media?parent=8239"}],"wp:term":[{"taxonomy":"category","embeddable":true,"href":"https:\/\/bladnanews.com\/fr\/wp-json\/wp\/v2\/categories?post=8239"},{"taxonomy":"post_tag","embeddable":true,"href":"https:\/\/bladnanews.com\/fr\/wp-json\/wp\/v2\/tags?post=8239"}],"curies":[{"name":"wp","href":"https:\/\/api.w.org\/{rel}","templated":true}]}}