{"id":8273,"date":"2026-01-30T17:14:26","date_gmt":"2026-01-30T17:14:26","guid":{"rendered":"https:\/\/bladnanews.com\/carrick-confirms-man-utd-defender-dorgu-out-long-term\/"},"modified":"2026-01-30T17:14:26","modified_gmt":"2026-01-30T17:14:26","slug":"carrick-confirme-que-le-defenseur-de-manchester-united-dorgu-sera-absent-a-long-terme","status":"publish","type":"post","link":"https:\/\/bladnanews.com\/fr\/carrick-confirme-que-le-defenseur-de-manchester-united-dorgu-sera-absent-a-long-terme\/","title":{"rendered":"Carrick confirme que le d\u00e9fenseur de Manchester United, Dorgu, sera absent \u00e0 long terme."},"content":{"rendered":"<p>Michael Carrick a confirm\u00e9 que Patrick Dorgu s'appr\u00eate \u00e0 passer une longue p\u00e9riode en dehors des terrains, le d\u00e9fenseur de Manchester United devant \u00eatre absent pour une dur\u00e9e prolong\u00e9e en raison d'une blessure.<\/p>\n<p>Dorgu a \u00e9t\u00e9 absent apr\u00e8s avoir contract\u00e9 ce probl\u00e8me lors d'un r\u00e9cent match, et Carrick a admis que la situation ne s'annonce pas favorable pour le jeune joueur. S'exprimant avant la prochaine rencontre de son \u00e9quipe, Carrick a livr\u00e9 un bilan sombre sur l'\u00e9tat du lat\u00e9ral gauche.<\/p>\n<p><strong>\u201c Il semble qu'il va \u00eatre absent pendant un certain temps, \u201d<\/strong> a d\u00e9clar\u00e9 Carrick, confirmant les craintes concernant la gravit\u00e9 de la blessure.<\/p>\n<p>Cette nouvelle constitue un coup dur pour United et pour Dorgu, qui cherchait \u00e0 obtenir plus de temps de jeu. Les commentaires de Carrick sugg\u00e8rent que le d\u00e9fenseur est d\u00e9sormais susceptible de manquer une s\u00e9rie importante de matches pendant sa convalescence.<\/p>\n<p>United \u00e9valueront leurs options pendant que Dorgu reste indisponible, Carrick reconnaissant les perturbations qu'entra\u00eene une absence prolong\u00e9e. Pour l'instant, l'accent est mis sur sa r\u00e9\u00e9ducation et sur son retour au plus vite en forme.<\/p>","protected":false},"excerpt":{"rendered":"<p>Michael Carrick has confirmed Patrick Dorgu is facing a long spell on the sidelines, with the Manchester United defender set [&hellip;]<\/p>\n","protected":false},"author":3,"featured_media":8272,"comment_status":"","ping_status":"open","sticky":false,"template":"","format":"standard","meta":{"googlesitekit_rrm_CAow_uzEDA:productID":"","site-sidebar-layout":"default","site-content-layout":"","ast-site-content-layout":"default","site-content-style":"default","site-sidebar-style":"default","ast-global-header-display":"","ast-banner-title-visibility":"","ast-main-header-display":"","ast-hfb-above-header-display":"","ast-hfb-below-header-display":"","ast-hfb-mobile-header-display":"","site-post-title":"","ast-breadcrumbs-content":"","ast-featured-img":"","footer-sml-layout":"","ast-disable-related-posts":"","theme-transparent-header-meta":"","adv-header-id-meta":"","stick-header-meta":"","header-above-stick-meta":"","header-main-stick-meta":"","header-below-stick-meta":"","astra-migrate-meta-layouts":"default","ast-page-background-enabled":"default","ast-page-background-meta":{"desktop":{"background-color":"var(--ast-global-color-5)","background-image":"","background-repeat":"repeat","background-position":"center center","background-size":"auto","background-attachment":"scroll","background-type":"","background-media":"","overlay-type":"","overlay-color":"","overlay-opacity":"","overlay-gradient":""},"tablet":{"background-color":"","background-image":"","background-repeat":"repeat","background-position":"center center","background-size":"auto","background-attachment":"scroll","background-type":"","background-media":"","overlay-type":"","overlay-color":"","overlay-opacity":"","overlay-gradient":""},"mobile":{"background-color":"","background-image":"","background-repeat":"repeat","background-position":"center center","background-size":"auto","background-attachment":"scroll","background-type":"","background-media":"","overlay-type":"","overlay-color":"","overlay-opacity":"","overlay-gradient":""}},"ast-content-background-meta":{"desktop":{"background-color":"var(--ast-global-color-4)","background-image":"","background-repeat":"repeat","background-position":"center center","background-size":"auto","background-attachment":"scroll","background-type":"","background-media":"","overlay-type":"","overlay-color":"","overlay-opacity":"","overlay-gradient":""},"tablet":{"background-color":"var(--ast-global-color-4)","background-image":"","background-repeat":"repeat","background-position":"center center","background-size":"auto","background-attachment":"scroll","background-type":"","background-media":"","overlay-type":"","overlay-color":"","overlay-opacity":"","overlay-gradient":""},"mobile":{"background-color":"var(--ast-global-color-4)","background-image":"","background-repeat":"repeat","background-position":"center center","background-size":"auto","background-attachment":"scroll","background-type":"","background-media":"","overlay-type":"","overlay-color":"","overlay-opacity":"","overlay-gradient":""}},"footnotes":""},"categories":[20,1],"tags":[],"class_list":["post-8273","post","type-post","status-publish","format-standard","has-post-thumbnail","hentry","category-international","category-football-latest-news"],"yoast_head":"<!-- This site is optimized with the Yoast SEO Premium plugin v26.6 (Yoast SEO v27.4) - https:\/\/yoast.com\/product\/yoast-seo-premium-wordpress\/ -->\n<title>Carrick confirms Man Utd defender Dorgu out long term - Bladna News<\/title>\n<meta name=\"robots\" content=\"index, follow, max-snippet:-1, max-image-preview:large, max-video-preview:-1\" \/>\n<link rel=\"canonical\" href=\"https:\/\/bladnanews.com\/fr\/carrick-confirme-que-le-defenseur-de-manchester-united-dorgu-sera-absent-a-long-terme\/\" \/>\n<meta property=\"og:locale\" content=\"fr_FR\" \/>\n<meta property=\"og:type\" content=\"article\" \/>\n<meta property=\"og:title\" content=\"Carrick confirms Man Utd defender Dorgu out long term\" \/>\n<meta property=\"og:description\" content=\"Michael Carrick has confirmed Patrick Dorgu is facing a long spell on the sidelines, with the Manchester United defender set [&hellip;]\" \/>\n<meta property=\"og:url\" content=\"https:\/\/bladnanews.com\/fr\/carrick-confirme-que-le-defenseur-de-manchester-united-dorgu-sera-absent-a-long-terme\/\" \/>\n<meta property=\"og:site_name\" content=\"Bladna News\" \/>\n<meta property=\"article:published_time\" content=\"2026-01-30T17:14:26+00:00\" \/>\n<meta property=\"og:image\" content=\"https:\/\/bladnanews.com\/wp-content\/uploads\/2025\/12\/freepik__bladna-newscom-moroccan-soccer-homepage-banner-mor__41838.png\" \/>\n\t<meta property=\"og:image:width\" content=\"1312\" \/>\n\t<meta property=\"og:image:height\" content=\"736\" \/>\n\t<meta property=\"og:image:type\" content=\"image\/png\" \/>\n<meta name=\"author\" content=\"Bladna News Staff\" \/>\n<meta name=\"twitter:card\" content=\"summary_large_image\" \/>\n<meta name=\"twitter:label1\" content=\"\u00c9crit par\" \/>\n\t<meta name=\"twitter:data1\" content=\"Bladna News Staff\" \/>\n\t<meta name=\"twitter:label2\" content=\"Dur\u00e9e de lecture estim\u00e9e\" \/>\n\t<meta name=\"twitter:data2\" content=\"1 minute\" \/>\n<script type=\"application\/ld+json\" class=\"yoast-schema-graph\">{\"@context\":\"https:\\\/\\\/schema.org\",\"@graph\":[{\"@type\":\"Article\",\"@id\":\"https:\\\/\\\/bladnanews.com\\\/carrick-confirms-man-utd-defender-dorgu-out-long-term\\\/#article\",\"isPartOf\":{\"@id\":\"https:\\\/\\\/bladnanews.com\\\/carrick-confirms-man-utd-defender-dorgu-out-long-term\\\/\"},\"author\":{\"name\":\"Bladna News Staff\",\"@id\":\"https:\\\/\\\/mediumseagreen-eel-531711.hostingersite.com\\\/#\\\/schema\\\/person\\\/268e18a453ab080ebf76df6ef7845083\"},\"headline\":\"Carrick confirms Man Utd defender Dorgu out long term\",\"datePublished\":\"2026-01-30T17:14:26+00:00\",\"mainEntityOfPage\":{\"@id\":\"https:\\\/\\\/bladnanews.com\\\/carrick-confirms-man-utd-defender-dorgu-out-long-term\\\/\"},\"wordCount\":178,\"publisher\":{\"@id\":\"https:\\\/\\\/mediumseagreen-eel-531711.hostingersite.com\\\/#organization\"},\"image\":{\"@id\":\"https:\\\/\\\/bladnanews.com\\\/carrick-confirms-man-utd-defender-dorgu-out-long-term\\\/#primaryimage\"},\"thumbnailUrl\":\"https:\\\/\\\/bladnanews.com\\\/wp-content\\\/uploads\\\/2026\\\/01\\\/BladnaNews-Carrick-confirms-Man-Utd-defender-Dorgu-out-long-term-2026-01-31T130927.322Z.jpg\",\"articleSection\":[\"International\",\"Latest News\"],\"inLanguage\":\"fr-FR\",\"copyrightYear\":\"2026\",\"copyrightHolder\":{\"@id\":\"https:\\\/\\\/bladnanews.com\\\/fr\\\/#organization\"}},{\"@type\":\"WebPage\",\"@id\":\"https:\\\/\\\/bladnanews.com\\\/carrick-confirms-man-utd-defender-dorgu-out-long-term\\\/\",\"url\":\"https:\\\/\\\/bladnanews.com\\\/carrick-confirms-man-utd-defender-dorgu-out-long-term\\\/\",\"name\":\"Carrick confirms Man Utd defender Dorgu out long term - Bladna News\",\"isPartOf\":{\"@id\":\"https:\\\/\\\/mediumseagreen-eel-531711.hostingersite.com\\\/#website\"},\"primaryImageOfPage\":{\"@id\":\"https:\\\/\\\/bladnanews.com\\\/carrick-confirms-man-utd-defender-dorgu-out-long-term\\\/#primaryimage\"},\"image\":{\"@id\":\"https:\\\/\\\/bladnanews.com\\\/carrick-confirms-man-utd-defender-dorgu-out-long-term\\\/#primaryimage\"},\"thumbnailUrl\":\"https:\\\/\\\/bladnanews.com\\\/wp-content\\\/uploads\\\/2026\\\/01\\\/BladnaNews-Carrick-confirms-Man-Utd-defender-Dorgu-out-long-term-2026-01-31T130927.322Z.jpg\",\"datePublished\":\"2026-01-30T17:14:26+00:00\",\"breadcrumb\":{\"@id\":\"https:\\\/\\\/bladnanews.com\\\/carrick-confirms-man-utd-defender-dorgu-out-long-term\\\/#breadcrumb\"},\"inLanguage\":\"fr-FR\",\"potentialAction\":[{\"@type\":\"ReadAction\",\"target\":[\"https:\\\/\\\/bladnanews.com\\\/carrick-confirms-man-utd-defender-dorgu-out-long-term\\\/\"]}]},{\"@type\":\"ImageObject\",\"inLanguage\":\"fr-FR\",\"@id\":\"https:\\\/\\\/bladnanews.com\\\/carrick-confirms-man-utd-defender-dorgu-out-long-term\\\/#primaryimage\",\"url\":\"https:\\\/\\\/bladnanews.com\\\/wp-content\\\/uploads\\\/2026\\\/01\\\/BladnaNews-Carrick-confirms-Man-Utd-defender-Dorgu-out-long-term-2026-01-31T130927.322Z.jpg\",\"contentUrl\":\"https:\\\/\\\/bladnanews.com\\\/wp-content\\\/uploads\\\/2026\\\/01\\\/BladnaNews-Carrick-confirms-Man-Utd-defender-Dorgu-out-long-term-2026-01-31T130927.322Z.jpg\",\"width\":1977,\"height\":1112,\"caption\":\"Manchester United defender Dorgu, wearing a black jersey with yellow trim, looks on during a match, showing concern and focus.\"},{\"@type\":\"BreadcrumbList\",\"@id\":\"https:\\\/\\\/bladnanews.com\\\/carrick-confirms-man-utd-defender-dorgu-out-long-term\\\/#breadcrumb\",\"itemListElement\":[{\"@type\":\"ListItem\",\"position\":1,\"name\":\"Home\",\"item\":\"https:\\\/\\\/bladnanews.com\\\/\"},{\"@type\":\"ListItem\",\"position\":2,\"name\":\"Carrick confirms Man Utd defender Dorgu out long term\"}]},{\"@type\":\"WebSite\",\"@id\":\"https:\\\/\\\/mediumseagreen-eel-531711.hostingersite.com\\\/#website\",\"url\":\"https:\\\/\\\/mediumseagreen-eel-531711.hostingersite.com\\\/\",\"name\":\"Bladna News - Morocco\",\"description\":\"Where Moroccan Football Meets the World\",\"publisher\":{\"@id\":\"https:\\\/\\\/mediumseagreen-eel-531711.hostingersite.com\\\/#organization\"},\"potentialAction\":[{\"@type\":\"SearchAction\",\"target\":{\"@type\":\"EntryPoint\",\"urlTemplate\":\"https:\\\/\\\/mediumseagreen-eel-531711.hostingersite.com\\\/?s={search_term_string}\"},\"query-input\":{\"@type\":\"PropertyValueSpecification\",\"valueRequired\":true,\"valueName\":\"search_term_string\"}}],\"inLanguage\":\"fr-FR\"},{\"@type\":\"Organization\",\"@id\":\"https:\\\/\\\/mediumseagreen-eel-531711.hostingersite.com\\\/#organization\",\"name\":\"Bladna News.com\",\"url\":\"https:\\\/\\\/mediumseagreen-eel-531711.hostingersite.com\\\/\",\"logo\":{\"@type\":\"ImageObject\",\"inLanguage\":\"fr-FR\",\"@id\":\"https:\\\/\\\/mediumseagreen-eel-531711.hostingersite.com\\\/#\\\/schema\\\/logo\\\/image\\\/\",\"url\":\"https:\\\/\\\/bladnanews.com\\\/wp-content\\\/uploads\\\/2025\\\/12\\\/logo-bladnanews-V2-web-black-red.png\",\"contentUrl\":\"https:\\\/\\\/bladnanews.com\\\/wp-content\\\/uploads\\\/2025\\\/12\\\/logo-bladnanews-V2-web-black-red.png\",\"width\":703,\"height\":287,\"caption\":\"Bladna News.com\"},\"image\":{\"@id\":\"https:\\\/\\\/mediumseagreen-eel-531711.hostingersite.com\\\/#\\\/schema\\\/logo\\\/image\\\/\"},\"email\":\"info@bladnanews.com\",\"legalName\":\"Bladna News\"},{\"@type\":\"Person\",\"@id\":\"https:\\\/\\\/mediumseagreen-eel-531711.hostingersite.com\\\/#\\\/schema\\\/person\\\/268e18a453ab080ebf76df6ef7845083\",\"name\":\"Bladna News Staff\",\"url\":\"https:\\\/\\\/bladnanews.com\\\/fr\\\/author\\\/bladna-news-staff\\\/\"}]}<\/script>\n<!-- \/ Yoast SEO Premium plugin. -->","yoast_head_json":{"title":"Carrick confirme que le d\u00e9fenseur de Man Utd, Dorgu, sera absent \u00e0 long terme - Bladna News","robots":{"index":"index","follow":"follow","max-snippet":"max-snippet:-1","max-image-preview":"max-image-preview:large","max-video-preview":"max-video-preview:-1"},"canonical":"https:\/\/bladnanews.com\/fr\/carrick-confirme-que-le-defenseur-de-manchester-united-dorgu-sera-absent-a-long-terme\/","og_locale":"fr_FR","og_type":"article","og_title":"Carrick confirms Man Utd defender Dorgu out long term","og_description":"Michael Carrick has confirmed Patrick Dorgu is facing a long spell on the sidelines, with the Manchester United defender set [&hellip;]","og_url":"https:\/\/bladnanews.com\/fr\/carrick-confirme-que-le-defenseur-de-manchester-united-dorgu-sera-absent-a-long-terme\/","og_site_name":"Bladna News","article_published_time":"2026-01-30T17:14:26+00:00","og_image":[{"width":1312,"height":736,"url":"https:\/\/bladnanews.com\/wp-content\/uploads\/2025\/12\/freepik__bladna-newscom-moroccan-soccer-homepage-banner-mor__41838.png","type":"image\/png"}],"author":"Bladna News Staff","twitter_card":"summary_large_image","twitter_misc":{"\u00c9crit par":"Bladna News Staff","Dur\u00e9e de lecture estim\u00e9e":"1 minute"},"schema":{"@context":"https:\/\/schema.org","@graph":[{"@type":"Article","@id":"https:\/\/bladnanews.com\/carrick-confirms-man-utd-defender-dorgu-out-long-term\/#article","isPartOf":{"@id":"https:\/\/bladnanews.com\/carrick-confirms-man-utd-defender-dorgu-out-long-term\/"},"author":{"name":"Bladna News Staff","@id":"https:\/\/mediumseagreen-eel-531711.hostingersite.com\/#\/schema\/person\/268e18a453ab080ebf76df6ef7845083"},"headline":"Carrick confirms Man Utd defender Dorgu out long term","datePublished":"2026-01-30T17:14:26+00:00","mainEntityOfPage":{"@id":"https:\/\/bladnanews.com\/carrick-confirms-man-utd-defender-dorgu-out-long-term\/"},"wordCount":178,"publisher":{"@id":"https:\/\/mediumseagreen-eel-531711.hostingersite.com\/#organization"},"image":{"@id":"https:\/\/bladnanews.com\/carrick-confirms-man-utd-defender-dorgu-out-long-term\/#primaryimage"},"thumbnailUrl":"https:\/\/bladnanews.com\/wp-content\/uploads\/2026\/01\/BladnaNews-Carrick-confirms-Man-Utd-defender-Dorgu-out-long-term-2026-01-31T130927.322Z.jpg","articleSection":["International","Latest News"],"inLanguage":"fr-FR","copyrightYear":"2026","copyrightHolder":{"@id":"https:\/\/bladnanews.com\/fr\/#organization"}},{"@type":"WebPage","@id":"https:\/\/bladnanews.com\/carrick-confirms-man-utd-defender-dorgu-out-long-term\/","url":"https:\/\/bladnanews.com\/carrick-confirms-man-utd-defender-dorgu-out-long-term\/","name":"Carrick confirme que le d\u00e9fenseur de Man Utd, Dorgu, sera absent \u00e0 long terme - Bladna News","isPartOf":{"@id":"https:\/\/mediumseagreen-eel-531711.hostingersite.com\/#website"},"primaryImageOfPage":{"@id":"https:\/\/bladnanews.com\/carrick-confirms-man-utd-defender-dorgu-out-long-term\/#primaryimage"},"image":{"@id":"https:\/\/bladnanews.com\/carrick-confirms-man-utd-defender-dorgu-out-long-term\/#primaryimage"},"thumbnailUrl":"https:\/\/bladnanews.com\/wp-content\/uploads\/2026\/01\/BladnaNews-Carrick-confirms-Man-Utd-defender-Dorgu-out-long-term-2026-01-31T130927.322Z.jpg","datePublished":"2026-01-30T17:14:26+00:00","breadcrumb":{"@id":"https:\/\/bladnanews.com\/carrick-confirms-man-utd-defender-dorgu-out-long-term\/#breadcrumb"},"inLanguage":"fr-FR","potentialAction":[{"@type":"ReadAction","target":["https:\/\/bladnanews.com\/carrick-confirms-man-utd-defender-dorgu-out-long-term\/"]}]},{"@type":"ImageObject","inLanguage":"fr-FR","@id":"https:\/\/bladnanews.com\/carrick-confirms-man-utd-defender-dorgu-out-long-term\/#primaryimage","url":"https:\/\/bladnanews.com\/wp-content\/uploads\/2026\/01\/BladnaNews-Carrick-confirms-Man-Utd-defender-Dorgu-out-long-term-2026-01-31T130927.322Z.jpg","contentUrl":"https:\/\/bladnanews.com\/wp-content\/uploads\/2026\/01\/BladnaNews-Carrick-confirms-Man-Utd-defender-Dorgu-out-long-term-2026-01-31T130927.322Z.jpg","width":1977,"height":1112,"caption":"Manchester United defender Dorgu, wearing a black jersey with yellow trim, looks on during a match, showing concern and focus."},{"@type":"BreadcrumbList","@id":"https:\/\/bladnanews.com\/carrick-confirms-man-utd-defender-dorgu-out-long-term\/#breadcrumb","itemListElement":[{"@type":"ListItem","position":1,"name":"Home","item":"https:\/\/bladnanews.com\/"},{"@type":"ListItem","position":2,"name":"Carrick confirms Man Utd defender Dorgu out long term"}]},{"@type":"WebSite","@id":"https:\/\/mediumseagreen-eel-531711.hostingersite.com\/#website","url":"https:\/\/mediumseagreen-eel-531711.hostingersite.com\/","name":"Bladna News - Maroc","description":"Quand le football marocain rencontre le monde","publisher":{"@id":"https:\/\/mediumseagreen-eel-531711.hostingersite.com\/#organization"},"potentialAction":[{"@type":"SearchAction","target":{"@type":"EntryPoint","urlTemplate":"https:\/\/mediumseagreen-eel-531711.hostingersite.com\/?s={search_term_string}"},"query-input":{"@type":"PropertyValueSpecification","valueRequired":true,"valueName":"search_term_string"}}],"inLanguage":"fr-FR"},{"@type":"Organization","@id":"https:\/\/mediumseagreen-eel-531711.hostingersite.com\/#organization","name":"Bladna News.com","url":"https:\/\/mediumseagreen-eel-531711.hostingersite.com\/","logo":{"@type":"ImageObject","inLanguage":"fr-FR","@id":"https:\/\/mediumseagreen-eel-531711.hostingersite.com\/#\/schema\/logo\/image\/","url":"https:\/\/bladnanews.com\/wp-content\/uploads\/2025\/12\/logo-bladnanews-V2-web-black-red.png","contentUrl":"https:\/\/bladnanews.com\/wp-content\/uploads\/2025\/12\/logo-bladnanews-V2-web-black-red.png","width":703,"height":287,"caption":"Bladna News.com"},"image":{"@id":"https:\/\/mediumseagreen-eel-531711.hostingersite.com\/#\/schema\/logo\/image\/"},"email":"info@bladnanews.com","legalName":"Bladna News"},{"@type":"Person","@id":"https:\/\/mediumseagreen-eel-531711.hostingersite.com\/#\/schema\/person\/268e18a453ab080ebf76df6ef7845083","name":"\u00c9quipe r\u00e9dactionnelle de Bladna News","url":"https:\/\/bladnanews.com\/fr\/author\/bladna-news-staff\/"}]}},"_links":{"self":[{"href":"https:\/\/bladnanews.com\/fr\/wp-json\/wp\/v2\/posts\/8273","targetHints":{"allow":["GET"]}}],"collection":[{"href":"https:\/\/bladnanews.com\/fr\/wp-json\/wp\/v2\/posts"}],"about":[{"href":"https:\/\/bladnanews.com\/fr\/wp-json\/wp\/v2\/types\/post"}],"author":[{"embeddable":true,"href":"https:\/\/bladnanews.com\/fr\/wp-json\/wp\/v2\/users\/3"}],"replies":[{"embeddable":true,"href":"https:\/\/bladnanews.com\/fr\/wp-json\/wp\/v2\/comments?post=8273"}],"version-history":[{"count":0,"href":"https:\/\/bladnanews.com\/fr\/wp-json\/wp\/v2\/posts\/8273\/revisions"}],"wp:featuredmedia":[{"embeddable":true,"href":"https:\/\/bladnanews.com\/fr\/wp-json\/wp\/v2\/media\/8272"}],"wp:attachment":[{"href":"https:\/\/bladnanews.com\/fr\/wp-json\/wp\/v2\/media?parent=8273"}],"wp:term":[{"taxonomy":"category","embeddable":true,"href":"https:\/\/bladnanews.com\/fr\/wp-json\/wp\/v2\/categories?post=8273"},{"taxonomy":"post_tag","embeddable":true,"href":"https:\/\/bladnanews.com\/fr\/wp-json\/wp\/v2\/tags?post=8273"}],"curies":[{"name":"wp","href":"https:\/\/api.w.org\/{rel}","templated":true}]}}