{"id":8329,"date":"2026-01-31T14:59:59","date_gmt":"2026-01-31T14:59:59","guid":{"rendered":"https:\/\/bladnanews.com\/bukayo-saka-injured-and-replaced-before-arsenal-vs-leeds-kick-off\/"},"modified":"2026-01-31T14:59:59","modified_gmt":"2026-01-31T14:59:59","slug":"bukayo-saka-blesse-et-remplace-avant-le-coup-denvoi-darsenal-contre-leeds","status":"publish","type":"post","link":"https:\/\/bladnanews.com\/fr\/bukayo-saka-blesse-et-remplace-avant-le-coup-denvoi-darsenal-contre-leeds\/","title":{"rendered":"Bukayo Saka bless\u00e9 et remplac\u00e9 avant le coup d'envoi d'Arsenal contre Leeds"},"content":{"rendered":"<p>Arsenal a subi un coup dur juste avant le coup d'envoi contre Leeds, Bukayo Saka ayant \u00e9t\u00e9 victime d'une blessure pendant l'\u00e9chauffement et ayant d\u00fb \u00eatre remplac\u00e9 dans le onze de d\u00e9part.<\/p>\n<p>Saka avait initialement \u00e9t\u00e9 titularis\u00e9 dans l'\u00e9quipe de Mikel Arteta, mais l'ailier n'a finalement pas pu participer au d\u00e9but du match apr\u00e8s avoir sembl\u00e9 ressentir un probl\u00e8me peu avant le d\u00e9but de la rencontre.<\/p>\n<p>Arsenal a \u00e9t\u00e9 contraint \u00e0 un changement de derni\u00e8re minute, Saka \u00e9tant retir\u00e9 du onze de d\u00e9part et remplac\u00e9 avant cet affrontement de Premier League.<\/p>\n<p>L'incident est survenu quelques instants seulement avant le coup d'envoi, bouleversant les plans d'Arsenal et privant Arteta d'un de ses joueurs offensifs cl\u00e9s pour le match contre Leeds.<\/p>","protected":false},"excerpt":{"rendered":"<p>Arsenal suffered a late blow before kick-off against Leeds as Bukayo Saka pulled up injured during the warm-up and had [&hellip;]<\/p>\n","protected":false},"author":3,"featured_media":8328,"comment_status":"","ping_status":"open","sticky":false,"template":"","format":"standard","meta":{"googlesitekit_rrm_CAow_uzEDA:productID":"","site-sidebar-layout":"default","site-content-layout":"","ast-site-content-layout":"default","site-content-style":"default","site-sidebar-style":"default","ast-global-header-display":"","ast-banner-title-visibility":"","ast-main-header-display":"","ast-hfb-above-header-display":"","ast-hfb-below-header-display":"","ast-hfb-mobile-header-display":"","site-post-title":"","ast-breadcrumbs-content":"","ast-featured-img":"","footer-sml-layout":"","ast-disable-related-posts":"","theme-transparent-header-meta":"","adv-header-id-meta":"","stick-header-meta":"","header-above-stick-meta":"","header-main-stick-meta":"","header-below-stick-meta":"","astra-migrate-meta-layouts":"default","ast-page-background-enabled":"default","ast-page-background-meta":{"desktop":{"background-color":"var(--ast-global-color-5)","background-image":"","background-repeat":"repeat","background-position":"center center","background-size":"auto","background-attachment":"scroll","background-type":"","background-media":"","overlay-type":"","overlay-color":"","overlay-opacity":"","overlay-gradient":""},"tablet":{"background-color":"","background-image":"","background-repeat":"repeat","background-position":"center center","background-size":"auto","background-attachment":"scroll","background-type":"","background-media":"","overlay-type":"","overlay-color":"","overlay-opacity":"","overlay-gradient":""},"mobile":{"background-color":"","background-image":"","background-repeat":"repeat","background-position":"center center","background-size":"auto","background-attachment":"scroll","background-type":"","background-media":"","overlay-type":"","overlay-color":"","overlay-opacity":"","overlay-gradient":""}},"ast-content-background-meta":{"desktop":{"background-color":"var(--ast-global-color-4)","background-image":"","background-repeat":"repeat","background-position":"center center","background-size":"auto","background-attachment":"scroll","background-type":"","background-media":"","overlay-type":"","overlay-color":"","overlay-opacity":"","overlay-gradient":""},"tablet":{"background-color":"var(--ast-global-color-4)","background-image":"","background-repeat":"repeat","background-position":"center center","background-size":"auto","background-attachment":"scroll","background-type":"","background-media":"","overlay-type":"","overlay-color":"","overlay-opacity":"","overlay-gradient":""},"mobile":{"background-color":"var(--ast-global-color-4)","background-image":"","background-repeat":"repeat","background-position":"center center","background-size":"auto","background-attachment":"scroll","background-type":"","background-media":"","overlay-type":"","overlay-color":"","overlay-opacity":"","overlay-gradient":""}},"footnotes":""},"categories":[20,1],"tags":[],"class_list":["post-8329","post","type-post","status-publish","format-standard","has-post-thumbnail","hentry","category-international","category-football-latest-news"],"yoast_head":"<!-- This site is optimized with the Yoast SEO Premium plugin v26.6 (Yoast SEO v27.4) - https:\/\/yoast.com\/product\/yoast-seo-premium-wordpress\/ -->\n<title>Bukayo Saka injured and replaced before Arsenal vs Leeds kick-off - Bladna News<\/title>\n<meta name=\"robots\" content=\"index, follow, max-snippet:-1, max-image-preview:large, max-video-preview:-1\" \/>\n<link rel=\"canonical\" href=\"https:\/\/bladnanews.com\/fr\/bukayo-saka-blesse-et-remplace-avant-le-coup-denvoi-darsenal-contre-leeds\/\" \/>\n<meta property=\"og:locale\" content=\"fr_FR\" \/>\n<meta property=\"og:type\" content=\"article\" \/>\n<meta property=\"og:title\" content=\"Bukayo Saka injured and replaced before Arsenal vs Leeds kick-off\" \/>\n<meta property=\"og:description\" content=\"Arsenal suffered a late blow before kick-off against Leeds as Bukayo Saka pulled up injured during the warm-up and had [&hellip;]\" \/>\n<meta property=\"og:url\" content=\"https:\/\/bladnanews.com\/fr\/bukayo-saka-blesse-et-remplace-avant-le-coup-denvoi-darsenal-contre-leeds\/\" \/>\n<meta property=\"og:site_name\" content=\"Bladna News\" \/>\n<meta property=\"article:published_time\" content=\"2026-01-31T14:59:59+00:00\" \/>\n<meta property=\"og:image\" content=\"https:\/\/bladnanews.com\/wp-content\/uploads\/2025\/12\/freepik__bladna-newscom-moroccan-soccer-homepage-banner-mor__41838.png\" \/>\n\t<meta property=\"og:image:width\" content=\"1312\" \/>\n\t<meta property=\"og:image:height\" content=\"736\" \/>\n\t<meta property=\"og:image:type\" content=\"image\/png\" \/>\n<meta name=\"author\" content=\"Bladna News Staff\" \/>\n<meta name=\"twitter:card\" content=\"summary_large_image\" \/>\n<meta name=\"twitter:label1\" content=\"\u00c9crit par\" \/>\n\t<meta name=\"twitter:data1\" content=\"Bladna News Staff\" \/>\n\t<meta name=\"twitter:label2\" content=\"Dur\u00e9e de lecture estim\u00e9e\" \/>\n\t<meta name=\"twitter:data2\" content=\"1 minute\" \/>\n<script type=\"application\/ld+json\" class=\"yoast-schema-graph\">{\"@context\":\"https:\\\/\\\/schema.org\",\"@graph\":[{\"@type\":\"Article\",\"@id\":\"https:\\\/\\\/bladnanews.com\\\/bukayo-saka-injured-and-replaced-before-arsenal-vs-leeds-kick-off\\\/#article\",\"isPartOf\":{\"@id\":\"https:\\\/\\\/bladnanews.com\\\/bukayo-saka-injured-and-replaced-before-arsenal-vs-leeds-kick-off\\\/\"},\"author\":{\"name\":\"Bladna News Staff\",\"@id\":\"https:\\\/\\\/mediumseagreen-eel-531711.hostingersite.com\\\/#\\\/schema\\\/person\\\/268e18a453ab080ebf76df6ef7845083\"},\"headline\":\"Bukayo Saka injured and replaced before Arsenal vs Leeds kick-off\",\"datePublished\":\"2026-01-31T14:59:59+00:00\",\"mainEntityOfPage\":{\"@id\":\"https:\\\/\\\/bladnanews.com\\\/bukayo-saka-injured-and-replaced-before-arsenal-vs-leeds-kick-off\\\/\"},\"wordCount\":121,\"publisher\":{\"@id\":\"https:\\\/\\\/mediumseagreen-eel-531711.hostingersite.com\\\/#organization\"},\"image\":{\"@id\":\"https:\\\/\\\/bladnanews.com\\\/bukayo-saka-injured-and-replaced-before-arsenal-vs-leeds-kick-off\\\/#primaryimage\"},\"thumbnailUrl\":\"https:\\\/\\\/bladnanews.com\\\/wp-content\\\/uploads\\\/2026\\\/02\\\/BladnaNews-Bukayo-Saka-injured-and-replaced-before-Arsenal-vs-Leeds-kick-off-2026-02-01T011029.824Z-scaled.jpg\",\"articleSection\":[\"International\",\"Latest News\"],\"inLanguage\":\"fr-FR\",\"copyrightYear\":\"2026\",\"copyrightHolder\":{\"@id\":\"https:\\\/\\\/bladnanews.com\\\/fr\\\/#organization\"}},{\"@type\":\"WebPage\",\"@id\":\"https:\\\/\\\/bladnanews.com\\\/bukayo-saka-injured-and-replaced-before-arsenal-vs-leeds-kick-off\\\/\",\"url\":\"https:\\\/\\\/bladnanews.com\\\/bukayo-saka-injured-and-replaced-before-arsenal-vs-leeds-kick-off\\\/\",\"name\":\"Bukayo Saka injured and replaced before Arsenal vs Leeds kick-off - Bladna News\",\"isPartOf\":{\"@id\":\"https:\\\/\\\/mediumseagreen-eel-531711.hostingersite.com\\\/#website\"},\"primaryImageOfPage\":{\"@id\":\"https:\\\/\\\/bladnanews.com\\\/bukayo-saka-injured-and-replaced-before-arsenal-vs-leeds-kick-off\\\/#primaryimage\"},\"image\":{\"@id\":\"https:\\\/\\\/bladnanews.com\\\/bukayo-saka-injured-and-replaced-before-arsenal-vs-leeds-kick-off\\\/#primaryimage\"},\"thumbnailUrl\":\"https:\\\/\\\/bladnanews.com\\\/wp-content\\\/uploads\\\/2026\\\/02\\\/BladnaNews-Bukayo-Saka-injured-and-replaced-before-Arsenal-vs-Leeds-kick-off-2026-02-01T011029.824Z-scaled.jpg\",\"datePublished\":\"2026-01-31T14:59:59+00:00\",\"breadcrumb\":{\"@id\":\"https:\\\/\\\/bladnanews.com\\\/bukayo-saka-injured-and-replaced-before-arsenal-vs-leeds-kick-off\\\/#breadcrumb\"},\"inLanguage\":\"fr-FR\",\"potentialAction\":[{\"@type\":\"ReadAction\",\"target\":[\"https:\\\/\\\/bladnanews.com\\\/bukayo-saka-injured-and-replaced-before-arsenal-vs-leeds-kick-off\\\/\"]}]},{\"@type\":\"ImageObject\",\"inLanguage\":\"fr-FR\",\"@id\":\"https:\\\/\\\/bladnanews.com\\\/bukayo-saka-injured-and-replaced-before-arsenal-vs-leeds-kick-off\\\/#primaryimage\",\"url\":\"https:\\\/\\\/bladnanews.com\\\/wp-content\\\/uploads\\\/2026\\\/02\\\/BladnaNews-Bukayo-Saka-injured-and-replaced-before-Arsenal-vs-Leeds-kick-off-2026-02-01T011029.824Z-scaled.jpg\",\"contentUrl\":\"https:\\\/\\\/bladnanews.com\\\/wp-content\\\/uploads\\\/2026\\\/02\\\/BladnaNews-Bukayo-Saka-injured-and-replaced-before-Arsenal-vs-Leeds-kick-off-2026-02-01T011029.824Z-scaled.jpg\",\"width\":2560,\"height\":1440,\"caption\":\"Bukayo Saka in a red Arsenal tracksuit, wearing earphones, walking towards the stadium ahead of the match against Leeds.\"},{\"@type\":\"BreadcrumbList\",\"@id\":\"https:\\\/\\\/bladnanews.com\\\/bukayo-saka-injured-and-replaced-before-arsenal-vs-leeds-kick-off\\\/#breadcrumb\",\"itemListElement\":[{\"@type\":\"ListItem\",\"position\":1,\"name\":\"Home\",\"item\":\"https:\\\/\\\/bladnanews.com\\\/\"},{\"@type\":\"ListItem\",\"position\":2,\"name\":\"Bukayo Saka injured and replaced before Arsenal vs Leeds kick-off\"}]},{\"@type\":\"WebSite\",\"@id\":\"https:\\\/\\\/mediumseagreen-eel-531711.hostingersite.com\\\/#website\",\"url\":\"https:\\\/\\\/mediumseagreen-eel-531711.hostingersite.com\\\/\",\"name\":\"Bladna News - Morocco\",\"description\":\"Where Moroccan Football Meets the World\",\"publisher\":{\"@id\":\"https:\\\/\\\/mediumseagreen-eel-531711.hostingersite.com\\\/#organization\"},\"potentialAction\":[{\"@type\":\"SearchAction\",\"target\":{\"@type\":\"EntryPoint\",\"urlTemplate\":\"https:\\\/\\\/mediumseagreen-eel-531711.hostingersite.com\\\/?s={search_term_string}\"},\"query-input\":{\"@type\":\"PropertyValueSpecification\",\"valueRequired\":true,\"valueName\":\"search_term_string\"}}],\"inLanguage\":\"fr-FR\"},{\"@type\":\"Organization\",\"@id\":\"https:\\\/\\\/mediumseagreen-eel-531711.hostingersite.com\\\/#organization\",\"name\":\"Bladna News.com\",\"url\":\"https:\\\/\\\/mediumseagreen-eel-531711.hostingersite.com\\\/\",\"logo\":{\"@type\":\"ImageObject\",\"inLanguage\":\"fr-FR\",\"@id\":\"https:\\\/\\\/mediumseagreen-eel-531711.hostingersite.com\\\/#\\\/schema\\\/logo\\\/image\\\/\",\"url\":\"https:\\\/\\\/bladnanews.com\\\/wp-content\\\/uploads\\\/2025\\\/12\\\/logo-bladnanews-V2-web-black-red.png\",\"contentUrl\":\"https:\\\/\\\/bladnanews.com\\\/wp-content\\\/uploads\\\/2025\\\/12\\\/logo-bladnanews-V2-web-black-red.png\",\"width\":703,\"height\":287,\"caption\":\"Bladna News.com\"},\"image\":{\"@id\":\"https:\\\/\\\/mediumseagreen-eel-531711.hostingersite.com\\\/#\\\/schema\\\/logo\\\/image\\\/\"},\"email\":\"info@bladnanews.com\",\"legalName\":\"Bladna News\"},{\"@type\":\"Person\",\"@id\":\"https:\\\/\\\/mediumseagreen-eel-531711.hostingersite.com\\\/#\\\/schema\\\/person\\\/268e18a453ab080ebf76df6ef7845083\",\"name\":\"Bladna News Staff\",\"url\":\"https:\\\/\\\/bladnanews.com\\\/fr\\\/author\\\/bladna-news-staff\\\/\"}]}<\/script>\n<!-- \/ Yoast SEO Premium plugin. -->","yoast_head_json":{"title":"Bukayo Saka bless\u00e9 et remplac\u00e9 avant le coup d'envoi d'Arsenal contre Leeds - Bladna News","robots":{"index":"index","follow":"follow","max-snippet":"max-snippet:-1","max-image-preview":"max-image-preview:large","max-video-preview":"max-video-preview:-1"},"canonical":"https:\/\/bladnanews.com\/fr\/bukayo-saka-blesse-et-remplace-avant-le-coup-denvoi-darsenal-contre-leeds\/","og_locale":"fr_FR","og_type":"article","og_title":"Bukayo Saka injured and replaced before Arsenal vs Leeds kick-off","og_description":"Arsenal suffered a late blow before kick-off against Leeds as Bukayo Saka pulled up injured during the warm-up and had [&hellip;]","og_url":"https:\/\/bladnanews.com\/fr\/bukayo-saka-blesse-et-remplace-avant-le-coup-denvoi-darsenal-contre-leeds\/","og_site_name":"Bladna News","article_published_time":"2026-01-31T14:59:59+00:00","og_image":[{"width":1312,"height":736,"url":"https:\/\/bladnanews.com\/wp-content\/uploads\/2025\/12\/freepik__bladna-newscom-moroccan-soccer-homepage-banner-mor__41838.png","type":"image\/png"}],"author":"Bladna News Staff","twitter_card":"summary_large_image","twitter_misc":{"\u00c9crit par":"Bladna News Staff","Dur\u00e9e de lecture estim\u00e9e":"1 minute"},"schema":{"@context":"https:\/\/schema.org","@graph":[{"@type":"Article","@id":"https:\/\/bladnanews.com\/bukayo-saka-injured-and-replaced-before-arsenal-vs-leeds-kick-off\/#article","isPartOf":{"@id":"https:\/\/bladnanews.com\/bukayo-saka-injured-and-replaced-before-arsenal-vs-leeds-kick-off\/"},"author":{"name":"Bladna News Staff","@id":"https:\/\/mediumseagreen-eel-531711.hostingersite.com\/#\/schema\/person\/268e18a453ab080ebf76df6ef7845083"},"headline":"Bukayo Saka injured and replaced before Arsenal vs Leeds kick-off","datePublished":"2026-01-31T14:59:59+00:00","mainEntityOfPage":{"@id":"https:\/\/bladnanews.com\/bukayo-saka-injured-and-replaced-before-arsenal-vs-leeds-kick-off\/"},"wordCount":121,"publisher":{"@id":"https:\/\/mediumseagreen-eel-531711.hostingersite.com\/#organization"},"image":{"@id":"https:\/\/bladnanews.com\/bukayo-saka-injured-and-replaced-before-arsenal-vs-leeds-kick-off\/#primaryimage"},"thumbnailUrl":"https:\/\/bladnanews.com\/wp-content\/uploads\/2026\/02\/BladnaNews-Bukayo-Saka-injured-and-replaced-before-Arsenal-vs-Leeds-kick-off-2026-02-01T011029.824Z-scaled.jpg","articleSection":["International","Latest News"],"inLanguage":"fr-FR","copyrightYear":"2026","copyrightHolder":{"@id":"https:\/\/bladnanews.com\/fr\/#organization"}},{"@type":"WebPage","@id":"https:\/\/bladnanews.com\/bukayo-saka-injured-and-replaced-before-arsenal-vs-leeds-kick-off\/","url":"https:\/\/bladnanews.com\/bukayo-saka-injured-and-replaced-before-arsenal-vs-leeds-kick-off\/","name":"Bukayo Saka bless\u00e9 et remplac\u00e9 avant le coup d'envoi d'Arsenal contre Leeds - Bladna News","isPartOf":{"@id":"https:\/\/mediumseagreen-eel-531711.hostingersite.com\/#website"},"primaryImageOfPage":{"@id":"https:\/\/bladnanews.com\/bukayo-saka-injured-and-replaced-before-arsenal-vs-leeds-kick-off\/#primaryimage"},"image":{"@id":"https:\/\/bladnanews.com\/bukayo-saka-injured-and-replaced-before-arsenal-vs-leeds-kick-off\/#primaryimage"},"thumbnailUrl":"https:\/\/bladnanews.com\/wp-content\/uploads\/2026\/02\/BladnaNews-Bukayo-Saka-injured-and-replaced-before-Arsenal-vs-Leeds-kick-off-2026-02-01T011029.824Z-scaled.jpg","datePublished":"2026-01-31T14:59:59+00:00","breadcrumb":{"@id":"https:\/\/bladnanews.com\/bukayo-saka-injured-and-replaced-before-arsenal-vs-leeds-kick-off\/#breadcrumb"},"inLanguage":"fr-FR","potentialAction":[{"@type":"ReadAction","target":["https:\/\/bladnanews.com\/bukayo-saka-injured-and-replaced-before-arsenal-vs-leeds-kick-off\/"]}]},{"@type":"ImageObject","inLanguage":"fr-FR","@id":"https:\/\/bladnanews.com\/bukayo-saka-injured-and-replaced-before-arsenal-vs-leeds-kick-off\/#primaryimage","url":"https:\/\/bladnanews.com\/wp-content\/uploads\/2026\/02\/BladnaNews-Bukayo-Saka-injured-and-replaced-before-Arsenal-vs-Leeds-kick-off-2026-02-01T011029.824Z-scaled.jpg","contentUrl":"https:\/\/bladnanews.com\/wp-content\/uploads\/2026\/02\/BladnaNews-Bukayo-Saka-injured-and-replaced-before-Arsenal-vs-Leeds-kick-off-2026-02-01T011029.824Z-scaled.jpg","width":2560,"height":1440,"caption":"Bukayo Saka in a red Arsenal tracksuit, wearing earphones, walking towards the stadium ahead of the match against Leeds."},{"@type":"BreadcrumbList","@id":"https:\/\/bladnanews.com\/bukayo-saka-injured-and-replaced-before-arsenal-vs-leeds-kick-off\/#breadcrumb","itemListElement":[{"@type":"ListItem","position":1,"name":"Home","item":"https:\/\/bladnanews.com\/"},{"@type":"ListItem","position":2,"name":"Bukayo Saka injured and replaced before Arsenal vs Leeds kick-off"}]},{"@type":"WebSite","@id":"https:\/\/mediumseagreen-eel-531711.hostingersite.com\/#website","url":"https:\/\/mediumseagreen-eel-531711.hostingersite.com\/","name":"Bladna News - Maroc","description":"Quand le football marocain rencontre le monde","publisher":{"@id":"https:\/\/mediumseagreen-eel-531711.hostingersite.com\/#organization"},"potentialAction":[{"@type":"SearchAction","target":{"@type":"EntryPoint","urlTemplate":"https:\/\/mediumseagreen-eel-531711.hostingersite.com\/?s={search_term_string}"},"query-input":{"@type":"PropertyValueSpecification","valueRequired":true,"valueName":"search_term_string"}}],"inLanguage":"fr-FR"},{"@type":"Organization","@id":"https:\/\/mediumseagreen-eel-531711.hostingersite.com\/#organization","name":"Bladna News.com","url":"https:\/\/mediumseagreen-eel-531711.hostingersite.com\/","logo":{"@type":"ImageObject","inLanguage":"fr-FR","@id":"https:\/\/mediumseagreen-eel-531711.hostingersite.com\/#\/schema\/logo\/image\/","url":"https:\/\/bladnanews.com\/wp-content\/uploads\/2025\/12\/logo-bladnanews-V2-web-black-red.png","contentUrl":"https:\/\/bladnanews.com\/wp-content\/uploads\/2025\/12\/logo-bladnanews-V2-web-black-red.png","width":703,"height":287,"caption":"Bladna News.com"},"image":{"@id":"https:\/\/mediumseagreen-eel-531711.hostingersite.com\/#\/schema\/logo\/image\/"},"email":"info@bladnanews.com","legalName":"Bladna News"},{"@type":"Person","@id":"https:\/\/mediumseagreen-eel-531711.hostingersite.com\/#\/schema\/person\/268e18a453ab080ebf76df6ef7845083","name":"\u00c9quipe r\u00e9dactionnelle de Bladna News","url":"https:\/\/bladnanews.com\/fr\/author\/bladna-news-staff\/"}]}},"_links":{"self":[{"href":"https:\/\/bladnanews.com\/fr\/wp-json\/wp\/v2\/posts\/8329","targetHints":{"allow":["GET"]}}],"collection":[{"href":"https:\/\/bladnanews.com\/fr\/wp-json\/wp\/v2\/posts"}],"about":[{"href":"https:\/\/bladnanews.com\/fr\/wp-json\/wp\/v2\/types\/post"}],"author":[{"embeddable":true,"href":"https:\/\/bladnanews.com\/fr\/wp-json\/wp\/v2\/users\/3"}],"replies":[{"embeddable":true,"href":"https:\/\/bladnanews.com\/fr\/wp-json\/wp\/v2\/comments?post=8329"}],"version-history":[{"count":0,"href":"https:\/\/bladnanews.com\/fr\/wp-json\/wp\/v2\/posts\/8329\/revisions"}],"wp:featuredmedia":[{"embeddable":true,"href":"https:\/\/bladnanews.com\/fr\/wp-json\/wp\/v2\/media\/8328"}],"wp:attachment":[{"href":"https:\/\/bladnanews.com\/fr\/wp-json\/wp\/v2\/media?parent=8329"}],"wp:term":[{"taxonomy":"category","embeddable":true,"href":"https:\/\/bladnanews.com\/fr\/wp-json\/wp\/v2\/categories?post=8329"},{"taxonomy":"post_tag","embeddable":true,"href":"https:\/\/bladnanews.com\/fr\/wp-json\/wp\/v2\/tags?post=8329"}],"curies":[{"name":"wp","href":"https:\/\/api.w.org\/{rel}","templated":true}]}}