{"id":8545,"date":"2026-02-02T16:11:57","date_gmt":"2026-02-02T16:11:57","guid":{"rendered":"https:\/\/bladnanews.com\/arteta-confirms-arsenal-seeking-late-january-transfer-deal\/"},"modified":"2026-02-02T16:11:57","modified_gmt":"2026-02-02T16:11:57","slug":"arteta-confirme-quarsenal-cherche-a-conclure-un-transfert-en-fin-janvier","status":"publish","type":"post","link":"https:\/\/bladnanews.com\/fr\/arteta-confirme-quarsenal-cherche-a-conclure-un-transfert-en-fin-janvier\/","title":{"rendered":"Arteta confirme qu'Arsenal cherche \u00e0 conclure un transfert en fin janvier."},"content":{"rendered":"<p><strong>Mikel Arteta a confirm\u00e9 qu'Arsenal cherche \u00e0 conclure des affaires de derni\u00e8re minute lors du mercato de janvier, apr\u00e8s le coup dur de la blessure de Mikel Merino.<\/strong><\/p>\n<p>Le manager d'Arsenal a admis que le club est actif sur le march\u00e9 alors qu'il \u00e9value les options \u00e0 l'approche de la derni\u00e8re ligne droite du mois. Les d\u00e9clarations d'Arteta font suite au probl\u00e8me physique de Merino, ce qui r\u00e9duit les effectifs des Gunners au milieu de terrain et oblige le club \u00e0 envisager un recrutement avant la date limite.<\/p>\n<p>\u00c9voquant les projets d'Arsenal, Arteta a clairement indiqu\u00e9 que le club travaille sur des solutions potentielles et cherchera \u00e0 se renforcer si la bonne opportunit\u00e9 se pr\u00e9sente. Le manager a soulign\u00e9 qu'il reste du temps avant la fermeture du mercato et qu'Arsenal est pr\u00eat \u00e0 agir.<\/p>\n<p>La situation est devenue plus urgente avec la blessure de Merino, qu'Arteta a confirm\u00e9e dans son point d'actualit\u00e9. Alors qu'Arsenal est encore engag\u00e9 dans plusieurs comp\u00e9titions, le manager a reconnu que l'effectif doit \u00eatre prot\u00e9g\u00e9 et \u00e9quilibr\u00e9, particuli\u00e8rement dans les secteurs o\u00f9 les effectifs sont r\u00e9duits.<\/p>\n<p>La position d'Arteta est qu'Arsenal ne recrutera pas simplement pour recruter, mais le club est ouvert \u00e0 une transaction si elle aide l'\u00e9quipe. Arsenal est d\u00e9sormais engag\u00e9 dans une course contre la montre pour d\u00e9terminer s'il peut renforcer ses rangs avant la fin du mois de janvier.<\/p>","protected":false},"excerpt":{"rendered":"<p>Mikel Arteta has confirmed Arsenal are looking to do late business in the January transfer window after suffering an injury [&hellip;]<\/p>\n","protected":false},"author":3,"featured_media":8544,"comment_status":"","ping_status":"open","sticky":false,"template":"","format":"standard","meta":{"googlesitekit_rrm_CAow_uzEDA:productID":"","site-sidebar-layout":"default","site-content-layout":"","ast-site-content-layout":"default","site-content-style":"default","site-sidebar-style":"default","ast-global-header-display":"","ast-banner-title-visibility":"","ast-main-header-display":"","ast-hfb-above-header-display":"","ast-hfb-below-header-display":"","ast-hfb-mobile-header-display":"","site-post-title":"","ast-breadcrumbs-content":"","ast-featured-img":"","footer-sml-layout":"","ast-disable-related-posts":"","theme-transparent-header-meta":"","adv-header-id-meta":"","stick-header-meta":"","header-above-stick-meta":"","header-main-stick-meta":"","header-below-stick-meta":"","astra-migrate-meta-layouts":"default","ast-page-background-enabled":"default","ast-page-background-meta":{"desktop":{"background-color":"var(--ast-global-color-5)","background-image":"","background-repeat":"repeat","background-position":"center center","background-size":"auto","background-attachment":"scroll","background-type":"","background-media":"","overlay-type":"","overlay-color":"","overlay-opacity":"","overlay-gradient":""},"tablet":{"background-color":"","background-image":"","background-repeat":"repeat","background-position":"center center","background-size":"auto","background-attachment":"scroll","background-type":"","background-media":"","overlay-type":"","overlay-color":"","overlay-opacity":"","overlay-gradient":""},"mobile":{"background-color":"","background-image":"","background-repeat":"repeat","background-position":"center center","background-size":"auto","background-attachment":"scroll","background-type":"","background-media":"","overlay-type":"","overlay-color":"","overlay-opacity":"","overlay-gradient":""}},"ast-content-background-meta":{"desktop":{"background-color":"var(--ast-global-color-4)","background-image":"","background-repeat":"repeat","background-position":"center center","background-size":"auto","background-attachment":"scroll","background-type":"","background-media":"","overlay-type":"","overlay-color":"","overlay-opacity":"","overlay-gradient":""},"tablet":{"background-color":"var(--ast-global-color-4)","background-image":"","background-repeat":"repeat","background-position":"center center","background-size":"auto","background-attachment":"scroll","background-type":"","background-media":"","overlay-type":"","overlay-color":"","overlay-opacity":"","overlay-gradient":""},"mobile":{"background-color":"var(--ast-global-color-4)","background-image":"","background-repeat":"repeat","background-position":"center center","background-size":"auto","background-attachment":"scroll","background-type":"","background-media":"","overlay-type":"","overlay-color":"","overlay-opacity":"","overlay-gradient":""}},"footnotes":""},"categories":[20,1],"tags":[],"class_list":["post-8545","post","type-post","status-publish","format-standard","has-post-thumbnail","hentry","category-international","category-football-latest-news"],"yoast_head":"<!-- This site is optimized with the Yoast SEO Premium plugin v26.6 (Yoast SEO v27.4) - https:\/\/yoast.com\/product\/yoast-seo-premium-wordpress\/ -->\n<title>Arteta confirms Arsenal seeking late January transfer deal - Bladna News<\/title>\n<meta name=\"robots\" content=\"index, follow, max-snippet:-1, max-image-preview:large, max-video-preview:-1\" \/>\n<link rel=\"canonical\" href=\"https:\/\/bladnanews.com\/fr\/arteta-confirme-quarsenal-cherche-a-conclure-un-transfert-en-fin-janvier\/\" \/>\n<meta property=\"og:locale\" content=\"fr_FR\" \/>\n<meta property=\"og:type\" content=\"article\" \/>\n<meta property=\"og:title\" content=\"Arteta confirms Arsenal seeking late January transfer deal\" \/>\n<meta property=\"og:description\" content=\"Mikel Arteta has confirmed Arsenal are looking to do late business in the January transfer window after suffering an injury [&hellip;]\" \/>\n<meta property=\"og:url\" content=\"https:\/\/bladnanews.com\/fr\/arteta-confirme-quarsenal-cherche-a-conclure-un-transfert-en-fin-janvier\/\" \/>\n<meta property=\"og:site_name\" content=\"Bladna News\" \/>\n<meta property=\"article:published_time\" content=\"2026-02-02T16:11:57+00:00\" \/>\n<meta property=\"og:image\" content=\"https:\/\/bladnanews.com\/wp-content\/uploads\/2025\/12\/freepik__bladna-newscom-moroccan-soccer-homepage-banner-mor__41838.png\" \/>\n\t<meta property=\"og:image:width\" content=\"1312\" \/>\n\t<meta property=\"og:image:height\" content=\"736\" \/>\n\t<meta property=\"og:image:type\" content=\"image\/png\" \/>\n<meta name=\"author\" content=\"Bladna News Staff\" \/>\n<meta name=\"twitter:card\" content=\"summary_large_image\" \/>\n<meta name=\"twitter:label1\" content=\"\u00c9crit par\" \/>\n\t<meta name=\"twitter:data1\" content=\"Bladna News Staff\" \/>\n\t<meta name=\"twitter:label2\" content=\"Dur\u00e9e de lecture estim\u00e9e\" \/>\n\t<meta name=\"twitter:data2\" content=\"1 minute\" \/>\n<script type=\"application\/ld+json\" class=\"yoast-schema-graph\">{\"@context\":\"https:\\\/\\\/schema.org\",\"@graph\":[{\"@type\":\"Article\",\"@id\":\"https:\\\/\\\/bladnanews.com\\\/arteta-confirms-arsenal-seeking-late-january-transfer-deal\\\/#article\",\"isPartOf\":{\"@id\":\"https:\\\/\\\/bladnanews.com\\\/arteta-confirms-arsenal-seeking-late-january-transfer-deal\\\/\"},\"author\":{\"name\":\"Bladna News Staff\",\"@id\":\"https:\\\/\\\/mediumseagreen-eel-531711.hostingersite.com\\\/#\\\/schema\\\/person\\\/268e18a453ab080ebf76df6ef7845083\"},\"headline\":\"Arteta confirms Arsenal seeking late January transfer deal\",\"datePublished\":\"2026-02-02T16:11:57+00:00\",\"mainEntityOfPage\":{\"@id\":\"https:\\\/\\\/bladnanews.com\\\/arteta-confirms-arsenal-seeking-late-january-transfer-deal\\\/\"},\"wordCount\":215,\"publisher\":{\"@id\":\"https:\\\/\\\/mediumseagreen-eel-531711.hostingersite.com\\\/#organization\"},\"image\":{\"@id\":\"https:\\\/\\\/bladnanews.com\\\/arteta-confirms-arsenal-seeking-late-january-transfer-deal\\\/#primaryimage\"},\"thumbnailUrl\":\"https:\\\/\\\/bladnanews.com\\\/wp-content\\\/uploads\\\/2026\\\/02\\\/BladnaNews-Arteta-confirms-Arsenal-seeking-late-January-transfer-deal-2026-02-03T051450.133Z-scaled.jpg\",\"articleSection\":[\"International\",\"Latest News\"],\"inLanguage\":\"fr-FR\",\"copyrightYear\":\"2026\",\"copyrightHolder\":{\"@id\":\"https:\\\/\\\/bladnanews.com\\\/fr\\\/#organization\"}},{\"@type\":\"WebPage\",\"@id\":\"https:\\\/\\\/bladnanews.com\\\/arteta-confirms-arsenal-seeking-late-january-transfer-deal\\\/\",\"url\":\"https:\\\/\\\/bladnanews.com\\\/arteta-confirms-arsenal-seeking-late-january-transfer-deal\\\/\",\"name\":\"Arteta confirms Arsenal seeking late January transfer deal - Bladna News\",\"isPartOf\":{\"@id\":\"https:\\\/\\\/mediumseagreen-eel-531711.hostingersite.com\\\/#website\"},\"primaryImageOfPage\":{\"@id\":\"https:\\\/\\\/bladnanews.com\\\/arteta-confirms-arsenal-seeking-late-january-transfer-deal\\\/#primaryimage\"},\"image\":{\"@id\":\"https:\\\/\\\/bladnanews.com\\\/arteta-confirms-arsenal-seeking-late-january-transfer-deal\\\/#primaryimage\"},\"thumbnailUrl\":\"https:\\\/\\\/bladnanews.com\\\/wp-content\\\/uploads\\\/2026\\\/02\\\/BladnaNews-Arteta-confirms-Arsenal-seeking-late-January-transfer-deal-2026-02-03T051450.133Z-scaled.jpg\",\"datePublished\":\"2026-02-02T16:11:57+00:00\",\"breadcrumb\":{\"@id\":\"https:\\\/\\\/bladnanews.com\\\/arteta-confirms-arsenal-seeking-late-january-transfer-deal\\\/#breadcrumb\"},\"inLanguage\":\"fr-FR\",\"potentialAction\":[{\"@type\":\"ReadAction\",\"target\":[\"https:\\\/\\\/bladnanews.com\\\/arteta-confirms-arsenal-seeking-late-january-transfer-deal\\\/\"]}]},{\"@type\":\"ImageObject\",\"inLanguage\":\"fr-FR\",\"@id\":\"https:\\\/\\\/bladnanews.com\\\/arteta-confirms-arsenal-seeking-late-january-transfer-deal\\\/#primaryimage\",\"url\":\"https:\\\/\\\/bladnanews.com\\\/wp-content\\\/uploads\\\/2026\\\/02\\\/BladnaNews-Arteta-confirms-Arsenal-seeking-late-January-transfer-deal-2026-02-03T051450.133Z-scaled.jpg\",\"contentUrl\":\"https:\\\/\\\/bladnanews.com\\\/wp-content\\\/uploads\\\/2026\\\/02\\\/BladnaNews-Arteta-confirms-Arsenal-seeking-late-January-transfer-deal-2026-02-03T051450.133Z-scaled.jpg\",\"width\":2560,\"height\":1440,\"caption\":\"Arsenal manager Mikel Arteta gestures passionately on the touchline during a match, wearing a black jacket amidst an excited crowd.\"},{\"@type\":\"BreadcrumbList\",\"@id\":\"https:\\\/\\\/bladnanews.com\\\/arteta-confirms-arsenal-seeking-late-january-transfer-deal\\\/#breadcrumb\",\"itemListElement\":[{\"@type\":\"ListItem\",\"position\":1,\"name\":\"Home\",\"item\":\"https:\\\/\\\/bladnanews.com\\\/\"},{\"@type\":\"ListItem\",\"position\":2,\"name\":\"Arteta confirms Arsenal seeking late January transfer deal\"}]},{\"@type\":\"WebSite\",\"@id\":\"https:\\\/\\\/mediumseagreen-eel-531711.hostingersite.com\\\/#website\",\"url\":\"https:\\\/\\\/mediumseagreen-eel-531711.hostingersite.com\\\/\",\"name\":\"Bladna News - Morocco\",\"description\":\"Where Moroccan Football Meets the World\",\"publisher\":{\"@id\":\"https:\\\/\\\/mediumseagreen-eel-531711.hostingersite.com\\\/#organization\"},\"potentialAction\":[{\"@type\":\"SearchAction\",\"target\":{\"@type\":\"EntryPoint\",\"urlTemplate\":\"https:\\\/\\\/mediumseagreen-eel-531711.hostingersite.com\\\/?s={search_term_string}\"},\"query-input\":{\"@type\":\"PropertyValueSpecification\",\"valueRequired\":true,\"valueName\":\"search_term_string\"}}],\"inLanguage\":\"fr-FR\"},{\"@type\":\"Organization\",\"@id\":\"https:\\\/\\\/mediumseagreen-eel-531711.hostingersite.com\\\/#organization\",\"name\":\"Bladna News.com\",\"url\":\"https:\\\/\\\/mediumseagreen-eel-531711.hostingersite.com\\\/\",\"logo\":{\"@type\":\"ImageObject\",\"inLanguage\":\"fr-FR\",\"@id\":\"https:\\\/\\\/mediumseagreen-eel-531711.hostingersite.com\\\/#\\\/schema\\\/logo\\\/image\\\/\",\"url\":\"https:\\\/\\\/bladnanews.com\\\/wp-content\\\/uploads\\\/2025\\\/12\\\/logo-bladnanews-V2-web-black-red.png\",\"contentUrl\":\"https:\\\/\\\/bladnanews.com\\\/wp-content\\\/uploads\\\/2025\\\/12\\\/logo-bladnanews-V2-web-black-red.png\",\"width\":703,\"height\":287,\"caption\":\"Bladna News.com\"},\"image\":{\"@id\":\"https:\\\/\\\/mediumseagreen-eel-531711.hostingersite.com\\\/#\\\/schema\\\/logo\\\/image\\\/\"},\"email\":\"info@bladnanews.com\",\"legalName\":\"Bladna News\"},{\"@type\":\"Person\",\"@id\":\"https:\\\/\\\/mediumseagreen-eel-531711.hostingersite.com\\\/#\\\/schema\\\/person\\\/268e18a453ab080ebf76df6ef7845083\",\"name\":\"Bladna News Staff\",\"url\":\"https:\\\/\\\/bladnanews.com\\\/fr\\\/author\\\/bladna-news-staff\\\/\"}]}<\/script>\n<!-- \/ Yoast SEO Premium plugin. -->","yoast_head_json":{"title":"Arteta confirme qu'Arsenal cherche \u00e0 conclure un transfert en fin janvier - Bladna News","robots":{"index":"index","follow":"follow","max-snippet":"max-snippet:-1","max-image-preview":"max-image-preview:large","max-video-preview":"max-video-preview:-1"},"canonical":"https:\/\/bladnanews.com\/fr\/arteta-confirme-quarsenal-cherche-a-conclure-un-transfert-en-fin-janvier\/","og_locale":"fr_FR","og_type":"article","og_title":"Arteta confirms Arsenal seeking late January transfer deal","og_description":"Mikel Arteta has confirmed Arsenal are looking to do late business in the January transfer window after suffering an injury [&hellip;]","og_url":"https:\/\/bladnanews.com\/fr\/arteta-confirme-quarsenal-cherche-a-conclure-un-transfert-en-fin-janvier\/","og_site_name":"Bladna News","article_published_time":"2026-02-02T16:11:57+00:00","og_image":[{"width":1312,"height":736,"url":"https:\/\/bladnanews.com\/wp-content\/uploads\/2025\/12\/freepik__bladna-newscom-moroccan-soccer-homepage-banner-mor__41838.png","type":"image\/png"}],"author":"Bladna News Staff","twitter_card":"summary_large_image","twitter_misc":{"\u00c9crit par":"Bladna News Staff","Dur\u00e9e de lecture estim\u00e9e":"1 minute"},"schema":{"@context":"https:\/\/schema.org","@graph":[{"@type":"Article","@id":"https:\/\/bladnanews.com\/arteta-confirms-arsenal-seeking-late-january-transfer-deal\/#article","isPartOf":{"@id":"https:\/\/bladnanews.com\/arteta-confirms-arsenal-seeking-late-january-transfer-deal\/"},"author":{"name":"Bladna News Staff","@id":"https:\/\/mediumseagreen-eel-531711.hostingersite.com\/#\/schema\/person\/268e18a453ab080ebf76df6ef7845083"},"headline":"Arteta confirms Arsenal seeking late January transfer deal","datePublished":"2026-02-02T16:11:57+00:00","mainEntityOfPage":{"@id":"https:\/\/bladnanews.com\/arteta-confirms-arsenal-seeking-late-january-transfer-deal\/"},"wordCount":215,"publisher":{"@id":"https:\/\/mediumseagreen-eel-531711.hostingersite.com\/#organization"},"image":{"@id":"https:\/\/bladnanews.com\/arteta-confirms-arsenal-seeking-late-january-transfer-deal\/#primaryimage"},"thumbnailUrl":"https:\/\/bladnanews.com\/wp-content\/uploads\/2026\/02\/BladnaNews-Arteta-confirms-Arsenal-seeking-late-January-transfer-deal-2026-02-03T051450.133Z-scaled.jpg","articleSection":["International","Latest News"],"inLanguage":"fr-FR","copyrightYear":"2026","copyrightHolder":{"@id":"https:\/\/bladnanews.com\/fr\/#organization"}},{"@type":"WebPage","@id":"https:\/\/bladnanews.com\/arteta-confirms-arsenal-seeking-late-january-transfer-deal\/","url":"https:\/\/bladnanews.com\/arteta-confirms-arsenal-seeking-late-january-transfer-deal\/","name":"Arteta confirme qu'Arsenal cherche \u00e0 conclure un transfert en fin janvier - Bladna News","isPartOf":{"@id":"https:\/\/mediumseagreen-eel-531711.hostingersite.com\/#website"},"primaryImageOfPage":{"@id":"https:\/\/bladnanews.com\/arteta-confirms-arsenal-seeking-late-january-transfer-deal\/#primaryimage"},"image":{"@id":"https:\/\/bladnanews.com\/arteta-confirms-arsenal-seeking-late-january-transfer-deal\/#primaryimage"},"thumbnailUrl":"https:\/\/bladnanews.com\/wp-content\/uploads\/2026\/02\/BladnaNews-Arteta-confirms-Arsenal-seeking-late-January-transfer-deal-2026-02-03T051450.133Z-scaled.jpg","datePublished":"2026-02-02T16:11:57+00:00","breadcrumb":{"@id":"https:\/\/bladnanews.com\/arteta-confirms-arsenal-seeking-late-january-transfer-deal\/#breadcrumb"},"inLanguage":"fr-FR","potentialAction":[{"@type":"ReadAction","target":["https:\/\/bladnanews.com\/arteta-confirms-arsenal-seeking-late-january-transfer-deal\/"]}]},{"@type":"ImageObject","inLanguage":"fr-FR","@id":"https:\/\/bladnanews.com\/arteta-confirms-arsenal-seeking-late-january-transfer-deal\/#primaryimage","url":"https:\/\/bladnanews.com\/wp-content\/uploads\/2026\/02\/BladnaNews-Arteta-confirms-Arsenal-seeking-late-January-transfer-deal-2026-02-03T051450.133Z-scaled.jpg","contentUrl":"https:\/\/bladnanews.com\/wp-content\/uploads\/2026\/02\/BladnaNews-Arteta-confirms-Arsenal-seeking-late-January-transfer-deal-2026-02-03T051450.133Z-scaled.jpg","width":2560,"height":1440,"caption":"Arsenal manager Mikel Arteta gestures passionately on the touchline during a match, wearing a black jacket amidst an excited crowd."},{"@type":"BreadcrumbList","@id":"https:\/\/bladnanews.com\/arteta-confirms-arsenal-seeking-late-january-transfer-deal\/#breadcrumb","itemListElement":[{"@type":"ListItem","position":1,"name":"Home","item":"https:\/\/bladnanews.com\/"},{"@type":"ListItem","position":2,"name":"Arteta confirms Arsenal seeking late January transfer deal"}]},{"@type":"WebSite","@id":"https:\/\/mediumseagreen-eel-531711.hostingersite.com\/#website","url":"https:\/\/mediumseagreen-eel-531711.hostingersite.com\/","name":"Bladna News - Maroc","description":"Quand le football marocain rencontre le monde","publisher":{"@id":"https:\/\/mediumseagreen-eel-531711.hostingersite.com\/#organization"},"potentialAction":[{"@type":"SearchAction","target":{"@type":"EntryPoint","urlTemplate":"https:\/\/mediumseagreen-eel-531711.hostingersite.com\/?s={search_term_string}"},"query-input":{"@type":"PropertyValueSpecification","valueRequired":true,"valueName":"search_term_string"}}],"inLanguage":"fr-FR"},{"@type":"Organization","@id":"https:\/\/mediumseagreen-eel-531711.hostingersite.com\/#organization","name":"Bladna News.com","url":"https:\/\/mediumseagreen-eel-531711.hostingersite.com\/","logo":{"@type":"ImageObject","inLanguage":"fr-FR","@id":"https:\/\/mediumseagreen-eel-531711.hostingersite.com\/#\/schema\/logo\/image\/","url":"https:\/\/bladnanews.com\/wp-content\/uploads\/2025\/12\/logo-bladnanews-V2-web-black-red.png","contentUrl":"https:\/\/bladnanews.com\/wp-content\/uploads\/2025\/12\/logo-bladnanews-V2-web-black-red.png","width":703,"height":287,"caption":"Bladna News.com"},"image":{"@id":"https:\/\/mediumseagreen-eel-531711.hostingersite.com\/#\/schema\/logo\/image\/"},"email":"info@bladnanews.com","legalName":"Bladna News"},{"@type":"Person","@id":"https:\/\/mediumseagreen-eel-531711.hostingersite.com\/#\/schema\/person\/268e18a453ab080ebf76df6ef7845083","name":"\u00c9quipe r\u00e9dactionnelle de Bladna News","url":"https:\/\/bladnanews.com\/fr\/author\/bladna-news-staff\/"}]}},"_links":{"self":[{"href":"https:\/\/bladnanews.com\/fr\/wp-json\/wp\/v2\/posts\/8545","targetHints":{"allow":["GET"]}}],"collection":[{"href":"https:\/\/bladnanews.com\/fr\/wp-json\/wp\/v2\/posts"}],"about":[{"href":"https:\/\/bladnanews.com\/fr\/wp-json\/wp\/v2\/types\/post"}],"author":[{"embeddable":true,"href":"https:\/\/bladnanews.com\/fr\/wp-json\/wp\/v2\/users\/3"}],"replies":[{"embeddable":true,"href":"https:\/\/bladnanews.com\/fr\/wp-json\/wp\/v2\/comments?post=8545"}],"version-history":[{"count":0,"href":"https:\/\/bladnanews.com\/fr\/wp-json\/wp\/v2\/posts\/8545\/revisions"}],"wp:featuredmedia":[{"embeddable":true,"href":"https:\/\/bladnanews.com\/fr\/wp-json\/wp\/v2\/media\/8544"}],"wp:attachment":[{"href":"https:\/\/bladnanews.com\/fr\/wp-json\/wp\/v2\/media?parent=8545"}],"wp:term":[{"taxonomy":"category","embeddable":true,"href":"https:\/\/bladnanews.com\/fr\/wp-json\/wp\/v2\/categories?post=8545"},{"taxonomy":"post_tag","embeddable":true,"href":"https:\/\/bladnanews.com\/fr\/wp-json\/wp\/v2\/tags?post=8545"}],"curies":[{"name":"wp","href":"https:\/\/api.w.org\/{rel}","templated":true}]}}