{"id":8547,"date":"2026-02-02T16:49:16","date_gmt":"2026-02-02T16:49:16","guid":{"rendered":"https:\/\/bladnanews.com\/man-city-add-xabi-alonso-to-shortlist-to-replace-guardiola\/"},"modified":"2026-02-02T16:49:16","modified_gmt":"2026-02-02T16:49:16","slug":"manchester-city-ajoute-xabi-alonso-a-sa-liste-restreinte-pour-remplacer-guardiola","status":"publish","type":"post","link":"https:\/\/bladnanews.com\/fr\/manchester-city-ajoute-xabi-alonso-a-sa-liste-restreinte-pour-remplacer-guardiola\/","title":{"rendered":"Manchester City ajoute Xabi Alonso \u00e0 la liste restreinte pour remplacer Guardiola"},"content":{"rendered":"<p>Manchester City a ajout\u00e9 Xabi Alonso \u00e0 une liste restreinte de trois candidats susceptibles de remplacer Pep Guardiola si le club devait nommer un nouvel entra\u00eeneur.<\/p>\n<p>Cette r\u00e9v\u00e9lation intervient dans un contexte d'incertitude persistante quant \u00e0 l'avenir \u00e0 long terme de Guardiola \u00e0 l'Etihad Stadium, City \u00e9tant connue pour suivre de pr\u00e8s les successeurs potentiels.<\/p>\n<p>Alonso a impressionn\u00e9 depuis son passage \u00e0 un poste de manager et a attir\u00e9 l'attention par son travail en Allemagne, ce qui a conduit City \u00e0 l'inclure, aux c\u00f4t\u00e9s de deux autres noms, sur sa liste interne dans le cadre de sa planification prospective.<\/p>\n<p>Guardiola reste aux commandes et aucun changement officiel de position n'a \u00e9t\u00e9 annonc\u00e9 par le club, mais City pr\u00e9parerait toutes les \u00e9ventualit\u00e9s au cas o\u00f9 l'Espagnol d\u00e9ciderait de partir.<\/p>\n<p>Aucune approche ou discussion formelle n'a \u00e9t\u00e9 confirm\u00e9e, et cette liste restreinte serait un plan de contingence plut\u00f4t qu'un indicateur d'un d\u00e9part imminent de Guardiola.<\/p>","protected":false},"excerpt":{"rendered":"<p>Manchester City have added Xabi Alonso to a three-man shortlist of candidates who could replace Pep Guardiola if the club [&hellip;]<\/p>\n","protected":false},"author":3,"featured_media":8546,"comment_status":"","ping_status":"open","sticky":false,"template":"","format":"standard","meta":{"googlesitekit_rrm_CAow_uzEDA:productID":"","site-sidebar-layout":"default","site-content-layout":"","ast-site-content-layout":"default","site-content-style":"default","site-sidebar-style":"default","ast-global-header-display":"","ast-banner-title-visibility":"","ast-main-header-display":"","ast-hfb-above-header-display":"","ast-hfb-below-header-display":"","ast-hfb-mobile-header-display":"","site-post-title":"","ast-breadcrumbs-content":"","ast-featured-img":"","footer-sml-layout":"","ast-disable-related-posts":"","theme-transparent-header-meta":"","adv-header-id-meta":"","stick-header-meta":"","header-above-stick-meta":"","header-main-stick-meta":"","header-below-stick-meta":"","astra-migrate-meta-layouts":"default","ast-page-background-enabled":"default","ast-page-background-meta":{"desktop":{"background-color":"var(--ast-global-color-5)","background-image":"","background-repeat":"repeat","background-position":"center center","background-size":"auto","background-attachment":"scroll","background-type":"","background-media":"","overlay-type":"","overlay-color":"","overlay-opacity":"","overlay-gradient":""},"tablet":{"background-color":"","background-image":"","background-repeat":"repeat","background-position":"center center","background-size":"auto","background-attachment":"scroll","background-type":"","background-media":"","overlay-type":"","overlay-color":"","overlay-opacity":"","overlay-gradient":""},"mobile":{"background-color":"","background-image":"","background-repeat":"repeat","background-position":"center center","background-size":"auto","background-attachment":"scroll","background-type":"","background-media":"","overlay-type":"","overlay-color":"","overlay-opacity":"","overlay-gradient":""}},"ast-content-background-meta":{"desktop":{"background-color":"var(--ast-global-color-4)","background-image":"","background-repeat":"repeat","background-position":"center center","background-size":"auto","background-attachment":"scroll","background-type":"","background-media":"","overlay-type":"","overlay-color":"","overlay-opacity":"","overlay-gradient":""},"tablet":{"background-color":"var(--ast-global-color-4)","background-image":"","background-repeat":"repeat","background-position":"center center","background-size":"auto","background-attachment":"scroll","background-type":"","background-media":"","overlay-type":"","overlay-color":"","overlay-opacity":"","overlay-gradient":""},"mobile":{"background-color":"var(--ast-global-color-4)","background-image":"","background-repeat":"repeat","background-position":"center center","background-size":"auto","background-attachment":"scroll","background-type":"","background-media":"","overlay-type":"","overlay-color":"","overlay-opacity":"","overlay-gradient":""}},"footnotes":""},"categories":[20,1],"tags":[],"class_list":["post-8547","post","type-post","status-publish","format-standard","has-post-thumbnail","hentry","category-international","category-football-latest-news"],"yoast_head":"<!-- This site is optimized with the Yoast SEO Premium plugin v26.6 (Yoast SEO v27.4) - https:\/\/yoast.com\/product\/yoast-seo-premium-wordpress\/ -->\n<title>Man City add Xabi Alonso to shortlist to replace Guardiola - Bladna News<\/title>\n<meta name=\"robots\" content=\"index, follow, max-snippet:-1, max-image-preview:large, max-video-preview:-1\" \/>\n<link rel=\"canonical\" href=\"https:\/\/bladnanews.com\/fr\/manchester-city-ajoute-xabi-alonso-a-sa-liste-restreinte-pour-remplacer-guardiola\/\" \/>\n<meta property=\"og:locale\" content=\"fr_FR\" \/>\n<meta property=\"og:type\" content=\"article\" \/>\n<meta property=\"og:title\" content=\"Man City add Xabi Alonso to shortlist to replace Guardiola\" \/>\n<meta property=\"og:description\" content=\"Manchester City have added Xabi Alonso to a three-man shortlist of candidates who could replace Pep Guardiola if the club [&hellip;]\" \/>\n<meta property=\"og:url\" content=\"https:\/\/bladnanews.com\/fr\/manchester-city-ajoute-xabi-alonso-a-sa-liste-restreinte-pour-remplacer-guardiola\/\" \/>\n<meta property=\"og:site_name\" content=\"Bladna News\" \/>\n<meta property=\"article:published_time\" content=\"2026-02-02T16:49:16+00:00\" \/>\n<meta property=\"og:image\" content=\"https:\/\/bladnanews.com\/wp-content\/uploads\/2025\/12\/freepik__bladna-newscom-moroccan-soccer-homepage-banner-mor__41838.png\" \/>\n\t<meta property=\"og:image:width\" content=\"1312\" \/>\n\t<meta property=\"og:image:height\" content=\"736\" \/>\n\t<meta property=\"og:image:type\" content=\"image\/png\" \/>\n<meta name=\"author\" content=\"Bladna News Staff\" \/>\n<meta name=\"twitter:card\" content=\"summary_large_image\" \/>\n<meta name=\"twitter:label1\" content=\"\u00c9crit par\" \/>\n\t<meta name=\"twitter:data1\" content=\"Bladna News Staff\" \/>\n\t<meta name=\"twitter:label2\" content=\"Dur\u00e9e de lecture estim\u00e9e\" \/>\n\t<meta name=\"twitter:data2\" content=\"1 minute\" \/>\n<script type=\"application\/ld+json\" class=\"yoast-schema-graph\">{\"@context\":\"https:\\\/\\\/schema.org\",\"@graph\":[{\"@type\":\"Article\",\"@id\":\"https:\\\/\\\/bladnanews.com\\\/man-city-add-xabi-alonso-to-shortlist-to-replace-guardiola\\\/#article\",\"isPartOf\":{\"@id\":\"https:\\\/\\\/bladnanews.com\\\/man-city-add-xabi-alonso-to-shortlist-to-replace-guardiola\\\/\"},\"author\":{\"name\":\"Bladna News Staff\",\"@id\":\"https:\\\/\\\/mediumseagreen-eel-531711.hostingersite.com\\\/#\\\/schema\\\/person\\\/268e18a453ab080ebf76df6ef7845083\"},\"headline\":\"Man City add Xabi Alonso to shortlist to replace Guardiola\",\"datePublished\":\"2026-02-02T16:49:16+00:00\",\"mainEntityOfPage\":{\"@id\":\"https:\\\/\\\/bladnanews.com\\\/man-city-add-xabi-alonso-to-shortlist-to-replace-guardiola\\\/\"},\"wordCount\":158,\"publisher\":{\"@id\":\"https:\\\/\\\/mediumseagreen-eel-531711.hostingersite.com\\\/#organization\"},\"image\":{\"@id\":\"https:\\\/\\\/bladnanews.com\\\/man-city-add-xabi-alonso-to-shortlist-to-replace-guardiola\\\/#primaryimage\"},\"thumbnailUrl\":\"https:\\\/\\\/bladnanews.com\\\/wp-content\\\/uploads\\\/2026\\\/02\\\/BladnaNews-Man-City-add-Xabi-Alonso-to-shortlist-to-replace-Guardiola-2026-02-03T051517.026Z.jpg\",\"articleSection\":[\"International\",\"Latest News\"],\"inLanguage\":\"fr-FR\",\"copyrightYear\":\"2026\",\"copyrightHolder\":{\"@id\":\"https:\\\/\\\/bladnanews.com\\\/fr\\\/#organization\"}},{\"@type\":\"WebPage\",\"@id\":\"https:\\\/\\\/bladnanews.com\\\/man-city-add-xabi-alonso-to-shortlist-to-replace-guardiola\\\/\",\"url\":\"https:\\\/\\\/bladnanews.com\\\/man-city-add-xabi-alonso-to-shortlist-to-replace-guardiola\\\/\",\"name\":\"Man City add Xabi Alonso to shortlist to replace Guardiola - Bladna News\",\"isPartOf\":{\"@id\":\"https:\\\/\\\/mediumseagreen-eel-531711.hostingersite.com\\\/#website\"},\"primaryImageOfPage\":{\"@id\":\"https:\\\/\\\/bladnanews.com\\\/man-city-add-xabi-alonso-to-shortlist-to-replace-guardiola\\\/#primaryimage\"},\"image\":{\"@id\":\"https:\\\/\\\/bladnanews.com\\\/man-city-add-xabi-alonso-to-shortlist-to-replace-guardiola\\\/#primaryimage\"},\"thumbnailUrl\":\"https:\\\/\\\/bladnanews.com\\\/wp-content\\\/uploads\\\/2026\\\/02\\\/BladnaNews-Man-City-add-Xabi-Alonso-to-shortlist-to-replace-Guardiola-2026-02-03T051517.026Z.jpg\",\"datePublished\":\"2026-02-02T16:49:16+00:00\",\"breadcrumb\":{\"@id\":\"https:\\\/\\\/bladnanews.com\\\/man-city-add-xabi-alonso-to-shortlist-to-replace-guardiola\\\/#breadcrumb\"},\"inLanguage\":\"fr-FR\",\"potentialAction\":[{\"@type\":\"ReadAction\",\"target\":[\"https:\\\/\\\/bladnanews.com\\\/man-city-add-xabi-alonso-to-shortlist-to-replace-guardiola\\\/\"]}]},{\"@type\":\"ImageObject\",\"inLanguage\":\"fr-FR\",\"@id\":\"https:\\\/\\\/bladnanews.com\\\/man-city-add-xabi-alonso-to-shortlist-to-replace-guardiola\\\/#primaryimage\",\"url\":\"https:\\\/\\\/bladnanews.com\\\/wp-content\\\/uploads\\\/2026\\\/02\\\/BladnaNews-Man-City-add-Xabi-Alonso-to-shortlist-to-replace-Guardiola-2026-02-03T051517.026Z.jpg\",\"contentUrl\":\"https:\\\/\\\/bladnanews.com\\\/wp-content\\\/uploads\\\/2026\\\/02\\\/BladnaNews-Man-City-add-Xabi-Alonso-to-shortlist-to-replace-Guardiola-2026-02-03T051517.026Z.jpg\",\"width\":1920,\"height\":1080,\"caption\":\"Pep Guardiola gestures from the sideline in a black jacket, while Xabi Alonso looks on in a navy polo, both reflecting on managerial decisions.\"},{\"@type\":\"BreadcrumbList\",\"@id\":\"https:\\\/\\\/bladnanews.com\\\/man-city-add-xabi-alonso-to-shortlist-to-replace-guardiola\\\/#breadcrumb\",\"itemListElement\":[{\"@type\":\"ListItem\",\"position\":1,\"name\":\"Home\",\"item\":\"https:\\\/\\\/bladnanews.com\\\/\"},{\"@type\":\"ListItem\",\"position\":2,\"name\":\"Man City add Xabi Alonso to shortlist to replace Guardiola\"}]},{\"@type\":\"WebSite\",\"@id\":\"https:\\\/\\\/mediumseagreen-eel-531711.hostingersite.com\\\/#website\",\"url\":\"https:\\\/\\\/mediumseagreen-eel-531711.hostingersite.com\\\/\",\"name\":\"Bladna News - Morocco\",\"description\":\"Where Moroccan Football Meets the World\",\"publisher\":{\"@id\":\"https:\\\/\\\/mediumseagreen-eel-531711.hostingersite.com\\\/#organization\"},\"potentialAction\":[{\"@type\":\"SearchAction\",\"target\":{\"@type\":\"EntryPoint\",\"urlTemplate\":\"https:\\\/\\\/mediumseagreen-eel-531711.hostingersite.com\\\/?s={search_term_string}\"},\"query-input\":{\"@type\":\"PropertyValueSpecification\",\"valueRequired\":true,\"valueName\":\"search_term_string\"}}],\"inLanguage\":\"fr-FR\"},{\"@type\":\"Organization\",\"@id\":\"https:\\\/\\\/mediumseagreen-eel-531711.hostingersite.com\\\/#organization\",\"name\":\"Bladna News.com\",\"url\":\"https:\\\/\\\/mediumseagreen-eel-531711.hostingersite.com\\\/\",\"logo\":{\"@type\":\"ImageObject\",\"inLanguage\":\"fr-FR\",\"@id\":\"https:\\\/\\\/mediumseagreen-eel-531711.hostingersite.com\\\/#\\\/schema\\\/logo\\\/image\\\/\",\"url\":\"https:\\\/\\\/bladnanews.com\\\/wp-content\\\/uploads\\\/2025\\\/12\\\/logo-bladnanews-V2-web-black-red.png\",\"contentUrl\":\"https:\\\/\\\/bladnanews.com\\\/wp-content\\\/uploads\\\/2025\\\/12\\\/logo-bladnanews-V2-web-black-red.png\",\"width\":703,\"height\":287,\"caption\":\"Bladna News.com\"},\"image\":{\"@id\":\"https:\\\/\\\/mediumseagreen-eel-531711.hostingersite.com\\\/#\\\/schema\\\/logo\\\/image\\\/\"},\"email\":\"info@bladnanews.com\",\"legalName\":\"Bladna News\"},{\"@type\":\"Person\",\"@id\":\"https:\\\/\\\/mediumseagreen-eel-531711.hostingersite.com\\\/#\\\/schema\\\/person\\\/268e18a453ab080ebf76df6ef7845083\",\"name\":\"Bladna News Staff\",\"url\":\"https:\\\/\\\/bladnanews.com\\\/fr\\\/author\\\/bladna-news-staff\\\/\"}]}<\/script>\n<!-- \/ Yoast SEO Premium plugin. -->","yoast_head_json":{"title":"Manchester City ajoute Xabi Alonso \u00e0 la liste restreinte pour remplacer Guardiola - Bladna News","robots":{"index":"index","follow":"follow","max-snippet":"max-snippet:-1","max-image-preview":"max-image-preview:large","max-video-preview":"max-video-preview:-1"},"canonical":"https:\/\/bladnanews.com\/fr\/manchester-city-ajoute-xabi-alonso-a-sa-liste-restreinte-pour-remplacer-guardiola\/","og_locale":"fr_FR","og_type":"article","og_title":"Man City add Xabi Alonso to shortlist to replace Guardiola","og_description":"Manchester City have added Xabi Alonso to a three-man shortlist of candidates who could replace Pep Guardiola if the club [&hellip;]","og_url":"https:\/\/bladnanews.com\/fr\/manchester-city-ajoute-xabi-alonso-a-sa-liste-restreinte-pour-remplacer-guardiola\/","og_site_name":"Bladna News","article_published_time":"2026-02-02T16:49:16+00:00","og_image":[{"width":1312,"height":736,"url":"https:\/\/bladnanews.com\/wp-content\/uploads\/2025\/12\/freepik__bladna-newscom-moroccan-soccer-homepage-banner-mor__41838.png","type":"image\/png"}],"author":"Bladna News Staff","twitter_card":"summary_large_image","twitter_misc":{"\u00c9crit par":"Bladna News Staff","Dur\u00e9e de lecture estim\u00e9e":"1 minute"},"schema":{"@context":"https:\/\/schema.org","@graph":[{"@type":"Article","@id":"https:\/\/bladnanews.com\/man-city-add-xabi-alonso-to-shortlist-to-replace-guardiola\/#article","isPartOf":{"@id":"https:\/\/bladnanews.com\/man-city-add-xabi-alonso-to-shortlist-to-replace-guardiola\/"},"author":{"name":"Bladna News Staff","@id":"https:\/\/mediumseagreen-eel-531711.hostingersite.com\/#\/schema\/person\/268e18a453ab080ebf76df6ef7845083"},"headline":"Man City add Xabi Alonso to shortlist to replace Guardiola","datePublished":"2026-02-02T16:49:16+00:00","mainEntityOfPage":{"@id":"https:\/\/bladnanews.com\/man-city-add-xabi-alonso-to-shortlist-to-replace-guardiola\/"},"wordCount":158,"publisher":{"@id":"https:\/\/mediumseagreen-eel-531711.hostingersite.com\/#organization"},"image":{"@id":"https:\/\/bladnanews.com\/man-city-add-xabi-alonso-to-shortlist-to-replace-guardiola\/#primaryimage"},"thumbnailUrl":"https:\/\/bladnanews.com\/wp-content\/uploads\/2026\/02\/BladnaNews-Man-City-add-Xabi-Alonso-to-shortlist-to-replace-Guardiola-2026-02-03T051517.026Z.jpg","articleSection":["International","Latest News"],"inLanguage":"fr-FR","copyrightYear":"2026","copyrightHolder":{"@id":"https:\/\/bladnanews.com\/fr\/#organization"}},{"@type":"WebPage","@id":"https:\/\/bladnanews.com\/man-city-add-xabi-alonso-to-shortlist-to-replace-guardiola\/","url":"https:\/\/bladnanews.com\/man-city-add-xabi-alonso-to-shortlist-to-replace-guardiola\/","name":"Manchester City ajoute Xabi Alonso \u00e0 la liste restreinte pour remplacer Guardiola - Bladna News","isPartOf":{"@id":"https:\/\/mediumseagreen-eel-531711.hostingersite.com\/#website"},"primaryImageOfPage":{"@id":"https:\/\/bladnanews.com\/man-city-add-xabi-alonso-to-shortlist-to-replace-guardiola\/#primaryimage"},"image":{"@id":"https:\/\/bladnanews.com\/man-city-add-xabi-alonso-to-shortlist-to-replace-guardiola\/#primaryimage"},"thumbnailUrl":"https:\/\/bladnanews.com\/wp-content\/uploads\/2026\/02\/BladnaNews-Man-City-add-Xabi-Alonso-to-shortlist-to-replace-Guardiola-2026-02-03T051517.026Z.jpg","datePublished":"2026-02-02T16:49:16+00:00","breadcrumb":{"@id":"https:\/\/bladnanews.com\/man-city-add-xabi-alonso-to-shortlist-to-replace-guardiola\/#breadcrumb"},"inLanguage":"fr-FR","potentialAction":[{"@type":"ReadAction","target":["https:\/\/bladnanews.com\/man-city-add-xabi-alonso-to-shortlist-to-replace-guardiola\/"]}]},{"@type":"ImageObject","inLanguage":"fr-FR","@id":"https:\/\/bladnanews.com\/man-city-add-xabi-alonso-to-shortlist-to-replace-guardiola\/#primaryimage","url":"https:\/\/bladnanews.com\/wp-content\/uploads\/2026\/02\/BladnaNews-Man-City-add-Xabi-Alonso-to-shortlist-to-replace-Guardiola-2026-02-03T051517.026Z.jpg","contentUrl":"https:\/\/bladnanews.com\/wp-content\/uploads\/2026\/02\/BladnaNews-Man-City-add-Xabi-Alonso-to-shortlist-to-replace-Guardiola-2026-02-03T051517.026Z.jpg","width":1920,"height":1080,"caption":"Pep Guardiola gestures from the sideline in a black jacket, while Xabi Alonso looks on in a navy polo, both reflecting on managerial decisions."},{"@type":"BreadcrumbList","@id":"https:\/\/bladnanews.com\/man-city-add-xabi-alonso-to-shortlist-to-replace-guardiola\/#breadcrumb","itemListElement":[{"@type":"ListItem","position":1,"name":"Home","item":"https:\/\/bladnanews.com\/"},{"@type":"ListItem","position":2,"name":"Man City add Xabi Alonso to shortlist to replace Guardiola"}]},{"@type":"WebSite","@id":"https:\/\/mediumseagreen-eel-531711.hostingersite.com\/#website","url":"https:\/\/mediumseagreen-eel-531711.hostingersite.com\/","name":"Bladna News - Maroc","description":"Quand le football marocain rencontre le monde","publisher":{"@id":"https:\/\/mediumseagreen-eel-531711.hostingersite.com\/#organization"},"potentialAction":[{"@type":"SearchAction","target":{"@type":"EntryPoint","urlTemplate":"https:\/\/mediumseagreen-eel-531711.hostingersite.com\/?s={search_term_string}"},"query-input":{"@type":"PropertyValueSpecification","valueRequired":true,"valueName":"search_term_string"}}],"inLanguage":"fr-FR"},{"@type":"Organization","@id":"https:\/\/mediumseagreen-eel-531711.hostingersite.com\/#organization","name":"Bladna News.com","url":"https:\/\/mediumseagreen-eel-531711.hostingersite.com\/","logo":{"@type":"ImageObject","inLanguage":"fr-FR","@id":"https:\/\/mediumseagreen-eel-531711.hostingersite.com\/#\/schema\/logo\/image\/","url":"https:\/\/bladnanews.com\/wp-content\/uploads\/2025\/12\/logo-bladnanews-V2-web-black-red.png","contentUrl":"https:\/\/bladnanews.com\/wp-content\/uploads\/2025\/12\/logo-bladnanews-V2-web-black-red.png","width":703,"height":287,"caption":"Bladna News.com"},"image":{"@id":"https:\/\/mediumseagreen-eel-531711.hostingersite.com\/#\/schema\/logo\/image\/"},"email":"info@bladnanews.com","legalName":"Bladna News"},{"@type":"Person","@id":"https:\/\/mediumseagreen-eel-531711.hostingersite.com\/#\/schema\/person\/268e18a453ab080ebf76df6ef7845083","name":"\u00c9quipe r\u00e9dactionnelle de Bladna News","url":"https:\/\/bladnanews.com\/fr\/author\/bladna-news-staff\/"}]}},"_links":{"self":[{"href":"https:\/\/bladnanews.com\/fr\/wp-json\/wp\/v2\/posts\/8547","targetHints":{"allow":["GET"]}}],"collection":[{"href":"https:\/\/bladnanews.com\/fr\/wp-json\/wp\/v2\/posts"}],"about":[{"href":"https:\/\/bladnanews.com\/fr\/wp-json\/wp\/v2\/types\/post"}],"author":[{"embeddable":true,"href":"https:\/\/bladnanews.com\/fr\/wp-json\/wp\/v2\/users\/3"}],"replies":[{"embeddable":true,"href":"https:\/\/bladnanews.com\/fr\/wp-json\/wp\/v2\/comments?post=8547"}],"version-history":[{"count":0,"href":"https:\/\/bladnanews.com\/fr\/wp-json\/wp\/v2\/posts\/8547\/revisions"}],"wp:featuredmedia":[{"embeddable":true,"href":"https:\/\/bladnanews.com\/fr\/wp-json\/wp\/v2\/media\/8546"}],"wp:attachment":[{"href":"https:\/\/bladnanews.com\/fr\/wp-json\/wp\/v2\/media?parent=8547"}],"wp:term":[{"taxonomy":"category","embeddable":true,"href":"https:\/\/bladnanews.com\/fr\/wp-json\/wp\/v2\/categories?post=8547"},{"taxonomy":"post_tag","embeddable":true,"href":"https:\/\/bladnanews.com\/fr\/wp-json\/wp\/v2\/tags?post=8547"}],"curies":[{"name":"wp","href":"https:\/\/api.w.org\/{rel}","templated":true}]}}