{"id":8549,"date":"2026-02-02T17:06:32","date_gmt":"2026-02-02T17:06:32","guid":{"rendered":"https:\/\/bladnanews.com\/inside-alex-freemans-12-month-rise-to-villarreal-and-usmnt\/"},"modified":"2026-02-02T17:06:32","modified_gmt":"2026-02-02T17:06:32","slug":"a-linterieur-de-lascension-de-12-mois-dalex-freeman-a-villarreal-et-a-lequipe-nationale-americaine-usmnt","status":"publish","type":"post","link":"https:\/\/bladnanews.com\/fr\/a-linterieur-de-lascension-de-12-mois-dalex-freeman-a-villarreal-et-a-lequipe-nationale-americaine-usmnt\/","title":{"rendered":"Dans les coulisses de l'ascension fulgurante d'Alex Freeman en 12 mois vers Villarreal et l'\u00e9quipe nationale am\u00e9ricaine"},"content":{"rendered":"<p>Les douze derniers mois d\u2019Alex Freeman ont \u00e9t\u00e9 mouvement\u00e9s, le menant d\u2019Orlando City \u00e0 Villarreal et le propulsant dans le paysage de l\u2019\u00e9quipe nationale am\u00e9ricaine (USMNT) comme un potentiel candidat pour la Coupe du monde.<\/p>\n<p>L\u2019arri\u00e8re droit de 20 ans est pass\u00e9 d\u2019un espoir prometteur de la MLS \u00e0 un test en Espagne, ses progr\u00e8s le pla\u00e7ant d\u00e9sormais fermement sur le radar de l\u2019\u00e9quipe nationale. \u201c Les choses peuvent changer si vite \u201d, a d\u00e9clar\u00e9 Freeman, revenant sur la rapidit\u00e9 avec laquelle sa carri\u00e8re a \u00e9volu\u00e9 au cours de l\u2019ann\u00e9e \u00e9coul\u00e9e.<\/p>\n<p>L\u2019histoire de Freeman a commenc\u00e9 \u00e0 Orlando, o\u00f9 il a continu\u00e9 \u00e0 progresser au sein du syst\u00e8me d\u2019Orlando City et \u00e0 revendiquer un r\u00f4le plus important. Peu \u00e0 peu, cette ascension r\u00e9guli\u00e8re s\u2019est transform\u00e9e en un bond rapide, Villarreal ayant fait le n\u00e9cessaire pour l\u2019attirer en Liga.<\/p>\n<p>Le transfert \u00e0 Villarreal a plac\u00e9 Freeman dans un environnement diff\u00e9rent, avec des exigences quotidiennes plus \u00e9lev\u00e9es et un nouveau niveau de comp\u00e9tition, mais sa trajectoire ne s\u2019est pas ralentie. Ses performances et sa progression ont \u00e9t\u00e9 remarqu\u00e9es, ce qui a rejailli sur son statut au sein du dispositif de l\u2019USMNT.<\/p>\n<p>Ce qui est apparu clairement, c\u2019est la rapidit\u00e9 avec laquelle Freeman est entr\u00e9 dans la course s\u00e9rieuse pour une place dans les plans \u00e0 long terme des \u00c9tats-Unis, son transfert \u00e0 Villarreal et son d\u00e9veloppement continu en faisant d\u00e9sormais un joueur \u00e0 suivre en vue de la Coupe du monde.<\/p>\n<p>Pour Freeman, le rythme de tout cela a \u00e9t\u00e9 la plus grande le\u00e7on. Il sait que la prochaine \u00e9tape exigera la m\u00eame concentration qui l\u2019a men\u00e9 jusqu\u2019ici, mais son ascension d\u2019Orlando \u00e0 Villarreal en un an a d\u00e9j\u00e0 soulign\u00e9 le point qu\u2019il a lui-m\u00eame \u00e9voqu\u00e9 : dans le football, tout peut changer rapidement.<\/p>","protected":false},"excerpt":{"rendered":"<p>Alex Freeman\u2019s last 12 months have moved fast, taking him from Orlando City to Villarreal and into the USMNT picture [&hellip;]<\/p>\n","protected":false},"author":3,"featured_media":8548,"comment_status":"","ping_status":"open","sticky":false,"template":"","format":"standard","meta":{"googlesitekit_rrm_CAow_uzEDA:productID":"","site-sidebar-layout":"default","site-content-layout":"","ast-site-content-layout":"default","site-content-style":"default","site-sidebar-style":"default","ast-global-header-display":"","ast-banner-title-visibility":"","ast-main-header-display":"","ast-hfb-above-header-display":"","ast-hfb-below-header-display":"","ast-hfb-mobile-header-display":"","site-post-title":"","ast-breadcrumbs-content":"","ast-featured-img":"","footer-sml-layout":"","ast-disable-related-posts":"","theme-transparent-header-meta":"","adv-header-id-meta":"","stick-header-meta":"","header-above-stick-meta":"","header-main-stick-meta":"","header-below-stick-meta":"","astra-migrate-meta-layouts":"default","ast-page-background-enabled":"default","ast-page-background-meta":{"desktop":{"background-color":"var(--ast-global-color-5)","background-image":"","background-repeat":"repeat","background-position":"center center","background-size":"auto","background-attachment":"scroll","background-type":"","background-media":"","overlay-type":"","overlay-color":"","overlay-opacity":"","overlay-gradient":""},"tablet":{"background-color":"","background-image":"","background-repeat":"repeat","background-position":"center center","background-size":"auto","background-attachment":"scroll","background-type":"","background-media":"","overlay-type":"","overlay-color":"","overlay-opacity":"","overlay-gradient":""},"mobile":{"background-color":"","background-image":"","background-repeat":"repeat","background-position":"center center","background-size":"auto","background-attachment":"scroll","background-type":"","background-media":"","overlay-type":"","overlay-color":"","overlay-opacity":"","overlay-gradient":""}},"ast-content-background-meta":{"desktop":{"background-color":"var(--ast-global-color-4)","background-image":"","background-repeat":"repeat","background-position":"center center","background-size":"auto","background-attachment":"scroll","background-type":"","background-media":"","overlay-type":"","overlay-color":"","overlay-opacity":"","overlay-gradient":""},"tablet":{"background-color":"var(--ast-global-color-4)","background-image":"","background-repeat":"repeat","background-position":"center center","background-size":"auto","background-attachment":"scroll","background-type":"","background-media":"","overlay-type":"","overlay-color":"","overlay-opacity":"","overlay-gradient":""},"mobile":{"background-color":"var(--ast-global-color-4)","background-image":"","background-repeat":"repeat","background-position":"center center","background-size":"auto","background-attachment":"scroll","background-type":"","background-media":"","overlay-type":"","overlay-color":"","overlay-opacity":"","overlay-gradient":""}},"footnotes":""},"categories":[20,1],"tags":[],"class_list":["post-8549","post","type-post","status-publish","format-standard","has-post-thumbnail","hentry","category-international","category-football-latest-news"],"yoast_head":"<!-- This site is optimized with the Yoast SEO Premium plugin v26.6 (Yoast SEO v27.4) - https:\/\/yoast.com\/product\/yoast-seo-premium-wordpress\/ -->\n<title>Inside Alex Freeman\u2019s 12-month rise to Villarreal and USMNT - Bladna News<\/title>\n<meta name=\"robots\" content=\"index, follow, max-snippet:-1, max-image-preview:large, max-video-preview:-1\" \/>\n<link rel=\"canonical\" href=\"https:\/\/bladnanews.com\/fr\/a-linterieur-de-lascension-de-12-mois-dalex-freeman-a-villarreal-et-a-lequipe-nationale-americaine-usmnt\/\" \/>\n<meta property=\"og:locale\" content=\"fr_FR\" \/>\n<meta property=\"og:type\" content=\"article\" \/>\n<meta property=\"og:title\" content=\"Inside Alex Freeman\u2019s 12-month rise to Villarreal and USMNT\" \/>\n<meta property=\"og:description\" content=\"Alex Freeman\u2019s last 12 months have moved fast, taking him from Orlando City to Villarreal and into the USMNT picture [&hellip;]\" \/>\n<meta property=\"og:url\" content=\"https:\/\/bladnanews.com\/fr\/a-linterieur-de-lascension-de-12-mois-dalex-freeman-a-villarreal-et-a-lequipe-nationale-americaine-usmnt\/\" \/>\n<meta property=\"og:site_name\" content=\"Bladna News\" \/>\n<meta property=\"article:published_time\" content=\"2026-02-02T17:06:32+00:00\" \/>\n<meta property=\"og:image\" content=\"https:\/\/bladnanews.com\/wp-content\/uploads\/2025\/12\/freepik__bladna-newscom-moroccan-soccer-homepage-banner-mor__41838.png\" \/>\n\t<meta property=\"og:image:width\" content=\"1312\" \/>\n\t<meta property=\"og:image:height\" content=\"736\" \/>\n\t<meta property=\"og:image:type\" content=\"image\/png\" \/>\n<meta name=\"author\" content=\"Bladna News Staff\" \/>\n<meta name=\"twitter:card\" content=\"summary_large_image\" \/>\n<meta name=\"twitter:label1\" content=\"\u00c9crit par\" \/>\n\t<meta name=\"twitter:data1\" content=\"Bladna News Staff\" \/>\n\t<meta name=\"twitter:label2\" content=\"Dur\u00e9e de lecture estim\u00e9e\" \/>\n\t<meta name=\"twitter:data2\" content=\"1 minute\" \/>\n<script type=\"application\/ld+json\" class=\"yoast-schema-graph\">{\"@context\":\"https:\\\/\\\/schema.org\",\"@graph\":[{\"@type\":\"Article\",\"@id\":\"https:\\\/\\\/bladnanews.com\\\/inside-alex-freemans-12-month-rise-to-villarreal-and-usmnt\\\/#article\",\"isPartOf\":{\"@id\":\"https:\\\/\\\/bladnanews.com\\\/inside-alex-freemans-12-month-rise-to-villarreal-and-usmnt\\\/\"},\"author\":{\"name\":\"Bladna News Staff\",\"@id\":\"https:\\\/\\\/mediumseagreen-eel-531711.hostingersite.com\\\/#\\\/schema\\\/person\\\/268e18a453ab080ebf76df6ef7845083\"},\"headline\":\"Inside Alex Freeman\u2019s 12-month rise to Villarreal and USMNT\",\"datePublished\":\"2026-02-02T17:06:32+00:00\",\"mainEntityOfPage\":{\"@id\":\"https:\\\/\\\/bladnanews.com\\\/inside-alex-freemans-12-month-rise-to-villarreal-and-usmnt\\\/\"},\"wordCount\":264,\"publisher\":{\"@id\":\"https:\\\/\\\/mediumseagreen-eel-531711.hostingersite.com\\\/#organization\"},\"image\":{\"@id\":\"https:\\\/\\\/bladnanews.com\\\/inside-alex-freemans-12-month-rise-to-villarreal-and-usmnt\\\/#primaryimage\"},\"thumbnailUrl\":\"https:\\\/\\\/bladnanews.com\\\/wp-content\\\/uploads\\\/2026\\\/02\\\/BladnaNews-Inside-Alex-Freemans-12-month-rise-to-Villarreal-and-USMNT-2026-02-03T051539.663Z.jpg\",\"articleSection\":[\"International\",\"Latest News\"],\"inLanguage\":\"fr-FR\",\"copyrightYear\":\"2026\",\"copyrightHolder\":{\"@id\":\"https:\\\/\\\/bladnanews.com\\\/fr\\\/#organization\"}},{\"@type\":\"WebPage\",\"@id\":\"https:\\\/\\\/bladnanews.com\\\/inside-alex-freemans-12-month-rise-to-villarreal-and-usmnt\\\/\",\"url\":\"https:\\\/\\\/bladnanews.com\\\/inside-alex-freemans-12-month-rise-to-villarreal-and-usmnt\\\/\",\"name\":\"Inside Alex Freeman\u2019s 12-month rise to Villarreal and USMNT - Bladna News\",\"isPartOf\":{\"@id\":\"https:\\\/\\\/mediumseagreen-eel-531711.hostingersite.com\\\/#website\"},\"primaryImageOfPage\":{\"@id\":\"https:\\\/\\\/bladnanews.com\\\/inside-alex-freemans-12-month-rise-to-villarreal-and-usmnt\\\/#primaryimage\"},\"image\":{\"@id\":\"https:\\\/\\\/bladnanews.com\\\/inside-alex-freemans-12-month-rise-to-villarreal-and-usmnt\\\/#primaryimage\"},\"thumbnailUrl\":\"https:\\\/\\\/bladnanews.com\\\/wp-content\\\/uploads\\\/2026\\\/02\\\/BladnaNews-Inside-Alex-Freemans-12-month-rise-to-Villarreal-and-USMNT-2026-02-03T051539.663Z.jpg\",\"datePublished\":\"2026-02-02T17:06:32+00:00\",\"breadcrumb\":{\"@id\":\"https:\\\/\\\/bladnanews.com\\\/inside-alex-freemans-12-month-rise-to-villarreal-and-usmnt\\\/#breadcrumb\"},\"inLanguage\":\"fr-FR\",\"potentialAction\":[{\"@type\":\"ReadAction\",\"target\":[\"https:\\\/\\\/bladnanews.com\\\/inside-alex-freemans-12-month-rise-to-villarreal-and-usmnt\\\/\"]}]},{\"@type\":\"ImageObject\",\"inLanguage\":\"fr-FR\",\"@id\":\"https:\\\/\\\/bladnanews.com\\\/inside-alex-freemans-12-month-rise-to-villarreal-and-usmnt\\\/#primaryimage\",\"url\":\"https:\\\/\\\/bladnanews.com\\\/wp-content\\\/uploads\\\/2026\\\/02\\\/BladnaNews-Inside-Alex-Freemans-12-month-rise-to-Villarreal-and-USMNT-2026-02-03T051539.663Z.jpg\",\"contentUrl\":\"https:\\\/\\\/bladnanews.com\\\/wp-content\\\/uploads\\\/2026\\\/02\\\/BladnaNews-Inside-Alex-Freemans-12-month-rise-to-Villarreal-and-USMNT-2026-02-03T051539.663Z.jpg\",\"width\":1920,\"height\":1080,\"caption\":\"Alex Freeman celebrates in the USA kit, with a background featuring stars and his club colours for Orlando City SC, symbolising his rise.\"},{\"@type\":\"BreadcrumbList\",\"@id\":\"https:\\\/\\\/bladnanews.com\\\/inside-alex-freemans-12-month-rise-to-villarreal-and-usmnt\\\/#breadcrumb\",\"itemListElement\":[{\"@type\":\"ListItem\",\"position\":1,\"name\":\"Home\",\"item\":\"https:\\\/\\\/bladnanews.com\\\/\"},{\"@type\":\"ListItem\",\"position\":2,\"name\":\"Inside Alex Freeman\u2019s 12-month rise to Villarreal and USMNT\"}]},{\"@type\":\"WebSite\",\"@id\":\"https:\\\/\\\/mediumseagreen-eel-531711.hostingersite.com\\\/#website\",\"url\":\"https:\\\/\\\/mediumseagreen-eel-531711.hostingersite.com\\\/\",\"name\":\"Bladna News - Morocco\",\"description\":\"Where Moroccan Football Meets the World\",\"publisher\":{\"@id\":\"https:\\\/\\\/mediumseagreen-eel-531711.hostingersite.com\\\/#organization\"},\"potentialAction\":[{\"@type\":\"SearchAction\",\"target\":{\"@type\":\"EntryPoint\",\"urlTemplate\":\"https:\\\/\\\/mediumseagreen-eel-531711.hostingersite.com\\\/?s={search_term_string}\"},\"query-input\":{\"@type\":\"PropertyValueSpecification\",\"valueRequired\":true,\"valueName\":\"search_term_string\"}}],\"inLanguage\":\"fr-FR\"},{\"@type\":\"Organization\",\"@id\":\"https:\\\/\\\/mediumseagreen-eel-531711.hostingersite.com\\\/#organization\",\"name\":\"Bladna News.com\",\"url\":\"https:\\\/\\\/mediumseagreen-eel-531711.hostingersite.com\\\/\",\"logo\":{\"@type\":\"ImageObject\",\"inLanguage\":\"fr-FR\",\"@id\":\"https:\\\/\\\/mediumseagreen-eel-531711.hostingersite.com\\\/#\\\/schema\\\/logo\\\/image\\\/\",\"url\":\"https:\\\/\\\/bladnanews.com\\\/wp-content\\\/uploads\\\/2025\\\/12\\\/logo-bladnanews-V2-web-black-red.png\",\"contentUrl\":\"https:\\\/\\\/bladnanews.com\\\/wp-content\\\/uploads\\\/2025\\\/12\\\/logo-bladnanews-V2-web-black-red.png\",\"width\":703,\"height\":287,\"caption\":\"Bladna News.com\"},\"image\":{\"@id\":\"https:\\\/\\\/mediumseagreen-eel-531711.hostingersite.com\\\/#\\\/schema\\\/logo\\\/image\\\/\"},\"email\":\"info@bladnanews.com\",\"legalName\":\"Bladna News\"},{\"@type\":\"Person\",\"@id\":\"https:\\\/\\\/mediumseagreen-eel-531711.hostingersite.com\\\/#\\\/schema\\\/person\\\/268e18a453ab080ebf76df6ef7845083\",\"name\":\"Bladna News Staff\",\"url\":\"https:\\\/\\\/bladnanews.com\\\/fr\\\/author\\\/bladna-news-staff\\\/\"}]}<\/script>\n<!-- \/ Yoast SEO Premium plugin. -->","yoast_head_json":{"title":"L'ascension fulgurante d'Alex Freeman en 12 mois vers Villarreal et l'\u00e9quipe nationale am\u00e9ricaine - Bladna News","robots":{"index":"index","follow":"follow","max-snippet":"max-snippet:-1","max-image-preview":"max-image-preview:large","max-video-preview":"max-video-preview:-1"},"canonical":"https:\/\/bladnanews.com\/fr\/a-linterieur-de-lascension-de-12-mois-dalex-freeman-a-villarreal-et-a-lequipe-nationale-americaine-usmnt\/","og_locale":"fr_FR","og_type":"article","og_title":"Inside Alex Freeman\u2019s 12-month rise to Villarreal and USMNT","og_description":"Alex Freeman\u2019s last 12 months have moved fast, taking him from Orlando City to Villarreal and into the USMNT picture [&hellip;]","og_url":"https:\/\/bladnanews.com\/fr\/a-linterieur-de-lascension-de-12-mois-dalex-freeman-a-villarreal-et-a-lequipe-nationale-americaine-usmnt\/","og_site_name":"Bladna News","article_published_time":"2026-02-02T17:06:32+00:00","og_image":[{"width":1312,"height":736,"url":"https:\/\/bladnanews.com\/wp-content\/uploads\/2025\/12\/freepik__bladna-newscom-moroccan-soccer-homepage-banner-mor__41838.png","type":"image\/png"}],"author":"Bladna News Staff","twitter_card":"summary_large_image","twitter_misc":{"\u00c9crit par":"Bladna News Staff","Dur\u00e9e de lecture estim\u00e9e":"1 minute"},"schema":{"@context":"https:\/\/schema.org","@graph":[{"@type":"Article","@id":"https:\/\/bladnanews.com\/inside-alex-freemans-12-month-rise-to-villarreal-and-usmnt\/#article","isPartOf":{"@id":"https:\/\/bladnanews.com\/inside-alex-freemans-12-month-rise-to-villarreal-and-usmnt\/"},"author":{"name":"Bladna News Staff","@id":"https:\/\/mediumseagreen-eel-531711.hostingersite.com\/#\/schema\/person\/268e18a453ab080ebf76df6ef7845083"},"headline":"Inside Alex Freeman\u2019s 12-month rise to Villarreal and USMNT","datePublished":"2026-02-02T17:06:32+00:00","mainEntityOfPage":{"@id":"https:\/\/bladnanews.com\/inside-alex-freemans-12-month-rise-to-villarreal-and-usmnt\/"},"wordCount":264,"publisher":{"@id":"https:\/\/mediumseagreen-eel-531711.hostingersite.com\/#organization"},"image":{"@id":"https:\/\/bladnanews.com\/inside-alex-freemans-12-month-rise-to-villarreal-and-usmnt\/#primaryimage"},"thumbnailUrl":"https:\/\/bladnanews.com\/wp-content\/uploads\/2026\/02\/BladnaNews-Inside-Alex-Freemans-12-month-rise-to-Villarreal-and-USMNT-2026-02-03T051539.663Z.jpg","articleSection":["International","Latest News"],"inLanguage":"fr-FR","copyrightYear":"2026","copyrightHolder":{"@id":"https:\/\/bladnanews.com\/fr\/#organization"}},{"@type":"WebPage","@id":"https:\/\/bladnanews.com\/inside-alex-freemans-12-month-rise-to-villarreal-and-usmnt\/","url":"https:\/\/bladnanews.com\/inside-alex-freemans-12-month-rise-to-villarreal-and-usmnt\/","name":"L'ascension fulgurante d'Alex Freeman en 12 mois vers Villarreal et l'\u00e9quipe nationale am\u00e9ricaine - Bladna News","isPartOf":{"@id":"https:\/\/mediumseagreen-eel-531711.hostingersite.com\/#website"},"primaryImageOfPage":{"@id":"https:\/\/bladnanews.com\/inside-alex-freemans-12-month-rise-to-villarreal-and-usmnt\/#primaryimage"},"image":{"@id":"https:\/\/bladnanews.com\/inside-alex-freemans-12-month-rise-to-villarreal-and-usmnt\/#primaryimage"},"thumbnailUrl":"https:\/\/bladnanews.com\/wp-content\/uploads\/2026\/02\/BladnaNews-Inside-Alex-Freemans-12-month-rise-to-Villarreal-and-USMNT-2026-02-03T051539.663Z.jpg","datePublished":"2026-02-02T17:06:32+00:00","breadcrumb":{"@id":"https:\/\/bladnanews.com\/inside-alex-freemans-12-month-rise-to-villarreal-and-usmnt\/#breadcrumb"},"inLanguage":"fr-FR","potentialAction":[{"@type":"ReadAction","target":["https:\/\/bladnanews.com\/inside-alex-freemans-12-month-rise-to-villarreal-and-usmnt\/"]}]},{"@type":"ImageObject","inLanguage":"fr-FR","@id":"https:\/\/bladnanews.com\/inside-alex-freemans-12-month-rise-to-villarreal-and-usmnt\/#primaryimage","url":"https:\/\/bladnanews.com\/wp-content\/uploads\/2026\/02\/BladnaNews-Inside-Alex-Freemans-12-month-rise-to-Villarreal-and-USMNT-2026-02-03T051539.663Z.jpg","contentUrl":"https:\/\/bladnanews.com\/wp-content\/uploads\/2026\/02\/BladnaNews-Inside-Alex-Freemans-12-month-rise-to-Villarreal-and-USMNT-2026-02-03T051539.663Z.jpg","width":1920,"height":1080,"caption":"Alex Freeman celebrates in the USA kit, with a background featuring stars and his club colours for Orlando City SC, symbolising his rise."},{"@type":"BreadcrumbList","@id":"https:\/\/bladnanews.com\/inside-alex-freemans-12-month-rise-to-villarreal-and-usmnt\/#breadcrumb","itemListElement":[{"@type":"ListItem","position":1,"name":"Home","item":"https:\/\/bladnanews.com\/"},{"@type":"ListItem","position":2,"name":"Inside Alex Freeman\u2019s 12-month rise to Villarreal and USMNT"}]},{"@type":"WebSite","@id":"https:\/\/mediumseagreen-eel-531711.hostingersite.com\/#website","url":"https:\/\/mediumseagreen-eel-531711.hostingersite.com\/","name":"Bladna News - Maroc","description":"Quand le football marocain rencontre le monde","publisher":{"@id":"https:\/\/mediumseagreen-eel-531711.hostingersite.com\/#organization"},"potentialAction":[{"@type":"SearchAction","target":{"@type":"EntryPoint","urlTemplate":"https:\/\/mediumseagreen-eel-531711.hostingersite.com\/?s={search_term_string}"},"query-input":{"@type":"PropertyValueSpecification","valueRequired":true,"valueName":"search_term_string"}}],"inLanguage":"fr-FR"},{"@type":"Organization","@id":"https:\/\/mediumseagreen-eel-531711.hostingersite.com\/#organization","name":"Bladna News.com","url":"https:\/\/mediumseagreen-eel-531711.hostingersite.com\/","logo":{"@type":"ImageObject","inLanguage":"fr-FR","@id":"https:\/\/mediumseagreen-eel-531711.hostingersite.com\/#\/schema\/logo\/image\/","url":"https:\/\/bladnanews.com\/wp-content\/uploads\/2025\/12\/logo-bladnanews-V2-web-black-red.png","contentUrl":"https:\/\/bladnanews.com\/wp-content\/uploads\/2025\/12\/logo-bladnanews-V2-web-black-red.png","width":703,"height":287,"caption":"Bladna News.com"},"image":{"@id":"https:\/\/mediumseagreen-eel-531711.hostingersite.com\/#\/schema\/logo\/image\/"},"email":"info@bladnanews.com","legalName":"Bladna News"},{"@type":"Person","@id":"https:\/\/mediumseagreen-eel-531711.hostingersite.com\/#\/schema\/person\/268e18a453ab080ebf76df6ef7845083","name":"\u00c9quipe r\u00e9dactionnelle de Bladna News","url":"https:\/\/bladnanews.com\/fr\/author\/bladna-news-staff\/"}]}},"_links":{"self":[{"href":"https:\/\/bladnanews.com\/fr\/wp-json\/wp\/v2\/posts\/8549","targetHints":{"allow":["GET"]}}],"collection":[{"href":"https:\/\/bladnanews.com\/fr\/wp-json\/wp\/v2\/posts"}],"about":[{"href":"https:\/\/bladnanews.com\/fr\/wp-json\/wp\/v2\/types\/post"}],"author":[{"embeddable":true,"href":"https:\/\/bladnanews.com\/fr\/wp-json\/wp\/v2\/users\/3"}],"replies":[{"embeddable":true,"href":"https:\/\/bladnanews.com\/fr\/wp-json\/wp\/v2\/comments?post=8549"}],"version-history":[{"count":0,"href":"https:\/\/bladnanews.com\/fr\/wp-json\/wp\/v2\/posts\/8549\/revisions"}],"wp:featuredmedia":[{"embeddable":true,"href":"https:\/\/bladnanews.com\/fr\/wp-json\/wp\/v2\/media\/8548"}],"wp:attachment":[{"href":"https:\/\/bladnanews.com\/fr\/wp-json\/wp\/v2\/media?parent=8549"}],"wp:term":[{"taxonomy":"category","embeddable":true,"href":"https:\/\/bladnanews.com\/fr\/wp-json\/wp\/v2\/categories?post=8549"},{"taxonomy":"post_tag","embeddable":true,"href":"https:\/\/bladnanews.com\/fr\/wp-json\/wp\/v2\/tags?post=8549"}],"curies":[{"name":"wp","href":"https:\/\/api.w.org\/{rel}","templated":true}]}}