{"id":8557,"date":"2026-02-02T17:57:09","date_gmt":"2026-02-02T17:57:09","guid":{"rendered":"https:\/\/bladnanews.com\/tonali-agent-addresses-newcastle-future-amid-arsenal-links\/"},"modified":"2026-02-02T17:57:09","modified_gmt":"2026-02-02T17:57:09","slug":"lagent-de-tonali-evoque-lavenir-a-newcastle-au-milieu-des-rumeurs-de-transfert-vers-arsenal","status":"publish","type":"post","link":"https:\/\/bladnanews.com\/fr\/lagent-de-tonali-evoque-lavenir-a-newcastle-au-milieu-des-rumeurs-de-transfert-vers-arsenal\/","title":{"rendered":"L'agent de Tonali \u00e9voque son avenir \u00e0 Newcastle au milieu des rumeurs de transfert vers Arsenal."},"content":{"rendered":"<p>L'agent de Sandro Tonali s'est exprim\u00e9 publiquement sur l'avenir du milieu de terrain de Newcastle United, suite \u00e0 de nouvelles rumeurs l'associant \u00e0 un d\u00e9part de St James\u2019 Park.<\/p>\n<p>Des rapports r\u00e9cents ont sugg\u00e9r\u00e9 qu'Arsenal suit Tonali de pr\u00e8s, tandis que la Juventus a \u00e9galement \u00e9t\u00e9 mentionn\u00e9e comme une destination possible. L'international italien est au c\u0153ur de discussions constantes depuis son arriv\u00e9e en Premier League, sa situation \u00e9tant suivie de pr\u00e8s en Angleterre comme en Italie.<\/p>\n<p>Le repr\u00e9sentant de Tonali, Giuseppe Riso, est intervenu pour r\u00e9pondre aux rumeurs et a clairement indiqu\u00e9 que le joueur \u00e9tait engag\u00e9 envers Newcastle. Riso a d\u00e9clar\u00e9 : \u201c Il est tr\u00e8s heureux \u00e0 Newcastle. Il est l\u00e0 pour gagner. \u201d<\/p>\n<p>Les commentaires de l'agent constituent le message le plus clair \u00e0 ce jour sur les intentions de Tonali, Riso soulignant qu'il n'y a aucun projet pour que le milieu de terrain parte et que son attention reste enti\u00e8rement port\u00e9e sur son club actuel.<\/p>\n<p>Tonali a rejoint Newcastle depuis l'AC Milan \u00e0 l'\u00e9t\u00e9 2023 et est sous contrat \u00e0 St James\u2019 Park, o\u00f9 il reste une figure tr\u00e8s m\u00e9diatique malgr\u00e9 les sp\u00e9culations de transfert qui l'accompagnent.<\/p>\n<p>Pour l'instant, la position de Riso est que Tonali est bien install\u00e9 sur les rives de la Tyne et d\u00e9termin\u00e9 \u00e0 r\u00e9ussir avec Newcastle, m\u00eame si l'int\u00e9r\u00eat d'autres clubs continue d'\u00eatre \u00e9voqu\u00e9.<\/p>","protected":false},"excerpt":{"rendered":"<p>Sandro Tonali\u2019s agent has spoken publicly about the Newcastle United midfielder\u2019s future following fresh talk linking him with a move [&hellip;]<\/p>\n","protected":false},"author":3,"featured_media":8556,"comment_status":"","ping_status":"open","sticky":false,"template":"","format":"standard","meta":{"googlesitekit_rrm_CAow_uzEDA:productID":"","site-sidebar-layout":"default","site-content-layout":"","ast-site-content-layout":"default","site-content-style":"default","site-sidebar-style":"default","ast-global-header-display":"","ast-banner-title-visibility":"","ast-main-header-display":"","ast-hfb-above-header-display":"","ast-hfb-below-header-display":"","ast-hfb-mobile-header-display":"","site-post-title":"","ast-breadcrumbs-content":"","ast-featured-img":"","footer-sml-layout":"","ast-disable-related-posts":"","theme-transparent-header-meta":"","adv-header-id-meta":"","stick-header-meta":"","header-above-stick-meta":"","header-main-stick-meta":"","header-below-stick-meta":"","astra-migrate-meta-layouts":"default","ast-page-background-enabled":"default","ast-page-background-meta":{"desktop":{"background-color":"var(--ast-global-color-5)","background-image":"","background-repeat":"repeat","background-position":"center center","background-size":"auto","background-attachment":"scroll","background-type":"","background-media":"","overlay-type":"","overlay-color":"","overlay-opacity":"","overlay-gradient":""},"tablet":{"background-color":"","background-image":"","background-repeat":"repeat","background-position":"center center","background-size":"auto","background-attachment":"scroll","background-type":"","background-media":"","overlay-type":"","overlay-color":"","overlay-opacity":"","overlay-gradient":""},"mobile":{"background-color":"","background-image":"","background-repeat":"repeat","background-position":"center center","background-size":"auto","background-attachment":"scroll","background-type":"","background-media":"","overlay-type":"","overlay-color":"","overlay-opacity":"","overlay-gradient":""}},"ast-content-background-meta":{"desktop":{"background-color":"var(--ast-global-color-4)","background-image":"","background-repeat":"repeat","background-position":"center center","background-size":"auto","background-attachment":"scroll","background-type":"","background-media":"","overlay-type":"","overlay-color":"","overlay-opacity":"","overlay-gradient":""},"tablet":{"background-color":"var(--ast-global-color-4)","background-image":"","background-repeat":"repeat","background-position":"center center","background-size":"auto","background-attachment":"scroll","background-type":"","background-media":"","overlay-type":"","overlay-color":"","overlay-opacity":"","overlay-gradient":""},"mobile":{"background-color":"var(--ast-global-color-4)","background-image":"","background-repeat":"repeat","background-position":"center center","background-size":"auto","background-attachment":"scroll","background-type":"","background-media":"","overlay-type":"","overlay-color":"","overlay-opacity":"","overlay-gradient":""}},"footnotes":""},"categories":[20,1],"tags":[],"class_list":["post-8557","post","type-post","status-publish","format-standard","has-post-thumbnail","hentry","category-international","category-football-latest-news"],"yoast_head":"<!-- This site is optimized with the Yoast SEO Premium plugin v26.6 (Yoast SEO v27.4) - https:\/\/yoast.com\/product\/yoast-seo-premium-wordpress\/ -->\n<title>Tonali agent addresses Newcastle future amid Arsenal links - Bladna News<\/title>\n<meta name=\"robots\" content=\"index, follow, max-snippet:-1, max-image-preview:large, max-video-preview:-1\" \/>\n<link rel=\"canonical\" href=\"https:\/\/bladnanews.com\/fr\/lagent-de-tonali-evoque-lavenir-a-newcastle-au-milieu-des-rumeurs-de-transfert-vers-arsenal\/\" \/>\n<meta property=\"og:locale\" content=\"fr_FR\" \/>\n<meta property=\"og:type\" content=\"article\" \/>\n<meta property=\"og:title\" content=\"Tonali agent addresses Newcastle future amid Arsenal links\" \/>\n<meta property=\"og:description\" content=\"Sandro Tonali\u2019s agent has spoken publicly about the Newcastle United midfielder\u2019s future following fresh talk linking him with a move [&hellip;]\" \/>\n<meta property=\"og:url\" content=\"https:\/\/bladnanews.com\/fr\/lagent-de-tonali-evoque-lavenir-a-newcastle-au-milieu-des-rumeurs-de-transfert-vers-arsenal\/\" \/>\n<meta property=\"og:site_name\" content=\"Bladna News\" \/>\n<meta property=\"article:published_time\" content=\"2026-02-02T17:57:09+00:00\" \/>\n<meta property=\"og:image\" content=\"https:\/\/bladnanews.com\/wp-content\/uploads\/2025\/12\/freepik__bladna-newscom-moroccan-soccer-homepage-banner-mor__41838.png\" \/>\n\t<meta property=\"og:image:width\" content=\"1312\" \/>\n\t<meta property=\"og:image:height\" content=\"736\" \/>\n\t<meta property=\"og:image:type\" content=\"image\/png\" \/>\n<meta name=\"author\" content=\"Bladna News Staff\" \/>\n<meta name=\"twitter:card\" content=\"summary_large_image\" \/>\n<meta name=\"twitter:label1\" content=\"\u00c9crit par\" \/>\n\t<meta name=\"twitter:data1\" content=\"Bladna News Staff\" \/>\n\t<meta name=\"twitter:label2\" content=\"Dur\u00e9e de lecture estim\u00e9e\" \/>\n\t<meta name=\"twitter:data2\" content=\"1 minute\" \/>\n<script type=\"application\/ld+json\" class=\"yoast-schema-graph\">{\"@context\":\"https:\\\/\\\/schema.org\",\"@graph\":[{\"@type\":\"Article\",\"@id\":\"https:\\\/\\\/bladnanews.com\\\/tonali-agent-addresses-newcastle-future-amid-arsenal-links\\\/#article\",\"isPartOf\":{\"@id\":\"https:\\\/\\\/bladnanews.com\\\/tonali-agent-addresses-newcastle-future-amid-arsenal-links\\\/\"},\"author\":{\"name\":\"Bladna News Staff\",\"@id\":\"https:\\\/\\\/mediumseagreen-eel-531711.hostingersite.com\\\/#\\\/schema\\\/person\\\/268e18a453ab080ebf76df6ef7845083\"},\"headline\":\"Tonali agent addresses Newcastle future amid Arsenal links\",\"datePublished\":\"2026-02-02T17:57:09+00:00\",\"mainEntityOfPage\":{\"@id\":\"https:\\\/\\\/bladnanews.com\\\/tonali-agent-addresses-newcastle-future-amid-arsenal-links\\\/\"},\"wordCount\":208,\"publisher\":{\"@id\":\"https:\\\/\\\/mediumseagreen-eel-531711.hostingersite.com\\\/#organization\"},\"image\":{\"@id\":\"https:\\\/\\\/bladnanews.com\\\/tonali-agent-addresses-newcastle-future-amid-arsenal-links\\\/#primaryimage\"},\"thumbnailUrl\":\"https:\\\/\\\/bladnanews.com\\\/wp-content\\\/uploads\\\/2026\\\/02\\\/BladnaNews-Tonali-agent-addresses-Newcastle-future-amid-Arsenal-links-2026-02-03T091450.420Z.jpg\",\"articleSection\":[\"International\",\"Latest News\"],\"inLanguage\":\"fr-FR\",\"copyrightYear\":\"2026\",\"copyrightHolder\":{\"@id\":\"https:\\\/\\\/bladnanews.com\\\/fr\\\/#organization\"}},{\"@type\":\"WebPage\",\"@id\":\"https:\\\/\\\/bladnanews.com\\\/tonali-agent-addresses-newcastle-future-amid-arsenal-links\\\/\",\"url\":\"https:\\\/\\\/bladnanews.com\\\/tonali-agent-addresses-newcastle-future-amid-arsenal-links\\\/\",\"name\":\"Tonali agent addresses Newcastle future amid Arsenal links - Bladna News\",\"isPartOf\":{\"@id\":\"https:\\\/\\\/mediumseagreen-eel-531711.hostingersite.com\\\/#website\"},\"primaryImageOfPage\":{\"@id\":\"https:\\\/\\\/bladnanews.com\\\/tonali-agent-addresses-newcastle-future-amid-arsenal-links\\\/#primaryimage\"},\"image\":{\"@id\":\"https:\\\/\\\/bladnanews.com\\\/tonali-agent-addresses-newcastle-future-amid-arsenal-links\\\/#primaryimage\"},\"thumbnailUrl\":\"https:\\\/\\\/bladnanews.com\\\/wp-content\\\/uploads\\\/2026\\\/02\\\/BladnaNews-Tonali-agent-addresses-Newcastle-future-amid-Arsenal-links-2026-02-03T091450.420Z.jpg\",\"datePublished\":\"2026-02-02T17:57:09+00:00\",\"breadcrumb\":{\"@id\":\"https:\\\/\\\/bladnanews.com\\\/tonali-agent-addresses-newcastle-future-amid-arsenal-links\\\/#breadcrumb\"},\"inLanguage\":\"fr-FR\",\"potentialAction\":[{\"@type\":\"ReadAction\",\"target\":[\"https:\\\/\\\/bladnanews.com\\\/tonali-agent-addresses-newcastle-future-amid-arsenal-links\\\/\"]}]},{\"@type\":\"ImageObject\",\"inLanguage\":\"fr-FR\",\"@id\":\"https:\\\/\\\/bladnanews.com\\\/tonali-agent-addresses-newcastle-future-amid-arsenal-links\\\/#primaryimage\",\"url\":\"https:\\\/\\\/bladnanews.com\\\/wp-content\\\/uploads\\\/2026\\\/02\\\/BladnaNews-Tonali-agent-addresses-Newcastle-future-amid-Arsenal-links-2026-02-03T091450.420Z.jpg\",\"contentUrl\":\"https:\\\/\\\/bladnanews.com\\\/wp-content\\\/uploads\\\/2026\\\/02\\\/BladnaNews-Tonali-agent-addresses-Newcastle-future-amid-Arsenal-links-2026-02-03T091450.420Z.jpg\",\"width\":1920,\"height\":1080,\"caption\":\"Sandro Tonali gestures with a thumbs-up, wearing Newcastle United's black and white striped kit during a Premier League match.\"},{\"@type\":\"BreadcrumbList\",\"@id\":\"https:\\\/\\\/bladnanews.com\\\/tonali-agent-addresses-newcastle-future-amid-arsenal-links\\\/#breadcrumb\",\"itemListElement\":[{\"@type\":\"ListItem\",\"position\":1,\"name\":\"Home\",\"item\":\"https:\\\/\\\/bladnanews.com\\\/\"},{\"@type\":\"ListItem\",\"position\":2,\"name\":\"Tonali agent addresses Newcastle future amid Arsenal links\"}]},{\"@type\":\"WebSite\",\"@id\":\"https:\\\/\\\/mediumseagreen-eel-531711.hostingersite.com\\\/#website\",\"url\":\"https:\\\/\\\/mediumseagreen-eel-531711.hostingersite.com\\\/\",\"name\":\"Bladna News - Morocco\",\"description\":\"Where Moroccan Football Meets the World\",\"publisher\":{\"@id\":\"https:\\\/\\\/mediumseagreen-eel-531711.hostingersite.com\\\/#organization\"},\"potentialAction\":[{\"@type\":\"SearchAction\",\"target\":{\"@type\":\"EntryPoint\",\"urlTemplate\":\"https:\\\/\\\/mediumseagreen-eel-531711.hostingersite.com\\\/?s={search_term_string}\"},\"query-input\":{\"@type\":\"PropertyValueSpecification\",\"valueRequired\":true,\"valueName\":\"search_term_string\"}}],\"inLanguage\":\"fr-FR\"},{\"@type\":\"Organization\",\"@id\":\"https:\\\/\\\/mediumseagreen-eel-531711.hostingersite.com\\\/#organization\",\"name\":\"Bladna News.com\",\"url\":\"https:\\\/\\\/mediumseagreen-eel-531711.hostingersite.com\\\/\",\"logo\":{\"@type\":\"ImageObject\",\"inLanguage\":\"fr-FR\",\"@id\":\"https:\\\/\\\/mediumseagreen-eel-531711.hostingersite.com\\\/#\\\/schema\\\/logo\\\/image\\\/\",\"url\":\"https:\\\/\\\/bladnanews.com\\\/wp-content\\\/uploads\\\/2025\\\/12\\\/logo-bladnanews-V2-web-black-red.png\",\"contentUrl\":\"https:\\\/\\\/bladnanews.com\\\/wp-content\\\/uploads\\\/2025\\\/12\\\/logo-bladnanews-V2-web-black-red.png\",\"width\":703,\"height\":287,\"caption\":\"Bladna News.com\"},\"image\":{\"@id\":\"https:\\\/\\\/mediumseagreen-eel-531711.hostingersite.com\\\/#\\\/schema\\\/logo\\\/image\\\/\"},\"email\":\"info@bladnanews.com\",\"legalName\":\"Bladna News\"},{\"@type\":\"Person\",\"@id\":\"https:\\\/\\\/mediumseagreen-eel-531711.hostingersite.com\\\/#\\\/schema\\\/person\\\/268e18a453ab080ebf76df6ef7845083\",\"name\":\"Bladna News Staff\",\"url\":\"https:\\\/\\\/bladnanews.com\\\/fr\\\/author\\\/bladna-news-staff\\\/\"}]}<\/script>\n<!-- \/ Yoast SEO Premium plugin. -->","yoast_head_json":{"title":"L'agent de Tonali \u00e9voque son avenir \u00e0 Newcastle face aux rumeurs de transfert \u00e0 Arsenal - Bladna News","robots":{"index":"index","follow":"follow","max-snippet":"max-snippet:-1","max-image-preview":"max-image-preview:large","max-video-preview":"max-video-preview:-1"},"canonical":"https:\/\/bladnanews.com\/fr\/lagent-de-tonali-evoque-lavenir-a-newcastle-au-milieu-des-rumeurs-de-transfert-vers-arsenal\/","og_locale":"fr_FR","og_type":"article","og_title":"Tonali agent addresses Newcastle future amid Arsenal links","og_description":"Sandro Tonali\u2019s agent has spoken publicly about the Newcastle United midfielder\u2019s future following fresh talk linking him with a move [&hellip;]","og_url":"https:\/\/bladnanews.com\/fr\/lagent-de-tonali-evoque-lavenir-a-newcastle-au-milieu-des-rumeurs-de-transfert-vers-arsenal\/","og_site_name":"Bladna News","article_published_time":"2026-02-02T17:57:09+00:00","og_image":[{"width":1312,"height":736,"url":"https:\/\/bladnanews.com\/wp-content\/uploads\/2025\/12\/freepik__bladna-newscom-moroccan-soccer-homepage-banner-mor__41838.png","type":"image\/png"}],"author":"Bladna News Staff","twitter_card":"summary_large_image","twitter_misc":{"\u00c9crit par":"Bladna News Staff","Dur\u00e9e de lecture estim\u00e9e":"1 minute"},"schema":{"@context":"https:\/\/schema.org","@graph":[{"@type":"Article","@id":"https:\/\/bladnanews.com\/tonali-agent-addresses-newcastle-future-amid-arsenal-links\/#article","isPartOf":{"@id":"https:\/\/bladnanews.com\/tonali-agent-addresses-newcastle-future-amid-arsenal-links\/"},"author":{"name":"Bladna News Staff","@id":"https:\/\/mediumseagreen-eel-531711.hostingersite.com\/#\/schema\/person\/268e18a453ab080ebf76df6ef7845083"},"headline":"Tonali agent addresses Newcastle future amid Arsenal links","datePublished":"2026-02-02T17:57:09+00:00","mainEntityOfPage":{"@id":"https:\/\/bladnanews.com\/tonali-agent-addresses-newcastle-future-amid-arsenal-links\/"},"wordCount":208,"publisher":{"@id":"https:\/\/mediumseagreen-eel-531711.hostingersite.com\/#organization"},"image":{"@id":"https:\/\/bladnanews.com\/tonali-agent-addresses-newcastle-future-amid-arsenal-links\/#primaryimage"},"thumbnailUrl":"https:\/\/bladnanews.com\/wp-content\/uploads\/2026\/02\/BladnaNews-Tonali-agent-addresses-Newcastle-future-amid-Arsenal-links-2026-02-03T091450.420Z.jpg","articleSection":["International","Latest News"],"inLanguage":"fr-FR","copyrightYear":"2026","copyrightHolder":{"@id":"https:\/\/bladnanews.com\/fr\/#organization"}},{"@type":"WebPage","@id":"https:\/\/bladnanews.com\/tonali-agent-addresses-newcastle-future-amid-arsenal-links\/","url":"https:\/\/bladnanews.com\/tonali-agent-addresses-newcastle-future-amid-arsenal-links\/","name":"L'agent de Tonali \u00e9voque son avenir \u00e0 Newcastle face aux rumeurs de transfert \u00e0 Arsenal - Bladna News","isPartOf":{"@id":"https:\/\/mediumseagreen-eel-531711.hostingersite.com\/#website"},"primaryImageOfPage":{"@id":"https:\/\/bladnanews.com\/tonali-agent-addresses-newcastle-future-amid-arsenal-links\/#primaryimage"},"image":{"@id":"https:\/\/bladnanews.com\/tonali-agent-addresses-newcastle-future-amid-arsenal-links\/#primaryimage"},"thumbnailUrl":"https:\/\/bladnanews.com\/wp-content\/uploads\/2026\/02\/BladnaNews-Tonali-agent-addresses-Newcastle-future-amid-Arsenal-links-2026-02-03T091450.420Z.jpg","datePublished":"2026-02-02T17:57:09+00:00","breadcrumb":{"@id":"https:\/\/bladnanews.com\/tonali-agent-addresses-newcastle-future-amid-arsenal-links\/#breadcrumb"},"inLanguage":"fr-FR","potentialAction":[{"@type":"ReadAction","target":["https:\/\/bladnanews.com\/tonali-agent-addresses-newcastle-future-amid-arsenal-links\/"]}]},{"@type":"ImageObject","inLanguage":"fr-FR","@id":"https:\/\/bladnanews.com\/tonali-agent-addresses-newcastle-future-amid-arsenal-links\/#primaryimage","url":"https:\/\/bladnanews.com\/wp-content\/uploads\/2026\/02\/BladnaNews-Tonali-agent-addresses-Newcastle-future-amid-Arsenal-links-2026-02-03T091450.420Z.jpg","contentUrl":"https:\/\/bladnanews.com\/wp-content\/uploads\/2026\/02\/BladnaNews-Tonali-agent-addresses-Newcastle-future-amid-Arsenal-links-2026-02-03T091450.420Z.jpg","width":1920,"height":1080,"caption":"Sandro Tonali gestures with a thumbs-up, wearing Newcastle United's black and white striped kit during a Premier League match."},{"@type":"BreadcrumbList","@id":"https:\/\/bladnanews.com\/tonali-agent-addresses-newcastle-future-amid-arsenal-links\/#breadcrumb","itemListElement":[{"@type":"ListItem","position":1,"name":"Home","item":"https:\/\/bladnanews.com\/"},{"@type":"ListItem","position":2,"name":"Tonali agent addresses Newcastle future amid Arsenal links"}]},{"@type":"WebSite","@id":"https:\/\/mediumseagreen-eel-531711.hostingersite.com\/#website","url":"https:\/\/mediumseagreen-eel-531711.hostingersite.com\/","name":"Bladna News - Maroc","description":"Quand le football marocain rencontre le monde","publisher":{"@id":"https:\/\/mediumseagreen-eel-531711.hostingersite.com\/#organization"},"potentialAction":[{"@type":"SearchAction","target":{"@type":"EntryPoint","urlTemplate":"https:\/\/mediumseagreen-eel-531711.hostingersite.com\/?s={search_term_string}"},"query-input":{"@type":"PropertyValueSpecification","valueRequired":true,"valueName":"search_term_string"}}],"inLanguage":"fr-FR"},{"@type":"Organization","@id":"https:\/\/mediumseagreen-eel-531711.hostingersite.com\/#organization","name":"Bladna News.com","url":"https:\/\/mediumseagreen-eel-531711.hostingersite.com\/","logo":{"@type":"ImageObject","inLanguage":"fr-FR","@id":"https:\/\/mediumseagreen-eel-531711.hostingersite.com\/#\/schema\/logo\/image\/","url":"https:\/\/bladnanews.com\/wp-content\/uploads\/2025\/12\/logo-bladnanews-V2-web-black-red.png","contentUrl":"https:\/\/bladnanews.com\/wp-content\/uploads\/2025\/12\/logo-bladnanews-V2-web-black-red.png","width":703,"height":287,"caption":"Bladna News.com"},"image":{"@id":"https:\/\/mediumseagreen-eel-531711.hostingersite.com\/#\/schema\/logo\/image\/"},"email":"info@bladnanews.com","legalName":"Bladna News"},{"@type":"Person","@id":"https:\/\/mediumseagreen-eel-531711.hostingersite.com\/#\/schema\/person\/268e18a453ab080ebf76df6ef7845083","name":"\u00c9quipe r\u00e9dactionnelle de Bladna News","url":"https:\/\/bladnanews.com\/fr\/author\/bladna-news-staff\/"}]}},"_links":{"self":[{"href":"https:\/\/bladnanews.com\/fr\/wp-json\/wp\/v2\/posts\/8557","targetHints":{"allow":["GET"]}}],"collection":[{"href":"https:\/\/bladnanews.com\/fr\/wp-json\/wp\/v2\/posts"}],"about":[{"href":"https:\/\/bladnanews.com\/fr\/wp-json\/wp\/v2\/types\/post"}],"author":[{"embeddable":true,"href":"https:\/\/bladnanews.com\/fr\/wp-json\/wp\/v2\/users\/3"}],"replies":[{"embeddable":true,"href":"https:\/\/bladnanews.com\/fr\/wp-json\/wp\/v2\/comments?post=8557"}],"version-history":[{"count":0,"href":"https:\/\/bladnanews.com\/fr\/wp-json\/wp\/v2\/posts\/8557\/revisions"}],"wp:featuredmedia":[{"embeddable":true,"href":"https:\/\/bladnanews.com\/fr\/wp-json\/wp\/v2\/media\/8556"}],"wp:attachment":[{"href":"https:\/\/bladnanews.com\/fr\/wp-json\/wp\/v2\/media?parent=8557"}],"wp:term":[{"taxonomy":"category","embeddable":true,"href":"https:\/\/bladnanews.com\/fr\/wp-json\/wp\/v2\/categories?post=8557"},{"taxonomy":"post_tag","embeddable":true,"href":"https:\/\/bladnanews.com\/fr\/wp-json\/wp\/v2\/tags?post=8557"}],"curies":[{"name":"wp","href":"https:\/\/api.w.org\/{rel}","templated":true}]}}