{"id":8559,"date":"2026-02-02T18:12:42","date_gmt":"2026-02-02T18:12:42","guid":{"rendered":"https:\/\/bladnanews.com\/david-beckham-signs-fanatics-deal-for-exclusive-memorabilia\/"},"modified":"2026-02-02T18:12:42","modified_gmt":"2026-02-02T18:12:42","slug":"david-beckham-signe-un-accord-avec-fanatics-pour-des-souvenirs-exclusifs","status":"publish","type":"post","link":"https:\/\/bladnanews.com\/fr\/david-beckham-signe-un-accord-avec-fanatics-pour-des-souvenirs-exclusifs\/","title":{"rendered":"David Beckham signe un accord avec Fanatics pour des souvenirs exclusifs"},"content":{"rendered":"<p>David Beckham a sign\u00e9 un nouveau contrat avec Fanatics, qui lui permettra de commercialiser des objets de collection exclusifs sign\u00e9s et des cartes de football \u00e0 travers l'entreprise.<\/p>\n<p>Cet accord int\u00e8gre Beckham dans l'activit\u00e9 croissante de Fanatics dans le domaine des objets de collection, avec une nouvelle gamme d'articles officiellement licenci\u00e9s qui sera propos\u00e9e aux fans. Le premier lancement inclut des objets de collection sign\u00e9s ainsi que des cartes \u00e0 collectionner mettant en sc\u00e8ne l'ancien capitaine de l'\u00e9quipe d'Angleterre.<\/p>\n<p>Dans le cadre de ce qui a \u00e9t\u00e9 d\u00e9voil\u00e9, Beckham participera \u00e9galement \u00e0 des s\u00e9ances de d\u00e9dicaces d\u00e9di\u00e9es pour Fanatics, les produits autographi\u00e9s \u00e9tant distribu\u00e9s via les plateformes de la soci\u00e9t\u00e9.<\/p>\n<p>Beckham a d\u00e9clar\u00e9 : <strong>\u201c Je suis ravi de travailler avec Fanatics. \u201d<\/strong><\/p>\n<p>Le PDG de Fanatics Collectibles, Mike Mahan, a ajout\u00e9 : <strong>\u201c David Beckham est une ic\u00f4ne mondiale. \u201d<\/strong><\/p>\n<p>Le partenariat avec Beckham ajoute un autre nom de premier plan au portefeuille de Fanatics, alors que l'entreprise continue d'\u00e9tendre sa pr\u00e9sence sur le march\u00e9 des objets de sport et des cartes \u00e0 collectionner.<\/p>","protected":false},"excerpt":{"rendered":"<p>David Beckham has signed a new deal with Fanatics that will see him release exclusive signed memorabilia and soccer cards [&hellip;]<\/p>\n","protected":false},"author":3,"featured_media":8558,"comment_status":"","ping_status":"open","sticky":false,"template":"","format":"standard","meta":{"googlesitekit_rrm_CAow_uzEDA:productID":"","site-sidebar-layout":"default","site-content-layout":"","ast-site-content-layout":"default","site-content-style":"default","site-sidebar-style":"default","ast-global-header-display":"","ast-banner-title-visibility":"","ast-main-header-display":"","ast-hfb-above-header-display":"","ast-hfb-below-header-display":"","ast-hfb-mobile-header-display":"","site-post-title":"","ast-breadcrumbs-content":"","ast-featured-img":"","footer-sml-layout":"","ast-disable-related-posts":"","theme-transparent-header-meta":"","adv-header-id-meta":"","stick-header-meta":"","header-above-stick-meta":"","header-main-stick-meta":"","header-below-stick-meta":"","astra-migrate-meta-layouts":"default","ast-page-background-enabled":"default","ast-page-background-meta":{"desktop":{"background-color":"var(--ast-global-color-5)","background-image":"","background-repeat":"repeat","background-position":"center center","background-size":"auto","background-attachment":"scroll","background-type":"","background-media":"","overlay-type":"","overlay-color":"","overlay-opacity":"","overlay-gradient":""},"tablet":{"background-color":"","background-image":"","background-repeat":"repeat","background-position":"center center","background-size":"auto","background-attachment":"scroll","background-type":"","background-media":"","overlay-type":"","overlay-color":"","overlay-opacity":"","overlay-gradient":""},"mobile":{"background-color":"","background-image":"","background-repeat":"repeat","background-position":"center center","background-size":"auto","background-attachment":"scroll","background-type":"","background-media":"","overlay-type":"","overlay-color":"","overlay-opacity":"","overlay-gradient":""}},"ast-content-background-meta":{"desktop":{"background-color":"var(--ast-global-color-4)","background-image":"","background-repeat":"repeat","background-position":"center center","background-size":"auto","background-attachment":"scroll","background-type":"","background-media":"","overlay-type":"","overlay-color":"","overlay-opacity":"","overlay-gradient":""},"tablet":{"background-color":"var(--ast-global-color-4)","background-image":"","background-repeat":"repeat","background-position":"center center","background-size":"auto","background-attachment":"scroll","background-type":"","background-media":"","overlay-type":"","overlay-color":"","overlay-opacity":"","overlay-gradient":""},"mobile":{"background-color":"var(--ast-global-color-4)","background-image":"","background-repeat":"repeat","background-position":"center center","background-size":"auto","background-attachment":"scroll","background-type":"","background-media":"","overlay-type":"","overlay-color":"","overlay-opacity":"","overlay-gradient":""}},"footnotes":""},"categories":[20,1],"tags":[],"class_list":["post-8559","post","type-post","status-publish","format-standard","has-post-thumbnail","hentry","category-international","category-football-latest-news"],"yoast_head":"<!-- This site is optimized with the Yoast SEO Premium plugin v26.6 (Yoast SEO v27.4) - https:\/\/yoast.com\/product\/yoast-seo-premium-wordpress\/ -->\n<title>David Beckham signs Fanatics deal for exclusive memorabilia - Bladna News<\/title>\n<meta name=\"robots\" content=\"index, follow, max-snippet:-1, max-image-preview:large, max-video-preview:-1\" \/>\n<link rel=\"canonical\" href=\"https:\/\/bladnanews.com\/fr\/david-beckham-signe-un-accord-avec-fanatics-pour-des-souvenirs-exclusifs\/\" \/>\n<meta property=\"og:locale\" content=\"fr_FR\" \/>\n<meta property=\"og:type\" content=\"article\" \/>\n<meta property=\"og:title\" content=\"David Beckham signs Fanatics deal for exclusive memorabilia\" \/>\n<meta property=\"og:description\" content=\"David Beckham has signed a new deal with Fanatics that will see him release exclusive signed memorabilia and soccer cards [&hellip;]\" \/>\n<meta property=\"og:url\" content=\"https:\/\/bladnanews.com\/fr\/david-beckham-signe-un-accord-avec-fanatics-pour-des-souvenirs-exclusifs\/\" \/>\n<meta property=\"og:site_name\" content=\"Bladna News\" \/>\n<meta property=\"article:published_time\" content=\"2026-02-02T18:12:42+00:00\" \/>\n<meta property=\"og:image\" content=\"https:\/\/bladnanews.com\/wp-content\/uploads\/2025\/12\/freepik__bladna-newscom-moroccan-soccer-homepage-banner-mor__41838.png\" \/>\n\t<meta property=\"og:image:width\" content=\"1312\" \/>\n\t<meta property=\"og:image:height\" content=\"736\" \/>\n\t<meta property=\"og:image:type\" content=\"image\/png\" \/>\n<meta name=\"author\" content=\"Bladna News Staff\" \/>\n<meta name=\"twitter:card\" content=\"summary_large_image\" \/>\n<meta name=\"twitter:label1\" content=\"\u00c9crit par\" \/>\n\t<meta name=\"twitter:data1\" content=\"Bladna News Staff\" \/>\n\t<meta name=\"twitter:label2\" content=\"Dur\u00e9e de lecture estim\u00e9e\" \/>\n\t<meta name=\"twitter:data2\" content=\"1 minute\" \/>\n<script type=\"application\/ld+json\" class=\"yoast-schema-graph\">{\"@context\":\"https:\\\/\\\/schema.org\",\"@graph\":[{\"@type\":\"Article\",\"@id\":\"https:\\\/\\\/bladnanews.com\\\/david-beckham-signs-fanatics-deal-for-exclusive-memorabilia\\\/#article\",\"isPartOf\":{\"@id\":\"https:\\\/\\\/bladnanews.com\\\/david-beckham-signs-fanatics-deal-for-exclusive-memorabilia\\\/\"},\"author\":{\"name\":\"Bladna News Staff\",\"@id\":\"https:\\\/\\\/mediumseagreen-eel-531711.hostingersite.com\\\/#\\\/schema\\\/person\\\/268e18a453ab080ebf76df6ef7845083\"},\"headline\":\"David Beckham signs Fanatics deal for exclusive memorabilia\",\"datePublished\":\"2026-02-02T18:12:42+00:00\",\"mainEntityOfPage\":{\"@id\":\"https:\\\/\\\/bladnanews.com\\\/david-beckham-signs-fanatics-deal-for-exclusive-memorabilia\\\/\"},\"wordCount\":147,\"publisher\":{\"@id\":\"https:\\\/\\\/mediumseagreen-eel-531711.hostingersite.com\\\/#organization\"},\"image\":{\"@id\":\"https:\\\/\\\/bladnanews.com\\\/david-beckham-signs-fanatics-deal-for-exclusive-memorabilia\\\/#primaryimage\"},\"thumbnailUrl\":\"https:\\\/\\\/bladnanews.com\\\/wp-content\\\/uploads\\\/2026\\\/02\\\/BladnaNews-David-Beckham-signs-Fanatics-deal-for-exclusive-memorabilia-2026-02-03T091513.964Z-scaled.jpg\",\"articleSection\":[\"International\",\"Latest News\"],\"inLanguage\":\"fr-FR\",\"copyrightYear\":\"2026\",\"copyrightHolder\":{\"@id\":\"https:\\\/\\\/bladnanews.com\\\/fr\\\/#organization\"}},{\"@type\":\"WebPage\",\"@id\":\"https:\\\/\\\/bladnanews.com\\\/david-beckham-signs-fanatics-deal-for-exclusive-memorabilia\\\/\",\"url\":\"https:\\\/\\\/bladnanews.com\\\/david-beckham-signs-fanatics-deal-for-exclusive-memorabilia\\\/\",\"name\":\"David Beckham signs Fanatics deal for exclusive memorabilia - Bladna News\",\"isPartOf\":{\"@id\":\"https:\\\/\\\/mediumseagreen-eel-531711.hostingersite.com\\\/#website\"},\"primaryImageOfPage\":{\"@id\":\"https:\\\/\\\/bladnanews.com\\\/david-beckham-signs-fanatics-deal-for-exclusive-memorabilia\\\/#primaryimage\"},\"image\":{\"@id\":\"https:\\\/\\\/bladnanews.com\\\/david-beckham-signs-fanatics-deal-for-exclusive-memorabilia\\\/#primaryimage\"},\"thumbnailUrl\":\"https:\\\/\\\/bladnanews.com\\\/wp-content\\\/uploads\\\/2026\\\/02\\\/BladnaNews-David-Beckham-signs-Fanatics-deal-for-exclusive-memorabilia-2026-02-03T091513.964Z-scaled.jpg\",\"datePublished\":\"2026-02-02T18:12:42+00:00\",\"breadcrumb\":{\"@id\":\"https:\\\/\\\/bladnanews.com\\\/david-beckham-signs-fanatics-deal-for-exclusive-memorabilia\\\/#breadcrumb\"},\"inLanguage\":\"fr-FR\",\"potentialAction\":[{\"@type\":\"ReadAction\",\"target\":[\"https:\\\/\\\/bladnanews.com\\\/david-beckham-signs-fanatics-deal-for-exclusive-memorabilia\\\/\"]}]},{\"@type\":\"ImageObject\",\"inLanguage\":\"fr-FR\",\"@id\":\"https:\\\/\\\/bladnanews.com\\\/david-beckham-signs-fanatics-deal-for-exclusive-memorabilia\\\/#primaryimage\",\"url\":\"https:\\\/\\\/bladnanews.com\\\/wp-content\\\/uploads\\\/2026\\\/02\\\/BladnaNews-David-Beckham-signs-Fanatics-deal-for-exclusive-memorabilia-2026-02-03T091513.964Z-scaled.jpg\",\"contentUrl\":\"https:\\\/\\\/bladnanews.com\\\/wp-content\\\/uploads\\\/2026\\\/02\\\/BladnaNews-David-Beckham-signs-Fanatics-deal-for-exclusive-memorabilia-2026-02-03T091513.964Z-scaled.jpg\",\"width\":2560,\"height\":1440,\"caption\":\"David Beckham smiling and celebrating with fans, wearing a suit, in a vibrant stadium atmosphere.\"},{\"@type\":\"BreadcrumbList\",\"@id\":\"https:\\\/\\\/bladnanews.com\\\/david-beckham-signs-fanatics-deal-for-exclusive-memorabilia\\\/#breadcrumb\",\"itemListElement\":[{\"@type\":\"ListItem\",\"position\":1,\"name\":\"Home\",\"item\":\"https:\\\/\\\/bladnanews.com\\\/\"},{\"@type\":\"ListItem\",\"position\":2,\"name\":\"David Beckham signs Fanatics deal for exclusive memorabilia\"}]},{\"@type\":\"WebSite\",\"@id\":\"https:\\\/\\\/mediumseagreen-eel-531711.hostingersite.com\\\/#website\",\"url\":\"https:\\\/\\\/mediumseagreen-eel-531711.hostingersite.com\\\/\",\"name\":\"Bladna News - Morocco\",\"description\":\"Where Moroccan Football Meets the World\",\"publisher\":{\"@id\":\"https:\\\/\\\/mediumseagreen-eel-531711.hostingersite.com\\\/#organization\"},\"potentialAction\":[{\"@type\":\"SearchAction\",\"target\":{\"@type\":\"EntryPoint\",\"urlTemplate\":\"https:\\\/\\\/mediumseagreen-eel-531711.hostingersite.com\\\/?s={search_term_string}\"},\"query-input\":{\"@type\":\"PropertyValueSpecification\",\"valueRequired\":true,\"valueName\":\"search_term_string\"}}],\"inLanguage\":\"fr-FR\"},{\"@type\":\"Organization\",\"@id\":\"https:\\\/\\\/mediumseagreen-eel-531711.hostingersite.com\\\/#organization\",\"name\":\"Bladna News.com\",\"url\":\"https:\\\/\\\/mediumseagreen-eel-531711.hostingersite.com\\\/\",\"logo\":{\"@type\":\"ImageObject\",\"inLanguage\":\"fr-FR\",\"@id\":\"https:\\\/\\\/mediumseagreen-eel-531711.hostingersite.com\\\/#\\\/schema\\\/logo\\\/image\\\/\",\"url\":\"https:\\\/\\\/bladnanews.com\\\/wp-content\\\/uploads\\\/2025\\\/12\\\/logo-bladnanews-V2-web-black-red.png\",\"contentUrl\":\"https:\\\/\\\/bladnanews.com\\\/wp-content\\\/uploads\\\/2025\\\/12\\\/logo-bladnanews-V2-web-black-red.png\",\"width\":703,\"height\":287,\"caption\":\"Bladna News.com\"},\"image\":{\"@id\":\"https:\\\/\\\/mediumseagreen-eel-531711.hostingersite.com\\\/#\\\/schema\\\/logo\\\/image\\\/\"},\"email\":\"info@bladnanews.com\",\"legalName\":\"Bladna News\"},{\"@type\":\"Person\",\"@id\":\"https:\\\/\\\/mediumseagreen-eel-531711.hostingersite.com\\\/#\\\/schema\\\/person\\\/268e18a453ab080ebf76df6ef7845083\",\"name\":\"Bladna News Staff\",\"url\":\"https:\\\/\\\/bladnanews.com\\\/fr\\\/author\\\/bladna-news-staff\\\/\"}]}<\/script>\n<!-- \/ Yoast SEO Premium plugin. -->","yoast_head_json":{"title":"David Beckham signe un accord avec Fanatics pour des souvenirs exclusifs - Bladna News","robots":{"index":"index","follow":"follow","max-snippet":"max-snippet:-1","max-image-preview":"max-image-preview:large","max-video-preview":"max-video-preview:-1"},"canonical":"https:\/\/bladnanews.com\/fr\/david-beckham-signe-un-accord-avec-fanatics-pour-des-souvenirs-exclusifs\/","og_locale":"fr_FR","og_type":"article","og_title":"David Beckham signs Fanatics deal for exclusive memorabilia","og_description":"David Beckham has signed a new deal with Fanatics that will see him release exclusive signed memorabilia and soccer cards [&hellip;]","og_url":"https:\/\/bladnanews.com\/fr\/david-beckham-signe-un-accord-avec-fanatics-pour-des-souvenirs-exclusifs\/","og_site_name":"Bladna News","article_published_time":"2026-02-02T18:12:42+00:00","og_image":[{"width":1312,"height":736,"url":"https:\/\/bladnanews.com\/wp-content\/uploads\/2025\/12\/freepik__bladna-newscom-moroccan-soccer-homepage-banner-mor__41838.png","type":"image\/png"}],"author":"Bladna News Staff","twitter_card":"summary_large_image","twitter_misc":{"\u00c9crit par":"Bladna News Staff","Dur\u00e9e de lecture estim\u00e9e":"1 minute"},"schema":{"@context":"https:\/\/schema.org","@graph":[{"@type":"Article","@id":"https:\/\/bladnanews.com\/david-beckham-signs-fanatics-deal-for-exclusive-memorabilia\/#article","isPartOf":{"@id":"https:\/\/bladnanews.com\/david-beckham-signs-fanatics-deal-for-exclusive-memorabilia\/"},"author":{"name":"Bladna News Staff","@id":"https:\/\/mediumseagreen-eel-531711.hostingersite.com\/#\/schema\/person\/268e18a453ab080ebf76df6ef7845083"},"headline":"David Beckham signs Fanatics deal for exclusive memorabilia","datePublished":"2026-02-02T18:12:42+00:00","mainEntityOfPage":{"@id":"https:\/\/bladnanews.com\/david-beckham-signs-fanatics-deal-for-exclusive-memorabilia\/"},"wordCount":147,"publisher":{"@id":"https:\/\/mediumseagreen-eel-531711.hostingersite.com\/#organization"},"image":{"@id":"https:\/\/bladnanews.com\/david-beckham-signs-fanatics-deal-for-exclusive-memorabilia\/#primaryimage"},"thumbnailUrl":"https:\/\/bladnanews.com\/wp-content\/uploads\/2026\/02\/BladnaNews-David-Beckham-signs-Fanatics-deal-for-exclusive-memorabilia-2026-02-03T091513.964Z-scaled.jpg","articleSection":["International","Latest News"],"inLanguage":"fr-FR","copyrightYear":"2026","copyrightHolder":{"@id":"https:\/\/bladnanews.com\/fr\/#organization"}},{"@type":"WebPage","@id":"https:\/\/bladnanews.com\/david-beckham-signs-fanatics-deal-for-exclusive-memorabilia\/","url":"https:\/\/bladnanews.com\/david-beckham-signs-fanatics-deal-for-exclusive-memorabilia\/","name":"David Beckham signe un accord avec Fanatics pour des souvenirs exclusifs - Bladna News","isPartOf":{"@id":"https:\/\/mediumseagreen-eel-531711.hostingersite.com\/#website"},"primaryImageOfPage":{"@id":"https:\/\/bladnanews.com\/david-beckham-signs-fanatics-deal-for-exclusive-memorabilia\/#primaryimage"},"image":{"@id":"https:\/\/bladnanews.com\/david-beckham-signs-fanatics-deal-for-exclusive-memorabilia\/#primaryimage"},"thumbnailUrl":"https:\/\/bladnanews.com\/wp-content\/uploads\/2026\/02\/BladnaNews-David-Beckham-signs-Fanatics-deal-for-exclusive-memorabilia-2026-02-03T091513.964Z-scaled.jpg","datePublished":"2026-02-02T18:12:42+00:00","breadcrumb":{"@id":"https:\/\/bladnanews.com\/david-beckham-signs-fanatics-deal-for-exclusive-memorabilia\/#breadcrumb"},"inLanguage":"fr-FR","potentialAction":[{"@type":"ReadAction","target":["https:\/\/bladnanews.com\/david-beckham-signs-fanatics-deal-for-exclusive-memorabilia\/"]}]},{"@type":"ImageObject","inLanguage":"fr-FR","@id":"https:\/\/bladnanews.com\/david-beckham-signs-fanatics-deal-for-exclusive-memorabilia\/#primaryimage","url":"https:\/\/bladnanews.com\/wp-content\/uploads\/2026\/02\/BladnaNews-David-Beckham-signs-Fanatics-deal-for-exclusive-memorabilia-2026-02-03T091513.964Z-scaled.jpg","contentUrl":"https:\/\/bladnanews.com\/wp-content\/uploads\/2026\/02\/BladnaNews-David-Beckham-signs-Fanatics-deal-for-exclusive-memorabilia-2026-02-03T091513.964Z-scaled.jpg","width":2560,"height":1440,"caption":"David Beckham smiling and celebrating with fans, wearing a suit, in a vibrant stadium atmosphere."},{"@type":"BreadcrumbList","@id":"https:\/\/bladnanews.com\/david-beckham-signs-fanatics-deal-for-exclusive-memorabilia\/#breadcrumb","itemListElement":[{"@type":"ListItem","position":1,"name":"Home","item":"https:\/\/bladnanews.com\/"},{"@type":"ListItem","position":2,"name":"David Beckham signs Fanatics deal for exclusive memorabilia"}]},{"@type":"WebSite","@id":"https:\/\/mediumseagreen-eel-531711.hostingersite.com\/#website","url":"https:\/\/mediumseagreen-eel-531711.hostingersite.com\/","name":"Bladna News - Maroc","description":"Quand le football marocain rencontre le monde","publisher":{"@id":"https:\/\/mediumseagreen-eel-531711.hostingersite.com\/#organization"},"potentialAction":[{"@type":"SearchAction","target":{"@type":"EntryPoint","urlTemplate":"https:\/\/mediumseagreen-eel-531711.hostingersite.com\/?s={search_term_string}"},"query-input":{"@type":"PropertyValueSpecification","valueRequired":true,"valueName":"search_term_string"}}],"inLanguage":"fr-FR"},{"@type":"Organization","@id":"https:\/\/mediumseagreen-eel-531711.hostingersite.com\/#organization","name":"Bladna News.com","url":"https:\/\/mediumseagreen-eel-531711.hostingersite.com\/","logo":{"@type":"ImageObject","inLanguage":"fr-FR","@id":"https:\/\/mediumseagreen-eel-531711.hostingersite.com\/#\/schema\/logo\/image\/","url":"https:\/\/bladnanews.com\/wp-content\/uploads\/2025\/12\/logo-bladnanews-V2-web-black-red.png","contentUrl":"https:\/\/bladnanews.com\/wp-content\/uploads\/2025\/12\/logo-bladnanews-V2-web-black-red.png","width":703,"height":287,"caption":"Bladna News.com"},"image":{"@id":"https:\/\/mediumseagreen-eel-531711.hostingersite.com\/#\/schema\/logo\/image\/"},"email":"info@bladnanews.com","legalName":"Bladna News"},{"@type":"Person","@id":"https:\/\/mediumseagreen-eel-531711.hostingersite.com\/#\/schema\/person\/268e18a453ab080ebf76df6ef7845083","name":"\u00c9quipe r\u00e9dactionnelle de Bladna News","url":"https:\/\/bladnanews.com\/fr\/author\/bladna-news-staff\/"}]}},"_links":{"self":[{"href":"https:\/\/bladnanews.com\/fr\/wp-json\/wp\/v2\/posts\/8559","targetHints":{"allow":["GET"]}}],"collection":[{"href":"https:\/\/bladnanews.com\/fr\/wp-json\/wp\/v2\/posts"}],"about":[{"href":"https:\/\/bladnanews.com\/fr\/wp-json\/wp\/v2\/types\/post"}],"author":[{"embeddable":true,"href":"https:\/\/bladnanews.com\/fr\/wp-json\/wp\/v2\/users\/3"}],"replies":[{"embeddable":true,"href":"https:\/\/bladnanews.com\/fr\/wp-json\/wp\/v2\/comments?post=8559"}],"version-history":[{"count":0,"href":"https:\/\/bladnanews.com\/fr\/wp-json\/wp\/v2\/posts\/8559\/revisions"}],"wp:featuredmedia":[{"embeddable":true,"href":"https:\/\/bladnanews.com\/fr\/wp-json\/wp\/v2\/media\/8558"}],"wp:attachment":[{"href":"https:\/\/bladnanews.com\/fr\/wp-json\/wp\/v2\/media?parent=8559"}],"wp:term":[{"taxonomy":"category","embeddable":true,"href":"https:\/\/bladnanews.com\/fr\/wp-json\/wp\/v2\/categories?post=8559"},{"taxonomy":"post_tag","embeddable":true,"href":"https:\/\/bladnanews.com\/fr\/wp-json\/wp\/v2\/tags?post=8559"}],"curies":[{"name":"wp","href":"https:\/\/api.w.org\/{rel}","templated":true}]}}