{"id":8561,"date":"2026-02-02T18:40:38","date_gmt":"2026-02-02T18:40:38","guid":{"rendered":"https:\/\/bladnanews.com\/rennes-boss-gives-jeremy-jacquet-update-after-liverpool-deal\/"},"modified":"2026-02-02T18:40:38","modified_gmt":"2026-02-02T18:40:38","slug":"le-patron-du-stade-rennais-donne-des-nouvelles-de-jeremy-jacquet-apres-laccord-avec-liverpool","status":"publish","type":"post","link":"https:\/\/bladnanews.com\/fr\/le-patron-du-stade-rennais-donne-des-nouvelles-de-jeremy-jacquet-apres-laccord-avec-liverpool\/","title":{"rendered":"Le coach de Rennes fait le point sur Jeremy Jacquet apr\u00e8s l'accord avec Liverpool"},"content":{"rendered":"<p>L'entra\u00eeneur rennais Julien St\u00e9phan a fait le point sur la situation du d\u00e9fenseur J\u00e9r\u00e9my Jacquet, suite \u00e0 l'accord de Liverpool pour le recruter dans un transfert pouvant atteindre 60 millions de livres, apr\u00e8s que le club de Premier League a devanc\u00e9 Chelsea pour cette op\u00e9ration.<\/p>\n<p>S'exprimant apr\u00e8s la confirmation du transfert, St\u00e9phan a reconnu que le Rennes \u00e9tait toujours confront\u00e9 \u00e0 une t\u00e2che difficile pour retenir le jeune joueur tr\u00e8s estim\u00e9, et a d\u00e9clar\u00e9 que le club avait obtenu le meilleur r\u00e9sultat possible des n\u00e9gociations.<\/p>\n<p><em>\u201c C'est la meilleure affaire que nous puissions esp\u00e9rer \u201d,\u201d<\/em> a d\u00e9clar\u00e9 St\u00e9phan, en \u00e9voquant la situation de Jacquet et l'ampleur de l'accord conclu avec Liverpool.<\/p>\n<p>Le patron rennais a \u00e9galement r\u00e9v\u00e9l\u00e9 la position du club tout au long du processus, expliquant que m\u00eame s'ils souhaitaient garder le joueur, la proposition sur la table \u00e9tait trop importante pour \u00eatre refus\u00e9e.<\/p>\n<p>Liverpool a pris l'avantage sur Chelsea dans la course et a finalis\u00e9 le transfert, le montant global \u00e9tant rapport\u00e9 \u00e0 60 millions de livres, ce qui constitune une vente majeure pour le club de Ligue 1.<\/p>\n<p>Jacquet s'appr\u00eate d\u00e9sormais \u00e0 rejoindre Anfield, St\u00e9phan ayant clairement indiqu\u00e9 que cette op\u00e9ration \u00e9tait une excellente affaire pour le Rennes et qu'elle refl\u00e8te l'ascension rapide et la r\u00e9putation grandissante du d\u00e9fenseur.<\/p>","protected":false},"excerpt":{"rendered":"<p>Rennes head coach Julien St\u00e9phan has provided an update on defender Jeremy Jacquet following Liverpool\u2019s agreement to sign him in [&hellip;]<\/p>\n","protected":false},"author":3,"featured_media":8560,"comment_status":"","ping_status":"open","sticky":false,"template":"","format":"standard","meta":{"googlesitekit_rrm_CAow_uzEDA:productID":"","site-sidebar-layout":"default","site-content-layout":"","ast-site-content-layout":"default","site-content-style":"default","site-sidebar-style":"default","ast-global-header-display":"","ast-banner-title-visibility":"","ast-main-header-display":"","ast-hfb-above-header-display":"","ast-hfb-below-header-display":"","ast-hfb-mobile-header-display":"","site-post-title":"","ast-breadcrumbs-content":"","ast-featured-img":"","footer-sml-layout":"","ast-disable-related-posts":"","theme-transparent-header-meta":"","adv-header-id-meta":"","stick-header-meta":"","header-above-stick-meta":"","header-main-stick-meta":"","header-below-stick-meta":"","astra-migrate-meta-layouts":"default","ast-page-background-enabled":"default","ast-page-background-meta":{"desktop":{"background-color":"var(--ast-global-color-5)","background-image":"","background-repeat":"repeat","background-position":"center center","background-size":"auto","background-attachment":"scroll","background-type":"","background-media":"","overlay-type":"","overlay-color":"","overlay-opacity":"","overlay-gradient":""},"tablet":{"background-color":"","background-image":"","background-repeat":"repeat","background-position":"center center","background-size":"auto","background-attachment":"scroll","background-type":"","background-media":"","overlay-type":"","overlay-color":"","overlay-opacity":"","overlay-gradient":""},"mobile":{"background-color":"","background-image":"","background-repeat":"repeat","background-position":"center center","background-size":"auto","background-attachment":"scroll","background-type":"","background-media":"","overlay-type":"","overlay-color":"","overlay-opacity":"","overlay-gradient":""}},"ast-content-background-meta":{"desktop":{"background-color":"var(--ast-global-color-4)","background-image":"","background-repeat":"repeat","background-position":"center center","background-size":"auto","background-attachment":"scroll","background-type":"","background-media":"","overlay-type":"","overlay-color":"","overlay-opacity":"","overlay-gradient":""},"tablet":{"background-color":"var(--ast-global-color-4)","background-image":"","background-repeat":"repeat","background-position":"center center","background-size":"auto","background-attachment":"scroll","background-type":"","background-media":"","overlay-type":"","overlay-color":"","overlay-opacity":"","overlay-gradient":""},"mobile":{"background-color":"var(--ast-global-color-4)","background-image":"","background-repeat":"repeat","background-position":"center center","background-size":"auto","background-attachment":"scroll","background-type":"","background-media":"","overlay-type":"","overlay-color":"","overlay-opacity":"","overlay-gradient":""}},"footnotes":""},"categories":[20,1],"tags":[],"class_list":["post-8561","post","type-post","status-publish","format-standard","has-post-thumbnail","hentry","category-international","category-football-latest-news"],"yoast_head":"<!-- This site is optimized with the Yoast SEO Premium plugin v26.6 (Yoast SEO v27.4) - https:\/\/yoast.com\/product\/yoast-seo-premium-wordpress\/ -->\n<title>Rennes boss gives Jeremy Jacquet update after Liverpool deal - Bladna News<\/title>\n<meta name=\"robots\" content=\"index, follow, max-snippet:-1, max-image-preview:large, max-video-preview:-1\" \/>\n<link rel=\"canonical\" href=\"https:\/\/bladnanews.com\/fr\/le-patron-du-stade-rennais-donne-des-nouvelles-de-jeremy-jacquet-apres-laccord-avec-liverpool\/\" \/>\n<meta property=\"og:locale\" content=\"fr_FR\" \/>\n<meta property=\"og:type\" content=\"article\" \/>\n<meta property=\"og:title\" content=\"Rennes boss gives Jeremy Jacquet update after Liverpool deal\" \/>\n<meta property=\"og:description\" content=\"Rennes head coach Julien St\u00e9phan has provided an update on defender Jeremy Jacquet following Liverpool\u2019s agreement to sign him in [&hellip;]\" \/>\n<meta property=\"og:url\" content=\"https:\/\/bladnanews.com\/fr\/le-patron-du-stade-rennais-donne-des-nouvelles-de-jeremy-jacquet-apres-laccord-avec-liverpool\/\" \/>\n<meta property=\"og:site_name\" content=\"Bladna News\" \/>\n<meta property=\"article:published_time\" content=\"2026-02-02T18:40:38+00:00\" \/>\n<meta property=\"og:image\" content=\"https:\/\/bladnanews.com\/wp-content\/uploads\/2025\/12\/freepik__bladna-newscom-moroccan-soccer-homepage-banner-mor__41838.png\" \/>\n\t<meta property=\"og:image:width\" content=\"1312\" \/>\n\t<meta property=\"og:image:height\" content=\"736\" \/>\n\t<meta property=\"og:image:type\" content=\"image\/png\" \/>\n<meta name=\"author\" content=\"Bladna News Staff\" \/>\n<meta name=\"twitter:card\" content=\"summary_large_image\" \/>\n<meta name=\"twitter:label1\" content=\"\u00c9crit par\" \/>\n\t<meta name=\"twitter:data1\" content=\"Bladna News Staff\" \/>\n\t<meta name=\"twitter:label2\" content=\"Dur\u00e9e de lecture estim\u00e9e\" \/>\n\t<meta name=\"twitter:data2\" content=\"1 minute\" \/>\n<script type=\"application\/ld+json\" class=\"yoast-schema-graph\">{\"@context\":\"https:\\\/\\\/schema.org\",\"@graph\":[{\"@type\":\"Article\",\"@id\":\"https:\\\/\\\/bladnanews.com\\\/rennes-boss-gives-jeremy-jacquet-update-after-liverpool-deal\\\/#article\",\"isPartOf\":{\"@id\":\"https:\\\/\\\/bladnanews.com\\\/rennes-boss-gives-jeremy-jacquet-update-after-liverpool-deal\\\/\"},\"author\":{\"name\":\"Bladna News Staff\",\"@id\":\"https:\\\/\\\/mediumseagreen-eel-531711.hostingersite.com\\\/#\\\/schema\\\/person\\\/268e18a453ab080ebf76df6ef7845083\"},\"headline\":\"Rennes boss gives Jeremy Jacquet update after Liverpool deal\",\"datePublished\":\"2026-02-02T18:40:38+00:00\",\"mainEntityOfPage\":{\"@id\":\"https:\\\/\\\/bladnanews.com\\\/rennes-boss-gives-jeremy-jacquet-update-after-liverpool-deal\\\/\"},\"wordCount\":208,\"publisher\":{\"@id\":\"https:\\\/\\\/mediumseagreen-eel-531711.hostingersite.com\\\/#organization\"},\"image\":{\"@id\":\"https:\\\/\\\/bladnanews.com\\\/rennes-boss-gives-jeremy-jacquet-update-after-liverpool-deal\\\/#primaryimage\"},\"thumbnailUrl\":\"https:\\\/\\\/bladnanews.com\\\/wp-content\\\/uploads\\\/2026\\\/02\\\/BladnaNews-Rennes-boss-gives-Jeremy-Jacquet-update-after-Liverpool-deal-2026-02-03T091551.149Z.jpg\",\"articleSection\":[\"International\",\"Latest News\"],\"inLanguage\":\"fr-FR\",\"copyrightYear\":\"2026\",\"copyrightHolder\":{\"@id\":\"https:\\\/\\\/bladnanews.com\\\/fr\\\/#organization\"}},{\"@type\":\"WebPage\",\"@id\":\"https:\\\/\\\/bladnanews.com\\\/rennes-boss-gives-jeremy-jacquet-update-after-liverpool-deal\\\/\",\"url\":\"https:\\\/\\\/bladnanews.com\\\/rennes-boss-gives-jeremy-jacquet-update-after-liverpool-deal\\\/\",\"name\":\"Rennes boss gives Jeremy Jacquet update after Liverpool deal - Bladna News\",\"isPartOf\":{\"@id\":\"https:\\\/\\\/mediumseagreen-eel-531711.hostingersite.com\\\/#website\"},\"primaryImageOfPage\":{\"@id\":\"https:\\\/\\\/bladnanews.com\\\/rennes-boss-gives-jeremy-jacquet-update-after-liverpool-deal\\\/#primaryimage\"},\"image\":{\"@id\":\"https:\\\/\\\/bladnanews.com\\\/rennes-boss-gives-jeremy-jacquet-update-after-liverpool-deal\\\/#primaryimage\"},\"thumbnailUrl\":\"https:\\\/\\\/bladnanews.com\\\/wp-content\\\/uploads\\\/2026\\\/02\\\/BladnaNews-Rennes-boss-gives-Jeremy-Jacquet-update-after-Liverpool-deal-2026-02-03T091551.149Z.jpg\",\"datePublished\":\"2026-02-02T18:40:38+00:00\",\"breadcrumb\":{\"@id\":\"https:\\\/\\\/bladnanews.com\\\/rennes-boss-gives-jeremy-jacquet-update-after-liverpool-deal\\\/#breadcrumb\"},\"inLanguage\":\"fr-FR\",\"potentialAction\":[{\"@type\":\"ReadAction\",\"target\":[\"https:\\\/\\\/bladnanews.com\\\/rennes-boss-gives-jeremy-jacquet-update-after-liverpool-deal\\\/\"]}]},{\"@type\":\"ImageObject\",\"inLanguage\":\"fr-FR\",\"@id\":\"https:\\\/\\\/bladnanews.com\\\/rennes-boss-gives-jeremy-jacquet-update-after-liverpool-deal\\\/#primaryimage\",\"url\":\"https:\\\/\\\/bladnanews.com\\\/wp-content\\\/uploads\\\/2026\\\/02\\\/BladnaNews-Rennes-boss-gives-Jeremy-Jacquet-update-after-Liverpool-deal-2026-02-03T091551.149Z.jpg\",\"contentUrl\":\"https:\\\/\\\/bladnanews.com\\\/wp-content\\\/uploads\\\/2026\\\/02\\\/BladnaNews-Rennes-boss-gives-Jeremy-Jacquet-update-after-Liverpool-deal-2026-02-03T091551.149Z.jpg\",\"width\":1920,\"height\":1080,\"caption\":\"Jeremy Jacquet in a striped France jersey with a Liverpool FC logo overlay, highlighting his recent transfer news.\"},{\"@type\":\"BreadcrumbList\",\"@id\":\"https:\\\/\\\/bladnanews.com\\\/rennes-boss-gives-jeremy-jacquet-update-after-liverpool-deal\\\/#breadcrumb\",\"itemListElement\":[{\"@type\":\"ListItem\",\"position\":1,\"name\":\"Home\",\"item\":\"https:\\\/\\\/bladnanews.com\\\/\"},{\"@type\":\"ListItem\",\"position\":2,\"name\":\"Rennes boss gives Jeremy Jacquet update after Liverpool deal\"}]},{\"@type\":\"WebSite\",\"@id\":\"https:\\\/\\\/mediumseagreen-eel-531711.hostingersite.com\\\/#website\",\"url\":\"https:\\\/\\\/mediumseagreen-eel-531711.hostingersite.com\\\/\",\"name\":\"Bladna News - Morocco\",\"description\":\"Where Moroccan Football Meets the World\",\"publisher\":{\"@id\":\"https:\\\/\\\/mediumseagreen-eel-531711.hostingersite.com\\\/#organization\"},\"potentialAction\":[{\"@type\":\"SearchAction\",\"target\":{\"@type\":\"EntryPoint\",\"urlTemplate\":\"https:\\\/\\\/mediumseagreen-eel-531711.hostingersite.com\\\/?s={search_term_string}\"},\"query-input\":{\"@type\":\"PropertyValueSpecification\",\"valueRequired\":true,\"valueName\":\"search_term_string\"}}],\"inLanguage\":\"fr-FR\"},{\"@type\":\"Organization\",\"@id\":\"https:\\\/\\\/mediumseagreen-eel-531711.hostingersite.com\\\/#organization\",\"name\":\"Bladna News.com\",\"url\":\"https:\\\/\\\/mediumseagreen-eel-531711.hostingersite.com\\\/\",\"logo\":{\"@type\":\"ImageObject\",\"inLanguage\":\"fr-FR\",\"@id\":\"https:\\\/\\\/mediumseagreen-eel-531711.hostingersite.com\\\/#\\\/schema\\\/logo\\\/image\\\/\",\"url\":\"https:\\\/\\\/bladnanews.com\\\/wp-content\\\/uploads\\\/2025\\\/12\\\/logo-bladnanews-V2-web-black-red.png\",\"contentUrl\":\"https:\\\/\\\/bladnanews.com\\\/wp-content\\\/uploads\\\/2025\\\/12\\\/logo-bladnanews-V2-web-black-red.png\",\"width\":703,\"height\":287,\"caption\":\"Bladna News.com\"},\"image\":{\"@id\":\"https:\\\/\\\/mediumseagreen-eel-531711.hostingersite.com\\\/#\\\/schema\\\/logo\\\/image\\\/\"},\"email\":\"info@bladnanews.com\",\"legalName\":\"Bladna News\"},{\"@type\":\"Person\",\"@id\":\"https:\\\/\\\/mediumseagreen-eel-531711.hostingersite.com\\\/#\\\/schema\\\/person\\\/268e18a453ab080ebf76df6ef7845083\",\"name\":\"Bladna News Staff\",\"url\":\"https:\\\/\\\/bladnanews.com\\\/fr\\\/author\\\/bladna-news-staff\\\/\"}]}<\/script>\n<!-- \/ Yoast SEO Premium plugin. -->","yoast_head_json":{"title":"Le patron de Rennes donne des nouvelles de J\u00e9r\u00e9my Jacquet apr\u00e8s l'accord avec Liverpool - Bladna News","robots":{"index":"index","follow":"follow","max-snippet":"max-snippet:-1","max-image-preview":"max-image-preview:large","max-video-preview":"max-video-preview:-1"},"canonical":"https:\/\/bladnanews.com\/fr\/le-patron-du-stade-rennais-donne-des-nouvelles-de-jeremy-jacquet-apres-laccord-avec-liverpool\/","og_locale":"fr_FR","og_type":"article","og_title":"Rennes boss gives Jeremy Jacquet update after Liverpool deal","og_description":"Rennes head coach Julien St\u00e9phan has provided an update on defender Jeremy Jacquet following Liverpool\u2019s agreement to sign him in [&hellip;]","og_url":"https:\/\/bladnanews.com\/fr\/le-patron-du-stade-rennais-donne-des-nouvelles-de-jeremy-jacquet-apres-laccord-avec-liverpool\/","og_site_name":"Bladna News","article_published_time":"2026-02-02T18:40:38+00:00","og_image":[{"width":1312,"height":736,"url":"https:\/\/bladnanews.com\/wp-content\/uploads\/2025\/12\/freepik__bladna-newscom-moroccan-soccer-homepage-banner-mor__41838.png","type":"image\/png"}],"author":"Bladna News Staff","twitter_card":"summary_large_image","twitter_misc":{"\u00c9crit par":"Bladna News Staff","Dur\u00e9e de lecture estim\u00e9e":"1 minute"},"schema":{"@context":"https:\/\/schema.org","@graph":[{"@type":"Article","@id":"https:\/\/bladnanews.com\/rennes-boss-gives-jeremy-jacquet-update-after-liverpool-deal\/#article","isPartOf":{"@id":"https:\/\/bladnanews.com\/rennes-boss-gives-jeremy-jacquet-update-after-liverpool-deal\/"},"author":{"name":"Bladna News Staff","@id":"https:\/\/mediumseagreen-eel-531711.hostingersite.com\/#\/schema\/person\/268e18a453ab080ebf76df6ef7845083"},"headline":"Rennes boss gives Jeremy Jacquet update after Liverpool deal","datePublished":"2026-02-02T18:40:38+00:00","mainEntityOfPage":{"@id":"https:\/\/bladnanews.com\/rennes-boss-gives-jeremy-jacquet-update-after-liverpool-deal\/"},"wordCount":208,"publisher":{"@id":"https:\/\/mediumseagreen-eel-531711.hostingersite.com\/#organization"},"image":{"@id":"https:\/\/bladnanews.com\/rennes-boss-gives-jeremy-jacquet-update-after-liverpool-deal\/#primaryimage"},"thumbnailUrl":"https:\/\/bladnanews.com\/wp-content\/uploads\/2026\/02\/BladnaNews-Rennes-boss-gives-Jeremy-Jacquet-update-after-Liverpool-deal-2026-02-03T091551.149Z.jpg","articleSection":["International","Latest News"],"inLanguage":"fr-FR","copyrightYear":"2026","copyrightHolder":{"@id":"https:\/\/bladnanews.com\/fr\/#organization"}},{"@type":"WebPage","@id":"https:\/\/bladnanews.com\/rennes-boss-gives-jeremy-jacquet-update-after-liverpool-deal\/","url":"https:\/\/bladnanews.com\/rennes-boss-gives-jeremy-jacquet-update-after-liverpool-deal\/","name":"Le patron de Rennes donne des nouvelles de J\u00e9r\u00e9my Jacquet apr\u00e8s l'accord avec Liverpool - Bladna News","isPartOf":{"@id":"https:\/\/mediumseagreen-eel-531711.hostingersite.com\/#website"},"primaryImageOfPage":{"@id":"https:\/\/bladnanews.com\/rennes-boss-gives-jeremy-jacquet-update-after-liverpool-deal\/#primaryimage"},"image":{"@id":"https:\/\/bladnanews.com\/rennes-boss-gives-jeremy-jacquet-update-after-liverpool-deal\/#primaryimage"},"thumbnailUrl":"https:\/\/bladnanews.com\/wp-content\/uploads\/2026\/02\/BladnaNews-Rennes-boss-gives-Jeremy-Jacquet-update-after-Liverpool-deal-2026-02-03T091551.149Z.jpg","datePublished":"2026-02-02T18:40:38+00:00","breadcrumb":{"@id":"https:\/\/bladnanews.com\/rennes-boss-gives-jeremy-jacquet-update-after-liverpool-deal\/#breadcrumb"},"inLanguage":"fr-FR","potentialAction":[{"@type":"ReadAction","target":["https:\/\/bladnanews.com\/rennes-boss-gives-jeremy-jacquet-update-after-liverpool-deal\/"]}]},{"@type":"ImageObject","inLanguage":"fr-FR","@id":"https:\/\/bladnanews.com\/rennes-boss-gives-jeremy-jacquet-update-after-liverpool-deal\/#primaryimage","url":"https:\/\/bladnanews.com\/wp-content\/uploads\/2026\/02\/BladnaNews-Rennes-boss-gives-Jeremy-Jacquet-update-after-Liverpool-deal-2026-02-03T091551.149Z.jpg","contentUrl":"https:\/\/bladnanews.com\/wp-content\/uploads\/2026\/02\/BladnaNews-Rennes-boss-gives-Jeremy-Jacquet-update-after-Liverpool-deal-2026-02-03T091551.149Z.jpg","width":1920,"height":1080,"caption":"Jeremy Jacquet in a striped France jersey with a Liverpool FC logo overlay, highlighting his recent transfer news."},{"@type":"BreadcrumbList","@id":"https:\/\/bladnanews.com\/rennes-boss-gives-jeremy-jacquet-update-after-liverpool-deal\/#breadcrumb","itemListElement":[{"@type":"ListItem","position":1,"name":"Home","item":"https:\/\/bladnanews.com\/"},{"@type":"ListItem","position":2,"name":"Rennes boss gives Jeremy Jacquet update after Liverpool deal"}]},{"@type":"WebSite","@id":"https:\/\/mediumseagreen-eel-531711.hostingersite.com\/#website","url":"https:\/\/mediumseagreen-eel-531711.hostingersite.com\/","name":"Bladna News - Maroc","description":"Quand le football marocain rencontre le monde","publisher":{"@id":"https:\/\/mediumseagreen-eel-531711.hostingersite.com\/#organization"},"potentialAction":[{"@type":"SearchAction","target":{"@type":"EntryPoint","urlTemplate":"https:\/\/mediumseagreen-eel-531711.hostingersite.com\/?s={search_term_string}"},"query-input":{"@type":"PropertyValueSpecification","valueRequired":true,"valueName":"search_term_string"}}],"inLanguage":"fr-FR"},{"@type":"Organization","@id":"https:\/\/mediumseagreen-eel-531711.hostingersite.com\/#organization","name":"Bladna News.com","url":"https:\/\/mediumseagreen-eel-531711.hostingersite.com\/","logo":{"@type":"ImageObject","inLanguage":"fr-FR","@id":"https:\/\/mediumseagreen-eel-531711.hostingersite.com\/#\/schema\/logo\/image\/","url":"https:\/\/bladnanews.com\/wp-content\/uploads\/2025\/12\/logo-bladnanews-V2-web-black-red.png","contentUrl":"https:\/\/bladnanews.com\/wp-content\/uploads\/2025\/12\/logo-bladnanews-V2-web-black-red.png","width":703,"height":287,"caption":"Bladna News.com"},"image":{"@id":"https:\/\/mediumseagreen-eel-531711.hostingersite.com\/#\/schema\/logo\/image\/"},"email":"info@bladnanews.com","legalName":"Bladna News"},{"@type":"Person","@id":"https:\/\/mediumseagreen-eel-531711.hostingersite.com\/#\/schema\/person\/268e18a453ab080ebf76df6ef7845083","name":"\u00c9quipe r\u00e9dactionnelle de Bladna News","url":"https:\/\/bladnanews.com\/fr\/author\/bladna-news-staff\/"}]}},"_links":{"self":[{"href":"https:\/\/bladnanews.com\/fr\/wp-json\/wp\/v2\/posts\/8561","targetHints":{"allow":["GET"]}}],"collection":[{"href":"https:\/\/bladnanews.com\/fr\/wp-json\/wp\/v2\/posts"}],"about":[{"href":"https:\/\/bladnanews.com\/fr\/wp-json\/wp\/v2\/types\/post"}],"author":[{"embeddable":true,"href":"https:\/\/bladnanews.com\/fr\/wp-json\/wp\/v2\/users\/3"}],"replies":[{"embeddable":true,"href":"https:\/\/bladnanews.com\/fr\/wp-json\/wp\/v2\/comments?post=8561"}],"version-history":[{"count":0,"href":"https:\/\/bladnanews.com\/fr\/wp-json\/wp\/v2\/posts\/8561\/revisions"}],"wp:featuredmedia":[{"embeddable":true,"href":"https:\/\/bladnanews.com\/fr\/wp-json\/wp\/v2\/media\/8560"}],"wp:attachment":[{"href":"https:\/\/bladnanews.com\/fr\/wp-json\/wp\/v2\/media?parent=8561"}],"wp:term":[{"taxonomy":"category","embeddable":true,"href":"https:\/\/bladnanews.com\/fr\/wp-json\/wp\/v2\/categories?post=8561"},{"taxonomy":"post_tag","embeddable":true,"href":"https:\/\/bladnanews.com\/fr\/wp-json\/wp\/v2\/tags?post=8561"}],"curies":[{"name":"wp","href":"https:\/\/api.w.org\/{rel}","templated":true}]}}