{"id":8580,"date":"2026-02-03T07:42:51","date_gmt":"2026-02-03T07:42:51","guid":{"rendered":"https:\/\/bladnanews.com\/viktor-gyokeres-explains-goal-celebration-and-arsenal-start\/"},"modified":"2026-02-03T07:42:51","modified_gmt":"2026-02-03T07:42:51","slug":"viktor-gyokeres-explique-la-celebration-de-but-et-le-debut-a-arsenal","status":"publish","type":"post","link":"https:\/\/bladnanews.com\/fr\/viktor-gyokeres-explique-la-celebration-de-but-et-le-debut-a-arsenal\/","title":{"rendered":"Viktor Gyokeres explique sa c\u00e9l\u00e9bration de but et ses d\u00e9buts \u00e0 Arsenal."},"content":{"rendered":"<p>Viktor Gyokeres a expliqu\u00e9 la r\u00e9flexion derri\u00e8re sa c\u00e9l\u00e9bration de but marquante et a admis que ses d\u00e9buts \u00e0 Arsenal ont \u00e9t\u00e9 \u201c difficiles \u201d alors qu'il s'adapte \u00e0 un nouveau club et \u00e0 un nouveau championnat.<\/p>\n<p>L'attaquant su\u00e9dois, qui a rejoint Arsenal cet \u00e9t\u00e9, a d\u00e9clar\u00e9 avoir eu besoin de temps pour s'adapter \u00e0 son nouvel environnement, aux exigences de l'\u00e9quipe de Mikel Arteta et au niveau de comp\u00e9tition de la Premier League.<\/p>\n<p>Gyokeres a \u00e9galement r\u00e9v\u00e9l\u00e9 ce qui a inspir\u00e9 sa c\u00e9l\u00e9bration d\u00e9sormais discut\u00e9e, d\u00e9voilant la raison personnelle derri\u00e8re ce geste et expliquant pourquoi il a d\u00e9cid\u00e9 d'en faire une de ses marques de fabrique apr\u00e8s avoir marqu\u00e9.<\/p>\n<p>S'il a reconnu que tout n'a pas \u00e9t\u00e9 simple au d\u00e9but, Gyokeres a insist\u00e9 sur le fait qu'il se sent mieux de semaine en semaine, \u00e0 mesure qu'il tisse des liens avec ses nouveaux co\u00e9quipiers et s'habitue au style de jeu d'Arsenal.<\/p>\n<p>Ces d\u00e9clarations du joueur interviennent alors qu'il continue de composer avec la pression et les attentes li\u00e9es au fait d'\u00eatre l'avant-centre titulaire d'un club qui \u00e9volue au plus haut niveau du football anglais, Gyokeres ayant clairement indiqu\u00e9 qu'il \u00e9tait concentr\u00e9 sur sa progression et sur ses performances pour Arsenal.<\/p>","protected":false},"excerpt":{"rendered":"<p>Viktor Gyokeres has explained the thinking behind his eye-catching goal celebration and admitted his early days at Arsenal have been [&hellip;]<\/p>\n","protected":false},"author":3,"featured_media":8579,"comment_status":"","ping_status":"open","sticky":false,"template":"","format":"standard","meta":{"googlesitekit_rrm_CAow_uzEDA:productID":"","site-sidebar-layout":"default","site-content-layout":"","ast-site-content-layout":"default","site-content-style":"default","site-sidebar-style":"default","ast-global-header-display":"","ast-banner-title-visibility":"","ast-main-header-display":"","ast-hfb-above-header-display":"","ast-hfb-below-header-display":"","ast-hfb-mobile-header-display":"","site-post-title":"","ast-breadcrumbs-content":"","ast-featured-img":"","footer-sml-layout":"","ast-disable-related-posts":"","theme-transparent-header-meta":"","adv-header-id-meta":"","stick-header-meta":"","header-above-stick-meta":"","header-main-stick-meta":"","header-below-stick-meta":"","astra-migrate-meta-layouts":"default","ast-page-background-enabled":"default","ast-page-background-meta":{"desktop":{"background-color":"var(--ast-global-color-5)","background-image":"","background-repeat":"repeat","background-position":"center center","background-size":"auto","background-attachment":"scroll","background-type":"","background-media":"","overlay-type":"","overlay-color":"","overlay-opacity":"","overlay-gradient":""},"tablet":{"background-color":"","background-image":"","background-repeat":"repeat","background-position":"center center","background-size":"auto","background-attachment":"scroll","background-type":"","background-media":"","overlay-type":"","overlay-color":"","overlay-opacity":"","overlay-gradient":""},"mobile":{"background-color":"","background-image":"","background-repeat":"repeat","background-position":"center center","background-size":"auto","background-attachment":"scroll","background-type":"","background-media":"","overlay-type":"","overlay-color":"","overlay-opacity":"","overlay-gradient":""}},"ast-content-background-meta":{"desktop":{"background-color":"var(--ast-global-color-4)","background-image":"","background-repeat":"repeat","background-position":"center center","background-size":"auto","background-attachment":"scroll","background-type":"","background-media":"","overlay-type":"","overlay-color":"","overlay-opacity":"","overlay-gradient":""},"tablet":{"background-color":"var(--ast-global-color-4)","background-image":"","background-repeat":"repeat","background-position":"center center","background-size":"auto","background-attachment":"scroll","background-type":"","background-media":"","overlay-type":"","overlay-color":"","overlay-opacity":"","overlay-gradient":""},"mobile":{"background-color":"var(--ast-global-color-4)","background-image":"","background-repeat":"repeat","background-position":"center center","background-size":"auto","background-attachment":"scroll","background-type":"","background-media":"","overlay-type":"","overlay-color":"","overlay-opacity":"","overlay-gradient":""}},"footnotes":""},"categories":[20,1],"tags":[],"class_list":["post-8580","post","type-post","status-publish","format-standard","has-post-thumbnail","hentry","category-international","category-football-latest-news"],"yoast_head":"<!-- This site is optimized with the Yoast SEO Premium plugin v26.6 (Yoast SEO v27.4) - https:\/\/yoast.com\/product\/yoast-seo-premium-wordpress\/ -->\n<title>Viktor Gyokeres explains goal celebration and Arsenal start - Bladna News<\/title>\n<meta name=\"robots\" content=\"index, follow, max-snippet:-1, max-image-preview:large, max-video-preview:-1\" \/>\n<link rel=\"canonical\" href=\"https:\/\/bladnanews.com\/fr\/viktor-gyokeres-explique-la-celebration-de-but-et-le-debut-a-arsenal\/\" \/>\n<meta property=\"og:locale\" content=\"fr_FR\" \/>\n<meta property=\"og:type\" content=\"article\" \/>\n<meta property=\"og:title\" content=\"Viktor Gyokeres explains goal celebration and Arsenal start\" \/>\n<meta property=\"og:description\" content=\"Viktor Gyokeres has explained the thinking behind his eye-catching goal celebration and admitted his early days at Arsenal have been [&hellip;]\" \/>\n<meta property=\"og:url\" content=\"https:\/\/bladnanews.com\/fr\/viktor-gyokeres-explique-la-celebration-de-but-et-le-debut-a-arsenal\/\" \/>\n<meta property=\"og:site_name\" content=\"Bladna News\" \/>\n<meta property=\"article:published_time\" content=\"2026-02-03T07:42:51+00:00\" \/>\n<meta property=\"og:image\" content=\"https:\/\/bladnanews.com\/wp-content\/uploads\/2025\/12\/freepik__bladna-newscom-moroccan-soccer-homepage-banner-mor__41838.png\" \/>\n\t<meta property=\"og:image:width\" content=\"1312\" \/>\n\t<meta property=\"og:image:height\" content=\"736\" \/>\n\t<meta property=\"og:image:type\" content=\"image\/png\" \/>\n<meta name=\"author\" content=\"Bladna News Staff\" \/>\n<meta name=\"twitter:card\" content=\"summary_large_image\" \/>\n<meta name=\"twitter:label1\" content=\"\u00c9crit par\" \/>\n\t<meta name=\"twitter:data1\" content=\"Bladna News Staff\" \/>\n\t<meta name=\"twitter:label2\" content=\"Dur\u00e9e de lecture estim\u00e9e\" \/>\n\t<meta name=\"twitter:data2\" content=\"1 minute\" \/>\n<script type=\"application\/ld+json\" class=\"yoast-schema-graph\">{\"@context\":\"https:\\\/\\\/schema.org\",\"@graph\":[{\"@type\":\"Article\",\"@id\":\"https:\\\/\\\/bladnanews.com\\\/viktor-gyokeres-explains-goal-celebration-and-arsenal-start\\\/#article\",\"isPartOf\":{\"@id\":\"https:\\\/\\\/bladnanews.com\\\/viktor-gyokeres-explains-goal-celebration-and-arsenal-start\\\/\"},\"author\":{\"name\":\"Bladna News Staff\",\"@id\":\"https:\\\/\\\/mediumseagreen-eel-531711.hostingersite.com\\\/#\\\/schema\\\/person\\\/268e18a453ab080ebf76df6ef7845083\"},\"headline\":\"Viktor Gyokeres explains goal celebration and Arsenal start\",\"datePublished\":\"2026-02-03T07:42:51+00:00\",\"mainEntityOfPage\":{\"@id\":\"https:\\\/\\\/bladnanews.com\\\/viktor-gyokeres-explains-goal-celebration-and-arsenal-start\\\/\"},\"wordCount\":190,\"publisher\":{\"@id\":\"https:\\\/\\\/mediumseagreen-eel-531711.hostingersite.com\\\/#organization\"},\"image\":{\"@id\":\"https:\\\/\\\/bladnanews.com\\\/viktor-gyokeres-explains-goal-celebration-and-arsenal-start\\\/#primaryimage\"},\"thumbnailUrl\":\"https:\\\/\\\/bladnanews.com\\\/wp-content\\\/uploads\\\/2026\\\/02\\\/BladnaNews-Viktor-Gyokeres-explains-goal-celebration-and-Arsenal-start-2026-02-03T131537.340Z.jpg\",\"articleSection\":[\"International\",\"Latest News\"],\"inLanguage\":\"fr-FR\",\"copyrightYear\":\"2026\",\"copyrightHolder\":{\"@id\":\"https:\\\/\\\/bladnanews.com\\\/fr\\\/#organization\"}},{\"@type\":\"WebPage\",\"@id\":\"https:\\\/\\\/bladnanews.com\\\/viktor-gyokeres-explains-goal-celebration-and-arsenal-start\\\/\",\"url\":\"https:\\\/\\\/bladnanews.com\\\/viktor-gyokeres-explains-goal-celebration-and-arsenal-start\\\/\",\"name\":\"Viktor Gyokeres explains goal celebration and Arsenal start - Bladna News\",\"isPartOf\":{\"@id\":\"https:\\\/\\\/mediumseagreen-eel-531711.hostingersite.com\\\/#website\"},\"primaryImageOfPage\":{\"@id\":\"https:\\\/\\\/bladnanews.com\\\/viktor-gyokeres-explains-goal-celebration-and-arsenal-start\\\/#primaryimage\"},\"image\":{\"@id\":\"https:\\\/\\\/bladnanews.com\\\/viktor-gyokeres-explains-goal-celebration-and-arsenal-start\\\/#primaryimage\"},\"thumbnailUrl\":\"https:\\\/\\\/bladnanews.com\\\/wp-content\\\/uploads\\\/2026\\\/02\\\/BladnaNews-Viktor-Gyokeres-explains-goal-celebration-and-Arsenal-start-2026-02-03T131537.340Z.jpg\",\"datePublished\":\"2026-02-03T07:42:51+00:00\",\"breadcrumb\":{\"@id\":\"https:\\\/\\\/bladnanews.com\\\/viktor-gyokeres-explains-goal-celebration-and-arsenal-start\\\/#breadcrumb\"},\"inLanguage\":\"fr-FR\",\"potentialAction\":[{\"@type\":\"ReadAction\",\"target\":[\"https:\\\/\\\/bladnanews.com\\\/viktor-gyokeres-explains-goal-celebration-and-arsenal-start\\\/\"]}]},{\"@type\":\"ImageObject\",\"inLanguage\":\"fr-FR\",\"@id\":\"https:\\\/\\\/bladnanews.com\\\/viktor-gyokeres-explains-goal-celebration-and-arsenal-start\\\/#primaryimage\",\"url\":\"https:\\\/\\\/bladnanews.com\\\/wp-content\\\/uploads\\\/2026\\\/02\\\/BladnaNews-Viktor-Gyokeres-explains-goal-celebration-and-Arsenal-start-2026-02-03T131537.340Z.jpg\",\"contentUrl\":\"https:\\\/\\\/bladnanews.com\\\/wp-content\\\/uploads\\\/2026\\\/02\\\/BladnaNews-Viktor-Gyokeres-explains-goal-celebration-and-Arsenal-start-2026-02-03T131537.340Z.jpg\",\"width\":1920,\"height\":1080,\"caption\":\"Viktor Gy\u00f6keres in an Arsenal kit, celebrating a goal with his hands covering his face, showcasing team spirit and emotion.\"},{\"@type\":\"BreadcrumbList\",\"@id\":\"https:\\\/\\\/bladnanews.com\\\/viktor-gyokeres-explains-goal-celebration-and-arsenal-start\\\/#breadcrumb\",\"itemListElement\":[{\"@type\":\"ListItem\",\"position\":1,\"name\":\"Home\",\"item\":\"https:\\\/\\\/bladnanews.com\\\/\"},{\"@type\":\"ListItem\",\"position\":2,\"name\":\"Viktor Gyokeres explains goal celebration and Arsenal start\"}]},{\"@type\":\"WebSite\",\"@id\":\"https:\\\/\\\/mediumseagreen-eel-531711.hostingersite.com\\\/#website\",\"url\":\"https:\\\/\\\/mediumseagreen-eel-531711.hostingersite.com\\\/\",\"name\":\"Bladna News - Morocco\",\"description\":\"Where Moroccan Football Meets the World\",\"publisher\":{\"@id\":\"https:\\\/\\\/mediumseagreen-eel-531711.hostingersite.com\\\/#organization\"},\"potentialAction\":[{\"@type\":\"SearchAction\",\"target\":{\"@type\":\"EntryPoint\",\"urlTemplate\":\"https:\\\/\\\/mediumseagreen-eel-531711.hostingersite.com\\\/?s={search_term_string}\"},\"query-input\":{\"@type\":\"PropertyValueSpecification\",\"valueRequired\":true,\"valueName\":\"search_term_string\"}}],\"inLanguage\":\"fr-FR\"},{\"@type\":\"Organization\",\"@id\":\"https:\\\/\\\/mediumseagreen-eel-531711.hostingersite.com\\\/#organization\",\"name\":\"Bladna News.com\",\"url\":\"https:\\\/\\\/mediumseagreen-eel-531711.hostingersite.com\\\/\",\"logo\":{\"@type\":\"ImageObject\",\"inLanguage\":\"fr-FR\",\"@id\":\"https:\\\/\\\/mediumseagreen-eel-531711.hostingersite.com\\\/#\\\/schema\\\/logo\\\/image\\\/\",\"url\":\"https:\\\/\\\/bladnanews.com\\\/wp-content\\\/uploads\\\/2025\\\/12\\\/logo-bladnanews-V2-web-black-red.png\",\"contentUrl\":\"https:\\\/\\\/bladnanews.com\\\/wp-content\\\/uploads\\\/2025\\\/12\\\/logo-bladnanews-V2-web-black-red.png\",\"width\":703,\"height\":287,\"caption\":\"Bladna News.com\"},\"image\":{\"@id\":\"https:\\\/\\\/mediumseagreen-eel-531711.hostingersite.com\\\/#\\\/schema\\\/logo\\\/image\\\/\"},\"email\":\"info@bladnanews.com\",\"legalName\":\"Bladna News\"},{\"@type\":\"Person\",\"@id\":\"https:\\\/\\\/mediumseagreen-eel-531711.hostingersite.com\\\/#\\\/schema\\\/person\\\/268e18a453ab080ebf76df6ef7845083\",\"name\":\"Bladna News Staff\",\"url\":\"https:\\\/\\\/bladnanews.com\\\/fr\\\/author\\\/bladna-news-staff\\\/\"}]}<\/script>\n<!-- \/ Yoast SEO Premium plugin. -->","yoast_head_json":{"title":"Viktor Gyokeres explique la c\u00e9l\u00e9bration de but et son d\u00e9but \u00e0 Arsenal - Bladna News","robots":{"index":"index","follow":"follow","max-snippet":"max-snippet:-1","max-image-preview":"max-image-preview:large","max-video-preview":"max-video-preview:-1"},"canonical":"https:\/\/bladnanews.com\/fr\/viktor-gyokeres-explique-la-celebration-de-but-et-le-debut-a-arsenal\/","og_locale":"fr_FR","og_type":"article","og_title":"Viktor Gyokeres explains goal celebration and Arsenal start","og_description":"Viktor Gyokeres has explained the thinking behind his eye-catching goal celebration and admitted his early days at Arsenal have been [&hellip;]","og_url":"https:\/\/bladnanews.com\/fr\/viktor-gyokeres-explique-la-celebration-de-but-et-le-debut-a-arsenal\/","og_site_name":"Bladna News","article_published_time":"2026-02-03T07:42:51+00:00","og_image":[{"width":1312,"height":736,"url":"https:\/\/bladnanews.com\/wp-content\/uploads\/2025\/12\/freepik__bladna-newscom-moroccan-soccer-homepage-banner-mor__41838.png","type":"image\/png"}],"author":"Bladna News Staff","twitter_card":"summary_large_image","twitter_misc":{"\u00c9crit par":"Bladna News Staff","Dur\u00e9e de lecture estim\u00e9e":"1 minute"},"schema":{"@context":"https:\/\/schema.org","@graph":[{"@type":"Article","@id":"https:\/\/bladnanews.com\/viktor-gyokeres-explains-goal-celebration-and-arsenal-start\/#article","isPartOf":{"@id":"https:\/\/bladnanews.com\/viktor-gyokeres-explains-goal-celebration-and-arsenal-start\/"},"author":{"name":"Bladna News Staff","@id":"https:\/\/mediumseagreen-eel-531711.hostingersite.com\/#\/schema\/person\/268e18a453ab080ebf76df6ef7845083"},"headline":"Viktor Gyokeres explains goal celebration and Arsenal start","datePublished":"2026-02-03T07:42:51+00:00","mainEntityOfPage":{"@id":"https:\/\/bladnanews.com\/viktor-gyokeres-explains-goal-celebration-and-arsenal-start\/"},"wordCount":190,"publisher":{"@id":"https:\/\/mediumseagreen-eel-531711.hostingersite.com\/#organization"},"image":{"@id":"https:\/\/bladnanews.com\/viktor-gyokeres-explains-goal-celebration-and-arsenal-start\/#primaryimage"},"thumbnailUrl":"https:\/\/bladnanews.com\/wp-content\/uploads\/2026\/02\/BladnaNews-Viktor-Gyokeres-explains-goal-celebration-and-Arsenal-start-2026-02-03T131537.340Z.jpg","articleSection":["International","Latest News"],"inLanguage":"fr-FR","copyrightYear":"2026","copyrightHolder":{"@id":"https:\/\/bladnanews.com\/fr\/#organization"}},{"@type":"WebPage","@id":"https:\/\/bladnanews.com\/viktor-gyokeres-explains-goal-celebration-and-arsenal-start\/","url":"https:\/\/bladnanews.com\/viktor-gyokeres-explains-goal-celebration-and-arsenal-start\/","name":"Viktor Gyokeres explique la c\u00e9l\u00e9bration de but et son d\u00e9but \u00e0 Arsenal - Bladna News","isPartOf":{"@id":"https:\/\/mediumseagreen-eel-531711.hostingersite.com\/#website"},"primaryImageOfPage":{"@id":"https:\/\/bladnanews.com\/viktor-gyokeres-explains-goal-celebration-and-arsenal-start\/#primaryimage"},"image":{"@id":"https:\/\/bladnanews.com\/viktor-gyokeres-explains-goal-celebration-and-arsenal-start\/#primaryimage"},"thumbnailUrl":"https:\/\/bladnanews.com\/wp-content\/uploads\/2026\/02\/BladnaNews-Viktor-Gyokeres-explains-goal-celebration-and-Arsenal-start-2026-02-03T131537.340Z.jpg","datePublished":"2026-02-03T07:42:51+00:00","breadcrumb":{"@id":"https:\/\/bladnanews.com\/viktor-gyokeres-explains-goal-celebration-and-arsenal-start\/#breadcrumb"},"inLanguage":"fr-FR","potentialAction":[{"@type":"ReadAction","target":["https:\/\/bladnanews.com\/viktor-gyokeres-explains-goal-celebration-and-arsenal-start\/"]}]},{"@type":"ImageObject","inLanguage":"fr-FR","@id":"https:\/\/bladnanews.com\/viktor-gyokeres-explains-goal-celebration-and-arsenal-start\/#primaryimage","url":"https:\/\/bladnanews.com\/wp-content\/uploads\/2026\/02\/BladnaNews-Viktor-Gyokeres-explains-goal-celebration-and-Arsenal-start-2026-02-03T131537.340Z.jpg","contentUrl":"https:\/\/bladnanews.com\/wp-content\/uploads\/2026\/02\/BladnaNews-Viktor-Gyokeres-explains-goal-celebration-and-Arsenal-start-2026-02-03T131537.340Z.jpg","width":1920,"height":1080,"caption":"Viktor Gy\u00f6keres in an Arsenal kit, celebrating a goal with his hands covering his face, showcasing team spirit and emotion."},{"@type":"BreadcrumbList","@id":"https:\/\/bladnanews.com\/viktor-gyokeres-explains-goal-celebration-and-arsenal-start\/#breadcrumb","itemListElement":[{"@type":"ListItem","position":1,"name":"Home","item":"https:\/\/bladnanews.com\/"},{"@type":"ListItem","position":2,"name":"Viktor Gyokeres explains goal celebration and Arsenal start"}]},{"@type":"WebSite","@id":"https:\/\/mediumseagreen-eel-531711.hostingersite.com\/#website","url":"https:\/\/mediumseagreen-eel-531711.hostingersite.com\/","name":"Bladna News - Maroc","description":"Quand le football marocain rencontre le monde","publisher":{"@id":"https:\/\/mediumseagreen-eel-531711.hostingersite.com\/#organization"},"potentialAction":[{"@type":"SearchAction","target":{"@type":"EntryPoint","urlTemplate":"https:\/\/mediumseagreen-eel-531711.hostingersite.com\/?s={search_term_string}"},"query-input":{"@type":"PropertyValueSpecification","valueRequired":true,"valueName":"search_term_string"}}],"inLanguage":"fr-FR"},{"@type":"Organization","@id":"https:\/\/mediumseagreen-eel-531711.hostingersite.com\/#organization","name":"Bladna News.com","url":"https:\/\/mediumseagreen-eel-531711.hostingersite.com\/","logo":{"@type":"ImageObject","inLanguage":"fr-FR","@id":"https:\/\/mediumseagreen-eel-531711.hostingersite.com\/#\/schema\/logo\/image\/","url":"https:\/\/bladnanews.com\/wp-content\/uploads\/2025\/12\/logo-bladnanews-V2-web-black-red.png","contentUrl":"https:\/\/bladnanews.com\/wp-content\/uploads\/2025\/12\/logo-bladnanews-V2-web-black-red.png","width":703,"height":287,"caption":"Bladna News.com"},"image":{"@id":"https:\/\/mediumseagreen-eel-531711.hostingersite.com\/#\/schema\/logo\/image\/"},"email":"info@bladnanews.com","legalName":"Bladna News"},{"@type":"Person","@id":"https:\/\/mediumseagreen-eel-531711.hostingersite.com\/#\/schema\/person\/268e18a453ab080ebf76df6ef7845083","name":"\u00c9quipe r\u00e9dactionnelle de Bladna News","url":"https:\/\/bladnanews.com\/fr\/author\/bladna-news-staff\/"}]}},"_links":{"self":[{"href":"https:\/\/bladnanews.com\/fr\/wp-json\/wp\/v2\/posts\/8580","targetHints":{"allow":["GET"]}}],"collection":[{"href":"https:\/\/bladnanews.com\/fr\/wp-json\/wp\/v2\/posts"}],"about":[{"href":"https:\/\/bladnanews.com\/fr\/wp-json\/wp\/v2\/types\/post"}],"author":[{"embeddable":true,"href":"https:\/\/bladnanews.com\/fr\/wp-json\/wp\/v2\/users\/3"}],"replies":[{"embeddable":true,"href":"https:\/\/bladnanews.com\/fr\/wp-json\/wp\/v2\/comments?post=8580"}],"version-history":[{"count":0,"href":"https:\/\/bladnanews.com\/fr\/wp-json\/wp\/v2\/posts\/8580\/revisions"}],"wp:featuredmedia":[{"embeddable":true,"href":"https:\/\/bladnanews.com\/fr\/wp-json\/wp\/v2\/media\/8579"}],"wp:attachment":[{"href":"https:\/\/bladnanews.com\/fr\/wp-json\/wp\/v2\/media?parent=8580"}],"wp:term":[{"taxonomy":"category","embeddable":true,"href":"https:\/\/bladnanews.com\/fr\/wp-json\/wp\/v2\/categories?post=8580"},{"taxonomy":"post_tag","embeddable":true,"href":"https:\/\/bladnanews.com\/fr\/wp-json\/wp\/v2\/tags?post=8580"}],"curies":[{"name":"wp","href":"https:\/\/api.w.org\/{rel}","templated":true}]}}