{"id":8597,"date":"2026-02-03T10:46:50","date_gmt":"2026-02-03T10:46:50","guid":{"rendered":"https:\/\/bladnanews.com\/joan-laporta-mocks-mbappe-over-late-real-madrid-penalty\/"},"modified":"2026-02-03T10:46:50","modified_gmt":"2026-02-03T10:46:50","slug":"joan-laporta-se-moque-de-mbappe-a-propos-du-penalty-tardif-du-real-madrid","status":"publish","type":"post","link":"https:\/\/bladnanews.com\/fr\/joan-laporta-se-moque-de-mbappe-a-propos-du-penalty-tardif-du-real-madrid\/","title":{"rendered":"Joan Laporta se moque de Mbapp\u00e9 \u00e0 propos du penalty tardif du Real Madrid"},"content":{"rendered":"<p>Le pr\u00e9sident du Bar\u00e7a, Joan Laporta, a tacl\u00e9 Kylian Mbapp\u00e9 apr\u00e8s que l'attaquant fran\u00e7ais ait marqu\u00e9 un penalty dans les derniers instants lors de la victoire du Real Madrid contre Rayo Vallecano.<\/p>\n<p>Mbapp\u00e9 s'est illustr\u00e9 en fin de match en transformant ce penalty et en scellant ainsi la victoire pour l'\u00e9quipe de Carlo Ancelotti, mais cette fin spectaculaire est rapidement devenue le sujet de discussion bien au-del\u00e0 du Bernab\u00e9u.<\/p>\n<p>Interrog\u00e9 sur cet incident, Laporta a r\u00e9pondu par une remarque moqueuse \u00e0 l'encontre du Real Madrid et de sa nouvelle star, remettant en question la d\u00e9cision arbitrale ayant conduit \u00e0 l'octroi du penalty.<\/p>\n<p>Le Real, qui compte sur les buts de Mbapp\u00e9 depuis son arriv\u00e9e tr\u00e8s m\u00e9diatis\u00e9e, a quitt\u00e9 le terrain avec la victoire, tandis que Rayo Vallecano \u00e9tait furieux de ce moment d\u00e9cisif qui leur a \u00e9t\u00e9 d\u00e9favorable en fin de rencontre.<\/p>\n<p>Les d\u00e9clarations du dirigeant barcelonais ont jet\u00e9 de l'huile sur le feu d'une rivalit\u00e9 d\u00e9j\u00e0 intense, Laporta ayant clairement laiss\u00e9 entendre qu'il n'\u00e9tait pas impressionn\u00e9 par la mani\u00e8re dont le match s'\u00e9tait conclu, saisissant l'occasion de tourner en d\u00e9rision le dernier h\u00e9ros madril\u00e8ne.<\/p>","protected":false},"excerpt":{"rendered":"<p>Barcelona president Joan Laporta has taken a swipe at Kylian Mbappe after the French forward scored a last-gasp penalty in [&hellip;]<\/p>\n","protected":false},"author":3,"featured_media":8596,"comment_status":"","ping_status":"open","sticky":false,"template":"","format":"standard","meta":{"googlesitekit_rrm_CAow_uzEDA:productID":"","site-sidebar-layout":"default","site-content-layout":"","ast-site-content-layout":"default","site-content-style":"default","site-sidebar-style":"default","ast-global-header-display":"","ast-banner-title-visibility":"","ast-main-header-display":"","ast-hfb-above-header-display":"","ast-hfb-below-header-display":"","ast-hfb-mobile-header-display":"","site-post-title":"","ast-breadcrumbs-content":"","ast-featured-img":"","footer-sml-layout":"","ast-disable-related-posts":"","theme-transparent-header-meta":"","adv-header-id-meta":"","stick-header-meta":"","header-above-stick-meta":"","header-main-stick-meta":"","header-below-stick-meta":"","astra-migrate-meta-layouts":"default","ast-page-background-enabled":"default","ast-page-background-meta":{"desktop":{"background-color":"var(--ast-global-color-5)","background-image":"","background-repeat":"repeat","background-position":"center center","background-size":"auto","background-attachment":"scroll","background-type":"","background-media":"","overlay-type":"","overlay-color":"","overlay-opacity":"","overlay-gradient":""},"tablet":{"background-color":"","background-image":"","background-repeat":"repeat","background-position":"center center","background-size":"auto","background-attachment":"scroll","background-type":"","background-media":"","overlay-type":"","overlay-color":"","overlay-opacity":"","overlay-gradient":""},"mobile":{"background-color":"","background-image":"","background-repeat":"repeat","background-position":"center center","background-size":"auto","background-attachment":"scroll","background-type":"","background-media":"","overlay-type":"","overlay-color":"","overlay-opacity":"","overlay-gradient":""}},"ast-content-background-meta":{"desktop":{"background-color":"var(--ast-global-color-4)","background-image":"","background-repeat":"repeat","background-position":"center center","background-size":"auto","background-attachment":"scroll","background-type":"","background-media":"","overlay-type":"","overlay-color":"","overlay-opacity":"","overlay-gradient":""},"tablet":{"background-color":"var(--ast-global-color-4)","background-image":"","background-repeat":"repeat","background-position":"center center","background-size":"auto","background-attachment":"scroll","background-type":"","background-media":"","overlay-type":"","overlay-color":"","overlay-opacity":"","overlay-gradient":""},"mobile":{"background-color":"var(--ast-global-color-4)","background-image":"","background-repeat":"repeat","background-position":"center center","background-size":"auto","background-attachment":"scroll","background-type":"","background-media":"","overlay-type":"","overlay-color":"","overlay-opacity":"","overlay-gradient":""}},"footnotes":""},"categories":[20,1],"tags":[],"class_list":["post-8597","post","type-post","status-publish","format-standard","has-post-thumbnail","hentry","category-international","category-football-latest-news"],"yoast_head":"<!-- This site is optimized with the Yoast SEO Premium plugin v26.6 (Yoast SEO v27.4) - https:\/\/yoast.com\/product\/yoast-seo-premium-wordpress\/ -->\n<title>Joan Laporta mocks Mbappe over late Real Madrid penalty - Bladna News<\/title>\n<meta name=\"robots\" content=\"index, follow, max-snippet:-1, max-image-preview:large, max-video-preview:-1\" \/>\n<link rel=\"canonical\" href=\"https:\/\/bladnanews.com\/fr\/joan-laporta-se-moque-de-mbappe-a-propos-du-penalty-tardif-du-real-madrid\/\" \/>\n<meta property=\"og:locale\" content=\"fr_FR\" \/>\n<meta property=\"og:type\" content=\"article\" \/>\n<meta property=\"og:title\" content=\"Joan Laporta mocks Mbappe over late Real Madrid penalty\" \/>\n<meta property=\"og:description\" content=\"Barcelona president Joan Laporta has taken a swipe at Kylian Mbappe after the French forward scored a last-gasp penalty in [&hellip;]\" \/>\n<meta property=\"og:url\" content=\"https:\/\/bladnanews.com\/fr\/joan-laporta-se-moque-de-mbappe-a-propos-du-penalty-tardif-du-real-madrid\/\" \/>\n<meta property=\"og:site_name\" content=\"Bladna News\" \/>\n<meta property=\"article:published_time\" content=\"2026-02-03T10:46:50+00:00\" \/>\n<meta property=\"og:image\" content=\"https:\/\/bladnanews.com\/wp-content\/uploads\/2025\/12\/freepik__bladna-newscom-moroccan-soccer-homepage-banner-mor__41838.png\" \/>\n\t<meta property=\"og:image:width\" content=\"1312\" \/>\n\t<meta property=\"og:image:height\" content=\"736\" \/>\n\t<meta property=\"og:image:type\" content=\"image\/png\" \/>\n<meta name=\"author\" content=\"Bladna News Staff\" \/>\n<meta name=\"twitter:card\" content=\"summary_large_image\" \/>\n<meta name=\"twitter:label1\" content=\"\u00c9crit par\" \/>\n\t<meta name=\"twitter:data1\" content=\"Bladna News Staff\" \/>\n\t<meta name=\"twitter:label2\" content=\"Dur\u00e9e de lecture estim\u00e9e\" \/>\n\t<meta name=\"twitter:data2\" content=\"1 minute\" \/>\n<script type=\"application\/ld+json\" class=\"yoast-schema-graph\">{\"@context\":\"https:\\\/\\\/schema.org\",\"@graph\":[{\"@type\":\"Article\",\"@id\":\"https:\\\/\\\/bladnanews.com\\\/joan-laporta-mocks-mbappe-over-late-real-madrid-penalty\\\/#article\",\"isPartOf\":{\"@id\":\"https:\\\/\\\/bladnanews.com\\\/joan-laporta-mocks-mbappe-over-late-real-madrid-penalty\\\/\"},\"author\":{\"name\":\"Bladna News Staff\",\"@id\":\"https:\\\/\\\/mediumseagreen-eel-531711.hostingersite.com\\\/#\\\/schema\\\/person\\\/268e18a453ab080ebf76df6ef7845083\"},\"headline\":\"Joan Laporta mocks Mbappe over late Real Madrid penalty\",\"datePublished\":\"2026-02-03T10:46:50+00:00\",\"mainEntityOfPage\":{\"@id\":\"https:\\\/\\\/bladnanews.com\\\/joan-laporta-mocks-mbappe-over-late-real-madrid-penalty\\\/\"},\"wordCount\":171,\"publisher\":{\"@id\":\"https:\\\/\\\/mediumseagreen-eel-531711.hostingersite.com\\\/#organization\"},\"image\":{\"@id\":\"https:\\\/\\\/bladnanews.com\\\/joan-laporta-mocks-mbappe-over-late-real-madrid-penalty\\\/#primaryimage\"},\"thumbnailUrl\":\"https:\\\/\\\/bladnanews.com\\\/wp-content\\\/uploads\\\/2026\\\/02\\\/BladnaNews-Joan-Laporta-mocks-Mbappe-over-late-Real-Madrid-penalty-2026-02-03T171449.498Z-scaled.jpg\",\"articleSection\":[\"International\",\"Latest News\"],\"inLanguage\":\"fr-FR\",\"copyrightYear\":\"2026\",\"copyrightHolder\":{\"@id\":\"https:\\\/\\\/bladnanews.com\\\/fr\\\/#organization\"}},{\"@type\":\"WebPage\",\"@id\":\"https:\\\/\\\/bladnanews.com\\\/joan-laporta-mocks-mbappe-over-late-real-madrid-penalty\\\/\",\"url\":\"https:\\\/\\\/bladnanews.com\\\/joan-laporta-mocks-mbappe-over-late-real-madrid-penalty\\\/\",\"name\":\"Joan Laporta mocks Mbappe over late Real Madrid penalty - Bladna News\",\"isPartOf\":{\"@id\":\"https:\\\/\\\/mediumseagreen-eel-531711.hostingersite.com\\\/#website\"},\"primaryImageOfPage\":{\"@id\":\"https:\\\/\\\/bladnanews.com\\\/joan-laporta-mocks-mbappe-over-late-real-madrid-penalty\\\/#primaryimage\"},\"image\":{\"@id\":\"https:\\\/\\\/bladnanews.com\\\/joan-laporta-mocks-mbappe-over-late-real-madrid-penalty\\\/#primaryimage\"},\"thumbnailUrl\":\"https:\\\/\\\/bladnanews.com\\\/wp-content\\\/uploads\\\/2026\\\/02\\\/BladnaNews-Joan-Laporta-mocks-Mbappe-over-late-Real-Madrid-penalty-2026-02-03T171449.498Z-scaled.jpg\",\"datePublished\":\"2026-02-03T10:46:50+00:00\",\"breadcrumb\":{\"@id\":\"https:\\\/\\\/bladnanews.com\\\/joan-laporta-mocks-mbappe-over-late-real-madrid-penalty\\\/#breadcrumb\"},\"inLanguage\":\"fr-FR\",\"potentialAction\":[{\"@type\":\"ReadAction\",\"target\":[\"https:\\\/\\\/bladnanews.com\\\/joan-laporta-mocks-mbappe-over-late-real-madrid-penalty\\\/\"]}]},{\"@type\":\"ImageObject\",\"inLanguage\":\"fr-FR\",\"@id\":\"https:\\\/\\\/bladnanews.com\\\/joan-laporta-mocks-mbappe-over-late-real-madrid-penalty\\\/#primaryimage\",\"url\":\"https:\\\/\\\/bladnanews.com\\\/wp-content\\\/uploads\\\/2026\\\/02\\\/BladnaNews-Joan-Laporta-mocks-Mbappe-over-late-Real-Madrid-penalty-2026-02-03T171449.498Z-scaled.jpg\",\"contentUrl\":\"https:\\\/\\\/bladnanews.com\\\/wp-content\\\/uploads\\\/2026\\\/02\\\/BladnaNews-Joan-Laporta-mocks-Mbappe-over-late-Real-Madrid-penalty-2026-02-03T171449.498Z-scaled.jpg\",\"width\":2560,\"height\":1440,\"caption\":\"Kylian Mbapp\u00e9 in Real Madrid's white kit, looking focused during a match at the Santiago Bernab\u00e9u Stadium, showcasing determination.\"},{\"@type\":\"BreadcrumbList\",\"@id\":\"https:\\\/\\\/bladnanews.com\\\/joan-laporta-mocks-mbappe-over-late-real-madrid-penalty\\\/#breadcrumb\",\"itemListElement\":[{\"@type\":\"ListItem\",\"position\":1,\"name\":\"Home\",\"item\":\"https:\\\/\\\/bladnanews.com\\\/\"},{\"@type\":\"ListItem\",\"position\":2,\"name\":\"Joan Laporta mocks Mbappe over late Real Madrid penalty\"}]},{\"@type\":\"WebSite\",\"@id\":\"https:\\\/\\\/mediumseagreen-eel-531711.hostingersite.com\\\/#website\",\"url\":\"https:\\\/\\\/mediumseagreen-eel-531711.hostingersite.com\\\/\",\"name\":\"Bladna News - Morocco\",\"description\":\"Where Moroccan Football Meets the World\",\"publisher\":{\"@id\":\"https:\\\/\\\/mediumseagreen-eel-531711.hostingersite.com\\\/#organization\"},\"potentialAction\":[{\"@type\":\"SearchAction\",\"target\":{\"@type\":\"EntryPoint\",\"urlTemplate\":\"https:\\\/\\\/mediumseagreen-eel-531711.hostingersite.com\\\/?s={search_term_string}\"},\"query-input\":{\"@type\":\"PropertyValueSpecification\",\"valueRequired\":true,\"valueName\":\"search_term_string\"}}],\"inLanguage\":\"fr-FR\"},{\"@type\":\"Organization\",\"@id\":\"https:\\\/\\\/mediumseagreen-eel-531711.hostingersite.com\\\/#organization\",\"name\":\"Bladna News.com\",\"url\":\"https:\\\/\\\/mediumseagreen-eel-531711.hostingersite.com\\\/\",\"logo\":{\"@type\":\"ImageObject\",\"inLanguage\":\"fr-FR\",\"@id\":\"https:\\\/\\\/mediumseagreen-eel-531711.hostingersite.com\\\/#\\\/schema\\\/logo\\\/image\\\/\",\"url\":\"https:\\\/\\\/bladnanews.com\\\/wp-content\\\/uploads\\\/2025\\\/12\\\/logo-bladnanews-V2-web-black-red.png\",\"contentUrl\":\"https:\\\/\\\/bladnanews.com\\\/wp-content\\\/uploads\\\/2025\\\/12\\\/logo-bladnanews-V2-web-black-red.png\",\"width\":703,\"height\":287,\"caption\":\"Bladna News.com\"},\"image\":{\"@id\":\"https:\\\/\\\/mediumseagreen-eel-531711.hostingersite.com\\\/#\\\/schema\\\/logo\\\/image\\\/\"},\"email\":\"info@bladnanews.com\",\"legalName\":\"Bladna News\"},{\"@type\":\"Person\",\"@id\":\"https:\\\/\\\/mediumseagreen-eel-531711.hostingersite.com\\\/#\\\/schema\\\/person\\\/268e18a453ab080ebf76df6ef7845083\",\"name\":\"Bladna News Staff\",\"url\":\"https:\\\/\\\/bladnanews.com\\\/fr\\\/author\\\/bladna-news-staff\\\/\"}]}<\/script>\n<!-- \/ Yoast SEO Premium plugin. -->","yoast_head_json":{"title":"Joan Laporta se moque de Mbapp\u00e9 \u00e0 propos du penalty tardif du Real Madrid - Bladna News","robots":{"index":"index","follow":"follow","max-snippet":"max-snippet:-1","max-image-preview":"max-image-preview:large","max-video-preview":"max-video-preview:-1"},"canonical":"https:\/\/bladnanews.com\/fr\/joan-laporta-se-moque-de-mbappe-a-propos-du-penalty-tardif-du-real-madrid\/","og_locale":"fr_FR","og_type":"article","og_title":"Joan Laporta mocks Mbappe over late Real Madrid penalty","og_description":"Barcelona president Joan Laporta has taken a swipe at Kylian Mbappe after the French forward scored a last-gasp penalty in [&hellip;]","og_url":"https:\/\/bladnanews.com\/fr\/joan-laporta-se-moque-de-mbappe-a-propos-du-penalty-tardif-du-real-madrid\/","og_site_name":"Bladna News","article_published_time":"2026-02-03T10:46:50+00:00","og_image":[{"width":1312,"height":736,"url":"https:\/\/bladnanews.com\/wp-content\/uploads\/2025\/12\/freepik__bladna-newscom-moroccan-soccer-homepage-banner-mor__41838.png","type":"image\/png"}],"author":"Bladna News Staff","twitter_card":"summary_large_image","twitter_misc":{"\u00c9crit par":"Bladna News Staff","Dur\u00e9e de lecture estim\u00e9e":"1 minute"},"schema":{"@context":"https:\/\/schema.org","@graph":[{"@type":"Article","@id":"https:\/\/bladnanews.com\/joan-laporta-mocks-mbappe-over-late-real-madrid-penalty\/#article","isPartOf":{"@id":"https:\/\/bladnanews.com\/joan-laporta-mocks-mbappe-over-late-real-madrid-penalty\/"},"author":{"name":"Bladna News Staff","@id":"https:\/\/mediumseagreen-eel-531711.hostingersite.com\/#\/schema\/person\/268e18a453ab080ebf76df6ef7845083"},"headline":"Joan Laporta mocks Mbappe over late Real Madrid penalty","datePublished":"2026-02-03T10:46:50+00:00","mainEntityOfPage":{"@id":"https:\/\/bladnanews.com\/joan-laporta-mocks-mbappe-over-late-real-madrid-penalty\/"},"wordCount":171,"publisher":{"@id":"https:\/\/mediumseagreen-eel-531711.hostingersite.com\/#organization"},"image":{"@id":"https:\/\/bladnanews.com\/joan-laporta-mocks-mbappe-over-late-real-madrid-penalty\/#primaryimage"},"thumbnailUrl":"https:\/\/bladnanews.com\/wp-content\/uploads\/2026\/02\/BladnaNews-Joan-Laporta-mocks-Mbappe-over-late-Real-Madrid-penalty-2026-02-03T171449.498Z-scaled.jpg","articleSection":["International","Latest News"],"inLanguage":"fr-FR","copyrightYear":"2026","copyrightHolder":{"@id":"https:\/\/bladnanews.com\/fr\/#organization"}},{"@type":"WebPage","@id":"https:\/\/bladnanews.com\/joan-laporta-mocks-mbappe-over-late-real-madrid-penalty\/","url":"https:\/\/bladnanews.com\/joan-laporta-mocks-mbappe-over-late-real-madrid-penalty\/","name":"Joan Laporta se moque de Mbapp\u00e9 \u00e0 propos du penalty tardif du Real Madrid - Bladna News","isPartOf":{"@id":"https:\/\/mediumseagreen-eel-531711.hostingersite.com\/#website"},"primaryImageOfPage":{"@id":"https:\/\/bladnanews.com\/joan-laporta-mocks-mbappe-over-late-real-madrid-penalty\/#primaryimage"},"image":{"@id":"https:\/\/bladnanews.com\/joan-laporta-mocks-mbappe-over-late-real-madrid-penalty\/#primaryimage"},"thumbnailUrl":"https:\/\/bladnanews.com\/wp-content\/uploads\/2026\/02\/BladnaNews-Joan-Laporta-mocks-Mbappe-over-late-Real-Madrid-penalty-2026-02-03T171449.498Z-scaled.jpg","datePublished":"2026-02-03T10:46:50+00:00","breadcrumb":{"@id":"https:\/\/bladnanews.com\/joan-laporta-mocks-mbappe-over-late-real-madrid-penalty\/#breadcrumb"},"inLanguage":"fr-FR","potentialAction":[{"@type":"ReadAction","target":["https:\/\/bladnanews.com\/joan-laporta-mocks-mbappe-over-late-real-madrid-penalty\/"]}]},{"@type":"ImageObject","inLanguage":"fr-FR","@id":"https:\/\/bladnanews.com\/joan-laporta-mocks-mbappe-over-late-real-madrid-penalty\/#primaryimage","url":"https:\/\/bladnanews.com\/wp-content\/uploads\/2026\/02\/BladnaNews-Joan-Laporta-mocks-Mbappe-over-late-Real-Madrid-penalty-2026-02-03T171449.498Z-scaled.jpg","contentUrl":"https:\/\/bladnanews.com\/wp-content\/uploads\/2026\/02\/BladnaNews-Joan-Laporta-mocks-Mbappe-over-late-Real-Madrid-penalty-2026-02-03T171449.498Z-scaled.jpg","width":2560,"height":1440,"caption":"Kylian Mbapp\u00e9 in Real Madrid's white kit, looking focused during a match at the Santiago Bernab\u00e9u Stadium, showcasing determination."},{"@type":"BreadcrumbList","@id":"https:\/\/bladnanews.com\/joan-laporta-mocks-mbappe-over-late-real-madrid-penalty\/#breadcrumb","itemListElement":[{"@type":"ListItem","position":1,"name":"Home","item":"https:\/\/bladnanews.com\/"},{"@type":"ListItem","position":2,"name":"Joan Laporta mocks Mbappe over late Real Madrid penalty"}]},{"@type":"WebSite","@id":"https:\/\/mediumseagreen-eel-531711.hostingersite.com\/#website","url":"https:\/\/mediumseagreen-eel-531711.hostingersite.com\/","name":"Bladna News - Maroc","description":"Quand le football marocain rencontre le monde","publisher":{"@id":"https:\/\/mediumseagreen-eel-531711.hostingersite.com\/#organization"},"potentialAction":[{"@type":"SearchAction","target":{"@type":"EntryPoint","urlTemplate":"https:\/\/mediumseagreen-eel-531711.hostingersite.com\/?s={search_term_string}"},"query-input":{"@type":"PropertyValueSpecification","valueRequired":true,"valueName":"search_term_string"}}],"inLanguage":"fr-FR"},{"@type":"Organization","@id":"https:\/\/mediumseagreen-eel-531711.hostingersite.com\/#organization","name":"Bladna News.com","url":"https:\/\/mediumseagreen-eel-531711.hostingersite.com\/","logo":{"@type":"ImageObject","inLanguage":"fr-FR","@id":"https:\/\/mediumseagreen-eel-531711.hostingersite.com\/#\/schema\/logo\/image\/","url":"https:\/\/bladnanews.com\/wp-content\/uploads\/2025\/12\/logo-bladnanews-V2-web-black-red.png","contentUrl":"https:\/\/bladnanews.com\/wp-content\/uploads\/2025\/12\/logo-bladnanews-V2-web-black-red.png","width":703,"height":287,"caption":"Bladna News.com"},"image":{"@id":"https:\/\/mediumseagreen-eel-531711.hostingersite.com\/#\/schema\/logo\/image\/"},"email":"info@bladnanews.com","legalName":"Bladna News"},{"@type":"Person","@id":"https:\/\/mediumseagreen-eel-531711.hostingersite.com\/#\/schema\/person\/268e18a453ab080ebf76df6ef7845083","name":"\u00c9quipe r\u00e9dactionnelle de Bladna News","url":"https:\/\/bladnanews.com\/fr\/author\/bladna-news-staff\/"}]}},"_links":{"self":[{"href":"https:\/\/bladnanews.com\/fr\/wp-json\/wp\/v2\/posts\/8597","targetHints":{"allow":["GET"]}}],"collection":[{"href":"https:\/\/bladnanews.com\/fr\/wp-json\/wp\/v2\/posts"}],"about":[{"href":"https:\/\/bladnanews.com\/fr\/wp-json\/wp\/v2\/types\/post"}],"author":[{"embeddable":true,"href":"https:\/\/bladnanews.com\/fr\/wp-json\/wp\/v2\/users\/3"}],"replies":[{"embeddable":true,"href":"https:\/\/bladnanews.com\/fr\/wp-json\/wp\/v2\/comments?post=8597"}],"version-history":[{"count":0,"href":"https:\/\/bladnanews.com\/fr\/wp-json\/wp\/v2\/posts\/8597\/revisions"}],"wp:featuredmedia":[{"embeddable":true,"href":"https:\/\/bladnanews.com\/fr\/wp-json\/wp\/v2\/media\/8596"}],"wp:attachment":[{"href":"https:\/\/bladnanews.com\/fr\/wp-json\/wp\/v2\/media?parent=8597"}],"wp:term":[{"taxonomy":"category","embeddable":true,"href":"https:\/\/bladnanews.com\/fr\/wp-json\/wp\/v2\/categories?post=8597"},{"taxonomy":"post_tag","embeddable":true,"href":"https:\/\/bladnanews.com\/fr\/wp-json\/wp\/v2\/tags?post=8597"}],"curies":[{"name":"wp","href":"https:\/\/api.w.org\/{rel}","templated":true}]}}