{"id":8599,"date":"2026-02-03T11:06:20","date_gmt":"2026-02-03T11:06:20","guid":{"rendered":"https:\/\/bladnanews.com\/man-utd-wonderkid-shea-lacey-scores-hat-trick-in-pl2-clash\/"},"modified":"2026-02-03T11:06:20","modified_gmt":"2026-02-03T11:06:20","slug":"le-jeune-prodige-de-manchester-united-shea-lacey-marque-un-triple-lors-dun-affrontement-en-pl2","status":"publish","type":"post","link":"https:\/\/bladnanews.com\/fr\/le-jeune-prodige-de-manchester-united-shea-lacey-marque-un-triple-lors-dun-affrontement-en-pl2\/","title":{"rendered":"Le prodige de Manchester United, Shea Lacey, inscrit un tripl\u00e9 lors d'un affrontement en PL2"},"content":{"rendered":"<p>Le jeune joueur de Manchester United, Shea Lacey, a livr\u00e9 une prestation remarqu\u00e9e lundi soir, en inscrivant un superbe coup du chapeau lors d'un match de Premier League 2, renfor\u00e7ant ainsi ses arguments pour une reconnaissance au plus haut niveau.<\/p>\n<p>Lacey a \u00e9t\u00e9 la figure marquante du dernier match de PL2 des Red Devils, ses trois buts survenant lors d'un intervalle d\u00e9cisif qui a fait basculer la rencontre en faveur des visiteurs. L'ailier a d\u00e9montr\u00e9 toute sa palette devant le but, alliant une finition sereine \u00e0 des moments de grande qualit\u00e9, trouvant \u00e0 plusieurs reprises des espaces dans les zones dangereuses.<\/p>\n<p>Son premier but a donn\u00e9 le ton, survenant apr\u00e8s un pressing mancunien ayant forc\u00e9 l'ouverture, Lacey en profitant pleinement pour donner l'avantage \u00e0 son \u00e9quipe. Il a doubl\u00e9 la mise peu apr\u00e8s avec une nouvelle finition compos\u00e9e, avant de compl\u00e9ter son coup du chapeau avec panache alors que l'\u00e9quipe acad\u00e9mique de United prenait le contr\u00f4le du match.<\/p>\n<p>Cette performance ne fera qu'accro\u00eetre l'enthousiasme grandissant autour de Lacey au sein du club, lui qui, \u00e0 seulement 16 ans, s'est d\u00e9j\u00e0 entra\u00een\u00e9 avec l'\u00e9quipe premi\u00e8re d'Erik ten Hag cette saison et a figur\u00e9 sur le banc en Premier League. United reste prudent quant \u00e0 son d\u00e9veloppement, mais la d\u00e9monstration de lundi a soulign\u00e9 pourquoi il est si estim\u00e9 \u00e0 Carrington.<\/p>\n<p>Alors que Michael Carrick, l'entra\u00eeneur de Middlesbrough, compte parmi ceux qui suivent de pr\u00e8s les talents \u00e9mergents de son ancien club, la derni\u00e8re prestation de Lacey a \u00e9t\u00e9 un rappel opportun de la qualit\u00e9 issue du centre de formation de United.<\/p>\n<p>L'\u00e9quipe PL2 de United tourne d\u00e9sormais son attention vers ses prochaines rencontres, tandis que le coup du chapeau de Lacey consolide sa r\u00e9putation comme l'un des espoirs les plus prometteurs du dispositif jeune.<\/p>","protected":false},"excerpt":{"rendered":"<p>Manchester United youngster Shea Lacey delivered a statement performance on Monday night, scoring a brilliant hat-trick in a Premier League [&hellip;]<\/p>\n","protected":false},"author":3,"featured_media":8598,"comment_status":"","ping_status":"open","sticky":false,"template":"","format":"standard","meta":{"googlesitekit_rrm_CAow_uzEDA:productID":"","site-sidebar-layout":"default","site-content-layout":"","ast-site-content-layout":"default","site-content-style":"default","site-sidebar-style":"default","ast-global-header-display":"","ast-banner-title-visibility":"","ast-main-header-display":"","ast-hfb-above-header-display":"","ast-hfb-below-header-display":"","ast-hfb-mobile-header-display":"","site-post-title":"","ast-breadcrumbs-content":"","ast-featured-img":"","footer-sml-layout":"","ast-disable-related-posts":"","theme-transparent-header-meta":"","adv-header-id-meta":"","stick-header-meta":"","header-above-stick-meta":"","header-main-stick-meta":"","header-below-stick-meta":"","astra-migrate-meta-layouts":"default","ast-page-background-enabled":"default","ast-page-background-meta":{"desktop":{"background-color":"var(--ast-global-color-5)","background-image":"","background-repeat":"repeat","background-position":"center center","background-size":"auto","background-attachment":"scroll","background-type":"","background-media":"","overlay-type":"","overlay-color":"","overlay-opacity":"","overlay-gradient":""},"tablet":{"background-color":"","background-image":"","background-repeat":"repeat","background-position":"center center","background-size":"auto","background-attachment":"scroll","background-type":"","background-media":"","overlay-type":"","overlay-color":"","overlay-opacity":"","overlay-gradient":""},"mobile":{"background-color":"","background-image":"","background-repeat":"repeat","background-position":"center center","background-size":"auto","background-attachment":"scroll","background-type":"","background-media":"","overlay-type":"","overlay-color":"","overlay-opacity":"","overlay-gradient":""}},"ast-content-background-meta":{"desktop":{"background-color":"var(--ast-global-color-4)","background-image":"","background-repeat":"repeat","background-position":"center center","background-size":"auto","background-attachment":"scroll","background-type":"","background-media":"","overlay-type":"","overlay-color":"","overlay-opacity":"","overlay-gradient":""},"tablet":{"background-color":"var(--ast-global-color-4)","background-image":"","background-repeat":"repeat","background-position":"center center","background-size":"auto","background-attachment":"scroll","background-type":"","background-media":"","overlay-type":"","overlay-color":"","overlay-opacity":"","overlay-gradient":""},"mobile":{"background-color":"var(--ast-global-color-4)","background-image":"","background-repeat":"repeat","background-position":"center center","background-size":"auto","background-attachment":"scroll","background-type":"","background-media":"","overlay-type":"","overlay-color":"","overlay-opacity":"","overlay-gradient":""}},"footnotes":""},"categories":[20,1],"tags":[],"class_list":["post-8599","post","type-post","status-publish","format-standard","has-post-thumbnail","hentry","category-international","category-football-latest-news"],"yoast_head":"<!-- This site is optimized with the Yoast SEO Premium plugin v26.6 (Yoast SEO v27.4) - https:\/\/yoast.com\/product\/yoast-seo-premium-wordpress\/ -->\n<title>Man Utd wonderkid Shea Lacey scores hat-trick in PL2 clash - Bladna News<\/title>\n<meta name=\"robots\" content=\"index, follow, max-snippet:-1, max-image-preview:large, max-video-preview:-1\" \/>\n<link rel=\"canonical\" href=\"https:\/\/bladnanews.com\/fr\/le-jeune-prodige-de-manchester-united-shea-lacey-marque-un-triple-lors-dun-affrontement-en-pl2\/\" \/>\n<meta property=\"og:locale\" content=\"fr_FR\" \/>\n<meta property=\"og:type\" content=\"article\" \/>\n<meta property=\"og:title\" content=\"Man Utd wonderkid Shea Lacey scores hat-trick in PL2 clash\" \/>\n<meta property=\"og:description\" content=\"Manchester United youngster Shea Lacey delivered a statement performance on Monday night, scoring a brilliant hat-trick in a Premier League [&hellip;]\" \/>\n<meta property=\"og:url\" content=\"https:\/\/bladnanews.com\/fr\/le-jeune-prodige-de-manchester-united-shea-lacey-marque-un-triple-lors-dun-affrontement-en-pl2\/\" \/>\n<meta property=\"og:site_name\" content=\"Bladna News\" \/>\n<meta property=\"article:published_time\" content=\"2026-02-03T11:06:20+00:00\" \/>\n<meta property=\"og:image\" content=\"https:\/\/bladnanews.com\/wp-content\/uploads\/2025\/12\/freepik__bladna-newscom-moroccan-soccer-homepage-banner-mor__41838.png\" \/>\n\t<meta property=\"og:image:width\" content=\"1312\" \/>\n\t<meta property=\"og:image:height\" content=\"736\" \/>\n\t<meta property=\"og:image:type\" content=\"image\/png\" \/>\n<meta name=\"author\" content=\"Bladna News Staff\" \/>\n<meta name=\"twitter:card\" content=\"summary_large_image\" \/>\n<meta name=\"twitter:label1\" content=\"\u00c9crit par\" \/>\n\t<meta name=\"twitter:data1\" content=\"Bladna News Staff\" \/>\n\t<meta name=\"twitter:label2\" content=\"Dur\u00e9e de lecture estim\u00e9e\" \/>\n\t<meta name=\"twitter:data2\" content=\"1 minute\" \/>\n<script type=\"application\/ld+json\" class=\"yoast-schema-graph\">{\"@context\":\"https:\\\/\\\/schema.org\",\"@graph\":[{\"@type\":\"Article\",\"@id\":\"https:\\\/\\\/bladnanews.com\\\/man-utd-wonderkid-shea-lacey-scores-hat-trick-in-pl2-clash\\\/#article\",\"isPartOf\":{\"@id\":\"https:\\\/\\\/bladnanews.com\\\/man-utd-wonderkid-shea-lacey-scores-hat-trick-in-pl2-clash\\\/\"},\"author\":{\"name\":\"Bladna News Staff\",\"@id\":\"https:\\\/\\\/mediumseagreen-eel-531711.hostingersite.com\\\/#\\\/schema\\\/person\\\/268e18a453ab080ebf76df6ef7845083\"},\"headline\":\"Man Utd wonderkid Shea Lacey scores hat-trick in PL2 clash\",\"datePublished\":\"2026-02-03T11:06:20+00:00\",\"mainEntityOfPage\":{\"@id\":\"https:\\\/\\\/bladnanews.com\\\/man-utd-wonderkid-shea-lacey-scores-hat-trick-in-pl2-clash\\\/\"},\"wordCount\":271,\"publisher\":{\"@id\":\"https:\\\/\\\/mediumseagreen-eel-531711.hostingersite.com\\\/#organization\"},\"image\":{\"@id\":\"https:\\\/\\\/bladnanews.com\\\/man-utd-wonderkid-shea-lacey-scores-hat-trick-in-pl2-clash\\\/#primaryimage\"},\"thumbnailUrl\":\"https:\\\/\\\/bladnanews.com\\\/wp-content\\\/uploads\\\/2026\\\/02\\\/BladnaNews-Man-Utd-wonderkid-Shea-Lacey-scores-hat-trick-in-PL2-clash-2026-02-03T171522.150Z.jpg\",\"articleSection\":[\"International\",\"Latest News\"],\"inLanguage\":\"fr-FR\",\"copyrightYear\":\"2026\",\"copyrightHolder\":{\"@id\":\"https:\\\/\\\/bladnanews.com\\\/fr\\\/#organization\"}},{\"@type\":\"WebPage\",\"@id\":\"https:\\\/\\\/bladnanews.com\\\/man-utd-wonderkid-shea-lacey-scores-hat-trick-in-pl2-clash\\\/\",\"url\":\"https:\\\/\\\/bladnanews.com\\\/man-utd-wonderkid-shea-lacey-scores-hat-trick-in-pl2-clash\\\/\",\"name\":\"Man Utd wonderkid Shea Lacey scores hat-trick in PL2 clash - Bladna News\",\"isPartOf\":{\"@id\":\"https:\\\/\\\/mediumseagreen-eel-531711.hostingersite.com\\\/#website\"},\"primaryImageOfPage\":{\"@id\":\"https:\\\/\\\/bladnanews.com\\\/man-utd-wonderkid-shea-lacey-scores-hat-trick-in-pl2-clash\\\/#primaryimage\"},\"image\":{\"@id\":\"https:\\\/\\\/bladnanews.com\\\/man-utd-wonderkid-shea-lacey-scores-hat-trick-in-pl2-clash\\\/#primaryimage\"},\"thumbnailUrl\":\"https:\\\/\\\/bladnanews.com\\\/wp-content\\\/uploads\\\/2026\\\/02\\\/BladnaNews-Man-Utd-wonderkid-Shea-Lacey-scores-hat-trick-in-PL2-clash-2026-02-03T171522.150Z.jpg\",\"datePublished\":\"2026-02-03T11:06:20+00:00\",\"breadcrumb\":{\"@id\":\"https:\\\/\\\/bladnanews.com\\\/man-utd-wonderkid-shea-lacey-scores-hat-trick-in-pl2-clash\\\/#breadcrumb\"},\"inLanguage\":\"fr-FR\",\"potentialAction\":[{\"@type\":\"ReadAction\",\"target\":[\"https:\\\/\\\/bladnanews.com\\\/man-utd-wonderkid-shea-lacey-scores-hat-trick-in-pl2-clash\\\/\"]}]},{\"@type\":\"ImageObject\",\"inLanguage\":\"fr-FR\",\"@id\":\"https:\\\/\\\/bladnanews.com\\\/man-utd-wonderkid-shea-lacey-scores-hat-trick-in-pl2-clash\\\/#primaryimage\",\"url\":\"https:\\\/\\\/bladnanews.com\\\/wp-content\\\/uploads\\\/2026\\\/02\\\/BladnaNews-Man-Utd-wonderkid-Shea-Lacey-scores-hat-trick-in-PL2-clash-2026-02-03T171522.150Z.jpg\",\"contentUrl\":\"https:\\\/\\\/bladnanews.com\\\/wp-content\\\/uploads\\\/2026\\\/02\\\/BladnaNews-Man-Utd-wonderkid-Shea-Lacey-scores-hat-trick-in-PL2-clash-2026-02-03T171522.150Z.jpg\",\"width\":1920,\"height\":1080,\"caption\":\"Shea Lacey, wearing a white Manchester United kit, looks thoughtful during a match, showcasing determination and focus.\"},{\"@type\":\"BreadcrumbList\",\"@id\":\"https:\\\/\\\/bladnanews.com\\\/man-utd-wonderkid-shea-lacey-scores-hat-trick-in-pl2-clash\\\/#breadcrumb\",\"itemListElement\":[{\"@type\":\"ListItem\",\"position\":1,\"name\":\"Home\",\"item\":\"https:\\\/\\\/bladnanews.com\\\/\"},{\"@type\":\"ListItem\",\"position\":2,\"name\":\"Man Utd wonderkid Shea Lacey scores hat-trick in PL2 clash\"}]},{\"@type\":\"WebSite\",\"@id\":\"https:\\\/\\\/mediumseagreen-eel-531711.hostingersite.com\\\/#website\",\"url\":\"https:\\\/\\\/mediumseagreen-eel-531711.hostingersite.com\\\/\",\"name\":\"Bladna News - Morocco\",\"description\":\"Where Moroccan Football Meets the World\",\"publisher\":{\"@id\":\"https:\\\/\\\/mediumseagreen-eel-531711.hostingersite.com\\\/#organization\"},\"potentialAction\":[{\"@type\":\"SearchAction\",\"target\":{\"@type\":\"EntryPoint\",\"urlTemplate\":\"https:\\\/\\\/mediumseagreen-eel-531711.hostingersite.com\\\/?s={search_term_string}\"},\"query-input\":{\"@type\":\"PropertyValueSpecification\",\"valueRequired\":true,\"valueName\":\"search_term_string\"}}],\"inLanguage\":\"fr-FR\"},{\"@type\":\"Organization\",\"@id\":\"https:\\\/\\\/mediumseagreen-eel-531711.hostingersite.com\\\/#organization\",\"name\":\"Bladna News.com\",\"url\":\"https:\\\/\\\/mediumseagreen-eel-531711.hostingersite.com\\\/\",\"logo\":{\"@type\":\"ImageObject\",\"inLanguage\":\"fr-FR\",\"@id\":\"https:\\\/\\\/mediumseagreen-eel-531711.hostingersite.com\\\/#\\\/schema\\\/logo\\\/image\\\/\",\"url\":\"https:\\\/\\\/bladnanews.com\\\/wp-content\\\/uploads\\\/2025\\\/12\\\/logo-bladnanews-V2-web-black-red.png\",\"contentUrl\":\"https:\\\/\\\/bladnanews.com\\\/wp-content\\\/uploads\\\/2025\\\/12\\\/logo-bladnanews-V2-web-black-red.png\",\"width\":703,\"height\":287,\"caption\":\"Bladna News.com\"},\"image\":{\"@id\":\"https:\\\/\\\/mediumseagreen-eel-531711.hostingersite.com\\\/#\\\/schema\\\/logo\\\/image\\\/\"},\"email\":\"info@bladnanews.com\",\"legalName\":\"Bladna News\"},{\"@type\":\"Person\",\"@id\":\"https:\\\/\\\/mediumseagreen-eel-531711.hostingersite.com\\\/#\\\/schema\\\/person\\\/268e18a453ab080ebf76df6ef7845083\",\"name\":\"Bladna News Staff\",\"url\":\"https:\\\/\\\/bladnanews.com\\\/fr\\\/author\\\/bladna-news-staff\\\/\"}]}<\/script>\n<!-- \/ Yoast SEO Premium plugin. -->","yoast_head_json":{"title":"Le prodige de Manchester United, Shea Lacey, marque un tripl\u00e9 lors d'un affrontement en PL2 - Bladna News","robots":{"index":"index","follow":"follow","max-snippet":"max-snippet:-1","max-image-preview":"max-image-preview:large","max-video-preview":"max-video-preview:-1"},"canonical":"https:\/\/bladnanews.com\/fr\/le-jeune-prodige-de-manchester-united-shea-lacey-marque-un-triple-lors-dun-affrontement-en-pl2\/","og_locale":"fr_FR","og_type":"article","og_title":"Man Utd wonderkid Shea Lacey scores hat-trick in PL2 clash","og_description":"Manchester United youngster Shea Lacey delivered a statement performance on Monday night, scoring a brilliant hat-trick in a Premier League [&hellip;]","og_url":"https:\/\/bladnanews.com\/fr\/le-jeune-prodige-de-manchester-united-shea-lacey-marque-un-triple-lors-dun-affrontement-en-pl2\/","og_site_name":"Bladna News","article_published_time":"2026-02-03T11:06:20+00:00","og_image":[{"width":1312,"height":736,"url":"https:\/\/bladnanews.com\/wp-content\/uploads\/2025\/12\/freepik__bladna-newscom-moroccan-soccer-homepage-banner-mor__41838.png","type":"image\/png"}],"author":"Bladna News Staff","twitter_card":"summary_large_image","twitter_misc":{"\u00c9crit par":"Bladna News Staff","Dur\u00e9e de lecture estim\u00e9e":"1 minute"},"schema":{"@context":"https:\/\/schema.org","@graph":[{"@type":"Article","@id":"https:\/\/bladnanews.com\/man-utd-wonderkid-shea-lacey-scores-hat-trick-in-pl2-clash\/#article","isPartOf":{"@id":"https:\/\/bladnanews.com\/man-utd-wonderkid-shea-lacey-scores-hat-trick-in-pl2-clash\/"},"author":{"name":"Bladna News Staff","@id":"https:\/\/mediumseagreen-eel-531711.hostingersite.com\/#\/schema\/person\/268e18a453ab080ebf76df6ef7845083"},"headline":"Man Utd wonderkid Shea Lacey scores hat-trick in PL2 clash","datePublished":"2026-02-03T11:06:20+00:00","mainEntityOfPage":{"@id":"https:\/\/bladnanews.com\/man-utd-wonderkid-shea-lacey-scores-hat-trick-in-pl2-clash\/"},"wordCount":271,"publisher":{"@id":"https:\/\/mediumseagreen-eel-531711.hostingersite.com\/#organization"},"image":{"@id":"https:\/\/bladnanews.com\/man-utd-wonderkid-shea-lacey-scores-hat-trick-in-pl2-clash\/#primaryimage"},"thumbnailUrl":"https:\/\/bladnanews.com\/wp-content\/uploads\/2026\/02\/BladnaNews-Man-Utd-wonderkid-Shea-Lacey-scores-hat-trick-in-PL2-clash-2026-02-03T171522.150Z.jpg","articleSection":["International","Latest News"],"inLanguage":"fr-FR","copyrightYear":"2026","copyrightHolder":{"@id":"https:\/\/bladnanews.com\/fr\/#organization"}},{"@type":"WebPage","@id":"https:\/\/bladnanews.com\/man-utd-wonderkid-shea-lacey-scores-hat-trick-in-pl2-clash\/","url":"https:\/\/bladnanews.com\/man-utd-wonderkid-shea-lacey-scores-hat-trick-in-pl2-clash\/","name":"Le prodige de Manchester United, Shea Lacey, marque un tripl\u00e9 lors d'un affrontement en PL2 - Bladna News","isPartOf":{"@id":"https:\/\/mediumseagreen-eel-531711.hostingersite.com\/#website"},"primaryImageOfPage":{"@id":"https:\/\/bladnanews.com\/man-utd-wonderkid-shea-lacey-scores-hat-trick-in-pl2-clash\/#primaryimage"},"image":{"@id":"https:\/\/bladnanews.com\/man-utd-wonderkid-shea-lacey-scores-hat-trick-in-pl2-clash\/#primaryimage"},"thumbnailUrl":"https:\/\/bladnanews.com\/wp-content\/uploads\/2026\/02\/BladnaNews-Man-Utd-wonderkid-Shea-Lacey-scores-hat-trick-in-PL2-clash-2026-02-03T171522.150Z.jpg","datePublished":"2026-02-03T11:06:20+00:00","breadcrumb":{"@id":"https:\/\/bladnanews.com\/man-utd-wonderkid-shea-lacey-scores-hat-trick-in-pl2-clash\/#breadcrumb"},"inLanguage":"fr-FR","potentialAction":[{"@type":"ReadAction","target":["https:\/\/bladnanews.com\/man-utd-wonderkid-shea-lacey-scores-hat-trick-in-pl2-clash\/"]}]},{"@type":"ImageObject","inLanguage":"fr-FR","@id":"https:\/\/bladnanews.com\/man-utd-wonderkid-shea-lacey-scores-hat-trick-in-pl2-clash\/#primaryimage","url":"https:\/\/bladnanews.com\/wp-content\/uploads\/2026\/02\/BladnaNews-Man-Utd-wonderkid-Shea-Lacey-scores-hat-trick-in-PL2-clash-2026-02-03T171522.150Z.jpg","contentUrl":"https:\/\/bladnanews.com\/wp-content\/uploads\/2026\/02\/BladnaNews-Man-Utd-wonderkid-Shea-Lacey-scores-hat-trick-in-PL2-clash-2026-02-03T171522.150Z.jpg","width":1920,"height":1080,"caption":"Shea Lacey, wearing a white Manchester United kit, looks thoughtful during a match, showcasing determination and focus."},{"@type":"BreadcrumbList","@id":"https:\/\/bladnanews.com\/man-utd-wonderkid-shea-lacey-scores-hat-trick-in-pl2-clash\/#breadcrumb","itemListElement":[{"@type":"ListItem","position":1,"name":"Home","item":"https:\/\/bladnanews.com\/"},{"@type":"ListItem","position":2,"name":"Man Utd wonderkid Shea Lacey scores hat-trick in PL2 clash"}]},{"@type":"WebSite","@id":"https:\/\/mediumseagreen-eel-531711.hostingersite.com\/#website","url":"https:\/\/mediumseagreen-eel-531711.hostingersite.com\/","name":"Bladna News - Maroc","description":"Quand le football marocain rencontre le monde","publisher":{"@id":"https:\/\/mediumseagreen-eel-531711.hostingersite.com\/#organization"},"potentialAction":[{"@type":"SearchAction","target":{"@type":"EntryPoint","urlTemplate":"https:\/\/mediumseagreen-eel-531711.hostingersite.com\/?s={search_term_string}"},"query-input":{"@type":"PropertyValueSpecification","valueRequired":true,"valueName":"search_term_string"}}],"inLanguage":"fr-FR"},{"@type":"Organization","@id":"https:\/\/mediumseagreen-eel-531711.hostingersite.com\/#organization","name":"Bladna News.com","url":"https:\/\/mediumseagreen-eel-531711.hostingersite.com\/","logo":{"@type":"ImageObject","inLanguage":"fr-FR","@id":"https:\/\/mediumseagreen-eel-531711.hostingersite.com\/#\/schema\/logo\/image\/","url":"https:\/\/bladnanews.com\/wp-content\/uploads\/2025\/12\/logo-bladnanews-V2-web-black-red.png","contentUrl":"https:\/\/bladnanews.com\/wp-content\/uploads\/2025\/12\/logo-bladnanews-V2-web-black-red.png","width":703,"height":287,"caption":"Bladna News.com"},"image":{"@id":"https:\/\/mediumseagreen-eel-531711.hostingersite.com\/#\/schema\/logo\/image\/"},"email":"info@bladnanews.com","legalName":"Bladna News"},{"@type":"Person","@id":"https:\/\/mediumseagreen-eel-531711.hostingersite.com\/#\/schema\/person\/268e18a453ab080ebf76df6ef7845083","name":"\u00c9quipe r\u00e9dactionnelle de Bladna News","url":"https:\/\/bladnanews.com\/fr\/author\/bladna-news-staff\/"}]}},"_links":{"self":[{"href":"https:\/\/bladnanews.com\/fr\/wp-json\/wp\/v2\/posts\/8599","targetHints":{"allow":["GET"]}}],"collection":[{"href":"https:\/\/bladnanews.com\/fr\/wp-json\/wp\/v2\/posts"}],"about":[{"href":"https:\/\/bladnanews.com\/fr\/wp-json\/wp\/v2\/types\/post"}],"author":[{"embeddable":true,"href":"https:\/\/bladnanews.com\/fr\/wp-json\/wp\/v2\/users\/3"}],"replies":[{"embeddable":true,"href":"https:\/\/bladnanews.com\/fr\/wp-json\/wp\/v2\/comments?post=8599"}],"version-history":[{"count":0,"href":"https:\/\/bladnanews.com\/fr\/wp-json\/wp\/v2\/posts\/8599\/revisions"}],"wp:featuredmedia":[{"embeddable":true,"href":"https:\/\/bladnanews.com\/fr\/wp-json\/wp\/v2\/media\/8598"}],"wp:attachment":[{"href":"https:\/\/bladnanews.com\/fr\/wp-json\/wp\/v2\/media?parent=8599"}],"wp:term":[{"taxonomy":"category","embeddable":true,"href":"https:\/\/bladnanews.com\/fr\/wp-json\/wp\/v2\/categories?post=8599"},{"taxonomy":"post_tag","embeddable":true,"href":"https:\/\/bladnanews.com\/fr\/wp-json\/wp\/v2\/tags?post=8599"}],"curies":[{"name":"wp","href":"https:\/\/api.w.org\/{rel}","templated":true}]}}