{"id":8623,"date":"2026-02-03T14:42:27","date_gmt":"2026-02-03T14:42:27","guid":{"rendered":"https:\/\/bladnanews.com\/new-york-red-bulls-sign-mexico-international-jorge-ruvalcaba\/"},"modified":"2026-02-03T14:42:27","modified_gmt":"2026-02-03T14:42:27","slug":"les-red-bulls-de-new-york-signent-linternational-mexicain-jorge-ruvalcaba","status":"publish","type":"post","link":"https:\/\/bladnanews.com\/fr\/les-red-bulls-de-new-york-signent-linternational-mexicain-jorge-ruvalcaba\/","title":{"rendered":"Les Red Bulls de New York signent l'international mexicain Jorge Ruvalcaba."},"content":{"rendered":"<p>Les New York Red Bulls ont finalis\u00e9 le recrutement de l'international mexicain Jorge Ruvalcaba en provenance des Pumas UNAM.<\/p>\n<p>Le club de MLS a confirm\u00e9 l'accord, renfor\u00e7ant ainsi son effectif avec une nouvelle option offensive, Ruvalcaba arrivant de la Liga MX apr\u00e8s son passage chez les Pumas.<\/p>\n<p>Ruvalcaba a d\u00e9j\u00e0 repr\u00e9sent\u00e9 le Mexique au niveau international, et les Red Bulls chercheront d\u00e9sormais \u00e0 l'int\u00e9grer rapidement au fur et \u00e0 mesure de la saison.<\/p>\n<p>Ce transfert met fin \u00e0 son s\u00e9jour \u00e0 Mexico City et marque ses premiers pas en Major League Soccer, New York esp\u00e9rant que sa vitesse et son style direct auront un impact imm\u00e9diat.<\/p>","protected":false},"excerpt":{"rendered":"<p>New York Red Bulls have completed the signing of Mexico international Jorge Ruvalcaba from Pumas UNAM. The MLS club confirmed [&hellip;]<\/p>\n","protected":false},"author":3,"featured_media":8622,"comment_status":"","ping_status":"open","sticky":false,"template":"","format":"standard","meta":{"googlesitekit_rrm_CAow_uzEDA:productID":"","site-sidebar-layout":"default","site-content-layout":"","ast-site-content-layout":"default","site-content-style":"default","site-sidebar-style":"default","ast-global-header-display":"","ast-banner-title-visibility":"","ast-main-header-display":"","ast-hfb-above-header-display":"","ast-hfb-below-header-display":"","ast-hfb-mobile-header-display":"","site-post-title":"","ast-breadcrumbs-content":"","ast-featured-img":"","footer-sml-layout":"","ast-disable-related-posts":"","theme-transparent-header-meta":"","adv-header-id-meta":"","stick-header-meta":"","header-above-stick-meta":"","header-main-stick-meta":"","header-below-stick-meta":"","astra-migrate-meta-layouts":"default","ast-page-background-enabled":"default","ast-page-background-meta":{"desktop":{"background-color":"var(--ast-global-color-5)","background-image":"","background-repeat":"repeat","background-position":"center center","background-size":"auto","background-attachment":"scroll","background-type":"","background-media":"","overlay-type":"","overlay-color":"","overlay-opacity":"","overlay-gradient":""},"tablet":{"background-color":"","background-image":"","background-repeat":"repeat","background-position":"center center","background-size":"auto","background-attachment":"scroll","background-type":"","background-media":"","overlay-type":"","overlay-color":"","overlay-opacity":"","overlay-gradient":""},"mobile":{"background-color":"","background-image":"","background-repeat":"repeat","background-position":"center center","background-size":"auto","background-attachment":"scroll","background-type":"","background-media":"","overlay-type":"","overlay-color":"","overlay-opacity":"","overlay-gradient":""}},"ast-content-background-meta":{"desktop":{"background-color":"var(--ast-global-color-4)","background-image":"","background-repeat":"repeat","background-position":"center center","background-size":"auto","background-attachment":"scroll","background-type":"","background-media":"","overlay-type":"","overlay-color":"","overlay-opacity":"","overlay-gradient":""},"tablet":{"background-color":"var(--ast-global-color-4)","background-image":"","background-repeat":"repeat","background-position":"center center","background-size":"auto","background-attachment":"scroll","background-type":"","background-media":"","overlay-type":"","overlay-color":"","overlay-opacity":"","overlay-gradient":""},"mobile":{"background-color":"var(--ast-global-color-4)","background-image":"","background-repeat":"repeat","background-position":"center center","background-size":"auto","background-attachment":"scroll","background-type":"","background-media":"","overlay-type":"","overlay-color":"","overlay-opacity":"","overlay-gradient":""}},"footnotes":""},"categories":[20,1],"tags":[],"class_list":["post-8623","post","type-post","status-publish","format-standard","has-post-thumbnail","hentry","category-international","category-football-latest-news"],"yoast_head":"<!-- This site is optimized with the Yoast SEO Premium plugin v26.6 (Yoast SEO v27.4) - https:\/\/yoast.com\/product\/yoast-seo-premium-wordpress\/ -->\n<title>New York Red Bulls sign Mexico international Jorge Ruvalcaba - Bladna News<\/title>\n<meta name=\"robots\" content=\"index, follow, max-snippet:-1, max-image-preview:large, max-video-preview:-1\" \/>\n<link rel=\"canonical\" href=\"https:\/\/bladnanews.com\/fr\/les-red-bulls-de-new-york-signent-linternational-mexicain-jorge-ruvalcaba\/\" \/>\n<meta property=\"og:locale\" content=\"fr_FR\" \/>\n<meta property=\"og:type\" content=\"article\" \/>\n<meta property=\"og:title\" content=\"New York Red Bulls sign Mexico international Jorge Ruvalcaba\" \/>\n<meta property=\"og:description\" content=\"New York Red Bulls have completed the signing of Mexico international Jorge Ruvalcaba from Pumas UNAM. The MLS club confirmed [&hellip;]\" \/>\n<meta property=\"og:url\" content=\"https:\/\/bladnanews.com\/fr\/les-red-bulls-de-new-york-signent-linternational-mexicain-jorge-ruvalcaba\/\" \/>\n<meta property=\"og:site_name\" content=\"Bladna News\" \/>\n<meta property=\"article:published_time\" content=\"2026-02-03T14:42:27+00:00\" \/>\n<meta property=\"og:image\" content=\"https:\/\/bladnanews.com\/wp-content\/uploads\/2025\/12\/freepik__bladna-newscom-moroccan-soccer-homepage-banner-mor__41838.png\" \/>\n\t<meta property=\"og:image:width\" content=\"1312\" \/>\n\t<meta property=\"og:image:height\" content=\"736\" \/>\n\t<meta property=\"og:image:type\" content=\"image\/png\" \/>\n<meta name=\"author\" content=\"Bladna News Staff\" \/>\n<meta name=\"twitter:card\" content=\"summary_large_image\" \/>\n<meta name=\"twitter:label1\" content=\"\u00c9crit par\" \/>\n\t<meta name=\"twitter:data1\" content=\"Bladna News Staff\" \/>\n<script type=\"application\/ld+json\" class=\"yoast-schema-graph\">{\"@context\":\"https:\\\/\\\/schema.org\",\"@graph\":[{\"@type\":\"Article\",\"@id\":\"https:\\\/\\\/bladnanews.com\\\/new-york-red-bulls-sign-mexico-international-jorge-ruvalcaba\\\/#article\",\"isPartOf\":{\"@id\":\"https:\\\/\\\/bladnanews.com\\\/new-york-red-bulls-sign-mexico-international-jorge-ruvalcaba\\\/\"},\"author\":{\"name\":\"Bladna News Staff\",\"@id\":\"https:\\\/\\\/mediumseagreen-eel-531711.hostingersite.com\\\/#\\\/schema\\\/person\\\/268e18a453ab080ebf76df6ef7845083\"},\"headline\":\"New York Red Bulls sign Mexico international Jorge Ruvalcaba\",\"datePublished\":\"2026-02-03T14:42:27+00:00\",\"mainEntityOfPage\":{\"@id\":\"https:\\\/\\\/bladnanews.com\\\/new-york-red-bulls-sign-mexico-international-jorge-ruvalcaba\\\/\"},\"wordCount\":108,\"publisher\":{\"@id\":\"https:\\\/\\\/mediumseagreen-eel-531711.hostingersite.com\\\/#organization\"},\"image\":{\"@id\":\"https:\\\/\\\/bladnanews.com\\\/new-york-red-bulls-sign-mexico-international-jorge-ruvalcaba\\\/#primaryimage\"},\"thumbnailUrl\":\"https:\\\/\\\/bladnanews.com\\\/wp-content\\\/uploads\\\/2026\\\/02\\\/BladnaNews-New-York-Red-Bulls-sign-Mexico-international-Jorge-Ruvalcaba-2026-02-04T011507.141Z-scaled.jpg\",\"articleSection\":[\"International\",\"Latest News\"],\"inLanguage\":\"fr-FR\",\"copyrightYear\":\"2026\",\"copyrightHolder\":{\"@id\":\"https:\\\/\\\/bladnanews.com\\\/fr\\\/#organization\"}},{\"@type\":\"WebPage\",\"@id\":\"https:\\\/\\\/bladnanews.com\\\/new-york-red-bulls-sign-mexico-international-jorge-ruvalcaba\\\/\",\"url\":\"https:\\\/\\\/bladnanews.com\\\/new-york-red-bulls-sign-mexico-international-jorge-ruvalcaba\\\/\",\"name\":\"New York Red Bulls sign Mexico international Jorge Ruvalcaba - Bladna News\",\"isPartOf\":{\"@id\":\"https:\\\/\\\/mediumseagreen-eel-531711.hostingersite.com\\\/#website\"},\"primaryImageOfPage\":{\"@id\":\"https:\\\/\\\/bladnanews.com\\\/new-york-red-bulls-sign-mexico-international-jorge-ruvalcaba\\\/#primaryimage\"},\"image\":{\"@id\":\"https:\\\/\\\/bladnanews.com\\\/new-york-red-bulls-sign-mexico-international-jorge-ruvalcaba\\\/#primaryimage\"},\"thumbnailUrl\":\"https:\\\/\\\/bladnanews.com\\\/wp-content\\\/uploads\\\/2026\\\/02\\\/BladnaNews-New-York-Red-Bulls-sign-Mexico-international-Jorge-Ruvalcaba-2026-02-04T011507.141Z-scaled.jpg\",\"datePublished\":\"2026-02-03T14:42:27+00:00\",\"breadcrumb\":{\"@id\":\"https:\\\/\\\/bladnanews.com\\\/new-york-red-bulls-sign-mexico-international-jorge-ruvalcaba\\\/#breadcrumb\"},\"inLanguage\":\"fr-FR\",\"potentialAction\":[{\"@type\":\"ReadAction\",\"target\":[\"https:\\\/\\\/bladnanews.com\\\/new-york-red-bulls-sign-mexico-international-jorge-ruvalcaba\\\/\"]}]},{\"@type\":\"ImageObject\",\"inLanguage\":\"fr-FR\",\"@id\":\"https:\\\/\\\/bladnanews.com\\\/new-york-red-bulls-sign-mexico-international-jorge-ruvalcaba\\\/#primaryimage\",\"url\":\"https:\\\/\\\/bladnanews.com\\\/wp-content\\\/uploads\\\/2026\\\/02\\\/BladnaNews-New-York-Red-Bulls-sign-Mexico-international-Jorge-Ruvalcaba-2026-02-04T011507.141Z-scaled.jpg\",\"contentUrl\":\"https:\\\/\\\/bladnanews.com\\\/wp-content\\\/uploads\\\/2026\\\/02\\\/BladnaNews-New-York-Red-Bulls-sign-Mexico-international-Jorge-Ruvalcaba-2026-02-04T011507.141Z-scaled.jpg\",\"width\":2560,\"height\":1440,\"caption\":\"Jorge Ruvalcaba celebrates with teammates after scoring, wearing a white Pumas UNAM jersey, rain-soaked background during a match.\"},{\"@type\":\"BreadcrumbList\",\"@id\":\"https:\\\/\\\/bladnanews.com\\\/new-york-red-bulls-sign-mexico-international-jorge-ruvalcaba\\\/#breadcrumb\",\"itemListElement\":[{\"@type\":\"ListItem\",\"position\":1,\"name\":\"Home\",\"item\":\"https:\\\/\\\/bladnanews.com\\\/\"},{\"@type\":\"ListItem\",\"position\":2,\"name\":\"New York Red Bulls sign Mexico international Jorge Ruvalcaba\"}]},{\"@type\":\"WebSite\",\"@id\":\"https:\\\/\\\/mediumseagreen-eel-531711.hostingersite.com\\\/#website\",\"url\":\"https:\\\/\\\/mediumseagreen-eel-531711.hostingersite.com\\\/\",\"name\":\"Bladna News - Morocco\",\"description\":\"Where Moroccan Football Meets the World\",\"publisher\":{\"@id\":\"https:\\\/\\\/mediumseagreen-eel-531711.hostingersite.com\\\/#organization\"},\"potentialAction\":[{\"@type\":\"SearchAction\",\"target\":{\"@type\":\"EntryPoint\",\"urlTemplate\":\"https:\\\/\\\/mediumseagreen-eel-531711.hostingersite.com\\\/?s={search_term_string}\"},\"query-input\":{\"@type\":\"PropertyValueSpecification\",\"valueRequired\":true,\"valueName\":\"search_term_string\"}}],\"inLanguage\":\"fr-FR\"},{\"@type\":\"Organization\",\"@id\":\"https:\\\/\\\/mediumseagreen-eel-531711.hostingersite.com\\\/#organization\",\"name\":\"Bladna News.com\",\"url\":\"https:\\\/\\\/mediumseagreen-eel-531711.hostingersite.com\\\/\",\"logo\":{\"@type\":\"ImageObject\",\"inLanguage\":\"fr-FR\",\"@id\":\"https:\\\/\\\/mediumseagreen-eel-531711.hostingersite.com\\\/#\\\/schema\\\/logo\\\/image\\\/\",\"url\":\"https:\\\/\\\/bladnanews.com\\\/wp-content\\\/uploads\\\/2025\\\/12\\\/logo-bladnanews-V2-web-black-red.png\",\"contentUrl\":\"https:\\\/\\\/bladnanews.com\\\/wp-content\\\/uploads\\\/2025\\\/12\\\/logo-bladnanews-V2-web-black-red.png\",\"width\":703,\"height\":287,\"caption\":\"Bladna News.com\"},\"image\":{\"@id\":\"https:\\\/\\\/mediumseagreen-eel-531711.hostingersite.com\\\/#\\\/schema\\\/logo\\\/image\\\/\"},\"email\":\"info@bladnanews.com\",\"legalName\":\"Bladna News\"},{\"@type\":\"Person\",\"@id\":\"https:\\\/\\\/mediumseagreen-eel-531711.hostingersite.com\\\/#\\\/schema\\\/person\\\/268e18a453ab080ebf76df6ef7845083\",\"name\":\"Bladna News Staff\",\"url\":\"https:\\\/\\\/bladnanews.com\\\/fr\\\/author\\\/bladna-news-staff\\\/\"}]}<\/script>\n<!-- \/ Yoast SEO Premium plugin. -->","yoast_head_json":{"title":"Les Red Bulls de New York signent l'international mexicain Jorge Ruvalcaba - Bladna News","robots":{"index":"index","follow":"follow","max-snippet":"max-snippet:-1","max-image-preview":"max-image-preview:large","max-video-preview":"max-video-preview:-1"},"canonical":"https:\/\/bladnanews.com\/fr\/les-red-bulls-de-new-york-signent-linternational-mexicain-jorge-ruvalcaba\/","og_locale":"fr_FR","og_type":"article","og_title":"New York Red Bulls sign Mexico international Jorge Ruvalcaba","og_description":"New York Red Bulls have completed the signing of Mexico international Jorge Ruvalcaba from Pumas UNAM. The MLS club confirmed [&hellip;]","og_url":"https:\/\/bladnanews.com\/fr\/les-red-bulls-de-new-york-signent-linternational-mexicain-jorge-ruvalcaba\/","og_site_name":"Bladna News","article_published_time":"2026-02-03T14:42:27+00:00","og_image":[{"width":1312,"height":736,"url":"https:\/\/bladnanews.com\/wp-content\/uploads\/2025\/12\/freepik__bladna-newscom-moroccan-soccer-homepage-banner-mor__41838.png","type":"image\/png"}],"author":"Bladna News Staff","twitter_card":"summary_large_image","twitter_misc":{"\u00c9crit par":"Bladna News Staff"},"schema":{"@context":"https:\/\/schema.org","@graph":[{"@type":"Article","@id":"https:\/\/bladnanews.com\/new-york-red-bulls-sign-mexico-international-jorge-ruvalcaba\/#article","isPartOf":{"@id":"https:\/\/bladnanews.com\/new-york-red-bulls-sign-mexico-international-jorge-ruvalcaba\/"},"author":{"name":"Bladna News Staff","@id":"https:\/\/mediumseagreen-eel-531711.hostingersite.com\/#\/schema\/person\/268e18a453ab080ebf76df6ef7845083"},"headline":"New York Red Bulls sign Mexico international Jorge Ruvalcaba","datePublished":"2026-02-03T14:42:27+00:00","mainEntityOfPage":{"@id":"https:\/\/bladnanews.com\/new-york-red-bulls-sign-mexico-international-jorge-ruvalcaba\/"},"wordCount":108,"publisher":{"@id":"https:\/\/mediumseagreen-eel-531711.hostingersite.com\/#organization"},"image":{"@id":"https:\/\/bladnanews.com\/new-york-red-bulls-sign-mexico-international-jorge-ruvalcaba\/#primaryimage"},"thumbnailUrl":"https:\/\/bladnanews.com\/wp-content\/uploads\/2026\/02\/BladnaNews-New-York-Red-Bulls-sign-Mexico-international-Jorge-Ruvalcaba-2026-02-04T011507.141Z-scaled.jpg","articleSection":["International","Latest News"],"inLanguage":"fr-FR","copyrightYear":"2026","copyrightHolder":{"@id":"https:\/\/bladnanews.com\/fr\/#organization"}},{"@type":"WebPage","@id":"https:\/\/bladnanews.com\/new-york-red-bulls-sign-mexico-international-jorge-ruvalcaba\/","url":"https:\/\/bladnanews.com\/new-york-red-bulls-sign-mexico-international-jorge-ruvalcaba\/","name":"Les Red Bulls de New York signent l'international mexicain Jorge Ruvalcaba - Bladna News","isPartOf":{"@id":"https:\/\/mediumseagreen-eel-531711.hostingersite.com\/#website"},"primaryImageOfPage":{"@id":"https:\/\/bladnanews.com\/new-york-red-bulls-sign-mexico-international-jorge-ruvalcaba\/#primaryimage"},"image":{"@id":"https:\/\/bladnanews.com\/new-york-red-bulls-sign-mexico-international-jorge-ruvalcaba\/#primaryimage"},"thumbnailUrl":"https:\/\/bladnanews.com\/wp-content\/uploads\/2026\/02\/BladnaNews-New-York-Red-Bulls-sign-Mexico-international-Jorge-Ruvalcaba-2026-02-04T011507.141Z-scaled.jpg","datePublished":"2026-02-03T14:42:27+00:00","breadcrumb":{"@id":"https:\/\/bladnanews.com\/new-york-red-bulls-sign-mexico-international-jorge-ruvalcaba\/#breadcrumb"},"inLanguage":"fr-FR","potentialAction":[{"@type":"ReadAction","target":["https:\/\/bladnanews.com\/new-york-red-bulls-sign-mexico-international-jorge-ruvalcaba\/"]}]},{"@type":"ImageObject","inLanguage":"fr-FR","@id":"https:\/\/bladnanews.com\/new-york-red-bulls-sign-mexico-international-jorge-ruvalcaba\/#primaryimage","url":"https:\/\/bladnanews.com\/wp-content\/uploads\/2026\/02\/BladnaNews-New-York-Red-Bulls-sign-Mexico-international-Jorge-Ruvalcaba-2026-02-04T011507.141Z-scaled.jpg","contentUrl":"https:\/\/bladnanews.com\/wp-content\/uploads\/2026\/02\/BladnaNews-New-York-Red-Bulls-sign-Mexico-international-Jorge-Ruvalcaba-2026-02-04T011507.141Z-scaled.jpg","width":2560,"height":1440,"caption":"Jorge Ruvalcaba celebrates with teammates after scoring, wearing a white Pumas UNAM jersey, rain-soaked background during a match."},{"@type":"BreadcrumbList","@id":"https:\/\/bladnanews.com\/new-york-red-bulls-sign-mexico-international-jorge-ruvalcaba\/#breadcrumb","itemListElement":[{"@type":"ListItem","position":1,"name":"Home","item":"https:\/\/bladnanews.com\/"},{"@type":"ListItem","position":2,"name":"New York Red Bulls sign Mexico international Jorge Ruvalcaba"}]},{"@type":"WebSite","@id":"https:\/\/mediumseagreen-eel-531711.hostingersite.com\/#website","url":"https:\/\/mediumseagreen-eel-531711.hostingersite.com\/","name":"Bladna News - Maroc","description":"Quand le football marocain rencontre le monde","publisher":{"@id":"https:\/\/mediumseagreen-eel-531711.hostingersite.com\/#organization"},"potentialAction":[{"@type":"SearchAction","target":{"@type":"EntryPoint","urlTemplate":"https:\/\/mediumseagreen-eel-531711.hostingersite.com\/?s={search_term_string}"},"query-input":{"@type":"PropertyValueSpecification","valueRequired":true,"valueName":"search_term_string"}}],"inLanguage":"fr-FR"},{"@type":"Organization","@id":"https:\/\/mediumseagreen-eel-531711.hostingersite.com\/#organization","name":"Bladna News.com","url":"https:\/\/mediumseagreen-eel-531711.hostingersite.com\/","logo":{"@type":"ImageObject","inLanguage":"fr-FR","@id":"https:\/\/mediumseagreen-eel-531711.hostingersite.com\/#\/schema\/logo\/image\/","url":"https:\/\/bladnanews.com\/wp-content\/uploads\/2025\/12\/logo-bladnanews-V2-web-black-red.png","contentUrl":"https:\/\/bladnanews.com\/wp-content\/uploads\/2025\/12\/logo-bladnanews-V2-web-black-red.png","width":703,"height":287,"caption":"Bladna News.com"},"image":{"@id":"https:\/\/mediumseagreen-eel-531711.hostingersite.com\/#\/schema\/logo\/image\/"},"email":"info@bladnanews.com","legalName":"Bladna News"},{"@type":"Person","@id":"https:\/\/mediumseagreen-eel-531711.hostingersite.com\/#\/schema\/person\/268e18a453ab080ebf76df6ef7845083","name":"\u00c9quipe r\u00e9dactionnelle de Bladna News","url":"https:\/\/bladnanews.com\/fr\/author\/bladna-news-staff\/"}]}},"_links":{"self":[{"href":"https:\/\/bladnanews.com\/fr\/wp-json\/wp\/v2\/posts\/8623","targetHints":{"allow":["GET"]}}],"collection":[{"href":"https:\/\/bladnanews.com\/fr\/wp-json\/wp\/v2\/posts"}],"about":[{"href":"https:\/\/bladnanews.com\/fr\/wp-json\/wp\/v2\/types\/post"}],"author":[{"embeddable":true,"href":"https:\/\/bladnanews.com\/fr\/wp-json\/wp\/v2\/users\/3"}],"replies":[{"embeddable":true,"href":"https:\/\/bladnanews.com\/fr\/wp-json\/wp\/v2\/comments?post=8623"}],"version-history":[{"count":0,"href":"https:\/\/bladnanews.com\/fr\/wp-json\/wp\/v2\/posts\/8623\/revisions"}],"wp:featuredmedia":[{"embeddable":true,"href":"https:\/\/bladnanews.com\/fr\/wp-json\/wp\/v2\/media\/8622"}],"wp:attachment":[{"href":"https:\/\/bladnanews.com\/fr\/wp-json\/wp\/v2\/media?parent=8623"}],"wp:term":[{"taxonomy":"category","embeddable":true,"href":"https:\/\/bladnanews.com\/fr\/wp-json\/wp\/v2\/categories?post=8623"},{"taxonomy":"post_tag","embeddable":true,"href":"https:\/\/bladnanews.com\/fr\/wp-json\/wp\/v2\/tags?post=8623"}],"curies":[{"name":"wp","href":"https:\/\/api.w.org\/{rel}","templated":true}]}}