{"id":8625,"date":"2026-02-03T14:59:09","date_gmt":"2026-02-03T14:59:09","guid":{"rendered":"https:\/\/bladnanews.com\/iniesta-backs-lamine-yamal-to-become-one-of-the-greatest\/"},"modified":"2026-02-03T14:59:09","modified_gmt":"2026-02-03T14:59:09","slug":"iniesta-soutient-que-lamine-yamal-deviendra-lun-des-plus-grands","status":"publish","type":"post","link":"https:\/\/bladnanews.com\/fr\/iniesta-soutient-que-lamine-yamal-deviendra-lun-des-plus-grands\/","title":{"rendered":"Iniesta soutient que Lamine Yamal deviendra l'un des plus grands"},"content":{"rendered":"<p>Andres Iniesta a soutenu que l'adolescent du Bar\u00e7a, Lamine Yamal, deviendra \u201c l'un des plus grands \u201d, affirmant que l'ailier a d\u00e9j\u00e0 montr\u00e9 les qualit\u00e9s n\u00e9cessaires pour atteindre le sommet.<\/p>\n<p>L'ancien capitaine du Bar\u00e7a, qui a v\u00e9cu ses meilleures ann\u00e9es au Camp Nou et tout gagn\u00e9 avec son club et son pays, a d\u00e9clar\u00e9 que l'impact de Yamal \u00e0 un si jeune \u00e2ge est un signe clair de son potentiel. Iniesta a soulign\u00e9 la personnalit\u00e9 de l'attaquant avec le ballon et sa mani\u00e8re de g\u00e9rer la pression qui accompagne le fait de jouer pour le FC Barcelone.<\/p>\n<p>Iniesta s'est \u00e9galement confi\u00e9 sur son propre avenir en dehors des terrains, r\u00e9v\u00e9lant qu'il aimerait se lancer dans une carri\u00e8re d'entra\u00eeneur. Il a expliqu\u00e9 que le m\u00e9tier de manager est une option qu'il envisage s\u00e9rieusement, alors qu'il recherche le prochain d\u00e9fi apr\u00e8s sa carri\u00e8re de joueur.<\/p>\n<p>Yamal a \u00e9t\u00e9 l'une des histoires marquantes du Bar\u00e7a, s'imposant en \u00e9quipe premi\u00e8re et devenant rapidement un choix cl\u00e9 en attaque. Iniesta est convaincu que s'il poursuit sur sa lanc\u00e9e, il pourra atteindre le plus haut niveau.<\/p>\n<p>Tout en faisant l'\u00e9loge du jeune joueur, Iniesta a soulign\u00e9 l'importance de la patience et de la continuit\u00e9, notant que les prochaines \u00e9tapes du d\u00e9veloppement de Yamal seront cruciales. La l\u00e9gende du Bar\u00e7a a d\u00e9clar\u00e9 que l'ailier doit continuer \u00e0 travailler et \u00e0 apprendre, mais a clairement indiqu\u00e9 qu'il per\u00e7oit en lui les ingr\u00e9dients d'une future star.<\/p>","protected":false},"excerpt":{"rendered":"<p>Andres Iniesta has backed Barcelona teenager Lamine Yamal to become \u201cone of the greatest\u201d, insisting the winger has already shown [&hellip;]<\/p>\n","protected":false},"author":3,"featured_media":8624,"comment_status":"","ping_status":"open","sticky":false,"template":"","format":"standard","meta":{"googlesitekit_rrm_CAow_uzEDA:productID":"","site-sidebar-layout":"default","site-content-layout":"","ast-site-content-layout":"default","site-content-style":"default","site-sidebar-style":"default","ast-global-header-display":"","ast-banner-title-visibility":"","ast-main-header-display":"","ast-hfb-above-header-display":"","ast-hfb-below-header-display":"","ast-hfb-mobile-header-display":"","site-post-title":"","ast-breadcrumbs-content":"","ast-featured-img":"","footer-sml-layout":"","ast-disable-related-posts":"","theme-transparent-header-meta":"","adv-header-id-meta":"","stick-header-meta":"","header-above-stick-meta":"","header-main-stick-meta":"","header-below-stick-meta":"","astra-migrate-meta-layouts":"default","ast-page-background-enabled":"default","ast-page-background-meta":{"desktop":{"background-color":"var(--ast-global-color-5)","background-image":"","background-repeat":"repeat","background-position":"center center","background-size":"auto","background-attachment":"scroll","background-type":"","background-media":"","overlay-type":"","overlay-color":"","overlay-opacity":"","overlay-gradient":""},"tablet":{"background-color":"","background-image":"","background-repeat":"repeat","background-position":"center center","background-size":"auto","background-attachment":"scroll","background-type":"","background-media":"","overlay-type":"","overlay-color":"","overlay-opacity":"","overlay-gradient":""},"mobile":{"background-color":"","background-image":"","background-repeat":"repeat","background-position":"center center","background-size":"auto","background-attachment":"scroll","background-type":"","background-media":"","overlay-type":"","overlay-color":"","overlay-opacity":"","overlay-gradient":""}},"ast-content-background-meta":{"desktop":{"background-color":"var(--ast-global-color-4)","background-image":"","background-repeat":"repeat","background-position":"center center","background-size":"auto","background-attachment":"scroll","background-type":"","background-media":"","overlay-type":"","overlay-color":"","overlay-opacity":"","overlay-gradient":""},"tablet":{"background-color":"var(--ast-global-color-4)","background-image":"","background-repeat":"repeat","background-position":"center center","background-size":"auto","background-attachment":"scroll","background-type":"","background-media":"","overlay-type":"","overlay-color":"","overlay-opacity":"","overlay-gradient":""},"mobile":{"background-color":"var(--ast-global-color-4)","background-image":"","background-repeat":"repeat","background-position":"center center","background-size":"auto","background-attachment":"scroll","background-type":"","background-media":"","overlay-type":"","overlay-color":"","overlay-opacity":"","overlay-gradient":""}},"footnotes":""},"categories":[20,1],"tags":[],"class_list":["post-8625","post","type-post","status-publish","format-standard","has-post-thumbnail","hentry","category-international","category-football-latest-news"],"yoast_head":"<!-- This site is optimized with the Yoast SEO Premium plugin v26.6 (Yoast SEO v27.4) - https:\/\/yoast.com\/product\/yoast-seo-premium-wordpress\/ -->\n<title>Iniesta backs Lamine Yamal to become one of the greatest - Bladna News<\/title>\n<meta name=\"robots\" content=\"index, follow, max-snippet:-1, max-image-preview:large, max-video-preview:-1\" \/>\n<link rel=\"canonical\" href=\"https:\/\/bladnanews.com\/fr\/iniesta-soutient-que-lamine-yamal-deviendra-lun-des-plus-grands\/\" \/>\n<meta property=\"og:locale\" content=\"fr_FR\" \/>\n<meta property=\"og:type\" content=\"article\" \/>\n<meta property=\"og:title\" content=\"Iniesta backs Lamine Yamal to become one of the greatest\" \/>\n<meta property=\"og:description\" content=\"Andres Iniesta has backed Barcelona teenager Lamine Yamal to become \u201cone of the greatest\u201d, insisting the winger has already shown [&hellip;]\" \/>\n<meta property=\"og:url\" content=\"https:\/\/bladnanews.com\/fr\/iniesta-soutient-que-lamine-yamal-deviendra-lun-des-plus-grands\/\" \/>\n<meta property=\"og:site_name\" content=\"Bladna News\" \/>\n<meta property=\"article:published_time\" content=\"2026-02-03T14:59:09+00:00\" \/>\n<meta property=\"og:image\" content=\"https:\/\/bladnanews.com\/wp-content\/uploads\/2025\/12\/freepik__bladna-newscom-moroccan-soccer-homepage-banner-mor__41838.png\" \/>\n\t<meta property=\"og:image:width\" content=\"1312\" \/>\n\t<meta property=\"og:image:height\" content=\"736\" \/>\n\t<meta property=\"og:image:type\" content=\"image\/png\" \/>\n<meta name=\"author\" content=\"Bladna News Staff\" \/>\n<meta name=\"twitter:card\" content=\"summary_large_image\" \/>\n<meta name=\"twitter:label1\" content=\"\u00c9crit par\" \/>\n\t<meta name=\"twitter:data1\" content=\"Bladna News Staff\" \/>\n\t<meta name=\"twitter:label2\" content=\"Dur\u00e9e de lecture estim\u00e9e\" \/>\n\t<meta name=\"twitter:data2\" content=\"1 minute\" \/>\n<script type=\"application\/ld+json\" class=\"yoast-schema-graph\">{\"@context\":\"https:\\\/\\\/schema.org\",\"@graph\":[{\"@type\":\"Article\",\"@id\":\"https:\\\/\\\/bladnanews.com\\\/iniesta-backs-lamine-yamal-to-become-one-of-the-greatest\\\/#article\",\"isPartOf\":{\"@id\":\"https:\\\/\\\/bladnanews.com\\\/iniesta-backs-lamine-yamal-to-become-one-of-the-greatest\\\/\"},\"author\":{\"name\":\"Bladna News Staff\",\"@id\":\"https:\\\/\\\/mediumseagreen-eel-531711.hostingersite.com\\\/#\\\/schema\\\/person\\\/268e18a453ab080ebf76df6ef7845083\"},\"headline\":\"Iniesta backs Lamine Yamal to become one of the greatest\",\"datePublished\":\"2026-02-03T14:59:09+00:00\",\"mainEntityOfPage\":{\"@id\":\"https:\\\/\\\/bladnanews.com\\\/iniesta-backs-lamine-yamal-to-become-one-of-the-greatest\\\/\"},\"wordCount\":227,\"publisher\":{\"@id\":\"https:\\\/\\\/mediumseagreen-eel-531711.hostingersite.com\\\/#organization\"},\"image\":{\"@id\":\"https:\\\/\\\/bladnanews.com\\\/iniesta-backs-lamine-yamal-to-become-one-of-the-greatest\\\/#primaryimage\"},\"thumbnailUrl\":\"https:\\\/\\\/bladnanews.com\\\/wp-content\\\/uploads\\\/2026\\\/02\\\/BladnaNews-Iniesta-backs-Lamine-Yamal-to-become-one-of-the-greatest-2026-02-04T011532.798Z-scaled.jpg\",\"articleSection\":[\"International\",\"Latest News\"],\"inLanguage\":\"fr-FR\",\"copyrightYear\":\"2026\",\"copyrightHolder\":{\"@id\":\"https:\\\/\\\/bladnanews.com\\\/fr\\\/#organization\"}},{\"@type\":\"WebPage\",\"@id\":\"https:\\\/\\\/bladnanews.com\\\/iniesta-backs-lamine-yamal-to-become-one-of-the-greatest\\\/\",\"url\":\"https:\\\/\\\/bladnanews.com\\\/iniesta-backs-lamine-yamal-to-become-one-of-the-greatest\\\/\",\"name\":\"Iniesta backs Lamine Yamal to become one of the greatest - Bladna News\",\"isPartOf\":{\"@id\":\"https:\\\/\\\/mediumseagreen-eel-531711.hostingersite.com\\\/#website\"},\"primaryImageOfPage\":{\"@id\":\"https:\\\/\\\/bladnanews.com\\\/iniesta-backs-lamine-yamal-to-become-one-of-the-greatest\\\/#primaryimage\"},\"image\":{\"@id\":\"https:\\\/\\\/bladnanews.com\\\/iniesta-backs-lamine-yamal-to-become-one-of-the-greatest\\\/#primaryimage\"},\"thumbnailUrl\":\"https:\\\/\\\/bladnanews.com\\\/wp-content\\\/uploads\\\/2026\\\/02\\\/BladnaNews-Iniesta-backs-Lamine-Yamal-to-become-one-of-the-greatest-2026-02-04T011532.798Z-scaled.jpg\",\"datePublished\":\"2026-02-03T14:59:09+00:00\",\"breadcrumb\":{\"@id\":\"https:\\\/\\\/bladnanews.com\\\/iniesta-backs-lamine-yamal-to-become-one-of-the-greatest\\\/#breadcrumb\"},\"inLanguage\":\"fr-FR\",\"potentialAction\":[{\"@type\":\"ReadAction\",\"target\":[\"https:\\\/\\\/bladnanews.com\\\/iniesta-backs-lamine-yamal-to-become-one-of-the-greatest\\\/\"]}]},{\"@type\":\"ImageObject\",\"inLanguage\":\"fr-FR\",\"@id\":\"https:\\\/\\\/bladnanews.com\\\/iniesta-backs-lamine-yamal-to-become-one-of-the-greatest\\\/#primaryimage\",\"url\":\"https:\\\/\\\/bladnanews.com\\\/wp-content\\\/uploads\\\/2026\\\/02\\\/BladnaNews-Iniesta-backs-Lamine-Yamal-to-become-one-of-the-greatest-2026-02-04T011532.798Z-scaled.jpg\",\"contentUrl\":\"https:\\\/\\\/bladnanews.com\\\/wp-content\\\/uploads\\\/2026\\\/02\\\/BladnaNews-Iniesta-backs-Lamine-Yamal-to-become-one-of-the-greatest-2026-02-04T011532.798Z-scaled.jpg\",\"width\":2560,\"height\":1440,\"caption\":\"Lamine Yamal in FC Barcelona's iconic blue and maroon striped kit, focused and poised, ready for the match.\"},{\"@type\":\"BreadcrumbList\",\"@id\":\"https:\\\/\\\/bladnanews.com\\\/iniesta-backs-lamine-yamal-to-become-one-of-the-greatest\\\/#breadcrumb\",\"itemListElement\":[{\"@type\":\"ListItem\",\"position\":1,\"name\":\"Home\",\"item\":\"https:\\\/\\\/bladnanews.com\\\/\"},{\"@type\":\"ListItem\",\"position\":2,\"name\":\"Iniesta backs Lamine Yamal to become one of the greatest\"}]},{\"@type\":\"WebSite\",\"@id\":\"https:\\\/\\\/mediumseagreen-eel-531711.hostingersite.com\\\/#website\",\"url\":\"https:\\\/\\\/mediumseagreen-eel-531711.hostingersite.com\\\/\",\"name\":\"Bladna News - Morocco\",\"description\":\"Where Moroccan Football Meets the World\",\"publisher\":{\"@id\":\"https:\\\/\\\/mediumseagreen-eel-531711.hostingersite.com\\\/#organization\"},\"potentialAction\":[{\"@type\":\"SearchAction\",\"target\":{\"@type\":\"EntryPoint\",\"urlTemplate\":\"https:\\\/\\\/mediumseagreen-eel-531711.hostingersite.com\\\/?s={search_term_string}\"},\"query-input\":{\"@type\":\"PropertyValueSpecification\",\"valueRequired\":true,\"valueName\":\"search_term_string\"}}],\"inLanguage\":\"fr-FR\"},{\"@type\":\"Organization\",\"@id\":\"https:\\\/\\\/mediumseagreen-eel-531711.hostingersite.com\\\/#organization\",\"name\":\"Bladna News.com\",\"url\":\"https:\\\/\\\/mediumseagreen-eel-531711.hostingersite.com\\\/\",\"logo\":{\"@type\":\"ImageObject\",\"inLanguage\":\"fr-FR\",\"@id\":\"https:\\\/\\\/mediumseagreen-eel-531711.hostingersite.com\\\/#\\\/schema\\\/logo\\\/image\\\/\",\"url\":\"https:\\\/\\\/bladnanews.com\\\/wp-content\\\/uploads\\\/2025\\\/12\\\/logo-bladnanews-V2-web-black-red.png\",\"contentUrl\":\"https:\\\/\\\/bladnanews.com\\\/wp-content\\\/uploads\\\/2025\\\/12\\\/logo-bladnanews-V2-web-black-red.png\",\"width\":703,\"height\":287,\"caption\":\"Bladna News.com\"},\"image\":{\"@id\":\"https:\\\/\\\/mediumseagreen-eel-531711.hostingersite.com\\\/#\\\/schema\\\/logo\\\/image\\\/\"},\"email\":\"info@bladnanews.com\",\"legalName\":\"Bladna News\"},{\"@type\":\"Person\",\"@id\":\"https:\\\/\\\/mediumseagreen-eel-531711.hostingersite.com\\\/#\\\/schema\\\/person\\\/268e18a453ab080ebf76df6ef7845083\",\"name\":\"Bladna News Staff\",\"url\":\"https:\\\/\\\/bladnanews.com\\\/fr\\\/author\\\/bladna-news-staff\\\/\"}]}<\/script>\n<!-- \/ Yoast SEO Premium plugin. -->","yoast_head_json":{"title":"Iniesta soutient que Lamine Yamal deviendra l'un des plus grands - Bladna News","robots":{"index":"index","follow":"follow","max-snippet":"max-snippet:-1","max-image-preview":"max-image-preview:large","max-video-preview":"max-video-preview:-1"},"canonical":"https:\/\/bladnanews.com\/fr\/iniesta-soutient-que-lamine-yamal-deviendra-lun-des-plus-grands\/","og_locale":"fr_FR","og_type":"article","og_title":"Iniesta backs Lamine Yamal to become one of the greatest","og_description":"Andres Iniesta has backed Barcelona teenager Lamine Yamal to become \u201cone of the greatest\u201d, insisting the winger has already shown [&hellip;]","og_url":"https:\/\/bladnanews.com\/fr\/iniesta-soutient-que-lamine-yamal-deviendra-lun-des-plus-grands\/","og_site_name":"Bladna News","article_published_time":"2026-02-03T14:59:09+00:00","og_image":[{"width":1312,"height":736,"url":"https:\/\/bladnanews.com\/wp-content\/uploads\/2025\/12\/freepik__bladna-newscom-moroccan-soccer-homepage-banner-mor__41838.png","type":"image\/png"}],"author":"Bladna News Staff","twitter_card":"summary_large_image","twitter_misc":{"\u00c9crit par":"Bladna News Staff","Dur\u00e9e de lecture estim\u00e9e":"1 minute"},"schema":{"@context":"https:\/\/schema.org","@graph":[{"@type":"Article","@id":"https:\/\/bladnanews.com\/iniesta-backs-lamine-yamal-to-become-one-of-the-greatest\/#article","isPartOf":{"@id":"https:\/\/bladnanews.com\/iniesta-backs-lamine-yamal-to-become-one-of-the-greatest\/"},"author":{"name":"Bladna News Staff","@id":"https:\/\/mediumseagreen-eel-531711.hostingersite.com\/#\/schema\/person\/268e18a453ab080ebf76df6ef7845083"},"headline":"Iniesta backs Lamine Yamal to become one of the greatest","datePublished":"2026-02-03T14:59:09+00:00","mainEntityOfPage":{"@id":"https:\/\/bladnanews.com\/iniesta-backs-lamine-yamal-to-become-one-of-the-greatest\/"},"wordCount":227,"publisher":{"@id":"https:\/\/mediumseagreen-eel-531711.hostingersite.com\/#organization"},"image":{"@id":"https:\/\/bladnanews.com\/iniesta-backs-lamine-yamal-to-become-one-of-the-greatest\/#primaryimage"},"thumbnailUrl":"https:\/\/bladnanews.com\/wp-content\/uploads\/2026\/02\/BladnaNews-Iniesta-backs-Lamine-Yamal-to-become-one-of-the-greatest-2026-02-04T011532.798Z-scaled.jpg","articleSection":["International","Latest News"],"inLanguage":"fr-FR","copyrightYear":"2026","copyrightHolder":{"@id":"https:\/\/bladnanews.com\/fr\/#organization"}},{"@type":"WebPage","@id":"https:\/\/bladnanews.com\/iniesta-backs-lamine-yamal-to-become-one-of-the-greatest\/","url":"https:\/\/bladnanews.com\/iniesta-backs-lamine-yamal-to-become-one-of-the-greatest\/","name":"Iniesta soutient que Lamine Yamal deviendra l'un des plus grands - Bladna News","isPartOf":{"@id":"https:\/\/mediumseagreen-eel-531711.hostingersite.com\/#website"},"primaryImageOfPage":{"@id":"https:\/\/bladnanews.com\/iniesta-backs-lamine-yamal-to-become-one-of-the-greatest\/#primaryimage"},"image":{"@id":"https:\/\/bladnanews.com\/iniesta-backs-lamine-yamal-to-become-one-of-the-greatest\/#primaryimage"},"thumbnailUrl":"https:\/\/bladnanews.com\/wp-content\/uploads\/2026\/02\/BladnaNews-Iniesta-backs-Lamine-Yamal-to-become-one-of-the-greatest-2026-02-04T011532.798Z-scaled.jpg","datePublished":"2026-02-03T14:59:09+00:00","breadcrumb":{"@id":"https:\/\/bladnanews.com\/iniesta-backs-lamine-yamal-to-become-one-of-the-greatest\/#breadcrumb"},"inLanguage":"fr-FR","potentialAction":[{"@type":"ReadAction","target":["https:\/\/bladnanews.com\/iniesta-backs-lamine-yamal-to-become-one-of-the-greatest\/"]}]},{"@type":"ImageObject","inLanguage":"fr-FR","@id":"https:\/\/bladnanews.com\/iniesta-backs-lamine-yamal-to-become-one-of-the-greatest\/#primaryimage","url":"https:\/\/bladnanews.com\/wp-content\/uploads\/2026\/02\/BladnaNews-Iniesta-backs-Lamine-Yamal-to-become-one-of-the-greatest-2026-02-04T011532.798Z-scaled.jpg","contentUrl":"https:\/\/bladnanews.com\/wp-content\/uploads\/2026\/02\/BladnaNews-Iniesta-backs-Lamine-Yamal-to-become-one-of-the-greatest-2026-02-04T011532.798Z-scaled.jpg","width":2560,"height":1440,"caption":"Lamine Yamal in FC Barcelona's iconic blue and maroon striped kit, focused and poised, ready for the match."},{"@type":"BreadcrumbList","@id":"https:\/\/bladnanews.com\/iniesta-backs-lamine-yamal-to-become-one-of-the-greatest\/#breadcrumb","itemListElement":[{"@type":"ListItem","position":1,"name":"Home","item":"https:\/\/bladnanews.com\/"},{"@type":"ListItem","position":2,"name":"Iniesta backs Lamine Yamal to become one of the greatest"}]},{"@type":"WebSite","@id":"https:\/\/mediumseagreen-eel-531711.hostingersite.com\/#website","url":"https:\/\/mediumseagreen-eel-531711.hostingersite.com\/","name":"Bladna News - Maroc","description":"Quand le football marocain rencontre le monde","publisher":{"@id":"https:\/\/mediumseagreen-eel-531711.hostingersite.com\/#organization"},"potentialAction":[{"@type":"SearchAction","target":{"@type":"EntryPoint","urlTemplate":"https:\/\/mediumseagreen-eel-531711.hostingersite.com\/?s={search_term_string}"},"query-input":{"@type":"PropertyValueSpecification","valueRequired":true,"valueName":"search_term_string"}}],"inLanguage":"fr-FR"},{"@type":"Organization","@id":"https:\/\/mediumseagreen-eel-531711.hostingersite.com\/#organization","name":"Bladna News.com","url":"https:\/\/mediumseagreen-eel-531711.hostingersite.com\/","logo":{"@type":"ImageObject","inLanguage":"fr-FR","@id":"https:\/\/mediumseagreen-eel-531711.hostingersite.com\/#\/schema\/logo\/image\/","url":"https:\/\/bladnanews.com\/wp-content\/uploads\/2025\/12\/logo-bladnanews-V2-web-black-red.png","contentUrl":"https:\/\/bladnanews.com\/wp-content\/uploads\/2025\/12\/logo-bladnanews-V2-web-black-red.png","width":703,"height":287,"caption":"Bladna News.com"},"image":{"@id":"https:\/\/mediumseagreen-eel-531711.hostingersite.com\/#\/schema\/logo\/image\/"},"email":"info@bladnanews.com","legalName":"Bladna News"},{"@type":"Person","@id":"https:\/\/mediumseagreen-eel-531711.hostingersite.com\/#\/schema\/person\/268e18a453ab080ebf76df6ef7845083","name":"\u00c9quipe r\u00e9dactionnelle de Bladna News","url":"https:\/\/bladnanews.com\/fr\/author\/bladna-news-staff\/"}]}},"_links":{"self":[{"href":"https:\/\/bladnanews.com\/fr\/wp-json\/wp\/v2\/posts\/8625","targetHints":{"allow":["GET"]}}],"collection":[{"href":"https:\/\/bladnanews.com\/fr\/wp-json\/wp\/v2\/posts"}],"about":[{"href":"https:\/\/bladnanews.com\/fr\/wp-json\/wp\/v2\/types\/post"}],"author":[{"embeddable":true,"href":"https:\/\/bladnanews.com\/fr\/wp-json\/wp\/v2\/users\/3"}],"replies":[{"embeddable":true,"href":"https:\/\/bladnanews.com\/fr\/wp-json\/wp\/v2\/comments?post=8625"}],"version-history":[{"count":0,"href":"https:\/\/bladnanews.com\/fr\/wp-json\/wp\/v2\/posts\/8625\/revisions"}],"wp:featuredmedia":[{"embeddable":true,"href":"https:\/\/bladnanews.com\/fr\/wp-json\/wp\/v2\/media\/8624"}],"wp:attachment":[{"href":"https:\/\/bladnanews.com\/fr\/wp-json\/wp\/v2\/media?parent=8625"}],"wp:term":[{"taxonomy":"category","embeddable":true,"href":"https:\/\/bladnanews.com\/fr\/wp-json\/wp\/v2\/categories?post=8625"},{"taxonomy":"post_tag","embeddable":true,"href":"https:\/\/bladnanews.com\/fr\/wp-json\/wp\/v2\/tags?post=8625"}],"curies":[{"name":"wp","href":"https:\/\/api.w.org\/{rel}","templated":true}]}}