{"id":8633,"date":"2026-02-03T15:25:44","date_gmt":"2026-02-03T15:25:44","guid":{"rendered":"https:\/\/bladnanews.com\/pep-guardiola-reacts-sarcastically-to-man-city-transfer-spend\/"},"modified":"2026-02-03T15:25:44","modified_gmt":"2026-02-03T15:25:44","slug":"pep-guardiola-reagit-avec-sarcasme-aux-depenses-de-transfert-de-manchester-city","status":"publish","type":"post","link":"https:\/\/bladnanews.com\/fr\/pep-guardiola-reagit-avec-sarcasme-aux-depenses-de-transfert-de-manchester-city\/","title":{"rendered":"Pep Guardiola r\u00e9agit avec sarcasme aux d\u00e9penses de transfert de Manchester City"},"content":{"rendered":"<p>Pep Guardiola a r\u00e9pondu avec sarcasme lorsqu'on l'a interrog\u00e9 sur les activit\u00e9s de transfert de Manchester City apr\u00e8s que le club ait d\u00e9pens\u00e9 84 millions de livres sterling lors du mercato de janvier.<\/p>\n<p>City s'est rapidement renforc\u00e9 sur le march\u00e9, mais Guardiola a tenu \u00e0 pr\u00e9ciser qu'il n'avait aucun int\u00e9r\u00eat \u00e0 vendre l'id\u00e9e que le club avait soudainement chang\u00e9 de strat\u00e9gie. Le manager a r\u00e9agi sur un ton direct et tranchant, usant d'ironie face aux questions concernant ces d\u00e9penses.<\/p>\n<p>Les commentaires de Guardiola sont intervenus alors que l'attention se concentrait sur l'activit\u00e9 de City, le champion de Premier League ayant choisi d'investir en cours de saison. Le patron de City a toutefois insist\u00e9 sur le fait qu'il ne fallait pas chercher de message cach\u00e9 derri\u00e8re ces d\u00e9penses, exprimant son agacement quant \u00e0 la mani\u00e8re dont le sujet \u00e9tait pr\u00e9sent\u00e9.<\/p>\n<p>Dans sa r\u00e9ponse cinglante, Guardiola s'est appuy\u00e9 sur le r\u00e9cit entourant les finances de City, utilisant le sarcasme pour souligner son sentiment que le d\u00e9bat est souvent mal abord\u00e9. Plut\u00f4t que de fournir une longue explication, il a choisi de clore la conversation par une remarque qui clarifiait sa position.<\/p>\n<p>Les 84 millions de livres sterling d\u00e9pens\u00e9s par City en janvier ont ajout\u00e9 un nouveau sujet de discussion \u00e0 leur campagne, mais la r\u00e9action de Guardiola a sugg\u00e9r\u00e9 qu'il \u00e9tait concentr\u00e9 sur les performances sur le terrain, et non sur le bruit autour des montants des transferts.<\/p>","protected":false},"excerpt":{"rendered":"<p>Pep Guardiola delivered a sarcastic response when asked about Manchester City\u2019s transfer business after the club spent \u00a384 million in [&hellip;]<\/p>\n","protected":false},"author":3,"featured_media":8632,"comment_status":"","ping_status":"open","sticky":false,"template":"","format":"standard","meta":{"googlesitekit_rrm_CAow_uzEDA:productID":"","site-sidebar-layout":"default","site-content-layout":"","ast-site-content-layout":"default","site-content-style":"default","site-sidebar-style":"default","ast-global-header-display":"","ast-banner-title-visibility":"","ast-main-header-display":"","ast-hfb-above-header-display":"","ast-hfb-below-header-display":"","ast-hfb-mobile-header-display":"","site-post-title":"","ast-breadcrumbs-content":"","ast-featured-img":"","footer-sml-layout":"","ast-disable-related-posts":"","theme-transparent-header-meta":"","adv-header-id-meta":"","stick-header-meta":"","header-above-stick-meta":"","header-main-stick-meta":"","header-below-stick-meta":"","astra-migrate-meta-layouts":"default","ast-page-background-enabled":"default","ast-page-background-meta":{"desktop":{"background-color":"var(--ast-global-color-5)","background-image":"","background-repeat":"repeat","background-position":"center center","background-size":"auto","background-attachment":"scroll","background-type":"","background-media":"","overlay-type":"","overlay-color":"","overlay-opacity":"","overlay-gradient":""},"tablet":{"background-color":"","background-image":"","background-repeat":"repeat","background-position":"center center","background-size":"auto","background-attachment":"scroll","background-type":"","background-media":"","overlay-type":"","overlay-color":"","overlay-opacity":"","overlay-gradient":""},"mobile":{"background-color":"","background-image":"","background-repeat":"repeat","background-position":"center center","background-size":"auto","background-attachment":"scroll","background-type":"","background-media":"","overlay-type":"","overlay-color":"","overlay-opacity":"","overlay-gradient":""}},"ast-content-background-meta":{"desktop":{"background-color":"var(--ast-global-color-4)","background-image":"","background-repeat":"repeat","background-position":"center center","background-size":"auto","background-attachment":"scroll","background-type":"","background-media":"","overlay-type":"","overlay-color":"","overlay-opacity":"","overlay-gradient":""},"tablet":{"background-color":"var(--ast-global-color-4)","background-image":"","background-repeat":"repeat","background-position":"center center","background-size":"auto","background-attachment":"scroll","background-type":"","background-media":"","overlay-type":"","overlay-color":"","overlay-opacity":"","overlay-gradient":""},"mobile":{"background-color":"var(--ast-global-color-4)","background-image":"","background-repeat":"repeat","background-position":"center center","background-size":"auto","background-attachment":"scroll","background-type":"","background-media":"","overlay-type":"","overlay-color":"","overlay-opacity":"","overlay-gradient":""}},"footnotes":""},"categories":[20,1],"tags":[],"class_list":["post-8633","post","type-post","status-publish","format-standard","has-post-thumbnail","hentry","category-international","category-football-latest-news"],"yoast_head":"<!-- This site is optimized with the Yoast SEO Premium plugin v26.6 (Yoast SEO v27.4) - https:\/\/yoast.com\/product\/yoast-seo-premium-wordpress\/ -->\n<title>Pep Guardiola reacts sarcastically to Man City transfer spend - Bladna News<\/title>\n<meta name=\"robots\" content=\"index, follow, max-snippet:-1, max-image-preview:large, max-video-preview:-1\" \/>\n<link rel=\"canonical\" href=\"https:\/\/bladnanews.com\/fr\/pep-guardiola-reagit-avec-sarcasme-aux-depenses-de-transfert-de-manchester-city\/\" \/>\n<meta property=\"og:locale\" content=\"fr_FR\" \/>\n<meta property=\"og:type\" content=\"article\" \/>\n<meta property=\"og:title\" content=\"Pep Guardiola reacts sarcastically to Man City transfer spend\" \/>\n<meta property=\"og:description\" content=\"Pep Guardiola delivered a sarcastic response when asked about Manchester City\u2019s transfer business after the club spent \u00a384 million in [&hellip;]\" \/>\n<meta property=\"og:url\" content=\"https:\/\/bladnanews.com\/fr\/pep-guardiola-reagit-avec-sarcasme-aux-depenses-de-transfert-de-manchester-city\/\" \/>\n<meta property=\"og:site_name\" content=\"Bladna News\" \/>\n<meta property=\"article:published_time\" content=\"2026-02-03T15:25:44+00:00\" \/>\n<meta property=\"og:image\" content=\"https:\/\/bladnanews.com\/wp-content\/uploads\/2025\/12\/freepik__bladna-newscom-moroccan-soccer-homepage-banner-mor__41838.png\" \/>\n\t<meta property=\"og:image:width\" content=\"1312\" \/>\n\t<meta property=\"og:image:height\" content=\"736\" \/>\n\t<meta property=\"og:image:type\" content=\"image\/png\" \/>\n<meta name=\"author\" content=\"Bladna News Staff\" \/>\n<meta name=\"twitter:card\" content=\"summary_large_image\" \/>\n<meta name=\"twitter:label1\" content=\"\u00c9crit par\" \/>\n\t<meta name=\"twitter:data1\" content=\"Bladna News Staff\" \/>\n\t<meta name=\"twitter:label2\" content=\"Dur\u00e9e de lecture estim\u00e9e\" \/>\n\t<meta name=\"twitter:data2\" content=\"1 minute\" \/>\n<script type=\"application\/ld+json\" class=\"yoast-schema-graph\">{\"@context\":\"https:\\\/\\\/schema.org\",\"@graph\":[{\"@type\":\"Article\",\"@id\":\"https:\\\/\\\/bladnanews.com\\\/pep-guardiola-reacts-sarcastically-to-man-city-transfer-spend\\\/#article\",\"isPartOf\":{\"@id\":\"https:\\\/\\\/bladnanews.com\\\/pep-guardiola-reacts-sarcastically-to-man-city-transfer-spend\\\/\"},\"author\":{\"name\":\"Bladna News Staff\",\"@id\":\"https:\\\/\\\/mediumseagreen-eel-531711.hostingersite.com\\\/#\\\/schema\\\/person\\\/268e18a453ab080ebf76df6ef7845083\"},\"headline\":\"Pep Guardiola reacts sarcastically to Man City transfer spend\",\"datePublished\":\"2026-02-03T15:25:44+00:00\",\"mainEntityOfPage\":{\"@id\":\"https:\\\/\\\/bladnanews.com\\\/pep-guardiola-reacts-sarcastically-to-man-city-transfer-spend\\\/\"},\"wordCount\":210,\"publisher\":{\"@id\":\"https:\\\/\\\/mediumseagreen-eel-531711.hostingersite.com\\\/#organization\"},\"image\":{\"@id\":\"https:\\\/\\\/bladnanews.com\\\/pep-guardiola-reacts-sarcastically-to-man-city-transfer-spend\\\/#primaryimage\"},\"thumbnailUrl\":\"https:\\\/\\\/bladnanews.com\\\/wp-content\\\/uploads\\\/2026\\\/02\\\/BladnaNews-Pep-Guardiola-reacts-sarcastically-to-Man-City-transfer-spend-2026-02-04T051448.003Z-scaled.jpg\",\"articleSection\":[\"International\",\"Latest News\"],\"inLanguage\":\"fr-FR\",\"copyrightYear\":\"2026\",\"copyrightHolder\":{\"@id\":\"https:\\\/\\\/bladnanews.com\\\/fr\\\/#organization\"}},{\"@type\":\"WebPage\",\"@id\":\"https:\\\/\\\/bladnanews.com\\\/pep-guardiola-reacts-sarcastically-to-man-city-transfer-spend\\\/\",\"url\":\"https:\\\/\\\/bladnanews.com\\\/pep-guardiola-reacts-sarcastically-to-man-city-transfer-spend\\\/\",\"name\":\"Pep Guardiola reacts sarcastically to Man City transfer spend - Bladna News\",\"isPartOf\":{\"@id\":\"https:\\\/\\\/mediumseagreen-eel-531711.hostingersite.com\\\/#website\"},\"primaryImageOfPage\":{\"@id\":\"https:\\\/\\\/bladnanews.com\\\/pep-guardiola-reacts-sarcastically-to-man-city-transfer-spend\\\/#primaryimage\"},\"image\":{\"@id\":\"https:\\\/\\\/bladnanews.com\\\/pep-guardiola-reacts-sarcastically-to-man-city-transfer-spend\\\/#primaryimage\"},\"thumbnailUrl\":\"https:\\\/\\\/bladnanews.com\\\/wp-content\\\/uploads\\\/2026\\\/02\\\/BladnaNews-Pep-Guardiola-reacts-sarcastically-to-Man-City-transfer-spend-2026-02-04T051448.003Z-scaled.jpg\",\"datePublished\":\"2026-02-03T15:25:44+00:00\",\"breadcrumb\":{\"@id\":\"https:\\\/\\\/bladnanews.com\\\/pep-guardiola-reacts-sarcastically-to-man-city-transfer-spend\\\/#breadcrumb\"},\"inLanguage\":\"fr-FR\",\"potentialAction\":[{\"@type\":\"ReadAction\",\"target\":[\"https:\\\/\\\/bladnanews.com\\\/pep-guardiola-reacts-sarcastically-to-man-city-transfer-spend\\\/\"]}]},{\"@type\":\"ImageObject\",\"inLanguage\":\"fr-FR\",\"@id\":\"https:\\\/\\\/bladnanews.com\\\/pep-guardiola-reacts-sarcastically-to-man-city-transfer-spend\\\/#primaryimage\",\"url\":\"https:\\\/\\\/bladnanews.com\\\/wp-content\\\/uploads\\\/2026\\\/02\\\/BladnaNews-Pep-Guardiola-reacts-sarcastically-to-Man-City-transfer-spend-2026-02-04T051448.003Z-scaled.jpg\",\"contentUrl\":\"https:\\\/\\\/bladnanews.com\\\/wp-content\\\/uploads\\\/2026\\\/02\\\/BladnaNews-Pep-Guardiola-reacts-sarcastically-to-Man-City-transfer-spend-2026-02-04T051448.003Z-scaled.jpg\",\"width\":2560,\"height\":1440,\"caption\":\"Pep Guardiola covering his face with one hand, displaying a sarcastic expression during a press conference about Manchester City's transfer spending.\"},{\"@type\":\"BreadcrumbList\",\"@id\":\"https:\\\/\\\/bladnanews.com\\\/pep-guardiola-reacts-sarcastically-to-man-city-transfer-spend\\\/#breadcrumb\",\"itemListElement\":[{\"@type\":\"ListItem\",\"position\":1,\"name\":\"Home\",\"item\":\"https:\\\/\\\/bladnanews.com\\\/\"},{\"@type\":\"ListItem\",\"position\":2,\"name\":\"Pep Guardiola reacts sarcastically to Man City transfer spend\"}]},{\"@type\":\"WebSite\",\"@id\":\"https:\\\/\\\/mediumseagreen-eel-531711.hostingersite.com\\\/#website\",\"url\":\"https:\\\/\\\/mediumseagreen-eel-531711.hostingersite.com\\\/\",\"name\":\"Bladna News - Morocco\",\"description\":\"Where Moroccan Football Meets the World\",\"publisher\":{\"@id\":\"https:\\\/\\\/mediumseagreen-eel-531711.hostingersite.com\\\/#organization\"},\"potentialAction\":[{\"@type\":\"SearchAction\",\"target\":{\"@type\":\"EntryPoint\",\"urlTemplate\":\"https:\\\/\\\/mediumseagreen-eel-531711.hostingersite.com\\\/?s={search_term_string}\"},\"query-input\":{\"@type\":\"PropertyValueSpecification\",\"valueRequired\":true,\"valueName\":\"search_term_string\"}}],\"inLanguage\":\"fr-FR\"},{\"@type\":\"Organization\",\"@id\":\"https:\\\/\\\/mediumseagreen-eel-531711.hostingersite.com\\\/#organization\",\"name\":\"Bladna News.com\",\"url\":\"https:\\\/\\\/mediumseagreen-eel-531711.hostingersite.com\\\/\",\"logo\":{\"@type\":\"ImageObject\",\"inLanguage\":\"fr-FR\",\"@id\":\"https:\\\/\\\/mediumseagreen-eel-531711.hostingersite.com\\\/#\\\/schema\\\/logo\\\/image\\\/\",\"url\":\"https:\\\/\\\/bladnanews.com\\\/wp-content\\\/uploads\\\/2025\\\/12\\\/logo-bladnanews-V2-web-black-red.png\",\"contentUrl\":\"https:\\\/\\\/bladnanews.com\\\/wp-content\\\/uploads\\\/2025\\\/12\\\/logo-bladnanews-V2-web-black-red.png\",\"width\":703,\"height\":287,\"caption\":\"Bladna News.com\"},\"image\":{\"@id\":\"https:\\\/\\\/mediumseagreen-eel-531711.hostingersite.com\\\/#\\\/schema\\\/logo\\\/image\\\/\"},\"email\":\"info@bladnanews.com\",\"legalName\":\"Bladna News\"},{\"@type\":\"Person\",\"@id\":\"https:\\\/\\\/mediumseagreen-eel-531711.hostingersite.com\\\/#\\\/schema\\\/person\\\/268e18a453ab080ebf76df6ef7845083\",\"name\":\"Bladna News Staff\",\"url\":\"https:\\\/\\\/bladnanews.com\\\/fr\\\/author\\\/bladna-news-staff\\\/\"}]}<\/script>\n<!-- \/ Yoast SEO Premium plugin. -->","yoast_head_json":{"title":"Pep Guardiola r\u00e9agit avec sarcasme aux d\u00e9penses de transfert de Manchester City - Bladna News","robots":{"index":"index","follow":"follow","max-snippet":"max-snippet:-1","max-image-preview":"max-image-preview:large","max-video-preview":"max-video-preview:-1"},"canonical":"https:\/\/bladnanews.com\/fr\/pep-guardiola-reagit-avec-sarcasme-aux-depenses-de-transfert-de-manchester-city\/","og_locale":"fr_FR","og_type":"article","og_title":"Pep Guardiola reacts sarcastically to Man City transfer spend","og_description":"Pep Guardiola delivered a sarcastic response when asked about Manchester City\u2019s transfer business after the club spent \u00a384 million in [&hellip;]","og_url":"https:\/\/bladnanews.com\/fr\/pep-guardiola-reagit-avec-sarcasme-aux-depenses-de-transfert-de-manchester-city\/","og_site_name":"Bladna News","article_published_time":"2026-02-03T15:25:44+00:00","og_image":[{"width":1312,"height":736,"url":"https:\/\/bladnanews.com\/wp-content\/uploads\/2025\/12\/freepik__bladna-newscom-moroccan-soccer-homepage-banner-mor__41838.png","type":"image\/png"}],"author":"Bladna News Staff","twitter_card":"summary_large_image","twitter_misc":{"\u00c9crit par":"Bladna News Staff","Dur\u00e9e de lecture estim\u00e9e":"1 minute"},"schema":{"@context":"https:\/\/schema.org","@graph":[{"@type":"Article","@id":"https:\/\/bladnanews.com\/pep-guardiola-reacts-sarcastically-to-man-city-transfer-spend\/#article","isPartOf":{"@id":"https:\/\/bladnanews.com\/pep-guardiola-reacts-sarcastically-to-man-city-transfer-spend\/"},"author":{"name":"Bladna News Staff","@id":"https:\/\/mediumseagreen-eel-531711.hostingersite.com\/#\/schema\/person\/268e18a453ab080ebf76df6ef7845083"},"headline":"Pep Guardiola reacts sarcastically to Man City transfer spend","datePublished":"2026-02-03T15:25:44+00:00","mainEntityOfPage":{"@id":"https:\/\/bladnanews.com\/pep-guardiola-reacts-sarcastically-to-man-city-transfer-spend\/"},"wordCount":210,"publisher":{"@id":"https:\/\/mediumseagreen-eel-531711.hostingersite.com\/#organization"},"image":{"@id":"https:\/\/bladnanews.com\/pep-guardiola-reacts-sarcastically-to-man-city-transfer-spend\/#primaryimage"},"thumbnailUrl":"https:\/\/bladnanews.com\/wp-content\/uploads\/2026\/02\/BladnaNews-Pep-Guardiola-reacts-sarcastically-to-Man-City-transfer-spend-2026-02-04T051448.003Z-scaled.jpg","articleSection":["International","Latest News"],"inLanguage":"fr-FR","copyrightYear":"2026","copyrightHolder":{"@id":"https:\/\/bladnanews.com\/fr\/#organization"}},{"@type":"WebPage","@id":"https:\/\/bladnanews.com\/pep-guardiola-reacts-sarcastically-to-man-city-transfer-spend\/","url":"https:\/\/bladnanews.com\/pep-guardiola-reacts-sarcastically-to-man-city-transfer-spend\/","name":"Pep Guardiola r\u00e9agit avec sarcasme aux d\u00e9penses de transfert de Manchester City - Bladna News","isPartOf":{"@id":"https:\/\/mediumseagreen-eel-531711.hostingersite.com\/#website"},"primaryImageOfPage":{"@id":"https:\/\/bladnanews.com\/pep-guardiola-reacts-sarcastically-to-man-city-transfer-spend\/#primaryimage"},"image":{"@id":"https:\/\/bladnanews.com\/pep-guardiola-reacts-sarcastically-to-man-city-transfer-spend\/#primaryimage"},"thumbnailUrl":"https:\/\/bladnanews.com\/wp-content\/uploads\/2026\/02\/BladnaNews-Pep-Guardiola-reacts-sarcastically-to-Man-City-transfer-spend-2026-02-04T051448.003Z-scaled.jpg","datePublished":"2026-02-03T15:25:44+00:00","breadcrumb":{"@id":"https:\/\/bladnanews.com\/pep-guardiola-reacts-sarcastically-to-man-city-transfer-spend\/#breadcrumb"},"inLanguage":"fr-FR","potentialAction":[{"@type":"ReadAction","target":["https:\/\/bladnanews.com\/pep-guardiola-reacts-sarcastically-to-man-city-transfer-spend\/"]}]},{"@type":"ImageObject","inLanguage":"fr-FR","@id":"https:\/\/bladnanews.com\/pep-guardiola-reacts-sarcastically-to-man-city-transfer-spend\/#primaryimage","url":"https:\/\/bladnanews.com\/wp-content\/uploads\/2026\/02\/BladnaNews-Pep-Guardiola-reacts-sarcastically-to-Man-City-transfer-spend-2026-02-04T051448.003Z-scaled.jpg","contentUrl":"https:\/\/bladnanews.com\/wp-content\/uploads\/2026\/02\/BladnaNews-Pep-Guardiola-reacts-sarcastically-to-Man-City-transfer-spend-2026-02-04T051448.003Z-scaled.jpg","width":2560,"height":1440,"caption":"Pep Guardiola covering his face with one hand, displaying a sarcastic expression during a press conference about Manchester City's transfer spending."},{"@type":"BreadcrumbList","@id":"https:\/\/bladnanews.com\/pep-guardiola-reacts-sarcastically-to-man-city-transfer-spend\/#breadcrumb","itemListElement":[{"@type":"ListItem","position":1,"name":"Home","item":"https:\/\/bladnanews.com\/"},{"@type":"ListItem","position":2,"name":"Pep Guardiola reacts sarcastically to Man City transfer spend"}]},{"@type":"WebSite","@id":"https:\/\/mediumseagreen-eel-531711.hostingersite.com\/#website","url":"https:\/\/mediumseagreen-eel-531711.hostingersite.com\/","name":"Bladna News - Maroc","description":"Quand le football marocain rencontre le monde","publisher":{"@id":"https:\/\/mediumseagreen-eel-531711.hostingersite.com\/#organization"},"potentialAction":[{"@type":"SearchAction","target":{"@type":"EntryPoint","urlTemplate":"https:\/\/mediumseagreen-eel-531711.hostingersite.com\/?s={search_term_string}"},"query-input":{"@type":"PropertyValueSpecification","valueRequired":true,"valueName":"search_term_string"}}],"inLanguage":"fr-FR"},{"@type":"Organization","@id":"https:\/\/mediumseagreen-eel-531711.hostingersite.com\/#organization","name":"Bladna News.com","url":"https:\/\/mediumseagreen-eel-531711.hostingersite.com\/","logo":{"@type":"ImageObject","inLanguage":"fr-FR","@id":"https:\/\/mediumseagreen-eel-531711.hostingersite.com\/#\/schema\/logo\/image\/","url":"https:\/\/bladnanews.com\/wp-content\/uploads\/2025\/12\/logo-bladnanews-V2-web-black-red.png","contentUrl":"https:\/\/bladnanews.com\/wp-content\/uploads\/2025\/12\/logo-bladnanews-V2-web-black-red.png","width":703,"height":287,"caption":"Bladna News.com"},"image":{"@id":"https:\/\/mediumseagreen-eel-531711.hostingersite.com\/#\/schema\/logo\/image\/"},"email":"info@bladnanews.com","legalName":"Bladna News"},{"@type":"Person","@id":"https:\/\/mediumseagreen-eel-531711.hostingersite.com\/#\/schema\/person\/268e18a453ab080ebf76df6ef7845083","name":"\u00c9quipe r\u00e9dactionnelle de Bladna News","url":"https:\/\/bladnanews.com\/fr\/author\/bladna-news-staff\/"}]}},"_links":{"self":[{"href":"https:\/\/bladnanews.com\/fr\/wp-json\/wp\/v2\/posts\/8633","targetHints":{"allow":["GET"]}}],"collection":[{"href":"https:\/\/bladnanews.com\/fr\/wp-json\/wp\/v2\/posts"}],"about":[{"href":"https:\/\/bladnanews.com\/fr\/wp-json\/wp\/v2\/types\/post"}],"author":[{"embeddable":true,"href":"https:\/\/bladnanews.com\/fr\/wp-json\/wp\/v2\/users\/3"}],"replies":[{"embeddable":true,"href":"https:\/\/bladnanews.com\/fr\/wp-json\/wp\/v2\/comments?post=8633"}],"version-history":[{"count":0,"href":"https:\/\/bladnanews.com\/fr\/wp-json\/wp\/v2\/posts\/8633\/revisions"}],"wp:featuredmedia":[{"embeddable":true,"href":"https:\/\/bladnanews.com\/fr\/wp-json\/wp\/v2\/media\/8632"}],"wp:attachment":[{"href":"https:\/\/bladnanews.com\/fr\/wp-json\/wp\/v2\/media?parent=8633"}],"wp:term":[{"taxonomy":"category","embeddable":true,"href":"https:\/\/bladnanews.com\/fr\/wp-json\/wp\/v2\/categories?post=8633"},{"taxonomy":"post_tag","embeddable":true,"href":"https:\/\/bladnanews.com\/fr\/wp-json\/wp\/v2\/tags?post=8633"}],"curies":[{"name":"wp","href":"https:\/\/api.w.org\/{rel}","templated":true}]}}