{"id":876,"date":"2025-12-30T19:54:00","date_gmt":"2025-12-30T19:54:00","guid":{"rendered":"https:\/\/bladnanews.com\/spanish-media-praises-moroccos-ibrahim-diaz-after-group-stage-impact\/"},"modified":"2025-12-30T19:54:00","modified_gmt":"2025-12-30T19:54:00","slug":"les-medias-espagnols-font-leloge-dibrahim-diaz-du-maroc-apres-son-impact-en-phase-de-groupes","status":"publish","type":"post","link":"https:\/\/bladnanews.com\/fr\/les-medias-espagnols-font-leloge-dibrahim-diaz-du-maroc-apres-son-impact-en-phase-de-groupes\/","title":{"rendered":"Les m\u00e9dias espagnols font l'\u00e9loge d'Ibrahim Diaz du Maroc apr\u00e8s son impact lors de la phase de groupes"},"content":{"rendered":"<p>\u201c`html<\/p>\n<p>Le milieu de terrain de l'\u00e9quipe nationale marocaine, Ibrahim Diaz, a attir\u00e9 une attention significative de la part des m\u00e9dias sportifs espagnols suite \u00e0 ses performances impressionnantes lors des phases de groupes du r\u00e9cent tournoi international.<\/p>\n<p>Tout au long des matchs de groupe, Diaz a d\u00e9montr\u00e9 un m\u00e9lange de cr\u00e9ativit\u00e9 et de sang-froid qui a \u00e9t\u00e9 cl\u00e9 pour l'avantage comp\u00e9titif du Maroc.<\/p>\n<p>Les analystes ont soulign\u00e9 son contr\u00f4le de balle habile et ses passes pr\u00e9cises comme des \u00e9l\u00e9ments cruciaux pour d\u00e9verrouiller des d\u00e9fenses serr\u00e9es, permettant \u00e0 son \u00e9quipe de maintenir un \u00e9lan offensif et de cr\u00e9er des occasions de but.<\/p>\n<p>Ce niveau d'influence sur le terrain n'est pas pass\u00e9 inaper\u00e7u, plusieurs commentateurs d\u00e9signant Diaz comme l'un des joueurs remarquables de la phase de groupes.<\/p>\n<p>Les m\u00e9dias espagnols ont \u00e9galement salu\u00e9 l'adaptation de Diaz \u00e0 la sc\u00e8ne internationale, notant sa maturit\u00e9 dans la prise de d\u00e9cision et sa capacit\u00e9 \u00e0 performer sous pression.<\/p>\n<p>Ses performances contrastent avec les incoh\u00e9rences occasionnelles observ\u00e9es plus t\u00f4t dans sa carri\u00e8re, signifiant une progression notable dans son d\u00e9veloppement en tant que joueur.<\/p>\n<p>De plus, la polyvalence de Diaz \u2013 capable d'\u00e9voluer \u00e0 la fois comme milieu de terrain offensif et ailier \u2013 a fourni \u00e0 son entra\u00eeneur une flexibilit\u00e9 tactique, renfor\u00e7ant les options au milieu de terrain du Maroc.<\/p>\n<p>\u201c`<\/p>","protected":false},"excerpt":{"rendered":"<p>&#8220;`html Moroccan national team midfielder Ibrahim Diaz has attracted significant attention from Spanish sports media following his impressive performances during [&hellip;]<\/p>\n","protected":false},"author":4,"featured_media":875,"comment_status":"","ping_status":"open","sticky":false,"template":"","format":"standard","meta":{"googlesitekit_rrm_CAow_uzEDA:productID":"","site-sidebar-layout":"default","site-content-layout":"","ast-site-content-layout":"default","site-content-style":"default","site-sidebar-style":"default","ast-global-header-display":"","ast-banner-title-visibility":"","ast-main-header-display":"","ast-hfb-above-header-display":"","ast-hfb-below-header-display":"","ast-hfb-mobile-header-display":"","site-post-title":"","ast-breadcrumbs-content":"","ast-featured-img":"","footer-sml-layout":"","ast-disable-related-posts":"","theme-transparent-header-meta":"","adv-header-id-meta":"","stick-header-meta":"","header-above-stick-meta":"","header-main-stick-meta":"","header-below-stick-meta":"","astra-migrate-meta-layouts":"default","ast-page-background-enabled":"default","ast-page-background-meta":{"desktop":{"background-color":"var(--ast-global-color-5)","background-image":"","background-repeat":"repeat","background-position":"center center","background-size":"auto","background-attachment":"scroll","background-type":"","background-media":"","overlay-type":"","overlay-color":"","overlay-opacity":"","overlay-gradient":""},"tablet":{"background-color":"","background-image":"","background-repeat":"repeat","background-position":"center center","background-size":"auto","background-attachment":"scroll","background-type":"","background-media":"","overlay-type":"","overlay-color":"","overlay-opacity":"","overlay-gradient":""},"mobile":{"background-color":"","background-image":"","background-repeat":"repeat","background-position":"center center","background-size":"auto","background-attachment":"scroll","background-type":"","background-media":"","overlay-type":"","overlay-color":"","overlay-opacity":"","overlay-gradient":""}},"ast-content-background-meta":{"desktop":{"background-color":"var(--ast-global-color-4)","background-image":"","background-repeat":"repeat","background-position":"center center","background-size":"auto","background-attachment":"scroll","background-type":"","background-media":"","overlay-type":"","overlay-color":"","overlay-opacity":"","overlay-gradient":""},"tablet":{"background-color":"var(--ast-global-color-4)","background-image":"","background-repeat":"repeat","background-position":"center center","background-size":"auto","background-attachment":"scroll","background-type":"","background-media":"","overlay-type":"","overlay-color":"","overlay-opacity":"","overlay-gradient":""},"mobile":{"background-color":"var(--ast-global-color-4)","background-image":"","background-repeat":"repeat","background-position":"center center","background-size":"auto","background-attachment":"scroll","background-type":"","background-media":"","overlay-type":"","overlay-color":"","overlay-opacity":"","overlay-gradient":""}},"footnotes":""},"categories":[1,168],"tags":[],"class_list":["post-876","post","type-post","status-publish","format-standard","has-post-thumbnail","hentry","category-football-latest-news","category-morocco-national-team"],"yoast_head":"<!-- This site is optimized with the Yoast SEO Premium plugin v26.6 (Yoast SEO v27.5) - https:\/\/yoast.com\/product\/yoast-seo-premium-wordpress\/ -->\n<title>Spanish Media Praises Morocco\u2019s Ibrahim Diaz After Group Stage Impact - Bladna News<\/title>\n<meta name=\"robots\" content=\"index, follow, max-snippet:-1, max-image-preview:large, max-video-preview:-1\" \/>\n<link rel=\"canonical\" href=\"https:\/\/bladnanews.com\/fr\/les-medias-espagnols-font-leloge-dibrahim-diaz-du-maroc-apres-son-impact-en-phase-de-groupes\/\" \/>\n<meta property=\"og:locale\" content=\"fr_FR\" \/>\n<meta property=\"og:type\" content=\"article\" \/>\n<meta property=\"og:title\" content=\"Spanish Media Praises Morocco\u2019s Ibrahim Diaz After Group Stage Impact\" \/>\n<meta property=\"og:description\" content=\"&#8220;`html Moroccan national team midfielder Ibrahim Diaz has attracted significant attention from Spanish sports media following his impressive performances during [&hellip;]\" \/>\n<meta property=\"og:url\" content=\"https:\/\/bladnanews.com\/fr\/les-medias-espagnols-font-leloge-dibrahim-diaz-du-maroc-apres-son-impact-en-phase-de-groupes\/\" \/>\n<meta property=\"og:site_name\" content=\"Bladna News\" \/>\n<meta property=\"article:published_time\" content=\"2025-12-30T19:54:00+00:00\" \/>\n<meta property=\"og:image\" content=\"https:\/\/bladnanews.com\/wp-content\/uploads\/2025\/12\/dyaz2025_1767124721.webpSpanish-Media-Praises-Moroccos-Ibrahim-Diaz-After-Group-Stage-Impact-2025-12-31T164745.319Z.webp\" \/>\n\t<meta property=\"og:image:width\" content=\"860\" \/>\n\t<meta property=\"og:image:height\" content=\"614\" \/>\n\t<meta property=\"og:image:type\" content=\"image\/webp\" \/>\n<meta name=\"author\" content=\"Bladna Sports Desk\" \/>\n<meta name=\"twitter:card\" content=\"summary_large_image\" \/>\n<meta name=\"twitter:label1\" content=\"\u00c9crit par\" \/>\n\t<meta name=\"twitter:data1\" content=\"Bladna Sports Desk\" \/>\n\t<meta name=\"twitter:label2\" content=\"Dur\u00e9e de lecture estim\u00e9e\" \/>\n\t<meta name=\"twitter:data2\" content=\"2 minutes\" \/>\n<script type=\"application\/ld+json\" class=\"yoast-schema-graph\">{\"@context\":\"https:\\\/\\\/schema.org\",\"@graph\":[{\"@type\":\"Article\",\"@id\":\"https:\\\/\\\/bladnanews.com\\\/spanish-media-praises-moroccos-ibrahim-diaz-after-group-stage-impact\\\/#article\",\"isPartOf\":{\"@id\":\"https:\\\/\\\/bladnanews.com\\\/spanish-media-praises-moroccos-ibrahim-diaz-after-group-stage-impact\\\/\"},\"author\":{\"name\":\"Bladna Sports Desk\",\"@id\":\"https:\\\/\\\/mediumseagreen-eel-531711.hostingersite.com\\\/#\\\/schema\\\/person\\\/6712b38fabe810f7eb8d15ed30d90f1e\"},\"headline\":\"Spanish Media Praises Morocco\u2019s Ibrahim Diaz After Group Stage Impact\",\"datePublished\":\"2025-12-30T19:54:00+00:00\",\"mainEntityOfPage\":{\"@id\":\"https:\\\/\\\/bladnanews.com\\\/spanish-media-praises-moroccos-ibrahim-diaz-after-group-stage-impact\\\/\"},\"wordCount\":441,\"publisher\":{\"@id\":\"https:\\\/\\\/mediumseagreen-eel-531711.hostingersite.com\\\/#organization\"},\"image\":{\"@id\":\"https:\\\/\\\/bladnanews.com\\\/spanish-media-praises-moroccos-ibrahim-diaz-after-group-stage-impact\\\/#primaryimage\"},\"thumbnailUrl\":\"https:\\\/\\\/bladnanews.com\\\/wp-content\\\/uploads\\\/2025\\\/12\\\/dyaz2025_1767124721.webpSpanish-Media-Praises-Moroccos-Ibrahim-Diaz-After-Group-Stage-Impact-2025-12-31T164745.319Z.webp\",\"articleSection\":[\"Latest News\",\"Morocco National Team\"],\"inLanguage\":\"fr-FR\",\"copyrightYear\":\"2025\",\"copyrightHolder\":{\"@id\":\"https:\\\/\\\/bladnanews.com\\\/fr\\\/#organization\"}},{\"@type\":\"WebPage\",\"@id\":\"https:\\\/\\\/bladnanews.com\\\/spanish-media-praises-moroccos-ibrahim-diaz-after-group-stage-impact\\\/\",\"url\":\"https:\\\/\\\/bladnanews.com\\\/spanish-media-praises-moroccos-ibrahim-diaz-after-group-stage-impact\\\/\",\"name\":\"Spanish Media Praises Morocco\u2019s Ibrahim Diaz After Group Stage Impact - Bladna News\",\"isPartOf\":{\"@id\":\"https:\\\/\\\/mediumseagreen-eel-531711.hostingersite.com\\\/#website\"},\"primaryImageOfPage\":{\"@id\":\"https:\\\/\\\/bladnanews.com\\\/spanish-media-praises-moroccos-ibrahim-diaz-after-group-stage-impact\\\/#primaryimage\"},\"image\":{\"@id\":\"https:\\\/\\\/bladnanews.com\\\/spanish-media-praises-moroccos-ibrahim-diaz-after-group-stage-impact\\\/#primaryimage\"},\"thumbnailUrl\":\"https:\\\/\\\/bladnanews.com\\\/wp-content\\\/uploads\\\/2025\\\/12\\\/dyaz2025_1767124721.webpSpanish-Media-Praises-Moroccos-Ibrahim-Diaz-After-Group-Stage-Impact-2025-12-31T164745.319Z.webp\",\"datePublished\":\"2025-12-30T19:54:00+00:00\",\"breadcrumb\":{\"@id\":\"https:\\\/\\\/bladnanews.com\\\/spanish-media-praises-moroccos-ibrahim-diaz-after-group-stage-impact\\\/#breadcrumb\"},\"inLanguage\":\"fr-FR\",\"potentialAction\":[{\"@type\":\"ReadAction\",\"target\":[\"https:\\\/\\\/bladnanews.com\\\/spanish-media-praises-moroccos-ibrahim-diaz-after-group-stage-impact\\\/\"]}]},{\"@type\":\"ImageObject\",\"inLanguage\":\"fr-FR\",\"@id\":\"https:\\\/\\\/bladnanews.com\\\/spanish-media-praises-moroccos-ibrahim-diaz-after-group-stage-impact\\\/#primaryimage\",\"url\":\"https:\\\/\\\/bladnanews.com\\\/wp-content\\\/uploads\\\/2025\\\/12\\\/dyaz2025_1767124721.webpSpanish-Media-Praises-Moroccos-Ibrahim-Diaz-After-Group-Stage-Impact-2025-12-31T164745.319Z.webp\",\"contentUrl\":\"https:\\\/\\\/bladnanews.com\\\/wp-content\\\/uploads\\\/2025\\\/12\\\/dyaz2025_1767124721.webpSpanish-Media-Praises-Moroccos-Ibrahim-Diaz-After-Group-Stage-Impact-2025-12-31T164745.319Z.webp\",\"width\":860,\"height\":614},{\"@type\":\"BreadcrumbList\",\"@id\":\"https:\\\/\\\/bladnanews.com\\\/spanish-media-praises-moroccos-ibrahim-diaz-after-group-stage-impact\\\/#breadcrumb\",\"itemListElement\":[{\"@type\":\"ListItem\",\"position\":1,\"name\":\"Home\",\"item\":\"https:\\\/\\\/bladnanews.com\\\/\"},{\"@type\":\"ListItem\",\"position\":2,\"name\":\"Spanish Media Praises Morocco\u2019s Ibrahim Diaz After Group Stage Impact\"}]},{\"@type\":\"WebSite\",\"@id\":\"https:\\\/\\\/mediumseagreen-eel-531711.hostingersite.com\\\/#website\",\"url\":\"https:\\\/\\\/mediumseagreen-eel-531711.hostingersite.com\\\/\",\"name\":\"Bladna News - Morocco\",\"description\":\"Where Moroccan Football Meets the World\",\"publisher\":{\"@id\":\"https:\\\/\\\/mediumseagreen-eel-531711.hostingersite.com\\\/#organization\"},\"potentialAction\":[{\"@type\":\"SearchAction\",\"target\":{\"@type\":\"EntryPoint\",\"urlTemplate\":\"https:\\\/\\\/mediumseagreen-eel-531711.hostingersite.com\\\/?s={search_term_string}\"},\"query-input\":{\"@type\":\"PropertyValueSpecification\",\"valueRequired\":true,\"valueName\":\"search_term_string\"}}],\"inLanguage\":\"fr-FR\"},{\"@type\":\"Organization\",\"@id\":\"https:\\\/\\\/mediumseagreen-eel-531711.hostingersite.com\\\/#organization\",\"name\":\"Bladna News.com\",\"url\":\"https:\\\/\\\/mediumseagreen-eel-531711.hostingersite.com\\\/\",\"logo\":{\"@type\":\"ImageObject\",\"inLanguage\":\"fr-FR\",\"@id\":\"https:\\\/\\\/mediumseagreen-eel-531711.hostingersite.com\\\/#\\\/schema\\\/logo\\\/image\\\/\",\"url\":\"https:\\\/\\\/bladnanews.com\\\/wp-content\\\/uploads\\\/2025\\\/12\\\/logo-bladnanews-V2-web-black-red.png\",\"contentUrl\":\"https:\\\/\\\/bladnanews.com\\\/wp-content\\\/uploads\\\/2025\\\/12\\\/logo-bladnanews-V2-web-black-red.png\",\"width\":703,\"height\":287,\"caption\":\"Bladna News.com\"},\"image\":{\"@id\":\"https:\\\/\\\/mediumseagreen-eel-531711.hostingersite.com\\\/#\\\/schema\\\/logo\\\/image\\\/\"},\"email\":\"info@bladnanews.com\",\"legalName\":\"Bladna News\"},{\"@type\":\"Person\",\"@id\":\"https:\\\/\\\/mediumseagreen-eel-531711.hostingersite.com\\\/#\\\/schema\\\/person\\\/6712b38fabe810f7eb8d15ed30d90f1e\",\"name\":\"Bladna Sports Desk\",\"url\":\"https:\\\/\\\/bladnanews.com\\\/fr\\\/author\\\/bladna-sports-desk\\\/\"}]}<\/script>\n<!-- \/ Yoast SEO Premium plugin. -->","yoast_head_json":{"title":"Les m\u00e9dias espagnols louent Ibrahim Diaz du Maroc apr\u00e8s son impact en phase de groupes - Bladna News","robots":{"index":"index","follow":"follow","max-snippet":"max-snippet:-1","max-image-preview":"max-image-preview:large","max-video-preview":"max-video-preview:-1"},"canonical":"https:\/\/bladnanews.com\/fr\/les-medias-espagnols-font-leloge-dibrahim-diaz-du-maroc-apres-son-impact-en-phase-de-groupes\/","og_locale":"fr_FR","og_type":"article","og_title":"Spanish Media Praises Morocco\u2019s Ibrahim Diaz After Group Stage Impact","og_description":"&#8220;`html Moroccan national team midfielder Ibrahim Diaz has attracted significant attention from Spanish sports media following his impressive performances during [&hellip;]","og_url":"https:\/\/bladnanews.com\/fr\/les-medias-espagnols-font-leloge-dibrahim-diaz-du-maroc-apres-son-impact-en-phase-de-groupes\/","og_site_name":"Bladna News","article_published_time":"2025-12-30T19:54:00+00:00","og_image":[{"width":860,"height":614,"url":"https:\/\/bladnanews.com\/wp-content\/uploads\/2025\/12\/dyaz2025_1767124721.webpSpanish-Media-Praises-Moroccos-Ibrahim-Diaz-After-Group-Stage-Impact-2025-12-31T164745.319Z.webp","type":"image\/webp"}],"author":"Bladna Sports Desk","twitter_card":"summary_large_image","twitter_misc":{"\u00c9crit par":"Bladna Sports Desk","Dur\u00e9e de lecture estim\u00e9e":"2 minutes"},"schema":{"@context":"https:\/\/schema.org","@graph":[{"@type":"Article","@id":"https:\/\/bladnanews.com\/spanish-media-praises-moroccos-ibrahim-diaz-after-group-stage-impact\/#article","isPartOf":{"@id":"https:\/\/bladnanews.com\/spanish-media-praises-moroccos-ibrahim-diaz-after-group-stage-impact\/"},"author":{"name":"Bladna Sports Desk","@id":"https:\/\/mediumseagreen-eel-531711.hostingersite.com\/#\/schema\/person\/6712b38fabe810f7eb8d15ed30d90f1e"},"headline":"Spanish Media Praises Morocco\u2019s Ibrahim Diaz After Group Stage Impact","datePublished":"2025-12-30T19:54:00+00:00","mainEntityOfPage":{"@id":"https:\/\/bladnanews.com\/spanish-media-praises-moroccos-ibrahim-diaz-after-group-stage-impact\/"},"wordCount":441,"publisher":{"@id":"https:\/\/mediumseagreen-eel-531711.hostingersite.com\/#organization"},"image":{"@id":"https:\/\/bladnanews.com\/spanish-media-praises-moroccos-ibrahim-diaz-after-group-stage-impact\/#primaryimage"},"thumbnailUrl":"https:\/\/bladnanews.com\/wp-content\/uploads\/2025\/12\/dyaz2025_1767124721.webpSpanish-Media-Praises-Moroccos-Ibrahim-Diaz-After-Group-Stage-Impact-2025-12-31T164745.319Z.webp","articleSection":["Latest News","Morocco National Team"],"inLanguage":"fr-FR","copyrightYear":"2025","copyrightHolder":{"@id":"https:\/\/bladnanews.com\/fr\/#organization"}},{"@type":"WebPage","@id":"https:\/\/bladnanews.com\/spanish-media-praises-moroccos-ibrahim-diaz-after-group-stage-impact\/","url":"https:\/\/bladnanews.com\/spanish-media-praises-moroccos-ibrahim-diaz-after-group-stage-impact\/","name":"Les m\u00e9dias espagnols louent Ibrahim Diaz du Maroc apr\u00e8s son impact en phase de groupes - Bladna News","isPartOf":{"@id":"https:\/\/mediumseagreen-eel-531711.hostingersite.com\/#website"},"primaryImageOfPage":{"@id":"https:\/\/bladnanews.com\/spanish-media-praises-moroccos-ibrahim-diaz-after-group-stage-impact\/#primaryimage"},"image":{"@id":"https:\/\/bladnanews.com\/spanish-media-praises-moroccos-ibrahim-diaz-after-group-stage-impact\/#primaryimage"},"thumbnailUrl":"https:\/\/bladnanews.com\/wp-content\/uploads\/2025\/12\/dyaz2025_1767124721.webpSpanish-Media-Praises-Moroccos-Ibrahim-Diaz-After-Group-Stage-Impact-2025-12-31T164745.319Z.webp","datePublished":"2025-12-30T19:54:00+00:00","breadcrumb":{"@id":"https:\/\/bladnanews.com\/spanish-media-praises-moroccos-ibrahim-diaz-after-group-stage-impact\/#breadcrumb"},"inLanguage":"fr-FR","potentialAction":[{"@type":"ReadAction","target":["https:\/\/bladnanews.com\/spanish-media-praises-moroccos-ibrahim-diaz-after-group-stage-impact\/"]}]},{"@type":"ImageObject","inLanguage":"fr-FR","@id":"https:\/\/bladnanews.com\/spanish-media-praises-moroccos-ibrahim-diaz-after-group-stage-impact\/#primaryimage","url":"https:\/\/bladnanews.com\/wp-content\/uploads\/2025\/12\/dyaz2025_1767124721.webpSpanish-Media-Praises-Moroccos-Ibrahim-Diaz-After-Group-Stage-Impact-2025-12-31T164745.319Z.webp","contentUrl":"https:\/\/bladnanews.com\/wp-content\/uploads\/2025\/12\/dyaz2025_1767124721.webpSpanish-Media-Praises-Moroccos-Ibrahim-Diaz-After-Group-Stage-Impact-2025-12-31T164745.319Z.webp","width":860,"height":614},{"@type":"BreadcrumbList","@id":"https:\/\/bladnanews.com\/spanish-media-praises-moroccos-ibrahim-diaz-after-group-stage-impact\/#breadcrumb","itemListElement":[{"@type":"ListItem","position":1,"name":"Home","item":"https:\/\/bladnanews.com\/"},{"@type":"ListItem","position":2,"name":"Spanish Media Praises Morocco\u2019s Ibrahim Diaz After Group Stage Impact"}]},{"@type":"WebSite","@id":"https:\/\/mediumseagreen-eel-531711.hostingersite.com\/#website","url":"https:\/\/mediumseagreen-eel-531711.hostingersite.com\/","name":"Bladna News - Maroc","description":"Quand le football marocain rencontre le monde","publisher":{"@id":"https:\/\/mediumseagreen-eel-531711.hostingersite.com\/#organization"},"potentialAction":[{"@type":"SearchAction","target":{"@type":"EntryPoint","urlTemplate":"https:\/\/mediumseagreen-eel-531711.hostingersite.com\/?s={search_term_string}"},"query-input":{"@type":"PropertyValueSpecification","valueRequired":true,"valueName":"search_term_string"}}],"inLanguage":"fr-FR"},{"@type":"Organization","@id":"https:\/\/mediumseagreen-eel-531711.hostingersite.com\/#organization","name":"Bladna News.com","url":"https:\/\/mediumseagreen-eel-531711.hostingersite.com\/","logo":{"@type":"ImageObject","inLanguage":"fr-FR","@id":"https:\/\/mediumseagreen-eel-531711.hostingersite.com\/#\/schema\/logo\/image\/","url":"https:\/\/bladnanews.com\/wp-content\/uploads\/2025\/12\/logo-bladnanews-V2-web-black-red.png","contentUrl":"https:\/\/bladnanews.com\/wp-content\/uploads\/2025\/12\/logo-bladnanews-V2-web-black-red.png","width":703,"height":287,"caption":"Bladna News.com"},"image":{"@id":"https:\/\/mediumseagreen-eel-531711.hostingersite.com\/#\/schema\/logo\/image\/"},"email":"info@bladnanews.com","legalName":"Bladna News"},{"@type":"Person","@id":"https:\/\/mediumseagreen-eel-531711.hostingersite.com\/#\/schema\/person\/6712b38fabe810f7eb8d15ed30d90f1e","name":"Bladna Sports Desk","url":"https:\/\/bladnanews.com\/fr\/author\/bladna-sports-desk\/"}]}},"_links":{"self":[{"href":"https:\/\/bladnanews.com\/fr\/wp-json\/wp\/v2\/posts\/876","targetHints":{"allow":["GET"]}}],"collection":[{"href":"https:\/\/bladnanews.com\/fr\/wp-json\/wp\/v2\/posts"}],"about":[{"href":"https:\/\/bladnanews.com\/fr\/wp-json\/wp\/v2\/types\/post"}],"author":[{"embeddable":true,"href":"https:\/\/bladnanews.com\/fr\/wp-json\/wp\/v2\/users\/4"}],"replies":[{"embeddable":true,"href":"https:\/\/bladnanews.com\/fr\/wp-json\/wp\/v2\/comments?post=876"}],"version-history":[{"count":0,"href":"https:\/\/bladnanews.com\/fr\/wp-json\/wp\/v2\/posts\/876\/revisions"}],"wp:featuredmedia":[{"embeddable":true,"href":"https:\/\/bladnanews.com\/fr\/wp-json\/wp\/v2\/media\/875"}],"wp:attachment":[{"href":"https:\/\/bladnanews.com\/fr\/wp-json\/wp\/v2\/media?parent=876"}],"wp:term":[{"taxonomy":"category","embeddable":true,"href":"https:\/\/bladnanews.com\/fr\/wp-json\/wp\/v2\/categories?post=876"},{"taxonomy":"post_tag","embeddable":true,"href":"https:\/\/bladnanews.com\/fr\/wp-json\/wp\/v2\/tags?post=876"}],"curies":[{"name":"wp","href":"https:\/\/api.w.org\/{rel}","templated":true}]}}