{"id":878,"date":"2025-12-30T20:58:22","date_gmt":"2025-12-30T20:58:22","guid":{"rendered":"https:\/\/bladnanews.com\/afcon-2025-group-standings-schedule-tv-channels-revealed\/"},"modified":"2025-12-30T20:58:22","modified_gmt":"2025-12-30T20:58:22","slug":"les-classements-calendriers-et-chaines-de-diffusion-de-la-can-2025-devoiles","status":"publish","type":"post","link":"https:\/\/bladnanews.com\/fr\/les-classements-calendriers-et-chaines-de-diffusion-de-la-can-2025-devoiles\/","title":{"rendered":"Classement des groupes de la CAN 2025 : Calendrier et cha\u00eenes de diffusion d\u00e9voil\u00e9s"},"content":{"rendered":"<p><html><br \/>\n<body><\/p>\n<p>La Conf\u00e9d\u00e9ration Africaine de Football (CAF) a officiellement d\u00e9voil\u00e9 les groupes, le calendrier des matchs et les d\u00e9tails de diffusion de la Coupe d'Afrique des Nations 2025 (CAN), suscitant l'anticipation des fans de football \u00e0 travers le continent. Le tournoi, destin\u00e9 \u00e0 mettre en valeur le meilleur du football africain, promet une campagne comp\u00e9titive et palpitante alors que les \u00e9quipes se pr\u00e9parent pour cette prestigieuse comp\u00e9tition.<\/p>\n<p>La CAN 2025 mettra en sc\u00e8ne 24 \u00e9quipes nationales r\u00e9parties en six groupes de quatre. Chaque groupe s'affrontera en format toutes rondes, les deux premi\u00e8res \u00e9quipes de chaque groupe, ainsi que les quatre meilleures troisi\u00e8mes, se qualifiant pour les phases \u00e0 \u00e9limination directe. Cette structure garantit une phase de groupes passionnante et tr\u00e8s disput\u00e9e, o\u00f9 la qualification se jouera jusqu'au bout.<\/p>\n<p>Le calendrier officiel indique que les matchs d\u00e9buteront en janvier 2025 et s'ach\u00e8veront par la finale en f\u00e9vrier. Plusieurs villes h\u00f4tes du pays choisi accueilleront les rencontres, avec un horaire con\u00e7u pour optimiser la fr\u00e9quentation locale et l'audience t\u00e9l\u00e9vis\u00e9e. Les organisateurs ont soulign\u00e9 que le tournoi respectera des normes \u00e9lev\u00e9es en mati\u00e8re de qualit\u00e9 des stades, d'exp\u00e9rience des supporters et d'organisation logistique.<\/p>\n<p>D'un point de vue diffusion, la CAF a annonc\u00e9 des partenariats avec plusieurs r\u00e9seaux sportifs pour assurer une large couverture en Afrique et \u00e0 l'international. Les principales cha\u00eenes de t\u00e9l\u00e9vision diffuseront les matchs en direct, proposeront des analyses d'experts et une programmation compl\u00e8te avant et apr\u00e8s les rencontres. Cette approche vise \u00e0 apporter l'excitation de la CAN 2025 \u00e0 un large public, que ce soit via la t\u00e9l\u00e9vision traditionnelle ou les plateformes de streaming num\u00e9rique.<\/p>\n<p>Les compositions des groupes mettent en lumi\u00e8re des confrontations passionnantes. Les champions en titre et les grandes puissances continentales se trouvent dans des groupes qui promettent des batailles acharn\u00e9es. Des rivalit\u00e9s notoires et de nouvelles rencontres \u00e9mergeront probablement alors que les \u00e9quipes rivalisent non seulement pour la gloire continentale, mais aussi pour offrir une plateforme \u00e0 leurs talents \u00e9mergents.<\/p>\n<p>Les supporters et les analystes ont d\u00e9j\u00e0 commenc\u00e9 \u00e0 d\u00e9cortiquer les groupes, sp\u00e9culant sur les r\u00e9sultats potentiels et les chocs annonc\u00e9s. Le format \u00e9largi du tournoi continue d'offrir des opportunit\u00e9s aux \u00e9quipes surprises d'aller loin, ajoutant cet \u00e9l\u00e9ment impr\u00e9visible devenu synonyme du charme de la CAN.<\/p>\n<p>En pr\u00e9paration du tournoi, plusieurs \u00e9quipes nationales devraient intensifier leurs stages d'entra\u00eenement, organiser des matchs amicaux et finaliser la s\u00e9lection de leur effectif. La nature comp\u00e9titive des qualifications et de la phase de groupes garantit qu'aucune \u00e9quipe ne peut tenir sa position pour acquise.<\/p>\n<p>La CAF reste engag\u00e9e \u00e0 offrir une exp\u00e9rience de tournoi s\u00fbre et m\u00e9morable pour les joueurs, les entra\u00eeneurs et les supporters. Maintenant que les tirages au sort des groupes et le calendrier sont publics, le compte \u00e0 rebours pour la CAN 2025 a officiellement commenc\u00e9, l'excitation grandissant pour ce qui s'annonce comme une c\u00e9l\u00e9bration footballistique \u00e9blouissante.<\/p>\n<p><\/body><br \/>\n<\/html><\/p>","protected":false},"excerpt":{"rendered":"<p>The Confederation of African Football (CAF) has officially unveiled the groups, match schedule, and broadcasting details for the 2025 Africa [&hellip;]<\/p>\n","protected":false},"author":4,"featured_media":877,"comment_status":"","ping_status":"open","sticky":false,"template":"","format":"standard","meta":{"googlesitekit_rrm_CAow_uzEDA:productID":"","site-sidebar-layout":"default","site-content-layout":"","ast-site-content-layout":"default","site-content-style":"default","site-sidebar-style":"default","ast-global-header-display":"","ast-banner-title-visibility":"","ast-main-header-display":"","ast-hfb-above-header-display":"","ast-hfb-below-header-display":"","ast-hfb-mobile-header-display":"","site-post-title":"","ast-breadcrumbs-content":"","ast-featured-img":"","footer-sml-layout":"","ast-disable-related-posts":"","theme-transparent-header-meta":"","adv-header-id-meta":"","stick-header-meta":"","header-above-stick-meta":"","header-main-stick-meta":"","header-below-stick-meta":"","astra-migrate-meta-layouts":"default","ast-page-background-enabled":"default","ast-page-background-meta":{"desktop":{"background-color":"var(--ast-global-color-5)","background-image":"","background-repeat":"repeat","background-position":"center center","background-size":"auto","background-attachment":"scroll","background-type":"","background-media":"","overlay-type":"","overlay-color":"","overlay-opacity":"","overlay-gradient":""},"tablet":{"background-color":"","background-image":"","background-repeat":"repeat","background-position":"center center","background-size":"auto","background-attachment":"scroll","background-type":"","background-media":"","overlay-type":"","overlay-color":"","overlay-opacity":"","overlay-gradient":""},"mobile":{"background-color":"","background-image":"","background-repeat":"repeat","background-position":"center center","background-size":"auto","background-attachment":"scroll","background-type":"","background-media":"","overlay-type":"","overlay-color":"","overlay-opacity":"","overlay-gradient":""}},"ast-content-background-meta":{"desktop":{"background-color":"var(--ast-global-color-4)","background-image":"","background-repeat":"repeat","background-position":"center center","background-size":"auto","background-attachment":"scroll","background-type":"","background-media":"","overlay-type":"","overlay-color":"","overlay-opacity":"","overlay-gradient":""},"tablet":{"background-color":"var(--ast-global-color-4)","background-image":"","background-repeat":"repeat","background-position":"center center","background-size":"auto","background-attachment":"scroll","background-type":"","background-media":"","overlay-type":"","overlay-color":"","overlay-opacity":"","overlay-gradient":""},"mobile":{"background-color":"var(--ast-global-color-4)","background-image":"","background-repeat":"repeat","background-position":"center center","background-size":"auto","background-attachment":"scroll","background-type":"","background-media":"","overlay-type":"","overlay-color":"","overlay-opacity":"","overlay-gradient":""}},"footnotes":""},"categories":[1,168],"tags":[],"class_list":["post-878","post","type-post","status-publish","format-standard","has-post-thumbnail","hentry","category-football-latest-news","category-morocco-national-team"],"yoast_head":"<!-- This site is optimized with the Yoast SEO Premium plugin v26.6 (Yoast SEO v27.5) - https:\/\/yoast.com\/product\/yoast-seo-premium-wordpress\/ -->\n<title>AFCON 2025 Group Standings: Schedule &amp; TV Channels Revealed - Bladna News<\/title>\n<meta name=\"robots\" content=\"index, follow, max-snippet:-1, max-image-preview:large, max-video-preview:-1\" \/>\n<link rel=\"canonical\" href=\"https:\/\/bladnanews.com\/fr\/les-classements-calendriers-et-chaines-de-diffusion-de-la-can-2025-devoiles\/\" \/>\n<meta property=\"og:locale\" content=\"fr_FR\" \/>\n<meta property=\"og:type\" content=\"article\" \/>\n<meta property=\"og:title\" content=\"AFCON 2025 Group Standings: Schedule &amp; TV Channels Revealed\" \/>\n<meta property=\"og:description\" content=\"The Confederation of African Football (CAF) has officially unveiled the groups, match schedule, and broadcasting details for the 2025 Africa [&hellip;]\" \/>\n<meta property=\"og:url\" content=\"https:\/\/bladnanews.com\/fr\/les-classements-calendriers-et-chaines-de-diffusion-de-la-can-2025-devoiles\/\" \/>\n<meta property=\"og:site_name\" content=\"Bladna News\" \/>\n<meta property=\"article:published_time\" content=\"2025-12-30T20:58:22+00:00\" \/>\n<meta property=\"og:image\" content=\"https:\/\/bladnanews.com\/wp-content\/uploads\/2025\/12\/GettyImages-2252412454.jpg.jpgAFCON-2025-Group-Standings-Schedule-TV-Channels-Revealed-2025-12-31T164803.112Z.jpg\" \/>\n\t<meta property=\"og:image:width\" content=\"2560\" \/>\n\t<meta property=\"og:image:height\" content=\"1440\" \/>\n\t<meta property=\"og:image:type\" content=\"image\/jpeg\" \/>\n<meta name=\"author\" content=\"Bladna Sports Desk\" \/>\n<meta name=\"twitter:card\" content=\"summary_large_image\" \/>\n<meta name=\"twitter:label1\" content=\"\u00c9crit par\" \/>\n\t<meta name=\"twitter:data1\" content=\"Bladna Sports Desk\" \/>\n\t<meta name=\"twitter:label2\" content=\"Dur\u00e9e de lecture estim\u00e9e\" \/>\n\t<meta name=\"twitter:data2\" content=\"2 minutes\" \/>\n<script type=\"application\/ld+json\" class=\"yoast-schema-graph\">{\"@context\":\"https:\\\/\\\/schema.org\",\"@graph\":[{\"@type\":\"Article\",\"@id\":\"https:\\\/\\\/bladnanews.com\\\/afcon-2025-group-standings-schedule-tv-channels-revealed\\\/#article\",\"isPartOf\":{\"@id\":\"https:\\\/\\\/bladnanews.com\\\/afcon-2025-group-standings-schedule-tv-channels-revealed\\\/\"},\"author\":{\"name\":\"Bladna Sports Desk\",\"@id\":\"https:\\\/\\\/mediumseagreen-eel-531711.hostingersite.com\\\/#\\\/schema\\\/person\\\/6712b38fabe810f7eb8d15ed30d90f1e\"},\"headline\":\"AFCON 2025 Group Standings: Schedule &#038; TV Channels Revealed\",\"datePublished\":\"2025-12-30T20:58:22+00:00\",\"mainEntityOfPage\":{\"@id\":\"https:\\\/\\\/bladnanews.com\\\/afcon-2025-group-standings-schedule-tv-channels-revealed\\\/\"},\"wordCount\":407,\"publisher\":{\"@id\":\"https:\\\/\\\/mediumseagreen-eel-531711.hostingersite.com\\\/#organization\"},\"image\":{\"@id\":\"https:\\\/\\\/bladnanews.com\\\/afcon-2025-group-standings-schedule-tv-channels-revealed\\\/#primaryimage\"},\"thumbnailUrl\":\"https:\\\/\\\/bladnanews.com\\\/wp-content\\\/uploads\\\/2025\\\/12\\\/GettyImages-2252412454.jpg.jpgAFCON-2025-Group-Standings-Schedule-TV-Channels-Revealed-2025-12-31T164803.112Z.jpg\",\"articleSection\":[\"Latest News\",\"Morocco National Team\"],\"inLanguage\":\"fr-FR\",\"copyrightYear\":\"2025\",\"copyrightHolder\":{\"@id\":\"https:\\\/\\\/bladnanews.com\\\/fr\\\/#organization\"}},{\"@type\":\"WebPage\",\"@id\":\"https:\\\/\\\/bladnanews.com\\\/afcon-2025-group-standings-schedule-tv-channels-revealed\\\/\",\"url\":\"https:\\\/\\\/bladnanews.com\\\/afcon-2025-group-standings-schedule-tv-channels-revealed\\\/\",\"name\":\"AFCON 2025 Group Standings: Schedule & TV Channels Revealed - Bladna News\",\"isPartOf\":{\"@id\":\"https:\\\/\\\/mediumseagreen-eel-531711.hostingersite.com\\\/#website\"},\"primaryImageOfPage\":{\"@id\":\"https:\\\/\\\/bladnanews.com\\\/afcon-2025-group-standings-schedule-tv-channels-revealed\\\/#primaryimage\"},\"image\":{\"@id\":\"https:\\\/\\\/bladnanews.com\\\/afcon-2025-group-standings-schedule-tv-channels-revealed\\\/#primaryimage\"},\"thumbnailUrl\":\"https:\\\/\\\/bladnanews.com\\\/wp-content\\\/uploads\\\/2025\\\/12\\\/GettyImages-2252412454.jpg.jpgAFCON-2025-Group-Standings-Schedule-TV-Channels-Revealed-2025-12-31T164803.112Z.jpg\",\"datePublished\":\"2025-12-30T20:58:22+00:00\",\"breadcrumb\":{\"@id\":\"https:\\\/\\\/bladnanews.com\\\/afcon-2025-group-standings-schedule-tv-channels-revealed\\\/#breadcrumb\"},\"inLanguage\":\"fr-FR\",\"potentialAction\":[{\"@type\":\"ReadAction\",\"target\":[\"https:\\\/\\\/bladnanews.com\\\/afcon-2025-group-standings-schedule-tv-channels-revealed\\\/\"]}]},{\"@type\":\"ImageObject\",\"inLanguage\":\"fr-FR\",\"@id\":\"https:\\\/\\\/bladnanews.com\\\/afcon-2025-group-standings-schedule-tv-channels-revealed\\\/#primaryimage\",\"url\":\"https:\\\/\\\/bladnanews.com\\\/wp-content\\\/uploads\\\/2025\\\/12\\\/GettyImages-2252412454.jpg.jpgAFCON-2025-Group-Standings-Schedule-TV-Channels-Revealed-2025-12-31T164803.112Z.jpg\",\"contentUrl\":\"https:\\\/\\\/bladnanews.com\\\/wp-content\\\/uploads\\\/2025\\\/12\\\/GettyImages-2252412454.jpg.jpgAFCON-2025-Group-Standings-Schedule-TV-Channels-Revealed-2025-12-31T164803.112Z.jpg\",\"width\":2560,\"height\":1440},{\"@type\":\"BreadcrumbList\",\"@id\":\"https:\\\/\\\/bladnanews.com\\\/afcon-2025-group-standings-schedule-tv-channels-revealed\\\/#breadcrumb\",\"itemListElement\":[{\"@type\":\"ListItem\",\"position\":1,\"name\":\"Home\",\"item\":\"https:\\\/\\\/bladnanews.com\\\/\"},{\"@type\":\"ListItem\",\"position\":2,\"name\":\"AFCON 2025 Group Standings: Schedule &#038; TV Channels Revealed\"}]},{\"@type\":\"WebSite\",\"@id\":\"https:\\\/\\\/mediumseagreen-eel-531711.hostingersite.com\\\/#website\",\"url\":\"https:\\\/\\\/mediumseagreen-eel-531711.hostingersite.com\\\/\",\"name\":\"Bladna News - Morocco\",\"description\":\"Where Moroccan Football Meets the World\",\"publisher\":{\"@id\":\"https:\\\/\\\/mediumseagreen-eel-531711.hostingersite.com\\\/#organization\"},\"potentialAction\":[{\"@type\":\"SearchAction\",\"target\":{\"@type\":\"EntryPoint\",\"urlTemplate\":\"https:\\\/\\\/mediumseagreen-eel-531711.hostingersite.com\\\/?s={search_term_string}\"},\"query-input\":{\"@type\":\"PropertyValueSpecification\",\"valueRequired\":true,\"valueName\":\"search_term_string\"}}],\"inLanguage\":\"fr-FR\"},{\"@type\":\"Organization\",\"@id\":\"https:\\\/\\\/mediumseagreen-eel-531711.hostingersite.com\\\/#organization\",\"name\":\"Bladna News.com\",\"url\":\"https:\\\/\\\/mediumseagreen-eel-531711.hostingersite.com\\\/\",\"logo\":{\"@type\":\"ImageObject\",\"inLanguage\":\"fr-FR\",\"@id\":\"https:\\\/\\\/mediumseagreen-eel-531711.hostingersite.com\\\/#\\\/schema\\\/logo\\\/image\\\/\",\"url\":\"https:\\\/\\\/bladnanews.com\\\/wp-content\\\/uploads\\\/2025\\\/12\\\/logo-bladnanews-V2-web-black-red.png\",\"contentUrl\":\"https:\\\/\\\/bladnanews.com\\\/wp-content\\\/uploads\\\/2025\\\/12\\\/logo-bladnanews-V2-web-black-red.png\",\"width\":703,\"height\":287,\"caption\":\"Bladna News.com\"},\"image\":{\"@id\":\"https:\\\/\\\/mediumseagreen-eel-531711.hostingersite.com\\\/#\\\/schema\\\/logo\\\/image\\\/\"},\"email\":\"info@bladnanews.com\",\"legalName\":\"Bladna News\"},{\"@type\":\"Person\",\"@id\":\"https:\\\/\\\/mediumseagreen-eel-531711.hostingersite.com\\\/#\\\/schema\\\/person\\\/6712b38fabe810f7eb8d15ed30d90f1e\",\"name\":\"Bladna Sports Desk\",\"url\":\"https:\\\/\\\/bladnanews.com\\\/fr\\\/author\\\/bladna-sports-desk\\\/\"}]}<\/script>\n<!-- \/ Yoast SEO Premium plugin. -->","yoast_head_json":{"title":"Classements des groupes de la CAN 2025 : Calendrier et cha\u00eenes de t\u00e9l\u00e9vision d\u00e9voil\u00e9s - Bladna News","robots":{"index":"index","follow":"follow","max-snippet":"max-snippet:-1","max-image-preview":"max-image-preview:large","max-video-preview":"max-video-preview:-1"},"canonical":"https:\/\/bladnanews.com\/fr\/les-classements-calendriers-et-chaines-de-diffusion-de-la-can-2025-devoiles\/","og_locale":"fr_FR","og_type":"article","og_title":"AFCON 2025 Group Standings: Schedule & TV Channels Revealed","og_description":"The Confederation of African Football (CAF) has officially unveiled the groups, match schedule, and broadcasting details for the 2025 Africa [&hellip;]","og_url":"https:\/\/bladnanews.com\/fr\/les-classements-calendriers-et-chaines-de-diffusion-de-la-can-2025-devoiles\/","og_site_name":"Bladna News","article_published_time":"2025-12-30T20:58:22+00:00","og_image":[{"width":2560,"height":1440,"url":"https:\/\/bladnanews.com\/wp-content\/uploads\/2025\/12\/GettyImages-2252412454.jpg.jpgAFCON-2025-Group-Standings-Schedule-TV-Channels-Revealed-2025-12-31T164803.112Z.jpg","type":"image\/jpeg"}],"author":"Bladna Sports Desk","twitter_card":"summary_large_image","twitter_misc":{"\u00c9crit par":"Bladna Sports Desk","Dur\u00e9e de lecture estim\u00e9e":"2 minutes"},"schema":{"@context":"https:\/\/schema.org","@graph":[{"@type":"Article","@id":"https:\/\/bladnanews.com\/afcon-2025-group-standings-schedule-tv-channels-revealed\/#article","isPartOf":{"@id":"https:\/\/bladnanews.com\/afcon-2025-group-standings-schedule-tv-channels-revealed\/"},"author":{"name":"Bladna Sports Desk","@id":"https:\/\/mediumseagreen-eel-531711.hostingersite.com\/#\/schema\/person\/6712b38fabe810f7eb8d15ed30d90f1e"},"headline":"AFCON 2025 Group Standings: Schedule &#038; TV Channels Revealed","datePublished":"2025-12-30T20:58:22+00:00","mainEntityOfPage":{"@id":"https:\/\/bladnanews.com\/afcon-2025-group-standings-schedule-tv-channels-revealed\/"},"wordCount":407,"publisher":{"@id":"https:\/\/mediumseagreen-eel-531711.hostingersite.com\/#organization"},"image":{"@id":"https:\/\/bladnanews.com\/afcon-2025-group-standings-schedule-tv-channels-revealed\/#primaryimage"},"thumbnailUrl":"https:\/\/bladnanews.com\/wp-content\/uploads\/2025\/12\/GettyImages-2252412454.jpg.jpgAFCON-2025-Group-Standings-Schedule-TV-Channels-Revealed-2025-12-31T164803.112Z.jpg","articleSection":["Latest News","Morocco National Team"],"inLanguage":"fr-FR","copyrightYear":"2025","copyrightHolder":{"@id":"https:\/\/bladnanews.com\/fr\/#organization"}},{"@type":"WebPage","@id":"https:\/\/bladnanews.com\/afcon-2025-group-standings-schedule-tv-channels-revealed\/","url":"https:\/\/bladnanews.com\/afcon-2025-group-standings-schedule-tv-channels-revealed\/","name":"Classements des groupes de la CAN 2025 : Calendrier et cha\u00eenes de t\u00e9l\u00e9vision d\u00e9voil\u00e9s - Bladna News","isPartOf":{"@id":"https:\/\/mediumseagreen-eel-531711.hostingersite.com\/#website"},"primaryImageOfPage":{"@id":"https:\/\/bladnanews.com\/afcon-2025-group-standings-schedule-tv-channels-revealed\/#primaryimage"},"image":{"@id":"https:\/\/bladnanews.com\/afcon-2025-group-standings-schedule-tv-channels-revealed\/#primaryimage"},"thumbnailUrl":"https:\/\/bladnanews.com\/wp-content\/uploads\/2025\/12\/GettyImages-2252412454.jpg.jpgAFCON-2025-Group-Standings-Schedule-TV-Channels-Revealed-2025-12-31T164803.112Z.jpg","datePublished":"2025-12-30T20:58:22+00:00","breadcrumb":{"@id":"https:\/\/bladnanews.com\/afcon-2025-group-standings-schedule-tv-channels-revealed\/#breadcrumb"},"inLanguage":"fr-FR","potentialAction":[{"@type":"ReadAction","target":["https:\/\/bladnanews.com\/afcon-2025-group-standings-schedule-tv-channels-revealed\/"]}]},{"@type":"ImageObject","inLanguage":"fr-FR","@id":"https:\/\/bladnanews.com\/afcon-2025-group-standings-schedule-tv-channels-revealed\/#primaryimage","url":"https:\/\/bladnanews.com\/wp-content\/uploads\/2025\/12\/GettyImages-2252412454.jpg.jpgAFCON-2025-Group-Standings-Schedule-TV-Channels-Revealed-2025-12-31T164803.112Z.jpg","contentUrl":"https:\/\/bladnanews.com\/wp-content\/uploads\/2025\/12\/GettyImages-2252412454.jpg.jpgAFCON-2025-Group-Standings-Schedule-TV-Channels-Revealed-2025-12-31T164803.112Z.jpg","width":2560,"height":1440},{"@type":"BreadcrumbList","@id":"https:\/\/bladnanews.com\/afcon-2025-group-standings-schedule-tv-channels-revealed\/#breadcrumb","itemListElement":[{"@type":"ListItem","position":1,"name":"Home","item":"https:\/\/bladnanews.com\/"},{"@type":"ListItem","position":2,"name":"AFCON 2025 Group Standings: Schedule &#038; TV Channels Revealed"}]},{"@type":"WebSite","@id":"https:\/\/mediumseagreen-eel-531711.hostingersite.com\/#website","url":"https:\/\/mediumseagreen-eel-531711.hostingersite.com\/","name":"Bladna News - Maroc","description":"Quand le football marocain rencontre le monde","publisher":{"@id":"https:\/\/mediumseagreen-eel-531711.hostingersite.com\/#organization"},"potentialAction":[{"@type":"SearchAction","target":{"@type":"EntryPoint","urlTemplate":"https:\/\/mediumseagreen-eel-531711.hostingersite.com\/?s={search_term_string}"},"query-input":{"@type":"PropertyValueSpecification","valueRequired":true,"valueName":"search_term_string"}}],"inLanguage":"fr-FR"},{"@type":"Organization","@id":"https:\/\/mediumseagreen-eel-531711.hostingersite.com\/#organization","name":"Bladna News.com","url":"https:\/\/mediumseagreen-eel-531711.hostingersite.com\/","logo":{"@type":"ImageObject","inLanguage":"fr-FR","@id":"https:\/\/mediumseagreen-eel-531711.hostingersite.com\/#\/schema\/logo\/image\/","url":"https:\/\/bladnanews.com\/wp-content\/uploads\/2025\/12\/logo-bladnanews-V2-web-black-red.png","contentUrl":"https:\/\/bladnanews.com\/wp-content\/uploads\/2025\/12\/logo-bladnanews-V2-web-black-red.png","width":703,"height":287,"caption":"Bladna News.com"},"image":{"@id":"https:\/\/mediumseagreen-eel-531711.hostingersite.com\/#\/schema\/logo\/image\/"},"email":"info@bladnanews.com","legalName":"Bladna News"},{"@type":"Person","@id":"https:\/\/mediumseagreen-eel-531711.hostingersite.com\/#\/schema\/person\/6712b38fabe810f7eb8d15ed30d90f1e","name":"Bladna Sports Desk","url":"https:\/\/bladnanews.com\/fr\/author\/bladna-sports-desk\/"}]}},"_links":{"self":[{"href":"https:\/\/bladnanews.com\/fr\/wp-json\/wp\/v2\/posts\/878","targetHints":{"allow":["GET"]}}],"collection":[{"href":"https:\/\/bladnanews.com\/fr\/wp-json\/wp\/v2\/posts"}],"about":[{"href":"https:\/\/bladnanews.com\/fr\/wp-json\/wp\/v2\/types\/post"}],"author":[{"embeddable":true,"href":"https:\/\/bladnanews.com\/fr\/wp-json\/wp\/v2\/users\/4"}],"replies":[{"embeddable":true,"href":"https:\/\/bladnanews.com\/fr\/wp-json\/wp\/v2\/comments?post=878"}],"version-history":[{"count":0,"href":"https:\/\/bladnanews.com\/fr\/wp-json\/wp\/v2\/posts\/878\/revisions"}],"wp:featuredmedia":[{"embeddable":true,"href":"https:\/\/bladnanews.com\/fr\/wp-json\/wp\/v2\/media\/877"}],"wp:attachment":[{"href":"https:\/\/bladnanews.com\/fr\/wp-json\/wp\/v2\/media?parent=878"}],"wp:term":[{"taxonomy":"category","embeddable":true,"href":"https:\/\/bladnanews.com\/fr\/wp-json\/wp\/v2\/categories?post=878"},{"taxonomy":"post_tag","embeddable":true,"href":"https:\/\/bladnanews.com\/fr\/wp-json\/wp\/v2\/tags?post=878"}],"curies":[{"name":"wp","href":"https:\/\/api.w.org\/{rel}","templated":true}]}}