{"id":888,"date":"2025-12-31T09:33:57","date_gmt":"2025-12-31T09:33:57","guid":{"rendered":"https:\/\/bladnanews.com\/why-didnt-diaz-get-called-up-by-spain-after-morocco-success\/"},"modified":"2025-12-31T09:33:57","modified_gmt":"2025-12-31T09:33:57","slug":"pourquoi-diaz-na-t-il-pas-ete-appele-par-lespagne-apres-son-succes-au-maroc","status":"publish","type":"post","link":"https:\/\/bladnanews.com\/fr\/pourquoi-diaz-na-t-il-pas-ete-appele-par-lespagne-apres-son-succes-au-maroc\/","title":{"rendered":"Pourquoi D\u00edaz n'a-t-il pas \u00e9t\u00e9 appel\u00e9 par l'Espagne apr\u00e8s son succ\u00e8s au Maroc ?"},"content":{"rendered":"<article>\n<p>Apr\u00e8s ses remarquables performances avec le Maroc, l'absence de Youssef D\u00edaz des derni\u00e8res s\u00e9lections espagnoles a suscit\u00e9 un d\u00e9bat consid\u00e9rable parmi les passionn\u00e9s de football et les analystes. Bien qu'il ait d\u00e9montr\u00e9 son talent sur la sc\u00e8ne internationale et contribu\u00e9 significativement aux r\u00e9cents succ\u00e8s du Maroc, D\u00edaz reste ignor\u00e9 par la direction de l'\u00e9quipe nationale espagnole.<\/p>\n<p>Le parcours de Youssef D\u00edaz est captivant, marqu\u00e9 par de solides prestations tant en club qu'en \u00e9quipe nationale. Son agilit\u00e9, sa conscience tactique et sa capacit\u00e9 \u00e0 marquer ont attir\u00e9 l'attention de nombreux observateurs, surtout apr\u00e8s les parcours impressionnants du Maroc dans les comp\u00e9titions r\u00e9gionales et continentales. Pourtant, la convocation attendue en \u00e9quipe d'Espagne ne s'est jamais concr\u00e9tis\u00e9e, soulevant des interrogations sur les facteurs derri\u00e8re cette omission.<\/p>\n<p>L'une des principales raisons tourne autour de l'abondance actuelle de talents \u00e0 son poste en Espagne. L'\u00e9quipe nationale dispose d'un effectif comp\u00e9titif d'ailiers et de milieux offensifs, entra\u00eenant une rivalit\u00e9 f\u00e9roce pour un nombre limit\u00e9 de places. Dans ce contexte, le staff technique a pu privil\u00e9gier des joueurs ayant une exp\u00e9rience \u00e9tablie ou correspondant \u00e0 des sch\u00e9mas tactiques sp\u00e9cifiques, laissant ainsi des espoirs \u00e9mergents comme D\u00edaz en p\u00e9riph\u00e9rie.<\/p>\n<p>De plus, le choix de D\u00edaz de repr\u00e9senter le Maroc au niveau international complique son statut d'\u00e9ligibilit\u00e9 concernant une \u00e9ventuelle implication future avec l'Espagne. Les r\u00e8glements de la FIFA stipulent qu'une fois qu'un joueur a particip\u00e9 \u00e0 des matches officiels pour une \u00e9quipe nationale senior, changer d'all\u00e9geance devient tr\u00e8s restreint. \u00c9tant donn\u00e9 que D\u00edaz a d\u00e9j\u00e0 jou\u00e9 un r\u00f4le important pour le Maroc, sa disponibilit\u00e9 pour l'Espagne est effectivement nulle, ce qui explique son absence des convocations espagnoles.<\/p>\n<p>Ce sc\u00e9nario met en lumi\u00e8re les d\u00e9fis nuanc\u00e9s auxquels sont souvent confront\u00e9s les joueurs binationaux. Bien que D\u00edaz poss\u00e8de des origines espagnoles et ait fait partie du syst\u00e8me de formation des jeunes en Espagne, sa d\u00e9cision de s'engager avec le Maroc souligne comment le recrutement des \u00e9quipes nationales et l'all\u00e9geance des joueurs se chevauchent et influencent fr\u00e9quemment les carri\u00e8res internationales.<\/p>\n<p>Du point de vue espagnol, la d\u00e9cision semble s'aligner sur leur cadre strat\u00e9gique visant \u00e0 d\u00e9velopper les talents dans un parcours sp\u00e9cifique, tout en investissant dans des joueurs pleinement engag\u00e9s pour la cause nationale. Entre-temps, la f\u00e9d\u00e9ration marocaine de football en a \u00e9norm\u00e9ment b\u00e9n\u00e9fici\u00e9, en acqu\u00e9rant un joueur du calibre de D\u00edaz, dont le flair et la cr\u00e9ativit\u00e9 ont contribu\u00e9 \u00e0 \u00e9lever son statut comp\u00e9titif.<\/p>\n<p>\u00c0 l'avenir, ce cas sert de rappel sur l'\u00e9volution du paysage footballistique mondial, o\u00f9 les identit\u00e9s nationales s'entrem\u00ealent avec les parcours de d\u00e9veloppement des joueurs. L'exemple de D\u00edaz illustre la complexit\u00e9 derri\u00e8re les dynamiques de s\u00e9lection et les choix personnels que les joueurs font lorsqu'ils \u00e9quilibrent h\u00e9ritage, opportunit\u00e9 et ambition professionnelle.<\/p>\n<p>Pour le c\u00f4t\u00e9 marocain, conserver D\u00edaz s'av\u00e8re un coup significatif, am\u00e9liorant la profondeur et la qualit\u00e9 de l'effectif alors qu'ils continuent de capitaliser sur leurs r\u00e9cents succ\u00e8s. Pour l'Espagne, la situation souligne \u00e0 la fois leur r\u00e9servoir dense de talents mais aussi le risque de passer \u00e0 c\u00f4t\u00e9 d'individus talentueux au milieu d'une comp\u00e9tition f\u00e9roce et de restrictions d'\u00e9ligibilit\u00e9.<\/p>\n<p>En fin de compte, la trajectoire de carri\u00e8re de Youssef D\u00edaz est embl\u00e9matique des th\u00e8mes plus larges du football international moderne : l'interaction entre le talent, la nationalit\u00e9 et l'opportunit\u00e9. Bien qu'il ne figure peut-\u00eatre pas dans les plans futurs de l'Espagne, son impact avec le Maroc est appel\u00e9 \u00e0 cro\u00eetre, attirant l'attention des clubs et des fans du monde entier, impatients d'assister au prochain chapitre de sa carri\u00e8re prometteuse.<\/p>\n<\/article>","protected":false},"excerpt":{"rendered":"<p>Following his remarkable performances with Morocco, the absence of Youssef D\u00edaz from Spain&#8217;s recent squad selections has sparked considerable debate [&hellip;]<\/p>\n","protected":false},"author":4,"featured_media":887,"comment_status":"","ping_status":"open","sticky":false,"template":"","format":"standard","meta":{"googlesitekit_rrm_CAow_uzEDA:productID":"","site-sidebar-layout":"default","site-content-layout":"","ast-site-content-layout":"default","site-content-style":"default","site-sidebar-style":"default","ast-global-header-display":"","ast-banner-title-visibility":"","ast-main-header-display":"","ast-hfb-above-header-display":"","ast-hfb-below-header-display":"","ast-hfb-mobile-header-display":"","site-post-title":"","ast-breadcrumbs-content":"","ast-featured-img":"","footer-sml-layout":"","ast-disable-related-posts":"","theme-transparent-header-meta":"","adv-header-id-meta":"","stick-header-meta":"","header-above-stick-meta":"","header-main-stick-meta":"","header-below-stick-meta":"","astra-migrate-meta-layouts":"default","ast-page-background-enabled":"default","ast-page-background-meta":{"desktop":{"background-color":"var(--ast-global-color-5)","background-image":"","background-repeat":"repeat","background-position":"center center","background-size":"auto","background-attachment":"scroll","background-type":"","background-media":"","overlay-type":"","overlay-color":"","overlay-opacity":"","overlay-gradient":""},"tablet":{"background-color":"","background-image":"","background-repeat":"repeat","background-position":"center center","background-size":"auto","background-attachment":"scroll","background-type":"","background-media":"","overlay-type":"","overlay-color":"","overlay-opacity":"","overlay-gradient":""},"mobile":{"background-color":"","background-image":"","background-repeat":"repeat","background-position":"center center","background-size":"auto","background-attachment":"scroll","background-type":"","background-media":"","overlay-type":"","overlay-color":"","overlay-opacity":"","overlay-gradient":""}},"ast-content-background-meta":{"desktop":{"background-color":"var(--ast-global-color-4)","background-image":"","background-repeat":"repeat","background-position":"center center","background-size":"auto","background-attachment":"scroll","background-type":"","background-media":"","overlay-type":"","overlay-color":"","overlay-opacity":"","overlay-gradient":""},"tablet":{"background-color":"var(--ast-global-color-4)","background-image":"","background-repeat":"repeat","background-position":"center center","background-size":"auto","background-attachment":"scroll","background-type":"","background-media":"","overlay-type":"","overlay-color":"","overlay-opacity":"","overlay-gradient":""},"mobile":{"background-color":"var(--ast-global-color-4)","background-image":"","background-repeat":"repeat","background-position":"center center","background-size":"auto","background-attachment":"scroll","background-type":"","background-media":"","overlay-type":"","overlay-color":"","overlay-opacity":"","overlay-gradient":""}},"footnotes":""},"categories":[1,168],"tags":[],"class_list":["post-888","post","type-post","status-publish","format-standard","has-post-thumbnail","hentry","category-football-latest-news","category-morocco-national-team"],"yoast_head":"<!-- This site is optimized with the Yoast SEO Premium plugin v26.6 (Yoast SEO v27.5) - https:\/\/yoast.com\/product\/yoast-seo-premium-wordpress\/ -->\n<title>Why Didn&#039;t D\u00edaz Get Called Up by Spain After Morocco Success? - Bladna News<\/title>\n<meta name=\"robots\" content=\"index, follow, max-snippet:-1, max-image-preview:large, max-video-preview:-1\" \/>\n<link rel=\"canonical\" href=\"https:\/\/mediumseagreen-eel-531711.hostingersite.com\/why-didnt-diaz-get-called-up-by-spain-after-morocco-success\/\" \/>\n<meta property=\"og:locale\" content=\"fr_FR\" \/>\n<meta property=\"og:type\" content=\"article\" \/>\n<meta property=\"og:title\" content=\"Why Didn&#039;t D\u00edaz Get Called Up by Spain After Morocco Success?\" \/>\n<meta property=\"og:description\" content=\"Following his remarkable performances with Morocco, the absence of Youssef D\u00edaz from Spain&#8217;s recent squad selections has sparked considerable debate [&hellip;]\" \/>\n<meta property=\"og:url\" content=\"https:\/\/mediumseagreen-eel-531711.hostingersite.com\/why-didnt-diaz-get-called-up-by-spain-after-morocco-success\/\" \/>\n<meta property=\"og:site_name\" content=\"Bladna News\" \/>\n<meta property=\"article:published_time\" content=\"2025-12-31T09:33:57+00:00\" \/>\n<meta property=\"og:image\" content=\"https:\/\/mediumseagreen-eel-531711.hostingersite.com\/wp-content\/uploads\/2025\/12\/GettyImages-2249462240.jpg.jpgWhy-Didnt-Diaz-Get-Called-Up-by-Spain-After-Morocco-Success-2025-12-31T165801.967Z.jpg\" \/>\n\t<meta property=\"og:image:width\" content=\"2560\" \/>\n\t<meta property=\"og:image:height\" content=\"1440\" \/>\n\t<meta property=\"og:image:type\" content=\"image\/jpeg\" \/>\n<meta name=\"author\" content=\"Bladna Sports Desk\" \/>\n<meta name=\"twitter:card\" content=\"summary_large_image\" \/>\n<meta name=\"twitter:label1\" content=\"\u00c9crit par\" \/>\n\t<meta name=\"twitter:data1\" content=\"Bladna Sports Desk\" \/>\n\t<meta name=\"twitter:label2\" content=\"Dur\u00e9e de lecture estim\u00e9e\" \/>\n\t<meta name=\"twitter:data2\" content=\"2 minutes\" \/>\n<script type=\"application\/ld+json\" class=\"yoast-schema-graph\">{\"@context\":\"https:\\\/\\\/schema.org\",\"@graph\":[{\"@type\":\"Article\",\"@id\":\"https:\\\/\\\/mediumseagreen-eel-531711.hostingersite.com\\\/why-didnt-diaz-get-called-up-by-spain-after-morocco-success\\\/#article\",\"isPartOf\":{\"@id\":\"https:\\\/\\\/mediumseagreen-eel-531711.hostingersite.com\\\/why-didnt-diaz-get-called-up-by-spain-after-morocco-success\\\/\"},\"author\":{\"name\":\"Bladna Sports Desk\",\"@id\":\"https:\\\/\\\/mediumseagreen-eel-531711.hostingersite.com\\\/#\\\/schema\\\/person\\\/6712b38fabe810f7eb8d15ed30d90f1e\"},\"headline\":\"Why Didn&#8217;t D\u00edaz Get Called Up by Spain After Morocco Success?\",\"datePublished\":\"2025-12-31T09:33:57+00:00\",\"mainEntityOfPage\":{\"@id\":\"https:\\\/\\\/mediumseagreen-eel-531711.hostingersite.com\\\/why-didnt-diaz-get-called-up-by-spain-after-morocco-success\\\/\"},\"wordCount\":516,\"publisher\":{\"@id\":\"https:\\\/\\\/mediumseagreen-eel-531711.hostingersite.com\\\/#organization\"},\"image\":{\"@id\":\"https:\\\/\\\/mediumseagreen-eel-531711.hostingersite.com\\\/why-didnt-diaz-get-called-up-by-spain-after-morocco-success\\\/#primaryimage\"},\"thumbnailUrl\":\"https:\\\/\\\/bladnanews.com\\\/wp-content\\\/uploads\\\/2025\\\/12\\\/GettyImages-2249462240.jpg.jpgWhy-Didnt-Diaz-Get-Called-Up-by-Spain-After-Morocco-Success-2025-12-31T165801.967Z.jpg\",\"articleSection\":[\"Latest News\",\"Morocco National Team\"],\"inLanguage\":\"fr-FR\",\"copyrightYear\":\"2025\",\"copyrightHolder\":{\"@id\":\"https:\\\/\\\/bladnanews.com\\\/fr\\\/#organization\"}},{\"@type\":\"WebPage\",\"@id\":\"https:\\\/\\\/mediumseagreen-eel-531711.hostingersite.com\\\/why-didnt-diaz-get-called-up-by-spain-after-morocco-success\\\/\",\"url\":\"https:\\\/\\\/mediumseagreen-eel-531711.hostingersite.com\\\/why-didnt-diaz-get-called-up-by-spain-after-morocco-success\\\/\",\"name\":\"Why Didn't D\u00edaz Get Called Up by Spain After Morocco Success? - Bladna News\",\"isPartOf\":{\"@id\":\"https:\\\/\\\/mediumseagreen-eel-531711.hostingersite.com\\\/#website\"},\"primaryImageOfPage\":{\"@id\":\"https:\\\/\\\/mediumseagreen-eel-531711.hostingersite.com\\\/why-didnt-diaz-get-called-up-by-spain-after-morocco-success\\\/#primaryimage\"},\"image\":{\"@id\":\"https:\\\/\\\/mediumseagreen-eel-531711.hostingersite.com\\\/why-didnt-diaz-get-called-up-by-spain-after-morocco-success\\\/#primaryimage\"},\"thumbnailUrl\":\"https:\\\/\\\/bladnanews.com\\\/wp-content\\\/uploads\\\/2025\\\/12\\\/GettyImages-2249462240.jpg.jpgWhy-Didnt-Diaz-Get-Called-Up-by-Spain-After-Morocco-Success-2025-12-31T165801.967Z.jpg\",\"datePublished\":\"2025-12-31T09:33:57+00:00\",\"breadcrumb\":{\"@id\":\"https:\\\/\\\/mediumseagreen-eel-531711.hostingersite.com\\\/why-didnt-diaz-get-called-up-by-spain-after-morocco-success\\\/#breadcrumb\"},\"inLanguage\":\"fr-FR\",\"potentialAction\":[{\"@type\":\"ReadAction\",\"target\":[\"https:\\\/\\\/mediumseagreen-eel-531711.hostingersite.com\\\/why-didnt-diaz-get-called-up-by-spain-after-morocco-success\\\/\"]}]},{\"@type\":\"ImageObject\",\"inLanguage\":\"fr-FR\",\"@id\":\"https:\\\/\\\/mediumseagreen-eel-531711.hostingersite.com\\\/why-didnt-diaz-get-called-up-by-spain-after-morocco-success\\\/#primaryimage\",\"url\":\"https:\\\/\\\/bladnanews.com\\\/wp-content\\\/uploads\\\/2025\\\/12\\\/GettyImages-2249462240.jpg.jpgWhy-Didnt-Diaz-Get-Called-Up-by-Spain-After-Morocco-Success-2025-12-31T165801.967Z.jpg\",\"contentUrl\":\"https:\\\/\\\/bladnanews.com\\\/wp-content\\\/uploads\\\/2025\\\/12\\\/GettyImages-2249462240.jpg.jpgWhy-Didnt-Diaz-Get-Called-Up-by-Spain-After-Morocco-Success-2025-12-31T165801.967Z.jpg\",\"width\":2560,\"height\":1440},{\"@type\":\"BreadcrumbList\",\"@id\":\"https:\\\/\\\/mediumseagreen-eel-531711.hostingersite.com\\\/why-didnt-diaz-get-called-up-by-spain-after-morocco-success\\\/#breadcrumb\",\"itemListElement\":[{\"@type\":\"ListItem\",\"position\":1,\"name\":\"Home\",\"item\":\"https:\\\/\\\/bladnanews.com\\\/\"},{\"@type\":\"ListItem\",\"position\":2,\"name\":\"Why Didn&#8217;t D\u00edaz Get Called Up by Spain After Morocco Success?\"}]},{\"@type\":\"WebSite\",\"@id\":\"https:\\\/\\\/mediumseagreen-eel-531711.hostingersite.com\\\/#website\",\"url\":\"https:\\\/\\\/mediumseagreen-eel-531711.hostingersite.com\\\/\",\"name\":\"Bladna News - Morocco\",\"description\":\"Where Moroccan Football Meets the World\",\"publisher\":{\"@id\":\"https:\\\/\\\/mediumseagreen-eel-531711.hostingersite.com\\\/#organization\"},\"potentialAction\":[{\"@type\":\"SearchAction\",\"target\":{\"@type\":\"EntryPoint\",\"urlTemplate\":\"https:\\\/\\\/mediumseagreen-eel-531711.hostingersite.com\\\/?s={search_term_string}\"},\"query-input\":{\"@type\":\"PropertyValueSpecification\",\"valueRequired\":true,\"valueName\":\"search_term_string\"}}],\"inLanguage\":\"fr-FR\"},{\"@type\":\"Organization\",\"@id\":\"https:\\\/\\\/mediumseagreen-eel-531711.hostingersite.com\\\/#organization\",\"name\":\"Bladna News.com\",\"url\":\"https:\\\/\\\/mediumseagreen-eel-531711.hostingersite.com\\\/\",\"logo\":{\"@type\":\"ImageObject\",\"inLanguage\":\"fr-FR\",\"@id\":\"https:\\\/\\\/mediumseagreen-eel-531711.hostingersite.com\\\/#\\\/schema\\\/logo\\\/image\\\/\",\"url\":\"https:\\\/\\\/bladnanews.com\\\/wp-content\\\/uploads\\\/2025\\\/12\\\/logo-bladnanews-V2-web-black-red.png\",\"contentUrl\":\"https:\\\/\\\/bladnanews.com\\\/wp-content\\\/uploads\\\/2025\\\/12\\\/logo-bladnanews-V2-web-black-red.png\",\"width\":703,\"height\":287,\"caption\":\"Bladna News.com\"},\"image\":{\"@id\":\"https:\\\/\\\/mediumseagreen-eel-531711.hostingersite.com\\\/#\\\/schema\\\/logo\\\/image\\\/\"},\"email\":\"info@bladnanews.com\",\"legalName\":\"Bladna News\"},{\"@type\":\"Person\",\"@id\":\"https:\\\/\\\/mediumseagreen-eel-531711.hostingersite.com\\\/#\\\/schema\\\/person\\\/6712b38fabe810f7eb8d15ed30d90f1e\",\"name\":\"Bladna Sports Desk\",\"url\":\"https:\\\/\\\/bladnanews.com\\\/fr\\\/author\\\/bladna-sports-desk\\\/\"}]}<\/script>\n<!-- \/ Yoast SEO Premium plugin. -->","yoast_head_json":{"title":"Pourquoi D\u00edaz n'a-t-il pas \u00e9t\u00e9 appel\u00e9 par l'Espagne apr\u00e8s son succ\u00e8s au Maroc ? - Bladna News","robots":{"index":"index","follow":"follow","max-snippet":"max-snippet:-1","max-image-preview":"max-image-preview:large","max-video-preview":"max-video-preview:-1"},"canonical":"https:\/\/mediumseagreen-eel-531711.hostingersite.com\/why-didnt-diaz-get-called-up-by-spain-after-morocco-success\/","og_locale":"fr_FR","og_type":"article","og_title":"Why Didn't D\u00edaz Get Called Up by Spain After Morocco Success?","og_description":"Following his remarkable performances with Morocco, the absence of Youssef D\u00edaz from Spain&#8217;s recent squad selections has sparked considerable debate [&hellip;]","og_url":"https:\/\/mediumseagreen-eel-531711.hostingersite.com\/why-didnt-diaz-get-called-up-by-spain-after-morocco-success\/","og_site_name":"Bladna News","article_published_time":"2025-12-31T09:33:57+00:00","og_image":[{"width":2560,"height":1440,"url":"https:\/\/mediumseagreen-eel-531711.hostingersite.com\/wp-content\/uploads\/2025\/12\/GettyImages-2249462240.jpg.jpgWhy-Didnt-Diaz-Get-Called-Up-by-Spain-After-Morocco-Success-2025-12-31T165801.967Z.jpg","type":"image\/jpeg"}],"author":"Bladna Sports Desk","twitter_card":"summary_large_image","twitter_misc":{"\u00c9crit par":"Bladna Sports Desk","Dur\u00e9e de lecture estim\u00e9e":"2 minutes"},"schema":{"@context":"https:\/\/schema.org","@graph":[{"@type":"Article","@id":"https:\/\/mediumseagreen-eel-531711.hostingersite.com\/why-didnt-diaz-get-called-up-by-spain-after-morocco-success\/#article","isPartOf":{"@id":"https:\/\/mediumseagreen-eel-531711.hostingersite.com\/why-didnt-diaz-get-called-up-by-spain-after-morocco-success\/"},"author":{"name":"Bladna Sports Desk","@id":"https:\/\/mediumseagreen-eel-531711.hostingersite.com\/#\/schema\/person\/6712b38fabe810f7eb8d15ed30d90f1e"},"headline":"Why Didn&#8217;t D\u00edaz Get Called Up by Spain After Morocco Success?","datePublished":"2025-12-31T09:33:57+00:00","mainEntityOfPage":{"@id":"https:\/\/mediumseagreen-eel-531711.hostingersite.com\/why-didnt-diaz-get-called-up-by-spain-after-morocco-success\/"},"wordCount":516,"publisher":{"@id":"https:\/\/mediumseagreen-eel-531711.hostingersite.com\/#organization"},"image":{"@id":"https:\/\/mediumseagreen-eel-531711.hostingersite.com\/why-didnt-diaz-get-called-up-by-spain-after-morocco-success\/#primaryimage"},"thumbnailUrl":"https:\/\/bladnanews.com\/wp-content\/uploads\/2025\/12\/GettyImages-2249462240.jpg.jpgWhy-Didnt-Diaz-Get-Called-Up-by-Spain-After-Morocco-Success-2025-12-31T165801.967Z.jpg","articleSection":["Latest News","Morocco National Team"],"inLanguage":"fr-FR","copyrightYear":"2025","copyrightHolder":{"@id":"https:\/\/bladnanews.com\/fr\/#organization"}},{"@type":"WebPage","@id":"https:\/\/mediumseagreen-eel-531711.hostingersite.com\/why-didnt-diaz-get-called-up-by-spain-after-morocco-success\/","url":"https:\/\/mediumseagreen-eel-531711.hostingersite.com\/why-didnt-diaz-get-called-up-by-spain-after-morocco-success\/","name":"Pourquoi D\u00edaz n'a-t-il pas \u00e9t\u00e9 appel\u00e9 par l'Espagne apr\u00e8s son succ\u00e8s au Maroc ? - Bladna News","isPartOf":{"@id":"https:\/\/mediumseagreen-eel-531711.hostingersite.com\/#website"},"primaryImageOfPage":{"@id":"https:\/\/mediumseagreen-eel-531711.hostingersite.com\/why-didnt-diaz-get-called-up-by-spain-after-morocco-success\/#primaryimage"},"image":{"@id":"https:\/\/mediumseagreen-eel-531711.hostingersite.com\/why-didnt-diaz-get-called-up-by-spain-after-morocco-success\/#primaryimage"},"thumbnailUrl":"https:\/\/bladnanews.com\/wp-content\/uploads\/2025\/12\/GettyImages-2249462240.jpg.jpgWhy-Didnt-Diaz-Get-Called-Up-by-Spain-After-Morocco-Success-2025-12-31T165801.967Z.jpg","datePublished":"2025-12-31T09:33:57+00:00","breadcrumb":{"@id":"https:\/\/mediumseagreen-eel-531711.hostingersite.com\/why-didnt-diaz-get-called-up-by-spain-after-morocco-success\/#breadcrumb"},"inLanguage":"fr-FR","potentialAction":[{"@type":"ReadAction","target":["https:\/\/mediumseagreen-eel-531711.hostingersite.com\/why-didnt-diaz-get-called-up-by-spain-after-morocco-success\/"]}]},{"@type":"ImageObject","inLanguage":"fr-FR","@id":"https:\/\/mediumseagreen-eel-531711.hostingersite.com\/why-didnt-diaz-get-called-up-by-spain-after-morocco-success\/#primaryimage","url":"https:\/\/bladnanews.com\/wp-content\/uploads\/2025\/12\/GettyImages-2249462240.jpg.jpgWhy-Didnt-Diaz-Get-Called-Up-by-Spain-After-Morocco-Success-2025-12-31T165801.967Z.jpg","contentUrl":"https:\/\/bladnanews.com\/wp-content\/uploads\/2025\/12\/GettyImages-2249462240.jpg.jpgWhy-Didnt-Diaz-Get-Called-Up-by-Spain-After-Morocco-Success-2025-12-31T165801.967Z.jpg","width":2560,"height":1440},{"@type":"BreadcrumbList","@id":"https:\/\/mediumseagreen-eel-531711.hostingersite.com\/why-didnt-diaz-get-called-up-by-spain-after-morocco-success\/#breadcrumb","itemListElement":[{"@type":"ListItem","position":1,"name":"Home","item":"https:\/\/bladnanews.com\/"},{"@type":"ListItem","position":2,"name":"Why Didn&#8217;t D\u00edaz Get Called Up by Spain After Morocco Success?"}]},{"@type":"WebSite","@id":"https:\/\/mediumseagreen-eel-531711.hostingersite.com\/#website","url":"https:\/\/mediumseagreen-eel-531711.hostingersite.com\/","name":"Bladna News - Maroc","description":"Quand le football marocain rencontre le monde","publisher":{"@id":"https:\/\/mediumseagreen-eel-531711.hostingersite.com\/#organization"},"potentialAction":[{"@type":"SearchAction","target":{"@type":"EntryPoint","urlTemplate":"https:\/\/mediumseagreen-eel-531711.hostingersite.com\/?s={search_term_string}"},"query-input":{"@type":"PropertyValueSpecification","valueRequired":true,"valueName":"search_term_string"}}],"inLanguage":"fr-FR"},{"@type":"Organization","@id":"https:\/\/mediumseagreen-eel-531711.hostingersite.com\/#organization","name":"Bladna News.com","url":"https:\/\/mediumseagreen-eel-531711.hostingersite.com\/","logo":{"@type":"ImageObject","inLanguage":"fr-FR","@id":"https:\/\/mediumseagreen-eel-531711.hostingersite.com\/#\/schema\/logo\/image\/","url":"https:\/\/bladnanews.com\/wp-content\/uploads\/2025\/12\/logo-bladnanews-V2-web-black-red.png","contentUrl":"https:\/\/bladnanews.com\/wp-content\/uploads\/2025\/12\/logo-bladnanews-V2-web-black-red.png","width":703,"height":287,"caption":"Bladna News.com"},"image":{"@id":"https:\/\/mediumseagreen-eel-531711.hostingersite.com\/#\/schema\/logo\/image\/"},"email":"info@bladnanews.com","legalName":"Bladna News"},{"@type":"Person","@id":"https:\/\/mediumseagreen-eel-531711.hostingersite.com\/#\/schema\/person\/6712b38fabe810f7eb8d15ed30d90f1e","name":"Bladna Sports Desk","url":"https:\/\/bladnanews.com\/fr\/author\/bladna-sports-desk\/"}]}},"_links":{"self":[{"href":"https:\/\/bladnanews.com\/fr\/wp-json\/wp\/v2\/posts\/888","targetHints":{"allow":["GET"]}}],"collection":[{"href":"https:\/\/bladnanews.com\/fr\/wp-json\/wp\/v2\/posts"}],"about":[{"href":"https:\/\/bladnanews.com\/fr\/wp-json\/wp\/v2\/types\/post"}],"author":[{"embeddable":true,"href":"https:\/\/bladnanews.com\/fr\/wp-json\/wp\/v2\/users\/4"}],"replies":[{"embeddable":true,"href":"https:\/\/bladnanews.com\/fr\/wp-json\/wp\/v2\/comments?post=888"}],"version-history":[{"count":0,"href":"https:\/\/bladnanews.com\/fr\/wp-json\/wp\/v2\/posts\/888\/revisions"}],"wp:featuredmedia":[{"embeddable":true,"href":"https:\/\/bladnanews.com\/fr\/wp-json\/wp\/v2\/media\/887"}],"wp:attachment":[{"href":"https:\/\/bladnanews.com\/fr\/wp-json\/wp\/v2\/media?parent=888"}],"wp:term":[{"taxonomy":"category","embeddable":true,"href":"https:\/\/bladnanews.com\/fr\/wp-json\/wp\/v2\/categories?post=888"},{"taxonomy":"post_tag","embeddable":true,"href":"https:\/\/bladnanews.com\/fr\/wp-json\/wp\/v2\/tags?post=888"}],"curies":[{"name":"wp","href":"https:\/\/api.w.org\/{rel}","templated":true}]}}