{"id":896,"date":"2025-12-31T10:19:12","date_gmt":"2025-12-31T10:19:12","guid":{"rendered":"https:\/\/bladnanews.com\/emi-martinez-seethes-at-arsenal-fans-in-heated-emirates-clash\/"},"modified":"2025-12-31T10:19:12","modified_gmt":"2025-12-31T10:19:12","slug":"emi-martinez-bouillonne-contre-les-fans-darsenal-lors-dun-affrontement-tendu-a-lemirates","status":"publish","type":"post","link":"https:\/\/bladnanews.com\/fr\/emi-martinez-bouillonne-contre-les-fans-darsenal-lors-dun-affrontement-tendu-a-lemirates\/","title":{"rendered":"Emi Martinez se f\u00e2che contre les fans d'Arsenal lors d'un affrontement chaud \u00e0 l'Emirates."},"content":{"rendered":"<p><html><br \/>\n<body><\/p>\n<p>L'intense confrontation d'Emiliano Mart\u00ednez avec les supporters d'Arsenal lors de la visite d'Aston Villa au stade Emirates samedi soir est devenue l'un des \u00e9pisodes les plus comment\u00e9s du week-end de la Premier League. La frustration visible du gardien de Villa a d\u00e9clench\u00e9 un \u00e9change houleux qui a n\u00e9cessit\u00e9 l'intervention du personnel pour emp\u00eacher la situation de d\u00e9g\u00e9n\u00e9rer davantage.<\/p>\n<p>L'affrontement s'est d\u00e9roul\u00e9 tard dans le match, avec des tensions \u00e9lev\u00e9es entre les deux groupes de supporters et de joueurs. Apr\u00e8s avoir ni\u00e9 \u00e0 Arsenal plusieurs tentatives de but tout au long du match, Mart\u00ednez a sembl\u00e9 c\u00e9l\u00e9brer avec un niveau de passion qui a franchi la ligne de la provocation. Ses gestes et ses r\u00e9ponses vocales semblaient directement destin\u00e9s au public local, suscitant des r\u00e9actions imm\u00e9diates et v\u00e9h\u00e9mentes de la part des supporters d'Arsenal.<\/p>\n<p>Le personnel de Villa est rapidement intervenu pour restrindre Mart\u00ednez, d\u00e9sireux de d\u00e9samorcer ce qui aurait pu d\u00e9g\u00e9n\u00e9rer en un incident plus s\u00e9rieux. Le gardien, connu pour son temp\u00e9rament fougueux et son esprit comp\u00e9titif, \u00e9tait visiblement agit\u00e9 par les provocations des tribunes et n'a pas h\u00e9sit\u00e9 \u00e0 r\u00e9pondre de mani\u00e8re d\u00e9fiant. Le va-et-vient v\u00e9h\u00e9ment a ajout\u00e9 une couche suppl\u00e9mentaire de drame \u00e0 un match d\u00e9j\u00e0 intense, \u00e9clipsant finalement l'action sur le terrain dans une certaine mesure.<\/p>\n<p>Plus t\u00f4t dans le match, Mart\u00ednez a jou\u00e9 un r\u00f4le cl\u00e9 pour maintenir Villa en lice, r\u00e9alisant une s\u00e9rie d'arr\u00eats cruciaux qui ont restreint la puissance offensive d'Arsenal. Sa performance a soulign\u00e9 son importance pour l'\u00e9quipe et a d\u00e9montr\u00e9 pourquoi il est consid\u00e9r\u00e9 comme l'un des meilleurs gardiens de but du football anglais. Cependant, sa capacit\u00e9 \u00e0 maintenir son calme a \u00e9t\u00e9 mise \u00e0 l'\u00e9preuve par l'atmosph\u00e8re hostile \u00e0 l'int\u00e9rieur de l'Emirates, o\u00f9 des fans passionn\u00e9s d'Arsenal ont fait sentir leur pr\u00e9sence tout au long du match.<\/p>\n<p>Les discussions d'apr\u00e8s-match concernant le comportement de Mart\u00ednez ont \u00e9t\u00e9 divis\u00e9es. Certains ont lou\u00e9 le gardien pour sa passion et son engagement, consid\u00e9rant son affichage \u00e9motionnel comme un reflet de son d\u00e9sir de gagner et de d\u00e9fendre son club. D'autres ont critiqu\u00e9 la provocation comme \u00e9tant inutile, arguant qu'elle risquait d'inciter \u00e0 une animosit\u00e9 suppl\u00e9mentaire et de nuire \u00e0 l'esprit du jeu.<\/p>\n<p>L'entra\u00eeneur d'Arsenal et les joueurs \u00e9taient largement concentr\u00e9s sur les prochaines rencontres mais ont reconnu l'incident lorsqu'on leur a pos\u00e9 des questions. Ils ont soulign\u00e9 l'importance du respect entre les joueurs et les supporters, tout en mettant \u00e9galement en avant la nature comp\u00e9titive des rencontres entre des clubs ayant une riche histoire de rivalit\u00e9.<\/p>\n<p>La r\u00e9action de Mart\u00ednez n'est pas un exemple isol\u00e9 des interactions entre joueurs et fans lors de matchs \u00e0 enjeux \u00e9lev\u00e9s, mais elle rappelle comment les \u00e9motions peuvent s'emballer sur les plus grandes sc\u00e8nes du football. La Premier League voit souvent de tels moments, o\u00f9 passion et provocation brouillent les fronti\u00e8res, suscitant des d\u00e9bats sur le fair-play et le professionnalisme.<\/p>\n<p>\u00c0 mesure que la saison progresse, Arsenal et Aston Villa chercheront probablement \u00e0 canaliser leur intensit\u00e9 de mani\u00e8re plus contr\u00f4l\u00e9e, en se concentrant sur des performances qui contribuent positivement \u00e0 leurs campagnes. Pour Mart\u00ednez, le d\u00e9fi sera de trouver un \u00e9quilibre entre son esprit comp\u00e9titif et la n\u00e9cessit\u00e9 de maintenir la discipline et d'\u00e9viter des sanctions qui pourraient affecter sa disponibilit\u00e9 pour des matchs cruciaux.<\/p>\n<p>En fin de compte, cet incident \u00e0 l'Emirates a mis en lumi\u00e8re la rivalit\u00e9 f\u00e9roce et l'investissement \u00e9motionnel que le football suscite chez les joueurs et les fans, renfor\u00e7ant pourquoi la Premier League reste l'une des comp\u00e9titions les plus captivantes au monde.<\/p>\n<p><\/body><br \/>\n<\/html><\/p>","protected":false},"excerpt":{"rendered":"<p>Emiliano Mart\u00ednez&#8217;s intense confrontation with Arsenal supporters during Aston Villa&#8217;s visit to the Emirates Stadium on Saturday evening has become [&hellip;]<\/p>\n","protected":false},"author":3,"featured_media":895,"comment_status":"","ping_status":"open","sticky":false,"template":"","format":"standard","meta":{"googlesitekit_rrm_CAow_uzEDA:productID":"","site-sidebar-layout":"default","site-content-layout":"","ast-site-content-layout":"default","site-content-style":"default","site-sidebar-style":"default","ast-global-header-display":"","ast-banner-title-visibility":"","ast-main-header-display":"","ast-hfb-above-header-display":"","ast-hfb-below-header-display":"","ast-hfb-mobile-header-display":"","site-post-title":"","ast-breadcrumbs-content":"","ast-featured-img":"","footer-sml-layout":"","ast-disable-related-posts":"","theme-transparent-header-meta":"","adv-header-id-meta":"","stick-header-meta":"","header-above-stick-meta":"","header-main-stick-meta":"","header-below-stick-meta":"","astra-migrate-meta-layouts":"default","ast-page-background-enabled":"default","ast-page-background-meta":{"desktop":{"background-color":"var(--ast-global-color-5)","background-image":"","background-repeat":"repeat","background-position":"center center","background-size":"auto","background-attachment":"scroll","background-type":"","background-media":"","overlay-type":"","overlay-color":"","overlay-opacity":"","overlay-gradient":""},"tablet":{"background-color":"","background-image":"","background-repeat":"repeat","background-position":"center center","background-size":"auto","background-attachment":"scroll","background-type":"","background-media":"","overlay-type":"","overlay-color":"","overlay-opacity":"","overlay-gradient":""},"mobile":{"background-color":"","background-image":"","background-repeat":"repeat","background-position":"center center","background-size":"auto","background-attachment":"scroll","background-type":"","background-media":"","overlay-type":"","overlay-color":"","overlay-opacity":"","overlay-gradient":""}},"ast-content-background-meta":{"desktop":{"background-color":"var(--ast-global-color-4)","background-image":"","background-repeat":"repeat","background-position":"center center","background-size":"auto","background-attachment":"scroll","background-type":"","background-media":"","overlay-type":"","overlay-color":"","overlay-opacity":"","overlay-gradient":""},"tablet":{"background-color":"var(--ast-global-color-4)","background-image":"","background-repeat":"repeat","background-position":"center center","background-size":"auto","background-attachment":"scroll","background-type":"","background-media":"","overlay-type":"","overlay-color":"","overlay-opacity":"","overlay-gradient":""},"mobile":{"background-color":"var(--ast-global-color-4)","background-image":"","background-repeat":"repeat","background-position":"center center","background-size":"auto","background-attachment":"scroll","background-type":"","background-media":"","overlay-type":"","overlay-color":"","overlay-opacity":"","overlay-gradient":""}},"footnotes":""},"categories":[20,1],"tags":[],"class_list":["post-896","post","type-post","status-publish","format-standard","has-post-thumbnail","hentry","category-international","category-football-latest-news"],"yoast_head":"<!-- This site is optimized with the Yoast SEO Premium plugin v26.6 (Yoast SEO v27.5) - https:\/\/yoast.com\/product\/yoast-seo-premium-wordpress\/ -->\n<title>Emi Martinez Seethes at Arsenal Fans in Heated Emirates Clash - Bladna News<\/title>\n<meta name=\"robots\" content=\"index, follow, max-snippet:-1, max-image-preview:large, max-video-preview:-1\" \/>\n<link rel=\"canonical\" href=\"https:\/\/mediumseagreen-eel-531711.hostingersite.com\/emi-martinez-seethes-at-arsenal-fans-in-heated-emirates-clash\/\" \/>\n<meta property=\"og:locale\" content=\"fr_FR\" \/>\n<meta property=\"og:type\" content=\"article\" \/>\n<meta property=\"og:title\" content=\"Emi Martinez Seethes at Arsenal Fans in Heated Emirates Clash\" \/>\n<meta property=\"og:description\" content=\"Emiliano Mart\u00ednez&#8217;s intense confrontation with Arsenal supporters during Aston Villa&#8217;s visit to the Emirates Stadium on Saturday evening has become [&hellip;]\" \/>\n<meta property=\"og:url\" content=\"https:\/\/mediumseagreen-eel-531711.hostingersite.com\/emi-martinez-seethes-at-arsenal-fans-in-heated-emirates-clash\/\" \/>\n<meta property=\"og:site_name\" content=\"Bladna News\" \/>\n<meta property=\"article:published_time\" content=\"2025-12-31T10:19:12+00:00\" \/>\n<meta property=\"og:image\" content=\"https:\/\/mediumseagreen-eel-531711.hostingersite.com\/wp-content\/uploads\/2025\/12\/BladnaNews-Emi-Martinez-Seethes-at-Arsenal-Fans-in-Heated-Emirates-Clash-2025-12-31T170259.916Z.jpg\" \/>\n\t<meta property=\"og:image:width\" content=\"1600\" \/>\n\t<meta property=\"og:image:height\" content=\"900\" \/>\n\t<meta property=\"og:image:type\" content=\"image\/jpeg\" \/>\n<meta name=\"author\" content=\"Bladna News Staff\" \/>\n<meta name=\"twitter:card\" content=\"summary_large_image\" \/>\n<meta name=\"twitter:label1\" content=\"\u00c9crit par\" \/>\n\t<meta name=\"twitter:data1\" content=\"Bladna News Staff\" \/>\n\t<meta name=\"twitter:label2\" content=\"Dur\u00e9e de lecture estim\u00e9e\" \/>\n\t<meta name=\"twitter:data2\" content=\"3 minutes\" \/>\n<script type=\"application\/ld+json\" class=\"yoast-schema-graph\">{\"@context\":\"https:\\\/\\\/schema.org\",\"@graph\":[{\"@type\":\"Article\",\"@id\":\"https:\\\/\\\/mediumseagreen-eel-531711.hostingersite.com\\\/emi-martinez-seethes-at-arsenal-fans-in-heated-emirates-clash\\\/#article\",\"isPartOf\":{\"@id\":\"https:\\\/\\\/mediumseagreen-eel-531711.hostingersite.com\\\/emi-martinez-seethes-at-arsenal-fans-in-heated-emirates-clash\\\/\"},\"author\":{\"name\":\"Bladna News Staff\",\"@id\":\"https:\\\/\\\/mediumseagreen-eel-531711.hostingersite.com\\\/#\\\/schema\\\/person\\\/268e18a453ab080ebf76df6ef7845083\"},\"headline\":\"Emi Martinez Seethes at Arsenal Fans in Heated Emirates Clash\",\"datePublished\":\"2025-12-31T10:19:12+00:00\",\"mainEntityOfPage\":{\"@id\":\"https:\\\/\\\/mediumseagreen-eel-531711.hostingersite.com\\\/emi-martinez-seethes-at-arsenal-fans-in-heated-emirates-clash\\\/\"},\"wordCount\":519,\"publisher\":{\"@id\":\"https:\\\/\\\/mediumseagreen-eel-531711.hostingersite.com\\\/#organization\"},\"image\":{\"@id\":\"https:\\\/\\\/mediumseagreen-eel-531711.hostingersite.com\\\/emi-martinez-seethes-at-arsenal-fans-in-heated-emirates-clash\\\/#primaryimage\"},\"thumbnailUrl\":\"https:\\\/\\\/bladnanews.com\\\/wp-content\\\/uploads\\\/2025\\\/12\\\/BladnaNews-Emi-Martinez-Seethes-at-Arsenal-Fans-in-Heated-Emirates-Clash-2025-12-31T170259.916Z.jpg\",\"articleSection\":[\"International\",\"Latest News\"],\"inLanguage\":\"fr-FR\",\"copyrightYear\":\"2025\",\"copyrightHolder\":{\"@id\":\"https:\\\/\\\/bladnanews.com\\\/fr\\\/#organization\"}},{\"@type\":\"WebPage\",\"@id\":\"https:\\\/\\\/mediumseagreen-eel-531711.hostingersite.com\\\/emi-martinez-seethes-at-arsenal-fans-in-heated-emirates-clash\\\/\",\"url\":\"https:\\\/\\\/mediumseagreen-eel-531711.hostingersite.com\\\/emi-martinez-seethes-at-arsenal-fans-in-heated-emirates-clash\\\/\",\"name\":\"Emi Martinez Seethes at Arsenal Fans in Heated Emirates Clash - Bladna News\",\"isPartOf\":{\"@id\":\"https:\\\/\\\/mediumseagreen-eel-531711.hostingersite.com\\\/#website\"},\"primaryImageOfPage\":{\"@id\":\"https:\\\/\\\/mediumseagreen-eel-531711.hostingersite.com\\\/emi-martinez-seethes-at-arsenal-fans-in-heated-emirates-clash\\\/#primaryimage\"},\"image\":{\"@id\":\"https:\\\/\\\/mediumseagreen-eel-531711.hostingersite.com\\\/emi-martinez-seethes-at-arsenal-fans-in-heated-emirates-clash\\\/#primaryimage\"},\"thumbnailUrl\":\"https:\\\/\\\/bladnanews.com\\\/wp-content\\\/uploads\\\/2025\\\/12\\\/BladnaNews-Emi-Martinez-Seethes-at-Arsenal-Fans-in-Heated-Emirates-Clash-2025-12-31T170259.916Z.jpg\",\"datePublished\":\"2025-12-31T10:19:12+00:00\",\"breadcrumb\":{\"@id\":\"https:\\\/\\\/mediumseagreen-eel-531711.hostingersite.com\\\/emi-martinez-seethes-at-arsenal-fans-in-heated-emirates-clash\\\/#breadcrumb\"},\"inLanguage\":\"fr-FR\",\"potentialAction\":[{\"@type\":\"ReadAction\",\"target\":[\"https:\\\/\\\/mediumseagreen-eel-531711.hostingersite.com\\\/emi-martinez-seethes-at-arsenal-fans-in-heated-emirates-clash\\\/\"]}]},{\"@type\":\"ImageObject\",\"inLanguage\":\"fr-FR\",\"@id\":\"https:\\\/\\\/mediumseagreen-eel-531711.hostingersite.com\\\/emi-martinez-seethes-at-arsenal-fans-in-heated-emirates-clash\\\/#primaryimage\",\"url\":\"https:\\\/\\\/bladnanews.com\\\/wp-content\\\/uploads\\\/2025\\\/12\\\/BladnaNews-Emi-Martinez-Seethes-at-Arsenal-Fans-in-Heated-Emirates-Clash-2025-12-31T170259.916Z.jpg\",\"contentUrl\":\"https:\\\/\\\/bladnanews.com\\\/wp-content\\\/uploads\\\/2025\\\/12\\\/BladnaNews-Emi-Martinez-Seethes-at-Arsenal-Fans-in-Heated-Emirates-Clash-2025-12-31T170259.916Z.jpg\",\"width\":1600,\"height\":900},{\"@type\":\"BreadcrumbList\",\"@id\":\"https:\\\/\\\/mediumseagreen-eel-531711.hostingersite.com\\\/emi-martinez-seethes-at-arsenal-fans-in-heated-emirates-clash\\\/#breadcrumb\",\"itemListElement\":[{\"@type\":\"ListItem\",\"position\":1,\"name\":\"Home\",\"item\":\"https:\\\/\\\/bladnanews.com\\\/\"},{\"@type\":\"ListItem\",\"position\":2,\"name\":\"Emi Martinez Seethes at Arsenal Fans in Heated Emirates Clash\"}]},{\"@type\":\"WebSite\",\"@id\":\"https:\\\/\\\/mediumseagreen-eel-531711.hostingersite.com\\\/#website\",\"url\":\"https:\\\/\\\/mediumseagreen-eel-531711.hostingersite.com\\\/\",\"name\":\"Bladna News - Morocco\",\"description\":\"Where Moroccan Football Meets the World\",\"publisher\":{\"@id\":\"https:\\\/\\\/mediumseagreen-eel-531711.hostingersite.com\\\/#organization\"},\"potentialAction\":[{\"@type\":\"SearchAction\",\"target\":{\"@type\":\"EntryPoint\",\"urlTemplate\":\"https:\\\/\\\/mediumseagreen-eel-531711.hostingersite.com\\\/?s={search_term_string}\"},\"query-input\":{\"@type\":\"PropertyValueSpecification\",\"valueRequired\":true,\"valueName\":\"search_term_string\"}}],\"inLanguage\":\"fr-FR\"},{\"@type\":\"Organization\",\"@id\":\"https:\\\/\\\/mediumseagreen-eel-531711.hostingersite.com\\\/#organization\",\"name\":\"Bladna News.com\",\"url\":\"https:\\\/\\\/mediumseagreen-eel-531711.hostingersite.com\\\/\",\"logo\":{\"@type\":\"ImageObject\",\"inLanguage\":\"fr-FR\",\"@id\":\"https:\\\/\\\/mediumseagreen-eel-531711.hostingersite.com\\\/#\\\/schema\\\/logo\\\/image\\\/\",\"url\":\"https:\\\/\\\/bladnanews.com\\\/wp-content\\\/uploads\\\/2025\\\/12\\\/logo-bladnanews-V2-web-black-red.png\",\"contentUrl\":\"https:\\\/\\\/bladnanews.com\\\/wp-content\\\/uploads\\\/2025\\\/12\\\/logo-bladnanews-V2-web-black-red.png\",\"width\":703,\"height\":287,\"caption\":\"Bladna News.com\"},\"image\":{\"@id\":\"https:\\\/\\\/mediumseagreen-eel-531711.hostingersite.com\\\/#\\\/schema\\\/logo\\\/image\\\/\"},\"email\":\"info@bladnanews.com\",\"legalName\":\"Bladna News\"},{\"@type\":\"Person\",\"@id\":\"https:\\\/\\\/mediumseagreen-eel-531711.hostingersite.com\\\/#\\\/schema\\\/person\\\/268e18a453ab080ebf76df6ef7845083\",\"name\":\"Bladna News Staff\",\"url\":\"https:\\\/\\\/bladnanews.com\\\/fr\\\/author\\\/bladna-news-staff\\\/\"}]}<\/script>\n<!-- \/ Yoast SEO Premium plugin. -->","yoast_head_json":{"title":"Emi Martinez se f\u00e2che contre les fans d'Arsenal lors d'un affrontement chaud \u00e0 l'Emirates - Bladna News","robots":{"index":"index","follow":"follow","max-snippet":"max-snippet:-1","max-image-preview":"max-image-preview:large","max-video-preview":"max-video-preview:-1"},"canonical":"https:\/\/mediumseagreen-eel-531711.hostingersite.com\/emi-martinez-seethes-at-arsenal-fans-in-heated-emirates-clash\/","og_locale":"fr_FR","og_type":"article","og_title":"Emi Martinez Seethes at Arsenal Fans in Heated Emirates Clash","og_description":"Emiliano Mart\u00ednez&#8217;s intense confrontation with Arsenal supporters during Aston Villa&#8217;s visit to the Emirates Stadium on Saturday evening has become [&hellip;]","og_url":"https:\/\/mediumseagreen-eel-531711.hostingersite.com\/emi-martinez-seethes-at-arsenal-fans-in-heated-emirates-clash\/","og_site_name":"Bladna News","article_published_time":"2025-12-31T10:19:12+00:00","og_image":[{"width":1600,"height":900,"url":"https:\/\/mediumseagreen-eel-531711.hostingersite.com\/wp-content\/uploads\/2025\/12\/BladnaNews-Emi-Martinez-Seethes-at-Arsenal-Fans-in-Heated-Emirates-Clash-2025-12-31T170259.916Z.jpg","type":"image\/jpeg"}],"author":"Bladna News Staff","twitter_card":"summary_large_image","twitter_misc":{"\u00c9crit par":"Bladna News Staff","Dur\u00e9e de lecture estim\u00e9e":"3 minutes"},"schema":{"@context":"https:\/\/schema.org","@graph":[{"@type":"Article","@id":"https:\/\/mediumseagreen-eel-531711.hostingersite.com\/emi-martinez-seethes-at-arsenal-fans-in-heated-emirates-clash\/#article","isPartOf":{"@id":"https:\/\/mediumseagreen-eel-531711.hostingersite.com\/emi-martinez-seethes-at-arsenal-fans-in-heated-emirates-clash\/"},"author":{"name":"Bladna News Staff","@id":"https:\/\/mediumseagreen-eel-531711.hostingersite.com\/#\/schema\/person\/268e18a453ab080ebf76df6ef7845083"},"headline":"Emi Martinez Seethes at Arsenal Fans in Heated Emirates Clash","datePublished":"2025-12-31T10:19:12+00:00","mainEntityOfPage":{"@id":"https:\/\/mediumseagreen-eel-531711.hostingersite.com\/emi-martinez-seethes-at-arsenal-fans-in-heated-emirates-clash\/"},"wordCount":519,"publisher":{"@id":"https:\/\/mediumseagreen-eel-531711.hostingersite.com\/#organization"},"image":{"@id":"https:\/\/mediumseagreen-eel-531711.hostingersite.com\/emi-martinez-seethes-at-arsenal-fans-in-heated-emirates-clash\/#primaryimage"},"thumbnailUrl":"https:\/\/bladnanews.com\/wp-content\/uploads\/2025\/12\/BladnaNews-Emi-Martinez-Seethes-at-Arsenal-Fans-in-Heated-Emirates-Clash-2025-12-31T170259.916Z.jpg","articleSection":["International","Latest News"],"inLanguage":"fr-FR","copyrightYear":"2025","copyrightHolder":{"@id":"https:\/\/bladnanews.com\/fr\/#organization"}},{"@type":"WebPage","@id":"https:\/\/mediumseagreen-eel-531711.hostingersite.com\/emi-martinez-seethes-at-arsenal-fans-in-heated-emirates-clash\/","url":"https:\/\/mediumseagreen-eel-531711.hostingersite.com\/emi-martinez-seethes-at-arsenal-fans-in-heated-emirates-clash\/","name":"Emi Martinez se f\u00e2che contre les fans d'Arsenal lors d'un affrontement chaud \u00e0 l'Emirates - Bladna News","isPartOf":{"@id":"https:\/\/mediumseagreen-eel-531711.hostingersite.com\/#website"},"primaryImageOfPage":{"@id":"https:\/\/mediumseagreen-eel-531711.hostingersite.com\/emi-martinez-seethes-at-arsenal-fans-in-heated-emirates-clash\/#primaryimage"},"image":{"@id":"https:\/\/mediumseagreen-eel-531711.hostingersite.com\/emi-martinez-seethes-at-arsenal-fans-in-heated-emirates-clash\/#primaryimage"},"thumbnailUrl":"https:\/\/bladnanews.com\/wp-content\/uploads\/2025\/12\/BladnaNews-Emi-Martinez-Seethes-at-Arsenal-Fans-in-Heated-Emirates-Clash-2025-12-31T170259.916Z.jpg","datePublished":"2025-12-31T10:19:12+00:00","breadcrumb":{"@id":"https:\/\/mediumseagreen-eel-531711.hostingersite.com\/emi-martinez-seethes-at-arsenal-fans-in-heated-emirates-clash\/#breadcrumb"},"inLanguage":"fr-FR","potentialAction":[{"@type":"ReadAction","target":["https:\/\/mediumseagreen-eel-531711.hostingersite.com\/emi-martinez-seethes-at-arsenal-fans-in-heated-emirates-clash\/"]}]},{"@type":"ImageObject","inLanguage":"fr-FR","@id":"https:\/\/mediumseagreen-eel-531711.hostingersite.com\/emi-martinez-seethes-at-arsenal-fans-in-heated-emirates-clash\/#primaryimage","url":"https:\/\/bladnanews.com\/wp-content\/uploads\/2025\/12\/BladnaNews-Emi-Martinez-Seethes-at-Arsenal-Fans-in-Heated-Emirates-Clash-2025-12-31T170259.916Z.jpg","contentUrl":"https:\/\/bladnanews.com\/wp-content\/uploads\/2025\/12\/BladnaNews-Emi-Martinez-Seethes-at-Arsenal-Fans-in-Heated-Emirates-Clash-2025-12-31T170259.916Z.jpg","width":1600,"height":900},{"@type":"BreadcrumbList","@id":"https:\/\/mediumseagreen-eel-531711.hostingersite.com\/emi-martinez-seethes-at-arsenal-fans-in-heated-emirates-clash\/#breadcrumb","itemListElement":[{"@type":"ListItem","position":1,"name":"Home","item":"https:\/\/bladnanews.com\/"},{"@type":"ListItem","position":2,"name":"Emi Martinez Seethes at Arsenal Fans in Heated Emirates Clash"}]},{"@type":"WebSite","@id":"https:\/\/mediumseagreen-eel-531711.hostingersite.com\/#website","url":"https:\/\/mediumseagreen-eel-531711.hostingersite.com\/","name":"Bladna News - Maroc","description":"Quand le football marocain rencontre le monde","publisher":{"@id":"https:\/\/mediumseagreen-eel-531711.hostingersite.com\/#organization"},"potentialAction":[{"@type":"SearchAction","target":{"@type":"EntryPoint","urlTemplate":"https:\/\/mediumseagreen-eel-531711.hostingersite.com\/?s={search_term_string}"},"query-input":{"@type":"PropertyValueSpecification","valueRequired":true,"valueName":"search_term_string"}}],"inLanguage":"fr-FR"},{"@type":"Organization","@id":"https:\/\/mediumseagreen-eel-531711.hostingersite.com\/#organization","name":"Bladna News.com","url":"https:\/\/mediumseagreen-eel-531711.hostingersite.com\/","logo":{"@type":"ImageObject","inLanguage":"fr-FR","@id":"https:\/\/mediumseagreen-eel-531711.hostingersite.com\/#\/schema\/logo\/image\/","url":"https:\/\/bladnanews.com\/wp-content\/uploads\/2025\/12\/logo-bladnanews-V2-web-black-red.png","contentUrl":"https:\/\/bladnanews.com\/wp-content\/uploads\/2025\/12\/logo-bladnanews-V2-web-black-red.png","width":703,"height":287,"caption":"Bladna News.com"},"image":{"@id":"https:\/\/mediumseagreen-eel-531711.hostingersite.com\/#\/schema\/logo\/image\/"},"email":"info@bladnanews.com","legalName":"Bladna News"},{"@type":"Person","@id":"https:\/\/mediumseagreen-eel-531711.hostingersite.com\/#\/schema\/person\/268e18a453ab080ebf76df6ef7845083","name":"\u00c9quipe r\u00e9dactionnelle de Bladna News","url":"https:\/\/bladnanews.com\/fr\/author\/bladna-news-staff\/"}]}},"_links":{"self":[{"href":"https:\/\/bladnanews.com\/fr\/wp-json\/wp\/v2\/posts\/896","targetHints":{"allow":["GET"]}}],"collection":[{"href":"https:\/\/bladnanews.com\/fr\/wp-json\/wp\/v2\/posts"}],"about":[{"href":"https:\/\/bladnanews.com\/fr\/wp-json\/wp\/v2\/types\/post"}],"author":[{"embeddable":true,"href":"https:\/\/bladnanews.com\/fr\/wp-json\/wp\/v2\/users\/3"}],"replies":[{"embeddable":true,"href":"https:\/\/bladnanews.com\/fr\/wp-json\/wp\/v2\/comments?post=896"}],"version-history":[{"count":0,"href":"https:\/\/bladnanews.com\/fr\/wp-json\/wp\/v2\/posts\/896\/revisions"}],"wp:featuredmedia":[{"embeddable":true,"href":"https:\/\/bladnanews.com\/fr\/wp-json\/wp\/v2\/media\/895"}],"wp:attachment":[{"href":"https:\/\/bladnanews.com\/fr\/wp-json\/wp\/v2\/media?parent=896"}],"wp:term":[{"taxonomy":"category","embeddable":true,"href":"https:\/\/bladnanews.com\/fr\/wp-json\/wp\/v2\/categories?post=896"},{"taxonomy":"post_tag","embeddable":true,"href":"https:\/\/bladnanews.com\/fr\/wp-json\/wp\/v2\/tags?post=896"}],"curies":[{"name":"wp","href":"https:\/\/api.w.org\/{rel}","templated":true}]}}