{"id":900,"date":"2025-12-31T11:00:33","date_gmt":"2025-12-31T11:00:33","guid":{"rendered":"https:\/\/bladnanews.com\/ruben-amorim-reflects-on-man-utds-draw-and-confidence-levels\/"},"modified":"2025-12-31T11:00:33","modified_gmt":"2025-12-31T11:00:33","slug":"ruben-amorim-reflechit-au-match-nul-de-manchester-united-et-aux-niveaux-de-confiance","status":"publish","type":"post","link":"https:\/\/bladnanews.com\/fr\/ruben-amorim-reflechit-au-match-nul-de-manchester-united-et-aux-niveaux-de-confiance\/","title":{"rendered":"Ruben Amorim r\u00e9fl\u00e9chit au match nul de Manchester United et aux niveaux de confiance"},"content":{"rendered":"<p>\u201c`html<\/p>\n<p>L'entra\u00eeneur principal du Sporting Lisbonne, Ruben Amorim, a partag\u00e9 ses r\u00e9flexions suite au match nul arrach\u00e9 par son \u00e9quipe contre Manchester United lors de leur r\u00e9cente rencontre de Premier League. Ce r\u00e9sultat marque un moment notable de r\u00e9silience et de discipline tactique pour la formation portugaise, qui a fait face \u00e0 l'un des clubs les plus prestigieux d'Europe.<\/p>\n<p>Amorim s'est montr\u00e9 r\u00e9fl\u00e9chi quant \u00e0 l'intensit\u00e9 du match et a reconnu les d\u00e9fis rencontr\u00e9s par son \u00e9quipe face aux Red Devils, soulignant particuli\u00e8rement la qualit\u00e9 et l'exp\u00e9rience pr\u00e9sentes sur le terrain. Il a f\u00e9licit\u00e9 ses joueurs pour avoir gard\u00e9 leur sang-froid et ex\u00e9cut\u00e9 efficacement le plan de jeu sous pression.<\/p>\n<p>\u201c C'\u00e9tait un match difficile, \u201d a not\u00e9 Amorim. \u201c Manchester United est une \u00e9quipe de haut niveau avec beaucoup de qualit\u00e9. Notre objectif \u00e9tait de rester compacts, organis\u00e9s et de chercher des occasions de les mettre en difficult\u00e9. Je pense que nous avons bien fait \u00e0 certains moments, et l'\u00e9quipe a fait preuve d'un grand caract\u00e8re. \u201d<\/p>\n<p>L'entra\u00eeneur a \u00e9galement soulign\u00e9 l'importance de maintenir la confiance malgr\u00e9 les exigences physiques et techniques impos\u00e9es par une rencontre aussi m\u00e9diatique. Il estime que de tels moments sont cruciaux pour le d\u00e9veloppement de son effectif, en particulier pour les jeunes joueurs qui acqui\u00e8rent une exp\u00e9rience inestimable face \u00e0 une opposition d'\u00e9lite.<\/p>\n<p>\u201c La confiance est essentielle au football, \u201d a expliqu\u00e9 Amorim. \u201c M\u00eame lorsque l'adversaire est fort, croire en sa capacit\u00e9 \u00e0 le rivaliser est fondamental. Nos joueurs doivent continuer \u00e0 progresser mentalement et physiquement. Des matchs comme celui-ci offrent cette opportunit\u00e9. \u201d<\/p>\n<p>Sur le plan tactique, Amorim a refus\u00e9 de s'attarder sur les occasions manqu\u00e9es ou les erreurs individuelles, pr\u00e9f\u00e9rant se concentrer sur l'effort collectif et les le\u00e7ons \u00e0 tirer de cette performance. Il a d\u00e9clar\u00e9 que l'\u00e9quipe restait fid\u00e8le \u00e0 son style de jeu, qui met l'accent sur la discipline et une agressivit\u00e9 contr\u00f4l\u00e9e, quel que soit l'adversaire.<\/p>\n<p>Pour la suite, Ruben Amorim se montre optimiste quant \u00e0 la trajectoire du Sporting Lisbonne cette saison. La capacit\u00e9 de l'effectif \u00e0 s'adapter et \u00e0 tirer des le\u00e7ons des confrontations avec des \u00e9quipes de premier plan est de bon augure pour ses ambitions, tant en championnat national que dans les comp\u00e9titions europ\u00e9ennes.<\/p>\n<p>\u201c Chaque match est une exp\u00e9rience d'apprentissage, \u201d a-t-il d\u00e9clar\u00e9. \u201c Nous voulons nous appuyer sur cela et continuer \u00e0 progresser. La confiance acquise en affrontant Manchester United nous aidera \u00e0 relever les d\u00e9fis futurs. \u201d<\/p>\n<p>En d\u00e9finitive, la r\u00e9ponse mesur\u00e9e et r\u00e9fl\u00e9chie de Ruben Amorim face \u00e0 ce match nul refl\u00e8te l'\u00e9tat d'esprit d'un entra\u00eeneur ax\u00e9 sur la croissance et la r\u00e9silience \u00e0 long terme. Son approche souligne l'importance de la pr\u00e9paration strat\u00e9gique, de la force mentale et de l'unit\u00e9 de l'\u00e9quipe alors que le Sporting Lisbonne poursuit sa campagne.<\/p>\n<p>\u201c`<\/p>","protected":false},"excerpt":{"rendered":"<p>&#8220;`html Sporting Lisbon\u2019s head coach, Ruben Amorim, shared his insights following his team\u2019s hard-fought draw against Manchester United in their [&hellip;]<\/p>\n","protected":false},"author":3,"featured_media":899,"comment_status":"","ping_status":"open","sticky":false,"template":"","format":"standard","meta":{"googlesitekit_rrm_CAow_uzEDA:productID":"","site-sidebar-layout":"default","site-content-layout":"","ast-site-content-layout":"default","site-content-style":"default","site-sidebar-style":"default","ast-global-header-display":"","ast-banner-title-visibility":"","ast-main-header-display":"","ast-hfb-above-header-display":"","ast-hfb-below-header-display":"","ast-hfb-mobile-header-display":"","site-post-title":"","ast-breadcrumbs-content":"","ast-featured-img":"","footer-sml-layout":"","ast-disable-related-posts":"","theme-transparent-header-meta":"","adv-header-id-meta":"","stick-header-meta":"","header-above-stick-meta":"","header-main-stick-meta":"","header-below-stick-meta":"","astra-migrate-meta-layouts":"default","ast-page-background-enabled":"default","ast-page-background-meta":{"desktop":{"background-color":"var(--ast-global-color-5)","background-image":"","background-repeat":"repeat","background-position":"center center","background-size":"auto","background-attachment":"scroll","background-type":"","background-media":"","overlay-type":"","overlay-color":"","overlay-opacity":"","overlay-gradient":""},"tablet":{"background-color":"","background-image":"","background-repeat":"repeat","background-position":"center center","background-size":"auto","background-attachment":"scroll","background-type":"","background-media":"","overlay-type":"","overlay-color":"","overlay-opacity":"","overlay-gradient":""},"mobile":{"background-color":"","background-image":"","background-repeat":"repeat","background-position":"center center","background-size":"auto","background-attachment":"scroll","background-type":"","background-media":"","overlay-type":"","overlay-color":"","overlay-opacity":"","overlay-gradient":""}},"ast-content-background-meta":{"desktop":{"background-color":"var(--ast-global-color-4)","background-image":"","background-repeat":"repeat","background-position":"center center","background-size":"auto","background-attachment":"scroll","background-type":"","background-media":"","overlay-type":"","overlay-color":"","overlay-opacity":"","overlay-gradient":""},"tablet":{"background-color":"var(--ast-global-color-4)","background-image":"","background-repeat":"repeat","background-position":"center center","background-size":"auto","background-attachment":"scroll","background-type":"","background-media":"","overlay-type":"","overlay-color":"","overlay-opacity":"","overlay-gradient":""},"mobile":{"background-color":"var(--ast-global-color-4)","background-image":"","background-repeat":"repeat","background-position":"center center","background-size":"auto","background-attachment":"scroll","background-type":"","background-media":"","overlay-type":"","overlay-color":"","overlay-opacity":"","overlay-gradient":""}},"footnotes":""},"categories":[20,1],"tags":[],"class_list":["post-900","post","type-post","status-publish","format-standard","has-post-thumbnail","hentry","category-international","category-football-latest-news"],"yoast_head":"<!-- This site is optimized with the Yoast SEO Premium plugin v26.6 (Yoast SEO v27.5) - https:\/\/yoast.com\/product\/yoast-seo-premium-wordpress\/ -->\n<title>Ruben Amorim Reflects on Man Utd\u2019s Draw and Confidence Levels - Bladna News<\/title>\n<meta name=\"robots\" content=\"index, follow, max-snippet:-1, max-image-preview:large, max-video-preview:-1\" \/>\n<link rel=\"canonical\" href=\"https:\/\/mediumseagreen-eel-531711.hostingersite.com\/ruben-amorim-reflects-on-man-utds-draw-and-confidence-levels\/\" \/>\n<meta property=\"og:locale\" content=\"fr_FR\" \/>\n<meta property=\"og:type\" content=\"article\" \/>\n<meta property=\"og:title\" content=\"Ruben Amorim Reflects on Man Utd\u2019s Draw and Confidence Levels\" \/>\n<meta property=\"og:description\" content=\"&#8220;`html Sporting Lisbon\u2019s head coach, Ruben Amorim, shared his insights following his team\u2019s hard-fought draw against Manchester United in their [&hellip;]\" \/>\n<meta property=\"og:url\" content=\"https:\/\/mediumseagreen-eel-531711.hostingersite.com\/ruben-amorim-reflects-on-man-utds-draw-and-confidence-levels\/\" \/>\n<meta property=\"og:site_name\" content=\"Bladna News\" \/>\n<meta property=\"article:published_time\" content=\"2025-12-31T11:00:33+00:00\" \/>\n<meta property=\"og:image\" content=\"https:\/\/mediumseagreen-eel-531711.hostingersite.com\/wp-content\/uploads\/2025\/12\/BladnaNews-Ruben-Amorim-Reflects-on-Man-Utds-Draw-and-Confidence-Levels-2025-12-31T170328.351Z.jpg\" \/>\n\t<meta property=\"og:image:width\" content=\"2560\" \/>\n\t<meta property=\"og:image:height\" content=\"1440\" \/>\n\t<meta property=\"og:image:type\" content=\"image\/jpeg\" \/>\n<meta name=\"author\" content=\"Bladna News Staff\" \/>\n<meta name=\"twitter:card\" content=\"summary_large_image\" \/>\n<meta name=\"twitter:label1\" content=\"\u00c9crit par\" \/>\n\t<meta name=\"twitter:data1\" content=\"Bladna News Staff\" \/>\n\t<meta name=\"twitter:label2\" content=\"Dur\u00e9e de lecture estim\u00e9e\" \/>\n\t<meta name=\"twitter:data2\" content=\"2 minutes\" \/>\n<script type=\"application\/ld+json\" class=\"yoast-schema-graph\">{\"@context\":\"https:\\\/\\\/schema.org\",\"@graph\":[{\"@type\":\"Article\",\"@id\":\"https:\\\/\\\/mediumseagreen-eel-531711.hostingersite.com\\\/ruben-amorim-reflects-on-man-utds-draw-and-confidence-levels\\\/#article\",\"isPartOf\":{\"@id\":\"https:\\\/\\\/mediumseagreen-eel-531711.hostingersite.com\\\/ruben-amorim-reflects-on-man-utds-draw-and-confidence-levels\\\/\"},\"author\":{\"name\":\"Bladna News Staff\",\"@id\":\"https:\\\/\\\/mediumseagreen-eel-531711.hostingersite.com\\\/#\\\/schema\\\/person\\\/268e18a453ab080ebf76df6ef7845083\"},\"headline\":\"Ruben Amorim Reflects on Man Utd\u2019s Draw and Confidence Levels\",\"datePublished\":\"2025-12-31T11:00:33+00:00\",\"mainEntityOfPage\":{\"@id\":\"https:\\\/\\\/mediumseagreen-eel-531711.hostingersite.com\\\/ruben-amorim-reflects-on-man-utds-draw-and-confidence-levels\\\/\"},\"wordCount\":395,\"publisher\":{\"@id\":\"https:\\\/\\\/mediumseagreen-eel-531711.hostingersite.com\\\/#organization\"},\"image\":{\"@id\":\"https:\\\/\\\/mediumseagreen-eel-531711.hostingersite.com\\\/ruben-amorim-reflects-on-man-utds-draw-and-confidence-levels\\\/#primaryimage\"},\"thumbnailUrl\":\"https:\\\/\\\/bladnanews.com\\\/wp-content\\\/uploads\\\/2025\\\/12\\\/BladnaNews-Ruben-Amorim-Reflects-on-Man-Utds-Draw-and-Confidence-Levels-2025-12-31T170328.351Z.jpg\",\"articleSection\":[\"International\",\"Latest News\"],\"inLanguage\":\"fr-FR\",\"copyrightYear\":\"2025\",\"copyrightHolder\":{\"@id\":\"https:\\\/\\\/bladnanews.com\\\/fr\\\/#organization\"}},{\"@type\":\"WebPage\",\"@id\":\"https:\\\/\\\/mediumseagreen-eel-531711.hostingersite.com\\\/ruben-amorim-reflects-on-man-utds-draw-and-confidence-levels\\\/\",\"url\":\"https:\\\/\\\/mediumseagreen-eel-531711.hostingersite.com\\\/ruben-amorim-reflects-on-man-utds-draw-and-confidence-levels\\\/\",\"name\":\"Ruben Amorim Reflects on Man Utd\u2019s Draw and Confidence Levels - Bladna News\",\"isPartOf\":{\"@id\":\"https:\\\/\\\/mediumseagreen-eel-531711.hostingersite.com\\\/#website\"},\"primaryImageOfPage\":{\"@id\":\"https:\\\/\\\/mediumseagreen-eel-531711.hostingersite.com\\\/ruben-amorim-reflects-on-man-utds-draw-and-confidence-levels\\\/#primaryimage\"},\"image\":{\"@id\":\"https:\\\/\\\/mediumseagreen-eel-531711.hostingersite.com\\\/ruben-amorim-reflects-on-man-utds-draw-and-confidence-levels\\\/#primaryimage\"},\"thumbnailUrl\":\"https:\\\/\\\/bladnanews.com\\\/wp-content\\\/uploads\\\/2025\\\/12\\\/BladnaNews-Ruben-Amorim-Reflects-on-Man-Utds-Draw-and-Confidence-Levels-2025-12-31T170328.351Z.jpg\",\"datePublished\":\"2025-12-31T11:00:33+00:00\",\"breadcrumb\":{\"@id\":\"https:\\\/\\\/mediumseagreen-eel-531711.hostingersite.com\\\/ruben-amorim-reflects-on-man-utds-draw-and-confidence-levels\\\/#breadcrumb\"},\"inLanguage\":\"fr-FR\",\"potentialAction\":[{\"@type\":\"ReadAction\",\"target\":[\"https:\\\/\\\/mediumseagreen-eel-531711.hostingersite.com\\\/ruben-amorim-reflects-on-man-utds-draw-and-confidence-levels\\\/\"]}]},{\"@type\":\"ImageObject\",\"inLanguage\":\"fr-FR\",\"@id\":\"https:\\\/\\\/mediumseagreen-eel-531711.hostingersite.com\\\/ruben-amorim-reflects-on-man-utds-draw-and-confidence-levels\\\/#primaryimage\",\"url\":\"https:\\\/\\\/bladnanews.com\\\/wp-content\\\/uploads\\\/2025\\\/12\\\/BladnaNews-Ruben-Amorim-Reflects-on-Man-Utds-Draw-and-Confidence-Levels-2025-12-31T170328.351Z.jpg\",\"contentUrl\":\"https:\\\/\\\/bladnanews.com\\\/wp-content\\\/uploads\\\/2025\\\/12\\\/BladnaNews-Ruben-Amorim-Reflects-on-Man-Utds-Draw-and-Confidence-Levels-2025-12-31T170328.351Z.jpg\",\"width\":2560,\"height\":1440},{\"@type\":\"BreadcrumbList\",\"@id\":\"https:\\\/\\\/mediumseagreen-eel-531711.hostingersite.com\\\/ruben-amorim-reflects-on-man-utds-draw-and-confidence-levels\\\/#breadcrumb\",\"itemListElement\":[{\"@type\":\"ListItem\",\"position\":1,\"name\":\"Home\",\"item\":\"https:\\\/\\\/bladnanews.com\\\/\"},{\"@type\":\"ListItem\",\"position\":2,\"name\":\"Ruben Amorim Reflects on Man Utd\u2019s Draw and Confidence Levels\"}]},{\"@type\":\"WebSite\",\"@id\":\"https:\\\/\\\/mediumseagreen-eel-531711.hostingersite.com\\\/#website\",\"url\":\"https:\\\/\\\/mediumseagreen-eel-531711.hostingersite.com\\\/\",\"name\":\"Bladna News - Morocco\",\"description\":\"Where Moroccan Football Meets the World\",\"publisher\":{\"@id\":\"https:\\\/\\\/mediumseagreen-eel-531711.hostingersite.com\\\/#organization\"},\"potentialAction\":[{\"@type\":\"SearchAction\",\"target\":{\"@type\":\"EntryPoint\",\"urlTemplate\":\"https:\\\/\\\/mediumseagreen-eel-531711.hostingersite.com\\\/?s={search_term_string}\"},\"query-input\":{\"@type\":\"PropertyValueSpecification\",\"valueRequired\":true,\"valueName\":\"search_term_string\"}}],\"inLanguage\":\"fr-FR\"},{\"@type\":\"Organization\",\"@id\":\"https:\\\/\\\/mediumseagreen-eel-531711.hostingersite.com\\\/#organization\",\"name\":\"Bladna News.com\",\"url\":\"https:\\\/\\\/mediumseagreen-eel-531711.hostingersite.com\\\/\",\"logo\":{\"@type\":\"ImageObject\",\"inLanguage\":\"fr-FR\",\"@id\":\"https:\\\/\\\/mediumseagreen-eel-531711.hostingersite.com\\\/#\\\/schema\\\/logo\\\/image\\\/\",\"url\":\"https:\\\/\\\/bladnanews.com\\\/wp-content\\\/uploads\\\/2025\\\/12\\\/logo-bladnanews-V2-web-black-red.png\",\"contentUrl\":\"https:\\\/\\\/bladnanews.com\\\/wp-content\\\/uploads\\\/2025\\\/12\\\/logo-bladnanews-V2-web-black-red.png\",\"width\":703,\"height\":287,\"caption\":\"Bladna News.com\"},\"image\":{\"@id\":\"https:\\\/\\\/mediumseagreen-eel-531711.hostingersite.com\\\/#\\\/schema\\\/logo\\\/image\\\/\"},\"email\":\"info@bladnanews.com\",\"legalName\":\"Bladna News\"},{\"@type\":\"Person\",\"@id\":\"https:\\\/\\\/mediumseagreen-eel-531711.hostingersite.com\\\/#\\\/schema\\\/person\\\/268e18a453ab080ebf76df6ef7845083\",\"name\":\"Bladna News Staff\",\"url\":\"https:\\\/\\\/bladnanews.com\\\/fr\\\/author\\\/bladna-news-staff\\\/\"}]}<\/script>\n<!-- \/ Yoast SEO Premium plugin. -->","yoast_head_json":{"title":"Ruben Amorim r\u00e9fl\u00e9chit au match nul de Man Utd et aux niveaux de confiance - Bladna News","robots":{"index":"index","follow":"follow","max-snippet":"max-snippet:-1","max-image-preview":"max-image-preview:large","max-video-preview":"max-video-preview:-1"},"canonical":"https:\/\/mediumseagreen-eel-531711.hostingersite.com\/ruben-amorim-reflects-on-man-utds-draw-and-confidence-levels\/","og_locale":"fr_FR","og_type":"article","og_title":"Ruben Amorim Reflects on Man Utd\u2019s Draw and Confidence Levels","og_description":"&#8220;`html Sporting Lisbon\u2019s head coach, Ruben Amorim, shared his insights following his team\u2019s hard-fought draw against Manchester United in their [&hellip;]","og_url":"https:\/\/mediumseagreen-eel-531711.hostingersite.com\/ruben-amorim-reflects-on-man-utds-draw-and-confidence-levels\/","og_site_name":"Bladna News","article_published_time":"2025-12-31T11:00:33+00:00","og_image":[{"width":2560,"height":1440,"url":"https:\/\/mediumseagreen-eel-531711.hostingersite.com\/wp-content\/uploads\/2025\/12\/BladnaNews-Ruben-Amorim-Reflects-on-Man-Utds-Draw-and-Confidence-Levels-2025-12-31T170328.351Z.jpg","type":"image\/jpeg"}],"author":"Bladna News Staff","twitter_card":"summary_large_image","twitter_misc":{"\u00c9crit par":"Bladna News Staff","Dur\u00e9e de lecture estim\u00e9e":"2 minutes"},"schema":{"@context":"https:\/\/schema.org","@graph":[{"@type":"Article","@id":"https:\/\/mediumseagreen-eel-531711.hostingersite.com\/ruben-amorim-reflects-on-man-utds-draw-and-confidence-levels\/#article","isPartOf":{"@id":"https:\/\/mediumseagreen-eel-531711.hostingersite.com\/ruben-amorim-reflects-on-man-utds-draw-and-confidence-levels\/"},"author":{"name":"Bladna News Staff","@id":"https:\/\/mediumseagreen-eel-531711.hostingersite.com\/#\/schema\/person\/268e18a453ab080ebf76df6ef7845083"},"headline":"Ruben Amorim Reflects on Man Utd\u2019s Draw and Confidence Levels","datePublished":"2025-12-31T11:00:33+00:00","mainEntityOfPage":{"@id":"https:\/\/mediumseagreen-eel-531711.hostingersite.com\/ruben-amorim-reflects-on-man-utds-draw-and-confidence-levels\/"},"wordCount":395,"publisher":{"@id":"https:\/\/mediumseagreen-eel-531711.hostingersite.com\/#organization"},"image":{"@id":"https:\/\/mediumseagreen-eel-531711.hostingersite.com\/ruben-amorim-reflects-on-man-utds-draw-and-confidence-levels\/#primaryimage"},"thumbnailUrl":"https:\/\/bladnanews.com\/wp-content\/uploads\/2025\/12\/BladnaNews-Ruben-Amorim-Reflects-on-Man-Utds-Draw-and-Confidence-Levels-2025-12-31T170328.351Z.jpg","articleSection":["International","Latest News"],"inLanguage":"fr-FR","copyrightYear":"2025","copyrightHolder":{"@id":"https:\/\/bladnanews.com\/fr\/#organization"}},{"@type":"WebPage","@id":"https:\/\/mediumseagreen-eel-531711.hostingersite.com\/ruben-amorim-reflects-on-man-utds-draw-and-confidence-levels\/","url":"https:\/\/mediumseagreen-eel-531711.hostingersite.com\/ruben-amorim-reflects-on-man-utds-draw-and-confidence-levels\/","name":"Ruben Amorim r\u00e9fl\u00e9chit au match nul de Man Utd et aux niveaux de confiance - Bladna News","isPartOf":{"@id":"https:\/\/mediumseagreen-eel-531711.hostingersite.com\/#website"},"primaryImageOfPage":{"@id":"https:\/\/mediumseagreen-eel-531711.hostingersite.com\/ruben-amorim-reflects-on-man-utds-draw-and-confidence-levels\/#primaryimage"},"image":{"@id":"https:\/\/mediumseagreen-eel-531711.hostingersite.com\/ruben-amorim-reflects-on-man-utds-draw-and-confidence-levels\/#primaryimage"},"thumbnailUrl":"https:\/\/bladnanews.com\/wp-content\/uploads\/2025\/12\/BladnaNews-Ruben-Amorim-Reflects-on-Man-Utds-Draw-and-Confidence-Levels-2025-12-31T170328.351Z.jpg","datePublished":"2025-12-31T11:00:33+00:00","breadcrumb":{"@id":"https:\/\/mediumseagreen-eel-531711.hostingersite.com\/ruben-amorim-reflects-on-man-utds-draw-and-confidence-levels\/#breadcrumb"},"inLanguage":"fr-FR","potentialAction":[{"@type":"ReadAction","target":["https:\/\/mediumseagreen-eel-531711.hostingersite.com\/ruben-amorim-reflects-on-man-utds-draw-and-confidence-levels\/"]}]},{"@type":"ImageObject","inLanguage":"fr-FR","@id":"https:\/\/mediumseagreen-eel-531711.hostingersite.com\/ruben-amorim-reflects-on-man-utds-draw-and-confidence-levels\/#primaryimage","url":"https:\/\/bladnanews.com\/wp-content\/uploads\/2025\/12\/BladnaNews-Ruben-Amorim-Reflects-on-Man-Utds-Draw-and-Confidence-Levels-2025-12-31T170328.351Z.jpg","contentUrl":"https:\/\/bladnanews.com\/wp-content\/uploads\/2025\/12\/BladnaNews-Ruben-Amorim-Reflects-on-Man-Utds-Draw-and-Confidence-Levels-2025-12-31T170328.351Z.jpg","width":2560,"height":1440},{"@type":"BreadcrumbList","@id":"https:\/\/mediumseagreen-eel-531711.hostingersite.com\/ruben-amorim-reflects-on-man-utds-draw-and-confidence-levels\/#breadcrumb","itemListElement":[{"@type":"ListItem","position":1,"name":"Home","item":"https:\/\/bladnanews.com\/"},{"@type":"ListItem","position":2,"name":"Ruben Amorim Reflects on Man Utd\u2019s Draw and Confidence Levels"}]},{"@type":"WebSite","@id":"https:\/\/mediumseagreen-eel-531711.hostingersite.com\/#website","url":"https:\/\/mediumseagreen-eel-531711.hostingersite.com\/","name":"Bladna News - Maroc","description":"Quand le football marocain rencontre le monde","publisher":{"@id":"https:\/\/mediumseagreen-eel-531711.hostingersite.com\/#organization"},"potentialAction":[{"@type":"SearchAction","target":{"@type":"EntryPoint","urlTemplate":"https:\/\/mediumseagreen-eel-531711.hostingersite.com\/?s={search_term_string}"},"query-input":{"@type":"PropertyValueSpecification","valueRequired":true,"valueName":"search_term_string"}}],"inLanguage":"fr-FR"},{"@type":"Organization","@id":"https:\/\/mediumseagreen-eel-531711.hostingersite.com\/#organization","name":"Bladna News.com","url":"https:\/\/mediumseagreen-eel-531711.hostingersite.com\/","logo":{"@type":"ImageObject","inLanguage":"fr-FR","@id":"https:\/\/mediumseagreen-eel-531711.hostingersite.com\/#\/schema\/logo\/image\/","url":"https:\/\/bladnanews.com\/wp-content\/uploads\/2025\/12\/logo-bladnanews-V2-web-black-red.png","contentUrl":"https:\/\/bladnanews.com\/wp-content\/uploads\/2025\/12\/logo-bladnanews-V2-web-black-red.png","width":703,"height":287,"caption":"Bladna News.com"},"image":{"@id":"https:\/\/mediumseagreen-eel-531711.hostingersite.com\/#\/schema\/logo\/image\/"},"email":"info@bladnanews.com","legalName":"Bladna News"},{"@type":"Person","@id":"https:\/\/mediumseagreen-eel-531711.hostingersite.com\/#\/schema\/person\/268e18a453ab080ebf76df6ef7845083","name":"\u00c9quipe r\u00e9dactionnelle de Bladna News","url":"https:\/\/bladnanews.com\/fr\/author\/bladna-news-staff\/"}]}},"_links":{"self":[{"href":"https:\/\/bladnanews.com\/fr\/wp-json\/wp\/v2\/posts\/900","targetHints":{"allow":["GET"]}}],"collection":[{"href":"https:\/\/bladnanews.com\/fr\/wp-json\/wp\/v2\/posts"}],"about":[{"href":"https:\/\/bladnanews.com\/fr\/wp-json\/wp\/v2\/types\/post"}],"author":[{"embeddable":true,"href":"https:\/\/bladnanews.com\/fr\/wp-json\/wp\/v2\/users\/3"}],"replies":[{"embeddable":true,"href":"https:\/\/bladnanews.com\/fr\/wp-json\/wp\/v2\/comments?post=900"}],"version-history":[{"count":0,"href":"https:\/\/bladnanews.com\/fr\/wp-json\/wp\/v2\/posts\/900\/revisions"}],"wp:featuredmedia":[{"embeddable":true,"href":"https:\/\/bladnanews.com\/fr\/wp-json\/wp\/v2\/media\/899"}],"wp:attachment":[{"href":"https:\/\/bladnanews.com\/fr\/wp-json\/wp\/v2\/media?parent=900"}],"wp:term":[{"taxonomy":"category","embeddable":true,"href":"https:\/\/bladnanews.com\/fr\/wp-json\/wp\/v2\/categories?post=900"},{"taxonomy":"post_tag","embeddable":true,"href":"https:\/\/bladnanews.com\/fr\/wp-json\/wp\/v2\/tags?post=900"}],"curies":[{"name":"wp","href":"https:\/\/api.w.org\/{rel}","templated":true}]}}