{"id":935,"date":"2025-12-31T12:11:49","date_gmt":"2025-12-31T12:11:49","guid":{"rendered":"https:\/\/bladnanews.com\/iraola-semenyo-still-key-for-bournemouth-ahead-of-arsenal\/"},"modified":"2025-12-31T12:11:49","modified_gmt":"2025-12-31T12:11:49","slug":"iraola-semenyo-reste-essentiel-pour-bournemouth-avant-arsenal","status":"publish","type":"post","link":"https:\/\/bladnanews.com\/fr\/iraola-semenyo-reste-essentiel-pour-bournemouth-avant-arsenal\/","title":{"rendered":"Iraola : Semenyo reste essentiel pour Bournemouth avant Arsenal"},"content":{"rendered":"<p><html><br \/>\n<body><\/p>\n<p>Le coach de Bournemouth, Andoni Iraola, a affirm\u00e9 l'importance toujours actuelle d'Antoine Semenyo pour la campagne de l'\u00e9quipe, malgr\u00e9 les sp\u00e9culations croissantes sur un transfert de l'attaquant vers Manchester City. Alors que les Cherries se pr\u00e9parent \u00e0 affronter Arsenal dans leur prochaine rencontre de Premier League, Iraola a soulign\u00e9 que Semenyo restait une figure int\u00e9grante de l'effectif.<\/p>\n<p>Antoine Semenyo a attir\u00e9 l'attention par ses performances dynamiques sur les ailes et dans les r\u00f4les offensifs cette saison. L'international ghan\u00e9en de 24 ans a \u00e9t\u00e9 salu\u00e9 pour sa vitesse, sa puissance physique et ses courses directes, des qualit\u00e9s qui en ont fait un \u00e9l\u00e9ment remarquable \u00e0 Bournemouth. Ses progr\u00e8s n'ont pas \u00e9chapp\u00e9 aux grands clubs, Manchester City \u00e9tant signal\u00e9 comme suivant son d\u00e9veloppement de pr\u00e8s.<\/p>\n<p>Cependant, malgr\u00e9 l'int\u00e9r\u00eat accru, Iraola a \u00e9t\u00e9 clair : la concentration de Semenyo reste avec Bournemouth, et le club entend utiliser ses talents alors qu'il s'efforce de s\u00e9curiser des points lors des rencontres cl\u00e9s. \u201c Antoine est un joueur crucial pour nous, a d\u00e9clar\u00e9 Iraola. Il comprend son r\u00f4le au sein de l'\u00e9quipe, et nous comptons sur lui alors que nous nous pr\u00e9parons pour un match difficile contre Arsenal. \u201d<\/p>\n<p>Ces derni\u00e8res semaines, Semenyo a r\u00e9guli\u00e8rement figur\u00e9 dans le onze de d\u00e9part de Bournemouth, contribuant non seulement par des buts et des passes d\u00e9cisives, mais aussi en cr\u00e9ant des occasions et en exer\u00e7ant une pression d\u00e9fensive. Iraola a soulign\u00e9 que la volont\u00e9 de l'ailier de travailler aux deux extr\u00e9mit\u00e9s du terrain avait \u00e9t\u00e9 vitale pour maintenir la structure et la comp\u00e9titivit\u00e9 de l'\u00e9quipe dans un championnat exigeant.<\/p>\n<p>Dans leur prochain match, Bournemouth affrontera une attaque d'Arsenal redoutable qui a mis en difficult\u00e9 de nombreuses d\u00e9fenses cette saison. Iraola a reconnu la difficult\u00e9 de la t\u00e2che mais a exprim\u00e9 sa confiance dans le fait que ses joueurs, men\u00e9s par des \u00e9l\u00e9ments cl\u00e9s comme Semenyo, pourraient se montrer \u00e0 la hauteur. \u201c Nous savons qu'Arsenal est une \u00e9quipe solide, mais nous avons la qualit\u00e9 pour rivaliser. La capacit\u00e9 d'Antoine \u00e0 avoir un impact aux deux extr\u00e9mit\u00e9s est un atout majeur pour nous \u201d, a-t-il ajout\u00e9.<\/p>\n<p>Les sp\u00e9culations de transfert apportent in\u00e9vitablement des distractions, mais Iraola a insist\u00e9 sur le fait que l'effectif restait concentr\u00e9 sur ses objectifs imm\u00e9diats. Le manager a soulign\u00e9 l'importance de l'unit\u00e9 et de la concentration de l'\u00e9quipe pendant cette phase critique de la campagne. Les blessures et la profondeur de l'effectif ont \u00e9galement \u00e9t\u00e9 des d\u00e9fis pour Bournemouth, rendant la pr\u00e9sence de joueurs fiables comme Semenyo encore plus essentielle.<\/p>\n<p>Bien qu'il reste \u00e0 voir si Manchester City soumettra une offre formelle pour Semenyo, la priorit\u00e9 absolue de Bournemouth est de maintenir la concentration sur ses efforts pour se maintenir en Premier League. La direction du club n'a pas encore confirm\u00e9 de n\u00e9gociations, et le soutien public d'Iraola \u00e0 l'attaquant signale une volont\u00e9 de pr\u00e9server l'\u00e9lan de l'\u00e9quipe.<\/p>\n<p>\u00c0 l'approche du mercato de janvier, l'attention se tournera in\u00e9vitablement vers l'avenir des joueurs remarquables de Bournemouth. Pour l'instant, cependant, l'engagement de Semenyo envers les Cherries est \u00e9vident, et les propos du manager sugg\u00e8rent que tout accord potentiel devrait \u00eatre \u00e9quilibr\u00e9 par rapport aux besoins imm\u00e9diats de l'\u00e9quipe.<\/p>\n<p>Prochainement, Bournemouth recevra Arsenal, d\u00e9sireux de s\u00e9curiser des points vitaux. La performance de Semenyo et des autres joueurs cl\u00e9s sera sous les projecteurs, alors que l'\u00e9quipe d'Iraola cherchera \u00e0 s'affirmer face \u00e0 l'une des meilleures \u00e9quipes de Premier League.<\/p>\n<p><\/body><br \/>\n<\/html><\/p>","protected":false},"excerpt":{"rendered":"<p>Bournemouth head coach Andoni Iraola has affirmed the continued importance of Antoine Semenyo to the team&#8217;s campaign, despite growing transfer [&hellip;]<\/p>\n","protected":false},"author":3,"featured_media":934,"comment_status":"","ping_status":"open","sticky":false,"template":"","format":"standard","meta":{"googlesitekit_rrm_CAow_uzEDA:productID":"","site-sidebar-layout":"default","site-content-layout":"","ast-site-content-layout":"default","site-content-style":"default","site-sidebar-style":"default","ast-global-header-display":"","ast-banner-title-visibility":"","ast-main-header-display":"","ast-hfb-above-header-display":"","ast-hfb-below-header-display":"","ast-hfb-mobile-header-display":"","site-post-title":"","ast-breadcrumbs-content":"","ast-featured-img":"","footer-sml-layout":"","ast-disable-related-posts":"","theme-transparent-header-meta":"","adv-header-id-meta":"","stick-header-meta":"","header-above-stick-meta":"","header-main-stick-meta":"","header-below-stick-meta":"","astra-migrate-meta-layouts":"default","ast-page-background-enabled":"default","ast-page-background-meta":{"desktop":{"background-color":"var(--ast-global-color-5)","background-image":"","background-repeat":"repeat","background-position":"center center","background-size":"auto","background-attachment":"scroll","background-type":"","background-media":"","overlay-type":"","overlay-color":"","overlay-opacity":"","overlay-gradient":""},"tablet":{"background-color":"","background-image":"","background-repeat":"repeat","background-position":"center center","background-size":"auto","background-attachment":"scroll","background-type":"","background-media":"","overlay-type":"","overlay-color":"","overlay-opacity":"","overlay-gradient":""},"mobile":{"background-color":"","background-image":"","background-repeat":"repeat","background-position":"center center","background-size":"auto","background-attachment":"scroll","background-type":"","background-media":"","overlay-type":"","overlay-color":"","overlay-opacity":"","overlay-gradient":""}},"ast-content-background-meta":{"desktop":{"background-color":"var(--ast-global-color-4)","background-image":"","background-repeat":"repeat","background-position":"center center","background-size":"auto","background-attachment":"scroll","background-type":"","background-media":"","overlay-type":"","overlay-color":"","overlay-opacity":"","overlay-gradient":""},"tablet":{"background-color":"var(--ast-global-color-4)","background-image":"","background-repeat":"repeat","background-position":"center center","background-size":"auto","background-attachment":"scroll","background-type":"","background-media":"","overlay-type":"","overlay-color":"","overlay-opacity":"","overlay-gradient":""},"mobile":{"background-color":"var(--ast-global-color-4)","background-image":"","background-repeat":"repeat","background-position":"center center","background-size":"auto","background-attachment":"scroll","background-type":"","background-media":"","overlay-type":"","overlay-color":"","overlay-opacity":"","overlay-gradient":""}},"footnotes":""},"categories":[20,1],"tags":[],"class_list":["post-935","post","type-post","status-publish","format-standard","has-post-thumbnail","hentry","category-international","category-football-latest-news"],"yoast_head":"<!-- This site is optimized with the Yoast SEO Premium plugin v26.6 (Yoast SEO v27.5) - https:\/\/yoast.com\/product\/yoast-seo-premium-wordpress\/ -->\n<title>Iraola: Semenyo Still Key for Bournemouth Ahead of Arsenal - Bladna News<\/title>\n<meta name=\"robots\" content=\"index, follow, max-snippet:-1, max-image-preview:large, max-video-preview:-1\" \/>\n<link rel=\"canonical\" href=\"https:\/\/bladnanews.com\/fr\/iraola-semenyo-reste-essentiel-pour-bournemouth-avant-arsenal\/\" \/>\n<meta property=\"og:locale\" content=\"fr_FR\" \/>\n<meta property=\"og:type\" content=\"article\" \/>\n<meta property=\"og:title\" content=\"Iraola: Semenyo Still Key for Bournemouth Ahead of Arsenal\" \/>\n<meta property=\"og:description\" content=\"Bournemouth head coach Andoni Iraola has affirmed the continued importance of Antoine Semenyo to the team&#8217;s campaign, despite growing transfer [&hellip;]\" \/>\n<meta property=\"og:url\" content=\"https:\/\/bladnanews.com\/fr\/iraola-semenyo-reste-essentiel-pour-bournemouth-avant-arsenal\/\" \/>\n<meta property=\"og:site_name\" content=\"Bladna News\" \/>\n<meta property=\"article:published_time\" content=\"2025-12-31T12:11:49+00:00\" \/>\n<meta property=\"og:image\" content=\"https:\/\/bladnanews.com\/wp-content\/uploads\/2025\/12\/BladnaNews-Iraola-Semenyo-Still-Key-for-Bournemouth-Ahead-of-Arsenal-2025-12-31T190313.914Z.jpg\" \/>\n\t<meta property=\"og:image:width\" content=\"1600\" \/>\n\t<meta property=\"og:image:height\" content=\"900\" \/>\n\t<meta property=\"og:image:type\" content=\"image\/jpeg\" \/>\n<meta name=\"author\" content=\"Bladna News Staff\" \/>\n<meta name=\"twitter:card\" content=\"summary_large_image\" \/>\n<meta name=\"twitter:label1\" content=\"\u00c9crit par\" \/>\n\t<meta name=\"twitter:data1\" content=\"Bladna News Staff\" \/>\n\t<meta name=\"twitter:label2\" content=\"Dur\u00e9e de lecture estim\u00e9e\" \/>\n\t<meta name=\"twitter:data2\" content=\"3 minutes\" \/>\n<script type=\"application\/ld+json\" class=\"yoast-schema-graph\">{\"@context\":\"https:\\\/\\\/schema.org\",\"@graph\":[{\"@type\":\"Article\",\"@id\":\"https:\\\/\\\/bladnanews.com\\\/iraola-semenyo-still-key-for-bournemouth-ahead-of-arsenal\\\/#article\",\"isPartOf\":{\"@id\":\"https:\\\/\\\/bladnanews.com\\\/iraola-semenyo-still-key-for-bournemouth-ahead-of-arsenal\\\/\"},\"author\":{\"name\":\"Bladna News Staff\",\"@id\":\"https:\\\/\\\/mediumseagreen-eel-531711.hostingersite.com\\\/#\\\/schema\\\/person\\\/268e18a453ab080ebf76df6ef7845083\"},\"headline\":\"Iraola: Semenyo Still Key for Bournemouth Ahead of Arsenal\",\"datePublished\":\"2025-12-31T12:11:49+00:00\",\"mainEntityOfPage\":{\"@id\":\"https:\\\/\\\/bladnanews.com\\\/iraola-semenyo-still-key-for-bournemouth-ahead-of-arsenal\\\/\"},\"wordCount\":522,\"publisher\":{\"@id\":\"https:\\\/\\\/mediumseagreen-eel-531711.hostingersite.com\\\/#organization\"},\"image\":{\"@id\":\"https:\\\/\\\/bladnanews.com\\\/iraola-semenyo-still-key-for-bournemouth-ahead-of-arsenal\\\/#primaryimage\"},\"thumbnailUrl\":\"https:\\\/\\\/bladnanews.com\\\/wp-content\\\/uploads\\\/2025\\\/12\\\/BladnaNews-Iraola-Semenyo-Still-Key-for-Bournemouth-Ahead-of-Arsenal-2025-12-31T190313.914Z.jpg\",\"articleSection\":[\"International\",\"Latest News\"],\"inLanguage\":\"fr-FR\",\"copyrightYear\":\"2025\",\"copyrightHolder\":{\"@id\":\"https:\\\/\\\/bladnanews.com\\\/fr\\\/#organization\"}},{\"@type\":\"WebPage\",\"@id\":\"https:\\\/\\\/bladnanews.com\\\/iraola-semenyo-still-key-for-bournemouth-ahead-of-arsenal\\\/\",\"url\":\"https:\\\/\\\/bladnanews.com\\\/iraola-semenyo-still-key-for-bournemouth-ahead-of-arsenal\\\/\",\"name\":\"Iraola: Semenyo Still Key for Bournemouth Ahead of Arsenal - Bladna News\",\"isPartOf\":{\"@id\":\"https:\\\/\\\/mediumseagreen-eel-531711.hostingersite.com\\\/#website\"},\"primaryImageOfPage\":{\"@id\":\"https:\\\/\\\/bladnanews.com\\\/iraola-semenyo-still-key-for-bournemouth-ahead-of-arsenal\\\/#primaryimage\"},\"image\":{\"@id\":\"https:\\\/\\\/bladnanews.com\\\/iraola-semenyo-still-key-for-bournemouth-ahead-of-arsenal\\\/#primaryimage\"},\"thumbnailUrl\":\"https:\\\/\\\/bladnanews.com\\\/wp-content\\\/uploads\\\/2025\\\/12\\\/BladnaNews-Iraola-Semenyo-Still-Key-for-Bournemouth-Ahead-of-Arsenal-2025-12-31T190313.914Z.jpg\",\"datePublished\":\"2025-12-31T12:11:49+00:00\",\"breadcrumb\":{\"@id\":\"https:\\\/\\\/bladnanews.com\\\/iraola-semenyo-still-key-for-bournemouth-ahead-of-arsenal\\\/#breadcrumb\"},\"inLanguage\":\"fr-FR\",\"potentialAction\":[{\"@type\":\"ReadAction\",\"target\":[\"https:\\\/\\\/bladnanews.com\\\/iraola-semenyo-still-key-for-bournemouth-ahead-of-arsenal\\\/\"]}]},{\"@type\":\"ImageObject\",\"inLanguage\":\"fr-FR\",\"@id\":\"https:\\\/\\\/bladnanews.com\\\/iraola-semenyo-still-key-for-bournemouth-ahead-of-arsenal\\\/#primaryimage\",\"url\":\"https:\\\/\\\/bladnanews.com\\\/wp-content\\\/uploads\\\/2025\\\/12\\\/BladnaNews-Iraola-Semenyo-Still-Key-for-Bournemouth-Ahead-of-Arsenal-2025-12-31T190313.914Z.jpg\",\"contentUrl\":\"https:\\\/\\\/bladnanews.com\\\/wp-content\\\/uploads\\\/2025\\\/12\\\/BladnaNews-Iraola-Semenyo-Still-Key-for-Bournemouth-Ahead-of-Arsenal-2025-12-31T190313.914Z.jpg\",\"width\":1600,\"height\":900},{\"@type\":\"BreadcrumbList\",\"@id\":\"https:\\\/\\\/bladnanews.com\\\/iraola-semenyo-still-key-for-bournemouth-ahead-of-arsenal\\\/#breadcrumb\",\"itemListElement\":[{\"@type\":\"ListItem\",\"position\":1,\"name\":\"Home\",\"item\":\"https:\\\/\\\/bladnanews.com\\\/\"},{\"@type\":\"ListItem\",\"position\":2,\"name\":\"Iraola: Semenyo Still Key for Bournemouth Ahead of Arsenal\"}]},{\"@type\":\"WebSite\",\"@id\":\"https:\\\/\\\/mediumseagreen-eel-531711.hostingersite.com\\\/#website\",\"url\":\"https:\\\/\\\/mediumseagreen-eel-531711.hostingersite.com\\\/\",\"name\":\"Bladna News - Morocco\",\"description\":\"Where Moroccan Football Meets the World\",\"publisher\":{\"@id\":\"https:\\\/\\\/mediumseagreen-eel-531711.hostingersite.com\\\/#organization\"},\"potentialAction\":[{\"@type\":\"SearchAction\",\"target\":{\"@type\":\"EntryPoint\",\"urlTemplate\":\"https:\\\/\\\/mediumseagreen-eel-531711.hostingersite.com\\\/?s={search_term_string}\"},\"query-input\":{\"@type\":\"PropertyValueSpecification\",\"valueRequired\":true,\"valueName\":\"search_term_string\"}}],\"inLanguage\":\"fr-FR\"},{\"@type\":\"Organization\",\"@id\":\"https:\\\/\\\/mediumseagreen-eel-531711.hostingersite.com\\\/#organization\",\"name\":\"Bladna News.com\",\"url\":\"https:\\\/\\\/mediumseagreen-eel-531711.hostingersite.com\\\/\",\"logo\":{\"@type\":\"ImageObject\",\"inLanguage\":\"fr-FR\",\"@id\":\"https:\\\/\\\/mediumseagreen-eel-531711.hostingersite.com\\\/#\\\/schema\\\/logo\\\/image\\\/\",\"url\":\"https:\\\/\\\/bladnanews.com\\\/wp-content\\\/uploads\\\/2025\\\/12\\\/logo-bladnanews-V2-web-black-red.png\",\"contentUrl\":\"https:\\\/\\\/bladnanews.com\\\/wp-content\\\/uploads\\\/2025\\\/12\\\/logo-bladnanews-V2-web-black-red.png\",\"width\":703,\"height\":287,\"caption\":\"Bladna News.com\"},\"image\":{\"@id\":\"https:\\\/\\\/mediumseagreen-eel-531711.hostingersite.com\\\/#\\\/schema\\\/logo\\\/image\\\/\"},\"email\":\"info@bladnanews.com\",\"legalName\":\"Bladna News\"},{\"@type\":\"Person\",\"@id\":\"https:\\\/\\\/mediumseagreen-eel-531711.hostingersite.com\\\/#\\\/schema\\\/person\\\/268e18a453ab080ebf76df6ef7845083\",\"name\":\"Bladna News Staff\",\"url\":\"https:\\\/\\\/bladnanews.com\\\/fr\\\/author\\\/bladna-news-staff\\\/\"}]}<\/script>\n<!-- \/ Yoast SEO Premium plugin. -->","yoast_head_json":{"title":"Iraola : Semenyo reste essentiel pour Bournemouth avant Arsenal - Bladna News","robots":{"index":"index","follow":"follow","max-snippet":"max-snippet:-1","max-image-preview":"max-image-preview:large","max-video-preview":"max-video-preview:-1"},"canonical":"https:\/\/bladnanews.com\/fr\/iraola-semenyo-reste-essentiel-pour-bournemouth-avant-arsenal\/","og_locale":"fr_FR","og_type":"article","og_title":"Iraola: Semenyo Still Key for Bournemouth Ahead of Arsenal","og_description":"Bournemouth head coach Andoni Iraola has affirmed the continued importance of Antoine Semenyo to the team&#8217;s campaign, despite growing transfer [&hellip;]","og_url":"https:\/\/bladnanews.com\/fr\/iraola-semenyo-reste-essentiel-pour-bournemouth-avant-arsenal\/","og_site_name":"Bladna News","article_published_time":"2025-12-31T12:11:49+00:00","og_image":[{"width":1600,"height":900,"url":"https:\/\/bladnanews.com\/wp-content\/uploads\/2025\/12\/BladnaNews-Iraola-Semenyo-Still-Key-for-Bournemouth-Ahead-of-Arsenal-2025-12-31T190313.914Z.jpg","type":"image\/jpeg"}],"author":"Bladna News Staff","twitter_card":"summary_large_image","twitter_misc":{"\u00c9crit par":"Bladna News Staff","Dur\u00e9e de lecture estim\u00e9e":"3 minutes"},"schema":{"@context":"https:\/\/schema.org","@graph":[{"@type":"Article","@id":"https:\/\/bladnanews.com\/iraola-semenyo-still-key-for-bournemouth-ahead-of-arsenal\/#article","isPartOf":{"@id":"https:\/\/bladnanews.com\/iraola-semenyo-still-key-for-bournemouth-ahead-of-arsenal\/"},"author":{"name":"Bladna News Staff","@id":"https:\/\/mediumseagreen-eel-531711.hostingersite.com\/#\/schema\/person\/268e18a453ab080ebf76df6ef7845083"},"headline":"Iraola: Semenyo Still Key for Bournemouth Ahead of Arsenal","datePublished":"2025-12-31T12:11:49+00:00","mainEntityOfPage":{"@id":"https:\/\/bladnanews.com\/iraola-semenyo-still-key-for-bournemouth-ahead-of-arsenal\/"},"wordCount":522,"publisher":{"@id":"https:\/\/mediumseagreen-eel-531711.hostingersite.com\/#organization"},"image":{"@id":"https:\/\/bladnanews.com\/iraola-semenyo-still-key-for-bournemouth-ahead-of-arsenal\/#primaryimage"},"thumbnailUrl":"https:\/\/bladnanews.com\/wp-content\/uploads\/2025\/12\/BladnaNews-Iraola-Semenyo-Still-Key-for-Bournemouth-Ahead-of-Arsenal-2025-12-31T190313.914Z.jpg","articleSection":["International","Latest News"],"inLanguage":"fr-FR","copyrightYear":"2025","copyrightHolder":{"@id":"https:\/\/bladnanews.com\/fr\/#organization"}},{"@type":"WebPage","@id":"https:\/\/bladnanews.com\/iraola-semenyo-still-key-for-bournemouth-ahead-of-arsenal\/","url":"https:\/\/bladnanews.com\/iraola-semenyo-still-key-for-bournemouth-ahead-of-arsenal\/","name":"Iraola : Semenyo reste essentiel pour Bournemouth avant Arsenal - Bladna News","isPartOf":{"@id":"https:\/\/mediumseagreen-eel-531711.hostingersite.com\/#website"},"primaryImageOfPage":{"@id":"https:\/\/bladnanews.com\/iraola-semenyo-still-key-for-bournemouth-ahead-of-arsenal\/#primaryimage"},"image":{"@id":"https:\/\/bladnanews.com\/iraola-semenyo-still-key-for-bournemouth-ahead-of-arsenal\/#primaryimage"},"thumbnailUrl":"https:\/\/bladnanews.com\/wp-content\/uploads\/2025\/12\/BladnaNews-Iraola-Semenyo-Still-Key-for-Bournemouth-Ahead-of-Arsenal-2025-12-31T190313.914Z.jpg","datePublished":"2025-12-31T12:11:49+00:00","breadcrumb":{"@id":"https:\/\/bladnanews.com\/iraola-semenyo-still-key-for-bournemouth-ahead-of-arsenal\/#breadcrumb"},"inLanguage":"fr-FR","potentialAction":[{"@type":"ReadAction","target":["https:\/\/bladnanews.com\/iraola-semenyo-still-key-for-bournemouth-ahead-of-arsenal\/"]}]},{"@type":"ImageObject","inLanguage":"fr-FR","@id":"https:\/\/bladnanews.com\/iraola-semenyo-still-key-for-bournemouth-ahead-of-arsenal\/#primaryimage","url":"https:\/\/bladnanews.com\/wp-content\/uploads\/2025\/12\/BladnaNews-Iraola-Semenyo-Still-Key-for-Bournemouth-Ahead-of-Arsenal-2025-12-31T190313.914Z.jpg","contentUrl":"https:\/\/bladnanews.com\/wp-content\/uploads\/2025\/12\/BladnaNews-Iraola-Semenyo-Still-Key-for-Bournemouth-Ahead-of-Arsenal-2025-12-31T190313.914Z.jpg","width":1600,"height":900},{"@type":"BreadcrumbList","@id":"https:\/\/bladnanews.com\/iraola-semenyo-still-key-for-bournemouth-ahead-of-arsenal\/#breadcrumb","itemListElement":[{"@type":"ListItem","position":1,"name":"Home","item":"https:\/\/bladnanews.com\/"},{"@type":"ListItem","position":2,"name":"Iraola: Semenyo Still Key for Bournemouth Ahead of Arsenal"}]},{"@type":"WebSite","@id":"https:\/\/mediumseagreen-eel-531711.hostingersite.com\/#website","url":"https:\/\/mediumseagreen-eel-531711.hostingersite.com\/","name":"Bladna News - Maroc","description":"Quand le football marocain rencontre le monde","publisher":{"@id":"https:\/\/mediumseagreen-eel-531711.hostingersite.com\/#organization"},"potentialAction":[{"@type":"SearchAction","target":{"@type":"EntryPoint","urlTemplate":"https:\/\/mediumseagreen-eel-531711.hostingersite.com\/?s={search_term_string}"},"query-input":{"@type":"PropertyValueSpecification","valueRequired":true,"valueName":"search_term_string"}}],"inLanguage":"fr-FR"},{"@type":"Organization","@id":"https:\/\/mediumseagreen-eel-531711.hostingersite.com\/#organization","name":"Bladna News.com","url":"https:\/\/mediumseagreen-eel-531711.hostingersite.com\/","logo":{"@type":"ImageObject","inLanguage":"fr-FR","@id":"https:\/\/mediumseagreen-eel-531711.hostingersite.com\/#\/schema\/logo\/image\/","url":"https:\/\/bladnanews.com\/wp-content\/uploads\/2025\/12\/logo-bladnanews-V2-web-black-red.png","contentUrl":"https:\/\/bladnanews.com\/wp-content\/uploads\/2025\/12\/logo-bladnanews-V2-web-black-red.png","width":703,"height":287,"caption":"Bladna News.com"},"image":{"@id":"https:\/\/mediumseagreen-eel-531711.hostingersite.com\/#\/schema\/logo\/image\/"},"email":"info@bladnanews.com","legalName":"Bladna News"},{"@type":"Person","@id":"https:\/\/mediumseagreen-eel-531711.hostingersite.com\/#\/schema\/person\/268e18a453ab080ebf76df6ef7845083","name":"\u00c9quipe r\u00e9dactionnelle de Bladna News","url":"https:\/\/bladnanews.com\/fr\/author\/bladna-news-staff\/"}]}},"_links":{"self":[{"href":"https:\/\/bladnanews.com\/fr\/wp-json\/wp\/v2\/posts\/935","targetHints":{"allow":["GET"]}}],"collection":[{"href":"https:\/\/bladnanews.com\/fr\/wp-json\/wp\/v2\/posts"}],"about":[{"href":"https:\/\/bladnanews.com\/fr\/wp-json\/wp\/v2\/types\/post"}],"author":[{"embeddable":true,"href":"https:\/\/bladnanews.com\/fr\/wp-json\/wp\/v2\/users\/3"}],"replies":[{"embeddable":true,"href":"https:\/\/bladnanews.com\/fr\/wp-json\/wp\/v2\/comments?post=935"}],"version-history":[{"count":0,"href":"https:\/\/bladnanews.com\/fr\/wp-json\/wp\/v2\/posts\/935\/revisions"}],"wp:featuredmedia":[{"embeddable":true,"href":"https:\/\/bladnanews.com\/fr\/wp-json\/wp\/v2\/media\/934"}],"wp:attachment":[{"href":"https:\/\/bladnanews.com\/fr\/wp-json\/wp\/v2\/media?parent=935"}],"wp:term":[{"taxonomy":"category","embeddable":true,"href":"https:\/\/bladnanews.com\/fr\/wp-json\/wp\/v2\/categories?post=935"},{"taxonomy":"post_tag","embeddable":true,"href":"https:\/\/bladnanews.com\/fr\/wp-json\/wp\/v2\/tags?post=935"}],"curies":[{"name":"wp","href":"https:\/\/api.w.org\/{rel}","templated":true}]}}