{"id":937,"date":"2025-12-31T12:32:13","date_gmt":"2025-12-31T12:32:13","guid":{"rendered":"https:\/\/bladnanews.com\/cristiano-ronaldos-world-cup-dream-salahs-bench-refusal\/"},"modified":"2025-12-31T12:32:13","modified_gmt":"2025-12-31T12:32:13","slug":"le-reve-de-coupe-du-monde-de-cristiano-ronaldo-le-refus-de-salah-de-rester-sur-le-banc","status":"publish","type":"post","link":"https:\/\/bladnanews.com\/fr\/le-reve-de-coupe-du-monde-de-cristiano-ronaldo-le-refus-de-salah-de-rester-sur-le-banc\/","title":{"rendered":"Le r\u00eave de Coupe du Monde de Cristiano Ronaldo et le refus de Salah de rester sur le banc"},"content":{"rendered":"<p><html><br \/>\n<body><\/p>\n<p>Alors que la communaut\u00e9 mondiale du football continue de r\u00e9fl\u00e9chir \u00e0 la derni\u00e8re Coupe du Monde, Cristiano Ronaldo reste r\u00e9solument concentr\u00e9 sur la r\u00e9alisation de son r\u00eave de longue date de soulever le troph\u00e9e. L'attaquant portugais, maintenant dans la derni\u00e8re \u00e9tape de sa carri\u00e8re illustre, a exprim\u00e9 publiquement son engagement ind\u00e9fectible \u00e0 mener sa nation \u00e0 la gloire sur la plus grande sc\u00e8ne du football. Malgr\u00e9 divers d\u00e9fis, y compris la concurrence intense et les exigences physiques du tournoi, l'ambition de Ronaldo alimente ses pr\u00e9paratifs pour les prochaines rencontres internationales.<\/p>\n<p>Le d\u00e9vouement de Ronaldo a \u00e9t\u00e9 \u00e9vident \u00e0 travers son r\u00e9gime d'entra\u00eenement rigoureux et son leadership sur et en dehors du terrain. Alors que le Portugal vise \u00e0 constituer une \u00e9quipe capable de rivaliser avec l'\u00e9lite mondiale, l'exp\u00e9rience et le talent de buteur de Ronaldo continuent d'\u00eatre essentiels. Son d\u00e9sir de terminer son parcours international avec un titre majeur r\u00e9sonne profond\u00e9ment avec les fans et les co\u00e9quipiers, soulignant son r\u00f4le non seulement en tant que joueur, mais aussi en tant qu'ic\u00f4ne nationale.<\/p>\n<p>Pendant ce temps, \u00e0 travers le continent, la star \u00e9gyptienne Mohamed Salah a fait la une des journaux au milieu des discussions concernant les s\u00e9lections d'\u00e9quipe lors de la Coupe du Monde. Des rapports indiquent que Salah \u00e9tait apparemment r\u00e9ticent \u00e0 accepter un r\u00f4le de rempla\u00e7ant lors d'un match crucial de la phase de groupes, suscitant un d\u00e9bat consid\u00e9rable parmi les supporters et les commentateurs. La situation met en lumi\u00e8re les dynamiques complexes auxquelles les joueurs sont confront\u00e9s lorsqu'ils \u00e9quilibrent ambitions personnelles et strat\u00e9gie d'\u00e9quipe dans des tournois \u00e0 enjeux \u00e9lev\u00e9s.<\/p>\n<p>De tels sc\u00e9narios ne sont pas rares dans le football international, o\u00f9 la gestion des talents d'\u00e9lite n\u00e9cessite une attention particuli\u00e8re de la part du personnel d'entra\u00eeneurs et des joueurs eux-m\u00eames. Le fort d\u00e9sir de Salah de contribuer sur le terrain refl\u00e8te son esprit comp\u00e9titif et son engagement envers le succ\u00e8s de son \u00e9quipe nationale. Cependant, la d\u00e9cision d'ajuster les compositions de d\u00e9part implique in\u00e9vitablement des consid\u00e9rations tactiques, une rotation de l'effectif et la gestion de la condition physique des joueurs, surtout dans le calendrier condens\u00e9 des comp\u00e9titions mondiales.<\/p>\n<p>Alors que les \u00e9quipes nationales avancent, les exp\u00e9riences de stars de haut niveau comme Ronaldo et Salah offrent des perspectives pr\u00e9cieuses sur les aspects humains derri\u00e8re les plus grands \u00e9v\u00e9nements du sport. Leurs parcours rappellent aux fans que, sous le spectacle, le football reste un jeu profond\u00e9ment ancr\u00e9 dans la passion, l'aspiration et la qu\u00eate d'une r\u00e9ussite collective.<\/p>\n<p>En regardant vers l'avenir, les deux joueurs devraient continuer \u00e0 fa\u00e7onner le destin de leurs pays respectifs \u00e0 l'approche des futurs tournois et qualifications. Leur influence s'\u00e9tend au-del\u00e0 des buts et des passes d\u00e9cisives, inspirant la prochaine g\u00e9n\u00e9ration de footballeurs et contribuant aux r\u00e9cits \u00e9volutifs entourant le football international.<\/p>\n<p>En fin de compte, la qu\u00eate de Ronaldo pour un triomphe en Coupe du Monde et le d\u00e9fi de Salah dans la navigation des r\u00f4les d'\u00e9quipe encapsulent les grandes intrigues qui d\u00e9finissent le beau jeu : le g\u00e9nie individuel entrelac\u00e9 avec l'unit\u00e9 d'\u00e9quipe, l'ambition temp\u00e9r\u00e9e par le pragmatisme, et la qu\u00eate durable de gloire sur les plus grandes sc\u00e8nes du sport.<\/p>\n<p><\/body><br \/>\n<\/html><\/p>","protected":false},"excerpt":{"rendered":"<p>As the global football community continues to reflect on the latest World Cup, Cristiano Ronaldo remains resolutely focused on achieving [&hellip;]<\/p>\n","protected":false},"author":3,"featured_media":936,"comment_status":"","ping_status":"open","sticky":false,"template":"","format":"standard","meta":{"googlesitekit_rrm_CAow_uzEDA:productID":"","site-sidebar-layout":"default","site-content-layout":"","ast-site-content-layout":"default","site-content-style":"default","site-sidebar-style":"default","ast-global-header-display":"","ast-banner-title-visibility":"","ast-main-header-display":"","ast-hfb-above-header-display":"","ast-hfb-below-header-display":"","ast-hfb-mobile-header-display":"","site-post-title":"","ast-breadcrumbs-content":"","ast-featured-img":"","footer-sml-layout":"","ast-disable-related-posts":"","theme-transparent-header-meta":"","adv-header-id-meta":"","stick-header-meta":"","header-above-stick-meta":"","header-main-stick-meta":"","header-below-stick-meta":"","astra-migrate-meta-layouts":"default","ast-page-background-enabled":"default","ast-page-background-meta":{"desktop":{"background-color":"var(--ast-global-color-5)","background-image":"","background-repeat":"repeat","background-position":"center center","background-size":"auto","background-attachment":"scroll","background-type":"","background-media":"","overlay-type":"","overlay-color":"","overlay-opacity":"","overlay-gradient":""},"tablet":{"background-color":"","background-image":"","background-repeat":"repeat","background-position":"center center","background-size":"auto","background-attachment":"scroll","background-type":"","background-media":"","overlay-type":"","overlay-color":"","overlay-opacity":"","overlay-gradient":""},"mobile":{"background-color":"","background-image":"","background-repeat":"repeat","background-position":"center center","background-size":"auto","background-attachment":"scroll","background-type":"","background-media":"","overlay-type":"","overlay-color":"","overlay-opacity":"","overlay-gradient":""}},"ast-content-background-meta":{"desktop":{"background-color":"var(--ast-global-color-4)","background-image":"","background-repeat":"repeat","background-position":"center center","background-size":"auto","background-attachment":"scroll","background-type":"","background-media":"","overlay-type":"","overlay-color":"","overlay-opacity":"","overlay-gradient":""},"tablet":{"background-color":"var(--ast-global-color-4)","background-image":"","background-repeat":"repeat","background-position":"center center","background-size":"auto","background-attachment":"scroll","background-type":"","background-media":"","overlay-type":"","overlay-color":"","overlay-opacity":"","overlay-gradient":""},"mobile":{"background-color":"var(--ast-global-color-4)","background-image":"","background-repeat":"repeat","background-position":"center center","background-size":"auto","background-attachment":"scroll","background-type":"","background-media":"","overlay-type":"","overlay-color":"","overlay-opacity":"","overlay-gradient":""}},"footnotes":""},"categories":[20,1],"tags":[],"class_list":["post-937","post","type-post","status-publish","format-standard","has-post-thumbnail","hentry","category-international","category-football-latest-news"],"yoast_head":"<!-- This site is optimized with the Yoast SEO Premium plugin v26.6 (Yoast SEO v27.5) - https:\/\/yoast.com\/product\/yoast-seo-premium-wordpress\/ -->\n<title>Cristiano Ronaldo&#039;s World Cup Dream &amp; Salah&#039;s Bench Refusal - Bladna News<\/title>\n<meta name=\"robots\" content=\"index, follow, max-snippet:-1, max-image-preview:large, max-video-preview:-1\" \/>\n<link rel=\"canonical\" href=\"https:\/\/bladnanews.com\/fr\/le-reve-de-coupe-du-monde-de-cristiano-ronaldo-le-refus-de-salah-de-rester-sur-le-banc\/\" \/>\n<meta property=\"og:locale\" content=\"fr_FR\" \/>\n<meta property=\"og:type\" content=\"article\" \/>\n<meta property=\"og:title\" content=\"Cristiano Ronaldo&#039;s World Cup Dream &amp; Salah&#039;s Bench Refusal\" \/>\n<meta property=\"og:description\" content=\"As the global football community continues to reflect on the latest World Cup, Cristiano Ronaldo remains resolutely focused on achieving [&hellip;]\" \/>\n<meta property=\"og:url\" content=\"https:\/\/bladnanews.com\/fr\/le-reve-de-coupe-du-monde-de-cristiano-ronaldo-le-refus-de-salah-de-rester-sur-le-banc\/\" \/>\n<meta property=\"og:site_name\" content=\"Bladna News\" \/>\n<meta property=\"article:published_time\" content=\"2025-12-31T12:32:13+00:00\" \/>\n<meta property=\"og:image\" content=\"https:\/\/bladnanews.com\/wp-content\/uploads\/2025\/12\/BladnaNews-Cristiano-Ronaldos-World-Cup-Dream-Salahs-Bench-Refusal-2025-12-31T190329.539Z.jpg\" \/>\n\t<meta property=\"og:image:width\" content=\"1280\" \/>\n\t<meta property=\"og:image:height\" content=\"720\" \/>\n\t<meta property=\"og:image:type\" content=\"image\/jpeg\" \/>\n<meta name=\"author\" content=\"Bladna News Staff\" \/>\n<meta name=\"twitter:card\" content=\"summary_large_image\" \/>\n<meta name=\"twitter:label1\" content=\"\u00c9crit par\" \/>\n\t<meta name=\"twitter:data1\" content=\"Bladna News Staff\" \/>\n\t<meta name=\"twitter:label2\" content=\"Dur\u00e9e de lecture estim\u00e9e\" \/>\n\t<meta name=\"twitter:data2\" content=\"2 minutes\" \/>\n<script type=\"application\/ld+json\" class=\"yoast-schema-graph\">{\"@context\":\"https:\\\/\\\/schema.org\",\"@graph\":[{\"@type\":\"Article\",\"@id\":\"https:\\\/\\\/bladnanews.com\\\/cristiano-ronaldos-world-cup-dream-salahs-bench-refusal\\\/#article\",\"isPartOf\":{\"@id\":\"https:\\\/\\\/bladnanews.com\\\/cristiano-ronaldos-world-cup-dream-salahs-bench-refusal\\\/\"},\"author\":{\"name\":\"Bladna News Staff\",\"@id\":\"https:\\\/\\\/mediumseagreen-eel-531711.hostingersite.com\\\/#\\\/schema\\\/person\\\/268e18a453ab080ebf76df6ef7845083\"},\"headline\":\"Cristiano Ronaldo&#8217;s World Cup Dream &#038; Salah&#8217;s Bench Refusal\",\"datePublished\":\"2025-12-31T12:32:13+00:00\",\"mainEntityOfPage\":{\"@id\":\"https:\\\/\\\/bladnanews.com\\\/cristiano-ronaldos-world-cup-dream-salahs-bench-refusal\\\/\"},\"wordCount\":436,\"publisher\":{\"@id\":\"https:\\\/\\\/mediumseagreen-eel-531711.hostingersite.com\\\/#organization\"},\"image\":{\"@id\":\"https:\\\/\\\/bladnanews.com\\\/cristiano-ronaldos-world-cup-dream-salahs-bench-refusal\\\/#primaryimage\"},\"thumbnailUrl\":\"https:\\\/\\\/bladnanews.com\\\/wp-content\\\/uploads\\\/2025\\\/12\\\/BladnaNews-Cristiano-Ronaldos-World-Cup-Dream-Salahs-Bench-Refusal-2025-12-31T190329.539Z.jpg\",\"articleSection\":[\"International\",\"Latest News\"],\"inLanguage\":\"fr-FR\",\"copyrightYear\":\"2025\",\"copyrightHolder\":{\"@id\":\"https:\\\/\\\/bladnanews.com\\\/fr\\\/#organization\"}},{\"@type\":\"WebPage\",\"@id\":\"https:\\\/\\\/bladnanews.com\\\/cristiano-ronaldos-world-cup-dream-salahs-bench-refusal\\\/\",\"url\":\"https:\\\/\\\/bladnanews.com\\\/cristiano-ronaldos-world-cup-dream-salahs-bench-refusal\\\/\",\"name\":\"Cristiano Ronaldo's World Cup Dream & Salah's Bench Refusal - Bladna News\",\"isPartOf\":{\"@id\":\"https:\\\/\\\/mediumseagreen-eel-531711.hostingersite.com\\\/#website\"},\"primaryImageOfPage\":{\"@id\":\"https:\\\/\\\/bladnanews.com\\\/cristiano-ronaldos-world-cup-dream-salahs-bench-refusal\\\/#primaryimage\"},\"image\":{\"@id\":\"https:\\\/\\\/bladnanews.com\\\/cristiano-ronaldos-world-cup-dream-salahs-bench-refusal\\\/#primaryimage\"},\"thumbnailUrl\":\"https:\\\/\\\/bladnanews.com\\\/wp-content\\\/uploads\\\/2025\\\/12\\\/BladnaNews-Cristiano-Ronaldos-World-Cup-Dream-Salahs-Bench-Refusal-2025-12-31T190329.539Z.jpg\",\"datePublished\":\"2025-12-31T12:32:13+00:00\",\"breadcrumb\":{\"@id\":\"https:\\\/\\\/bladnanews.com\\\/cristiano-ronaldos-world-cup-dream-salahs-bench-refusal\\\/#breadcrumb\"},\"inLanguage\":\"fr-FR\",\"potentialAction\":[{\"@type\":\"ReadAction\",\"target\":[\"https:\\\/\\\/bladnanews.com\\\/cristiano-ronaldos-world-cup-dream-salahs-bench-refusal\\\/\"]}]},{\"@type\":\"ImageObject\",\"inLanguage\":\"fr-FR\",\"@id\":\"https:\\\/\\\/bladnanews.com\\\/cristiano-ronaldos-world-cup-dream-salahs-bench-refusal\\\/#primaryimage\",\"url\":\"https:\\\/\\\/bladnanews.com\\\/wp-content\\\/uploads\\\/2025\\\/12\\\/BladnaNews-Cristiano-Ronaldos-World-Cup-Dream-Salahs-Bench-Refusal-2025-12-31T190329.539Z.jpg\",\"contentUrl\":\"https:\\\/\\\/bladnanews.com\\\/wp-content\\\/uploads\\\/2025\\\/12\\\/BladnaNews-Cristiano-Ronaldos-World-Cup-Dream-Salahs-Bench-Refusal-2025-12-31T190329.539Z.jpg\",\"width\":1280,\"height\":720},{\"@type\":\"BreadcrumbList\",\"@id\":\"https:\\\/\\\/bladnanews.com\\\/cristiano-ronaldos-world-cup-dream-salahs-bench-refusal\\\/#breadcrumb\",\"itemListElement\":[{\"@type\":\"ListItem\",\"position\":1,\"name\":\"Home\",\"item\":\"https:\\\/\\\/bladnanews.com\\\/\"},{\"@type\":\"ListItem\",\"position\":2,\"name\":\"Cristiano Ronaldo&#8217;s World Cup Dream &#038; Salah&#8217;s Bench Refusal\"}]},{\"@type\":\"WebSite\",\"@id\":\"https:\\\/\\\/mediumseagreen-eel-531711.hostingersite.com\\\/#website\",\"url\":\"https:\\\/\\\/mediumseagreen-eel-531711.hostingersite.com\\\/\",\"name\":\"Bladna News - Morocco\",\"description\":\"Where Moroccan Football Meets the World\",\"publisher\":{\"@id\":\"https:\\\/\\\/mediumseagreen-eel-531711.hostingersite.com\\\/#organization\"},\"potentialAction\":[{\"@type\":\"SearchAction\",\"target\":{\"@type\":\"EntryPoint\",\"urlTemplate\":\"https:\\\/\\\/mediumseagreen-eel-531711.hostingersite.com\\\/?s={search_term_string}\"},\"query-input\":{\"@type\":\"PropertyValueSpecification\",\"valueRequired\":true,\"valueName\":\"search_term_string\"}}],\"inLanguage\":\"fr-FR\"},{\"@type\":\"Organization\",\"@id\":\"https:\\\/\\\/mediumseagreen-eel-531711.hostingersite.com\\\/#organization\",\"name\":\"Bladna News.com\",\"url\":\"https:\\\/\\\/mediumseagreen-eel-531711.hostingersite.com\\\/\",\"logo\":{\"@type\":\"ImageObject\",\"inLanguage\":\"fr-FR\",\"@id\":\"https:\\\/\\\/mediumseagreen-eel-531711.hostingersite.com\\\/#\\\/schema\\\/logo\\\/image\\\/\",\"url\":\"https:\\\/\\\/bladnanews.com\\\/wp-content\\\/uploads\\\/2025\\\/12\\\/logo-bladnanews-V2-web-black-red.png\",\"contentUrl\":\"https:\\\/\\\/bladnanews.com\\\/wp-content\\\/uploads\\\/2025\\\/12\\\/logo-bladnanews-V2-web-black-red.png\",\"width\":703,\"height\":287,\"caption\":\"Bladna News.com\"},\"image\":{\"@id\":\"https:\\\/\\\/mediumseagreen-eel-531711.hostingersite.com\\\/#\\\/schema\\\/logo\\\/image\\\/\"},\"email\":\"info@bladnanews.com\",\"legalName\":\"Bladna News\"},{\"@type\":\"Person\",\"@id\":\"https:\\\/\\\/mediumseagreen-eel-531711.hostingersite.com\\\/#\\\/schema\\\/person\\\/268e18a453ab080ebf76df6ef7845083\",\"name\":\"Bladna News Staff\",\"url\":\"https:\\\/\\\/bladnanews.com\\\/fr\\\/author\\\/bladna-news-staff\\\/\"}]}<\/script>\n<!-- \/ Yoast SEO Premium plugin. -->","yoast_head_json":{"title":"Le r\u00eave de Coupe du Monde de Cristiano Ronaldo et le refus de Salah de rester sur le banc - Bladna News","robots":{"index":"index","follow":"follow","max-snippet":"max-snippet:-1","max-image-preview":"max-image-preview:large","max-video-preview":"max-video-preview:-1"},"canonical":"https:\/\/bladnanews.com\/fr\/le-reve-de-coupe-du-monde-de-cristiano-ronaldo-le-refus-de-salah-de-rester-sur-le-banc\/","og_locale":"fr_FR","og_type":"article","og_title":"Cristiano Ronaldo's World Cup Dream & Salah's Bench Refusal","og_description":"As the global football community continues to reflect on the latest World Cup, Cristiano Ronaldo remains resolutely focused on achieving [&hellip;]","og_url":"https:\/\/bladnanews.com\/fr\/le-reve-de-coupe-du-monde-de-cristiano-ronaldo-le-refus-de-salah-de-rester-sur-le-banc\/","og_site_name":"Bladna News","article_published_time":"2025-12-31T12:32:13+00:00","og_image":[{"width":1280,"height":720,"url":"https:\/\/bladnanews.com\/wp-content\/uploads\/2025\/12\/BladnaNews-Cristiano-Ronaldos-World-Cup-Dream-Salahs-Bench-Refusal-2025-12-31T190329.539Z.jpg","type":"image\/jpeg"}],"author":"Bladna News Staff","twitter_card":"summary_large_image","twitter_misc":{"\u00c9crit par":"Bladna News Staff","Dur\u00e9e de lecture estim\u00e9e":"2 minutes"},"schema":{"@context":"https:\/\/schema.org","@graph":[{"@type":"Article","@id":"https:\/\/bladnanews.com\/cristiano-ronaldos-world-cup-dream-salahs-bench-refusal\/#article","isPartOf":{"@id":"https:\/\/bladnanews.com\/cristiano-ronaldos-world-cup-dream-salahs-bench-refusal\/"},"author":{"name":"Bladna News Staff","@id":"https:\/\/mediumseagreen-eel-531711.hostingersite.com\/#\/schema\/person\/268e18a453ab080ebf76df6ef7845083"},"headline":"Cristiano Ronaldo&#8217;s World Cup Dream &#038; Salah&#8217;s Bench Refusal","datePublished":"2025-12-31T12:32:13+00:00","mainEntityOfPage":{"@id":"https:\/\/bladnanews.com\/cristiano-ronaldos-world-cup-dream-salahs-bench-refusal\/"},"wordCount":436,"publisher":{"@id":"https:\/\/mediumseagreen-eel-531711.hostingersite.com\/#organization"},"image":{"@id":"https:\/\/bladnanews.com\/cristiano-ronaldos-world-cup-dream-salahs-bench-refusal\/#primaryimage"},"thumbnailUrl":"https:\/\/bladnanews.com\/wp-content\/uploads\/2025\/12\/BladnaNews-Cristiano-Ronaldos-World-Cup-Dream-Salahs-Bench-Refusal-2025-12-31T190329.539Z.jpg","articleSection":["International","Latest News"],"inLanguage":"fr-FR","copyrightYear":"2025","copyrightHolder":{"@id":"https:\/\/bladnanews.com\/fr\/#organization"}},{"@type":"WebPage","@id":"https:\/\/bladnanews.com\/cristiano-ronaldos-world-cup-dream-salahs-bench-refusal\/","url":"https:\/\/bladnanews.com\/cristiano-ronaldos-world-cup-dream-salahs-bench-refusal\/","name":"Le r\u00eave de Coupe du Monde de Cristiano Ronaldo et le refus de Salah de rester sur le banc - Bladna News","isPartOf":{"@id":"https:\/\/mediumseagreen-eel-531711.hostingersite.com\/#website"},"primaryImageOfPage":{"@id":"https:\/\/bladnanews.com\/cristiano-ronaldos-world-cup-dream-salahs-bench-refusal\/#primaryimage"},"image":{"@id":"https:\/\/bladnanews.com\/cristiano-ronaldos-world-cup-dream-salahs-bench-refusal\/#primaryimage"},"thumbnailUrl":"https:\/\/bladnanews.com\/wp-content\/uploads\/2025\/12\/BladnaNews-Cristiano-Ronaldos-World-Cup-Dream-Salahs-Bench-Refusal-2025-12-31T190329.539Z.jpg","datePublished":"2025-12-31T12:32:13+00:00","breadcrumb":{"@id":"https:\/\/bladnanews.com\/cristiano-ronaldos-world-cup-dream-salahs-bench-refusal\/#breadcrumb"},"inLanguage":"fr-FR","potentialAction":[{"@type":"ReadAction","target":["https:\/\/bladnanews.com\/cristiano-ronaldos-world-cup-dream-salahs-bench-refusal\/"]}]},{"@type":"ImageObject","inLanguage":"fr-FR","@id":"https:\/\/bladnanews.com\/cristiano-ronaldos-world-cup-dream-salahs-bench-refusal\/#primaryimage","url":"https:\/\/bladnanews.com\/wp-content\/uploads\/2025\/12\/BladnaNews-Cristiano-Ronaldos-World-Cup-Dream-Salahs-Bench-Refusal-2025-12-31T190329.539Z.jpg","contentUrl":"https:\/\/bladnanews.com\/wp-content\/uploads\/2025\/12\/BladnaNews-Cristiano-Ronaldos-World-Cup-Dream-Salahs-Bench-Refusal-2025-12-31T190329.539Z.jpg","width":1280,"height":720},{"@type":"BreadcrumbList","@id":"https:\/\/bladnanews.com\/cristiano-ronaldos-world-cup-dream-salahs-bench-refusal\/#breadcrumb","itemListElement":[{"@type":"ListItem","position":1,"name":"Home","item":"https:\/\/bladnanews.com\/"},{"@type":"ListItem","position":2,"name":"Cristiano Ronaldo&#8217;s World Cup Dream &#038; Salah&#8217;s Bench Refusal"}]},{"@type":"WebSite","@id":"https:\/\/mediumseagreen-eel-531711.hostingersite.com\/#website","url":"https:\/\/mediumseagreen-eel-531711.hostingersite.com\/","name":"Bladna News - Maroc","description":"Quand le football marocain rencontre le monde","publisher":{"@id":"https:\/\/mediumseagreen-eel-531711.hostingersite.com\/#organization"},"potentialAction":[{"@type":"SearchAction","target":{"@type":"EntryPoint","urlTemplate":"https:\/\/mediumseagreen-eel-531711.hostingersite.com\/?s={search_term_string}"},"query-input":{"@type":"PropertyValueSpecification","valueRequired":true,"valueName":"search_term_string"}}],"inLanguage":"fr-FR"},{"@type":"Organization","@id":"https:\/\/mediumseagreen-eel-531711.hostingersite.com\/#organization","name":"Bladna News.com","url":"https:\/\/mediumseagreen-eel-531711.hostingersite.com\/","logo":{"@type":"ImageObject","inLanguage":"fr-FR","@id":"https:\/\/mediumseagreen-eel-531711.hostingersite.com\/#\/schema\/logo\/image\/","url":"https:\/\/bladnanews.com\/wp-content\/uploads\/2025\/12\/logo-bladnanews-V2-web-black-red.png","contentUrl":"https:\/\/bladnanews.com\/wp-content\/uploads\/2025\/12\/logo-bladnanews-V2-web-black-red.png","width":703,"height":287,"caption":"Bladna News.com"},"image":{"@id":"https:\/\/mediumseagreen-eel-531711.hostingersite.com\/#\/schema\/logo\/image\/"},"email":"info@bladnanews.com","legalName":"Bladna News"},{"@type":"Person","@id":"https:\/\/mediumseagreen-eel-531711.hostingersite.com\/#\/schema\/person\/268e18a453ab080ebf76df6ef7845083","name":"\u00c9quipe r\u00e9dactionnelle de Bladna News","url":"https:\/\/bladnanews.com\/fr\/author\/bladna-news-staff\/"}]}},"_links":{"self":[{"href":"https:\/\/bladnanews.com\/fr\/wp-json\/wp\/v2\/posts\/937","targetHints":{"allow":["GET"]}}],"collection":[{"href":"https:\/\/bladnanews.com\/fr\/wp-json\/wp\/v2\/posts"}],"about":[{"href":"https:\/\/bladnanews.com\/fr\/wp-json\/wp\/v2\/types\/post"}],"author":[{"embeddable":true,"href":"https:\/\/bladnanews.com\/fr\/wp-json\/wp\/v2\/users\/3"}],"replies":[{"embeddable":true,"href":"https:\/\/bladnanews.com\/fr\/wp-json\/wp\/v2\/comments?post=937"}],"version-history":[{"count":0,"href":"https:\/\/bladnanews.com\/fr\/wp-json\/wp\/v2\/posts\/937\/revisions"}],"wp:featuredmedia":[{"embeddable":true,"href":"https:\/\/bladnanews.com\/fr\/wp-json\/wp\/v2\/media\/936"}],"wp:attachment":[{"href":"https:\/\/bladnanews.com\/fr\/wp-json\/wp\/v2\/media?parent=937"}],"wp:term":[{"taxonomy":"category","embeddable":true,"href":"https:\/\/bladnanews.com\/fr\/wp-json\/wp\/v2\/categories?post=937"},{"taxonomy":"post_tag","embeddable":true,"href":"https:\/\/bladnanews.com\/fr\/wp-json\/wp\/v2\/tags?post=937"}],"curies":[{"name":"wp","href":"https:\/\/api.w.org\/{rel}","templated":true}]}}