{"id":945,"date":"2025-12-31T13:14:24","date_gmt":"2025-12-31T13:14:24","guid":{"rendered":"https:\/\/bladnanews.com\/joao-cancelo-eyes-surprise-europe-return-as-top-clubs-reach-out\/"},"modified":"2025-12-31T13:14:24","modified_gmt":"2025-12-31T13:14:24","slug":"joao-cancelo-envisage-un-retour-surprise-en-europe-alors-que-les-grands-clubs-se-manifestent","status":"publish","type":"post","link":"https:\/\/bladnanews.com\/fr\/joao-cancelo-envisage-un-retour-surprise-en-europe-alors-que-les-grands-clubs-se-manifestent\/","title":{"rendered":"Joao Cancelo vise un retour surprise en Europe alors que les grands clubs le contactent"},"content":{"rendered":"<p><html><br \/>\n<body><\/p>\n<p>Joao Cancelo, le lat\u00e9ral dynamique connu pour sa polyvalence et ses capacit\u00e9s offensives, envisagerait un retour au football europ\u00e9en \u00e0 l'approche de janvier.<\/p>\n<p>La capacit\u00e9 technique et l'intelligence tactique de Cancelo en ont fait un atout convoit\u00e9, avec Barcelone, l'Inter Milan et la Juventus qui auraient tous pris contact avec ses repr\u00e9sentants.<\/p>\n<p>Ces clubs voient Cancelo comme un joueur qui peut non seulement renforcer leur ligne d\u00e9fensive, mais aussi apporter une cr\u00e9ativit\u00e9 et une largeur pr\u00e9cieuses dans les phases offensives, un m\u00e9lange qui a d\u00e9fini sa carri\u00e8re \u00e0 travers plusieurs grandes ligues europ\u00e9ennes.<\/p>\n<p>Depuis son transfert hors de la Premier League, Cancelo s'est adapt\u00e9 \u00e0 un style de football diff\u00e9rent, mais des sources proches du joueur sugg\u00e8rent qu'il reste d\u00e9sireux de se mesurer au plus haut niveau et de concourir \u00e0 nouveau dans les comp\u00e9titions d'\u00e9lite europ\u00e9ennes.<\/p>\n<p>Cette ambition s'aligne avec l'int\u00e9r\u00eat des clubs mentionn\u00e9s ci-dessus, chacun d\u00e9sireux de renforcer la profondeur de leur effectif et leurs options tactiques alors qu'ils se pr\u00e9parent pour la seconde moiti\u00e9 de la saison.<\/p>\n<p>Barcelone vise \u00e0 renforcer ses rangs d\u00e9fensifs dans le cadre d'une restructuration d'effectif en cours et de contraintes financi\u00e8res.<\/p>\n<p>Ajouter Cancelo, avec son exp\u00e9rience dans les comp\u00e9titions europ\u00e9ennes d'\u00e9lite et sa polyvalence \u00e0 travers la ligne d\u00e9fensive, correspond \u00e0 leur vision strat\u00e9gique.<\/p>\n<p><\/body><br \/>\n<\/html><\/p>","protected":false},"excerpt":{"rendered":"<p>Joao Cancelo, the dynamic full-back known for his versatility and attacking prowess, is reportedly considering a return to European football [&hellip;]<\/p>\n","protected":false},"author":3,"featured_media":944,"comment_status":"","ping_status":"open","sticky":false,"template":"","format":"standard","meta":{"googlesitekit_rrm_CAow_uzEDA:productID":"","site-sidebar-layout":"default","site-content-layout":"","ast-site-content-layout":"default","site-content-style":"default","site-sidebar-style":"default","ast-global-header-display":"","ast-banner-title-visibility":"","ast-main-header-display":"","ast-hfb-above-header-display":"","ast-hfb-below-header-display":"","ast-hfb-mobile-header-display":"","site-post-title":"","ast-breadcrumbs-content":"","ast-featured-img":"","footer-sml-layout":"","ast-disable-related-posts":"","theme-transparent-header-meta":"","adv-header-id-meta":"","stick-header-meta":"","header-above-stick-meta":"","header-main-stick-meta":"","header-below-stick-meta":"","astra-migrate-meta-layouts":"default","ast-page-background-enabled":"default","ast-page-background-meta":{"desktop":{"background-color":"var(--ast-global-color-5)","background-image":"","background-repeat":"repeat","background-position":"center center","background-size":"auto","background-attachment":"scroll","background-type":"","background-media":"","overlay-type":"","overlay-color":"","overlay-opacity":"","overlay-gradient":""},"tablet":{"background-color":"","background-image":"","background-repeat":"repeat","background-position":"center center","background-size":"auto","background-attachment":"scroll","background-type":"","background-media":"","overlay-type":"","overlay-color":"","overlay-opacity":"","overlay-gradient":""},"mobile":{"background-color":"","background-image":"","background-repeat":"repeat","background-position":"center center","background-size":"auto","background-attachment":"scroll","background-type":"","background-media":"","overlay-type":"","overlay-color":"","overlay-opacity":"","overlay-gradient":""}},"ast-content-background-meta":{"desktop":{"background-color":"var(--ast-global-color-4)","background-image":"","background-repeat":"repeat","background-position":"center center","background-size":"auto","background-attachment":"scroll","background-type":"","background-media":"","overlay-type":"","overlay-color":"","overlay-opacity":"","overlay-gradient":""},"tablet":{"background-color":"var(--ast-global-color-4)","background-image":"","background-repeat":"repeat","background-position":"center center","background-size":"auto","background-attachment":"scroll","background-type":"","background-media":"","overlay-type":"","overlay-color":"","overlay-opacity":"","overlay-gradient":""},"mobile":{"background-color":"var(--ast-global-color-4)","background-image":"","background-repeat":"repeat","background-position":"center center","background-size":"auto","background-attachment":"scroll","background-type":"","background-media":"","overlay-type":"","overlay-color":"","overlay-opacity":"","overlay-gradient":""}},"footnotes":""},"categories":[20,1],"tags":[],"class_list":["post-945","post","type-post","status-publish","format-standard","has-post-thumbnail","hentry","category-international","category-football-latest-news"],"yoast_head":"<!-- This site is optimized with the Yoast SEO Premium plugin v26.6 (Yoast SEO v27.5) - https:\/\/yoast.com\/product\/yoast-seo-premium-wordpress\/ -->\n<title>Joao Cancelo Eyes Surprise Europe Return as Top Clubs Reach Out - Bladna News<\/title>\n<meta name=\"robots\" content=\"index, follow, max-snippet:-1, max-image-preview:large, max-video-preview:-1\" \/>\n<link rel=\"canonical\" href=\"https:\/\/bladnanews.com\/fr\/joao-cancelo-envisage-un-retour-surprise-en-europe-alors-que-les-grands-clubs-se-manifestent\/\" \/>\n<meta property=\"og:locale\" content=\"fr_FR\" \/>\n<meta property=\"og:type\" content=\"article\" \/>\n<meta property=\"og:title\" content=\"Joao Cancelo Eyes Surprise Europe Return as Top Clubs Reach Out\" \/>\n<meta property=\"og:description\" content=\"Joao Cancelo, the dynamic full-back known for his versatility and attacking prowess, is reportedly considering a return to European football [&hellip;]\" \/>\n<meta property=\"og:url\" content=\"https:\/\/bladnanews.com\/fr\/joao-cancelo-envisage-un-retour-surprise-en-europe-alors-que-les-grands-clubs-se-manifestent\/\" \/>\n<meta property=\"og:site_name\" content=\"Bladna News\" \/>\n<meta property=\"article:published_time\" content=\"2025-12-31T13:14:24+00:00\" \/>\n<meta property=\"og:image\" content=\"https:\/\/bladnanews.com\/wp-content\/uploads\/2025\/12\/BladnaNews-Joao-Cancelo-Eyes-Surprise-Europe-Return-as-Top-Clubs-Reach-Out-2025-12-31T210303.910Z.jpg\" \/>\n\t<meta property=\"og:image:width\" content=\"1600\" \/>\n\t<meta property=\"og:image:height\" content=\"900\" \/>\n\t<meta property=\"og:image:type\" content=\"image\/jpeg\" \/>\n<meta name=\"author\" content=\"Bladna News Staff\" \/>\n<meta name=\"twitter:card\" content=\"summary_large_image\" \/>\n<meta name=\"twitter:label1\" content=\"\u00c9crit par\" \/>\n\t<meta name=\"twitter:data1\" content=\"Bladna News Staff\" \/>\n\t<meta name=\"twitter:label2\" content=\"Dur\u00e9e de lecture estim\u00e9e\" \/>\n\t<meta name=\"twitter:data2\" content=\"2 minutes\" \/>\n<script type=\"application\/ld+json\" class=\"yoast-schema-graph\">{\"@context\":\"https:\\\/\\\/schema.org\",\"@graph\":[{\"@type\":\"Article\",\"@id\":\"https:\\\/\\\/bladnanews.com\\\/joao-cancelo-eyes-surprise-europe-return-as-top-clubs-reach-out\\\/#article\",\"isPartOf\":{\"@id\":\"https:\\\/\\\/bladnanews.com\\\/joao-cancelo-eyes-surprise-europe-return-as-top-clubs-reach-out\\\/\"},\"author\":{\"name\":\"Bladna News Staff\",\"@id\":\"https:\\\/\\\/mediumseagreen-eel-531711.hostingersite.com\\\/#\\\/schema\\\/person\\\/268e18a453ab080ebf76df6ef7845083\"},\"headline\":\"Joao Cancelo Eyes Surprise Europe Return as Top Clubs Reach Out\",\"datePublished\":\"2025-12-31T13:14:24+00:00\",\"mainEntityOfPage\":{\"@id\":\"https:\\\/\\\/bladnanews.com\\\/joao-cancelo-eyes-surprise-europe-return-as-top-clubs-reach-out\\\/\"},\"wordCount\":440,\"publisher\":{\"@id\":\"https:\\\/\\\/mediumseagreen-eel-531711.hostingersite.com\\\/#organization\"},\"image\":{\"@id\":\"https:\\\/\\\/bladnanews.com\\\/joao-cancelo-eyes-surprise-europe-return-as-top-clubs-reach-out\\\/#primaryimage\"},\"thumbnailUrl\":\"https:\\\/\\\/bladnanews.com\\\/wp-content\\\/uploads\\\/2025\\\/12\\\/BladnaNews-Joao-Cancelo-Eyes-Surprise-Europe-Return-as-Top-Clubs-Reach-Out-2025-12-31T210303.910Z.jpg\",\"articleSection\":[\"International\",\"Latest News\"],\"inLanguage\":\"fr-FR\",\"copyrightYear\":\"2025\",\"copyrightHolder\":{\"@id\":\"https:\\\/\\\/bladnanews.com\\\/fr\\\/#organization\"}},{\"@type\":\"WebPage\",\"@id\":\"https:\\\/\\\/bladnanews.com\\\/joao-cancelo-eyes-surprise-europe-return-as-top-clubs-reach-out\\\/\",\"url\":\"https:\\\/\\\/bladnanews.com\\\/joao-cancelo-eyes-surprise-europe-return-as-top-clubs-reach-out\\\/\",\"name\":\"Joao Cancelo Eyes Surprise Europe Return as Top Clubs Reach Out - Bladna News\",\"isPartOf\":{\"@id\":\"https:\\\/\\\/mediumseagreen-eel-531711.hostingersite.com\\\/#website\"},\"primaryImageOfPage\":{\"@id\":\"https:\\\/\\\/bladnanews.com\\\/joao-cancelo-eyes-surprise-europe-return-as-top-clubs-reach-out\\\/#primaryimage\"},\"image\":{\"@id\":\"https:\\\/\\\/bladnanews.com\\\/joao-cancelo-eyes-surprise-europe-return-as-top-clubs-reach-out\\\/#primaryimage\"},\"thumbnailUrl\":\"https:\\\/\\\/bladnanews.com\\\/wp-content\\\/uploads\\\/2025\\\/12\\\/BladnaNews-Joao-Cancelo-Eyes-Surprise-Europe-Return-as-Top-Clubs-Reach-Out-2025-12-31T210303.910Z.jpg\",\"datePublished\":\"2025-12-31T13:14:24+00:00\",\"breadcrumb\":{\"@id\":\"https:\\\/\\\/bladnanews.com\\\/joao-cancelo-eyes-surprise-europe-return-as-top-clubs-reach-out\\\/#breadcrumb\"},\"inLanguage\":\"fr-FR\",\"potentialAction\":[{\"@type\":\"ReadAction\",\"target\":[\"https:\\\/\\\/bladnanews.com\\\/joao-cancelo-eyes-surprise-europe-return-as-top-clubs-reach-out\\\/\"]}]},{\"@type\":\"ImageObject\",\"inLanguage\":\"fr-FR\",\"@id\":\"https:\\\/\\\/bladnanews.com\\\/joao-cancelo-eyes-surprise-europe-return-as-top-clubs-reach-out\\\/#primaryimage\",\"url\":\"https:\\\/\\\/bladnanews.com\\\/wp-content\\\/uploads\\\/2025\\\/12\\\/BladnaNews-Joao-Cancelo-Eyes-Surprise-Europe-Return-as-Top-Clubs-Reach-Out-2025-12-31T210303.910Z.jpg\",\"contentUrl\":\"https:\\\/\\\/bladnanews.com\\\/wp-content\\\/uploads\\\/2025\\\/12\\\/BladnaNews-Joao-Cancelo-Eyes-Surprise-Europe-Return-as-Top-Clubs-Reach-Out-2025-12-31T210303.910Z.jpg\",\"width\":1600,\"height\":900},{\"@type\":\"BreadcrumbList\",\"@id\":\"https:\\\/\\\/bladnanews.com\\\/joao-cancelo-eyes-surprise-europe-return-as-top-clubs-reach-out\\\/#breadcrumb\",\"itemListElement\":[{\"@type\":\"ListItem\",\"position\":1,\"name\":\"Home\",\"item\":\"https:\\\/\\\/bladnanews.com\\\/\"},{\"@type\":\"ListItem\",\"position\":2,\"name\":\"Joao Cancelo Eyes Surprise Europe Return as Top Clubs Reach Out\"}]},{\"@type\":\"WebSite\",\"@id\":\"https:\\\/\\\/mediumseagreen-eel-531711.hostingersite.com\\\/#website\",\"url\":\"https:\\\/\\\/mediumseagreen-eel-531711.hostingersite.com\\\/\",\"name\":\"Bladna News - Morocco\",\"description\":\"Where Moroccan Football Meets the World\",\"publisher\":{\"@id\":\"https:\\\/\\\/mediumseagreen-eel-531711.hostingersite.com\\\/#organization\"},\"potentialAction\":[{\"@type\":\"SearchAction\",\"target\":{\"@type\":\"EntryPoint\",\"urlTemplate\":\"https:\\\/\\\/mediumseagreen-eel-531711.hostingersite.com\\\/?s={search_term_string}\"},\"query-input\":{\"@type\":\"PropertyValueSpecification\",\"valueRequired\":true,\"valueName\":\"search_term_string\"}}],\"inLanguage\":\"fr-FR\"},{\"@type\":\"Organization\",\"@id\":\"https:\\\/\\\/mediumseagreen-eel-531711.hostingersite.com\\\/#organization\",\"name\":\"Bladna News.com\",\"url\":\"https:\\\/\\\/mediumseagreen-eel-531711.hostingersite.com\\\/\",\"logo\":{\"@type\":\"ImageObject\",\"inLanguage\":\"fr-FR\",\"@id\":\"https:\\\/\\\/mediumseagreen-eel-531711.hostingersite.com\\\/#\\\/schema\\\/logo\\\/image\\\/\",\"url\":\"https:\\\/\\\/bladnanews.com\\\/wp-content\\\/uploads\\\/2025\\\/12\\\/logo-bladnanews-V2-web-black-red.png\",\"contentUrl\":\"https:\\\/\\\/bladnanews.com\\\/wp-content\\\/uploads\\\/2025\\\/12\\\/logo-bladnanews-V2-web-black-red.png\",\"width\":703,\"height\":287,\"caption\":\"Bladna News.com\"},\"image\":{\"@id\":\"https:\\\/\\\/mediumseagreen-eel-531711.hostingersite.com\\\/#\\\/schema\\\/logo\\\/image\\\/\"},\"email\":\"info@bladnanews.com\",\"legalName\":\"Bladna News\"},{\"@type\":\"Person\",\"@id\":\"https:\\\/\\\/mediumseagreen-eel-531711.hostingersite.com\\\/#\\\/schema\\\/person\\\/268e18a453ab080ebf76df6ef7845083\",\"name\":\"Bladna News Staff\",\"url\":\"https:\\\/\\\/bladnanews.com\\\/fr\\\/author\\\/bladna-news-staff\\\/\"}]}<\/script>\n<!-- \/ Yoast SEO Premium plugin. -->","yoast_head_json":{"title":"Joao Cancelo vise un retour surprise en Europe alors que les grands clubs prennent contact - Bladna News","robots":{"index":"index","follow":"follow","max-snippet":"max-snippet:-1","max-image-preview":"max-image-preview:large","max-video-preview":"max-video-preview:-1"},"canonical":"https:\/\/bladnanews.com\/fr\/joao-cancelo-envisage-un-retour-surprise-en-europe-alors-que-les-grands-clubs-se-manifestent\/","og_locale":"fr_FR","og_type":"article","og_title":"Joao Cancelo Eyes Surprise Europe Return as Top Clubs Reach Out","og_description":"Joao Cancelo, the dynamic full-back known for his versatility and attacking prowess, is reportedly considering a return to European football [&hellip;]","og_url":"https:\/\/bladnanews.com\/fr\/joao-cancelo-envisage-un-retour-surprise-en-europe-alors-que-les-grands-clubs-se-manifestent\/","og_site_name":"Bladna News","article_published_time":"2025-12-31T13:14:24+00:00","og_image":[{"width":1600,"height":900,"url":"https:\/\/bladnanews.com\/wp-content\/uploads\/2025\/12\/BladnaNews-Joao-Cancelo-Eyes-Surprise-Europe-Return-as-Top-Clubs-Reach-Out-2025-12-31T210303.910Z.jpg","type":"image\/jpeg"}],"author":"Bladna News Staff","twitter_card":"summary_large_image","twitter_misc":{"\u00c9crit par":"Bladna News Staff","Dur\u00e9e de lecture estim\u00e9e":"2 minutes"},"schema":{"@context":"https:\/\/schema.org","@graph":[{"@type":"Article","@id":"https:\/\/bladnanews.com\/joao-cancelo-eyes-surprise-europe-return-as-top-clubs-reach-out\/#article","isPartOf":{"@id":"https:\/\/bladnanews.com\/joao-cancelo-eyes-surprise-europe-return-as-top-clubs-reach-out\/"},"author":{"name":"Bladna News Staff","@id":"https:\/\/mediumseagreen-eel-531711.hostingersite.com\/#\/schema\/person\/268e18a453ab080ebf76df6ef7845083"},"headline":"Joao Cancelo Eyes Surprise Europe Return as Top Clubs Reach Out","datePublished":"2025-12-31T13:14:24+00:00","mainEntityOfPage":{"@id":"https:\/\/bladnanews.com\/joao-cancelo-eyes-surprise-europe-return-as-top-clubs-reach-out\/"},"wordCount":440,"publisher":{"@id":"https:\/\/mediumseagreen-eel-531711.hostingersite.com\/#organization"},"image":{"@id":"https:\/\/bladnanews.com\/joao-cancelo-eyes-surprise-europe-return-as-top-clubs-reach-out\/#primaryimage"},"thumbnailUrl":"https:\/\/bladnanews.com\/wp-content\/uploads\/2025\/12\/BladnaNews-Joao-Cancelo-Eyes-Surprise-Europe-Return-as-Top-Clubs-Reach-Out-2025-12-31T210303.910Z.jpg","articleSection":["International","Latest News"],"inLanguage":"fr-FR","copyrightYear":"2025","copyrightHolder":{"@id":"https:\/\/bladnanews.com\/fr\/#organization"}},{"@type":"WebPage","@id":"https:\/\/bladnanews.com\/joao-cancelo-eyes-surprise-europe-return-as-top-clubs-reach-out\/","url":"https:\/\/bladnanews.com\/joao-cancelo-eyes-surprise-europe-return-as-top-clubs-reach-out\/","name":"Joao Cancelo vise un retour surprise en Europe alors que les grands clubs prennent contact - Bladna News","isPartOf":{"@id":"https:\/\/mediumseagreen-eel-531711.hostingersite.com\/#website"},"primaryImageOfPage":{"@id":"https:\/\/bladnanews.com\/joao-cancelo-eyes-surprise-europe-return-as-top-clubs-reach-out\/#primaryimage"},"image":{"@id":"https:\/\/bladnanews.com\/joao-cancelo-eyes-surprise-europe-return-as-top-clubs-reach-out\/#primaryimage"},"thumbnailUrl":"https:\/\/bladnanews.com\/wp-content\/uploads\/2025\/12\/BladnaNews-Joao-Cancelo-Eyes-Surprise-Europe-Return-as-Top-Clubs-Reach-Out-2025-12-31T210303.910Z.jpg","datePublished":"2025-12-31T13:14:24+00:00","breadcrumb":{"@id":"https:\/\/bladnanews.com\/joao-cancelo-eyes-surprise-europe-return-as-top-clubs-reach-out\/#breadcrumb"},"inLanguage":"fr-FR","potentialAction":[{"@type":"ReadAction","target":["https:\/\/bladnanews.com\/joao-cancelo-eyes-surprise-europe-return-as-top-clubs-reach-out\/"]}]},{"@type":"ImageObject","inLanguage":"fr-FR","@id":"https:\/\/bladnanews.com\/joao-cancelo-eyes-surprise-europe-return-as-top-clubs-reach-out\/#primaryimage","url":"https:\/\/bladnanews.com\/wp-content\/uploads\/2025\/12\/BladnaNews-Joao-Cancelo-Eyes-Surprise-Europe-Return-as-Top-Clubs-Reach-Out-2025-12-31T210303.910Z.jpg","contentUrl":"https:\/\/bladnanews.com\/wp-content\/uploads\/2025\/12\/BladnaNews-Joao-Cancelo-Eyes-Surprise-Europe-Return-as-Top-Clubs-Reach-Out-2025-12-31T210303.910Z.jpg","width":1600,"height":900},{"@type":"BreadcrumbList","@id":"https:\/\/bladnanews.com\/joao-cancelo-eyes-surprise-europe-return-as-top-clubs-reach-out\/#breadcrumb","itemListElement":[{"@type":"ListItem","position":1,"name":"Home","item":"https:\/\/bladnanews.com\/"},{"@type":"ListItem","position":2,"name":"Joao Cancelo Eyes Surprise Europe Return as Top Clubs Reach Out"}]},{"@type":"WebSite","@id":"https:\/\/mediumseagreen-eel-531711.hostingersite.com\/#website","url":"https:\/\/mediumseagreen-eel-531711.hostingersite.com\/","name":"Bladna News - Maroc","description":"Quand le football marocain rencontre le monde","publisher":{"@id":"https:\/\/mediumseagreen-eel-531711.hostingersite.com\/#organization"},"potentialAction":[{"@type":"SearchAction","target":{"@type":"EntryPoint","urlTemplate":"https:\/\/mediumseagreen-eel-531711.hostingersite.com\/?s={search_term_string}"},"query-input":{"@type":"PropertyValueSpecification","valueRequired":true,"valueName":"search_term_string"}}],"inLanguage":"fr-FR"},{"@type":"Organization","@id":"https:\/\/mediumseagreen-eel-531711.hostingersite.com\/#organization","name":"Bladna News.com","url":"https:\/\/mediumseagreen-eel-531711.hostingersite.com\/","logo":{"@type":"ImageObject","inLanguage":"fr-FR","@id":"https:\/\/mediumseagreen-eel-531711.hostingersite.com\/#\/schema\/logo\/image\/","url":"https:\/\/bladnanews.com\/wp-content\/uploads\/2025\/12\/logo-bladnanews-V2-web-black-red.png","contentUrl":"https:\/\/bladnanews.com\/wp-content\/uploads\/2025\/12\/logo-bladnanews-V2-web-black-red.png","width":703,"height":287,"caption":"Bladna News.com"},"image":{"@id":"https:\/\/mediumseagreen-eel-531711.hostingersite.com\/#\/schema\/logo\/image\/"},"email":"info@bladnanews.com","legalName":"Bladna News"},{"@type":"Person","@id":"https:\/\/mediumseagreen-eel-531711.hostingersite.com\/#\/schema\/person\/268e18a453ab080ebf76df6ef7845083","name":"\u00c9quipe r\u00e9dactionnelle de Bladna News","url":"https:\/\/bladnanews.com\/fr\/author\/bladna-news-staff\/"}]}},"_links":{"self":[{"href":"https:\/\/bladnanews.com\/fr\/wp-json\/wp\/v2\/posts\/945","targetHints":{"allow":["GET"]}}],"collection":[{"href":"https:\/\/bladnanews.com\/fr\/wp-json\/wp\/v2\/posts"}],"about":[{"href":"https:\/\/bladnanews.com\/fr\/wp-json\/wp\/v2\/types\/post"}],"author":[{"embeddable":true,"href":"https:\/\/bladnanews.com\/fr\/wp-json\/wp\/v2\/users\/3"}],"replies":[{"embeddable":true,"href":"https:\/\/bladnanews.com\/fr\/wp-json\/wp\/v2\/comments?post=945"}],"version-history":[{"count":0,"href":"https:\/\/bladnanews.com\/fr\/wp-json\/wp\/v2\/posts\/945\/revisions"}],"wp:featuredmedia":[{"embeddable":true,"href":"https:\/\/bladnanews.com\/fr\/wp-json\/wp\/v2\/media\/944"}],"wp:attachment":[{"href":"https:\/\/bladnanews.com\/fr\/wp-json\/wp\/v2\/media?parent=945"}],"wp:term":[{"taxonomy":"category","embeddable":true,"href":"https:\/\/bladnanews.com\/fr\/wp-json\/wp\/v2\/categories?post=945"},{"taxonomy":"post_tag","embeddable":true,"href":"https:\/\/bladnanews.com\/fr\/wp-json\/wp\/v2\/tags?post=945"}],"curies":[{"name":"wp","href":"https:\/\/api.w.org\/{rel}","templated":true}]}}