{"id":9468,"date":"2026-02-13T15:30:00","date_gmt":"2026-02-13T15:30:00","guid":{"rendered":"https:\/\/bladnanews.com\/liverpool-and-real-madrid-target-signs-new-contract-to-stay\/"},"modified":"2026-02-13T15:30:00","modified_gmt":"2026-02-13T15:30:00","slug":"liverpool-et-le-real-madrid-voient-leur-cible-prolonger-son-contrat-pour-rester","status":"publish","type":"post","link":"https:\/\/bladnanews.com\/fr\/liverpool-et-le-real-madrid-voient-leur-cible-prolonger-son-contrat-pour-rester\/","title":{"rendered":"Liverpool et le Real Madrid voient leur cible prolonger son contrat pour rester."},"content":{"rendered":"<p>Liverpool et le Real Madrid ont \u00e9t\u00e9 associ\u00e9s \u00e0 une approche pour Ibrahima Konat\u00e9 ces derniers mois, mais le d\u00e9fenseur a fait un pas majeur pour mettre fin \u00e0 ces rumeurs en acceptant un nouveau contrat avec le RB Leipzig.<\/p>\n<p>L'international fran\u00e7ais a \u00e9t\u00e9 l'un des joueurs les plus remarquables du Leipzig depuis son arriv\u00e9e dans le club de Bundesliga, et sa forme a suscit\u00e9 l'int\u00e9r\u00eat de plusieurs grands clubs europ\u00e9ens. Liverpool a \u00e9t\u00e9 cr\u00e9dit\u00e9 du suivi du joueur de 21 ans alors que J\u00fcrgen Klopp cherche \u00e0 planifier l'avenir de sa d\u00e9fense centrale, tandis que le Real Madrid a \u00e9galement \u00e9t\u00e9 mentionn\u00e9 comme un admirateur.<\/p>\n<p>Cependant, Leipzig a travaill\u00e9 dans l'ombre pour s\u00e9curiser l'avenir \u00e0 long terme de Konat\u00e9, et le club a d\u00e9sormais trouv\u00e9 un accord sur de nouvelles conditions. Le nouveau contrat permettrait au d\u00e9fenseur central de rester plus longtemps \u00e0 la Red Bull Arena et vise \u00e0 r\u00e9compenser son ascension, tout en prot\u00e9geant la position de Leipzig si les int\u00e9r\u00eats se manifestaient \u00e0 nouveau lors des prochaines fen\u00eatres de transfert.<\/p>\n<p>Le nom de Konat\u00e9 revient r\u00e9guli\u00e8rement dans les discussions de transfert en raison de son profil physique et de sa s\u00e9r\u00e9nit\u00e9 balle au pied, des qualit\u00e9s qui en font une option attrayante pour les clubs recherchant des d\u00e9fenseurs \u00e0 l'aise dans un bloc \u00e9lev\u00e9. Des blessures ont entrav\u00e9 certaines phases de son d\u00e9veloppement, mais lorsqu'il a \u00e9t\u00e9 disponible, il a montr\u00e9 pourquoi il est si estim\u00e9 dans le milieu.<\/p>\n<p>Pour Liverpool, toute approche aurait d\u00e9pendu des plans plus larges du club en d\u00e9fense et des opportunit\u00e9s de march\u00e9 \u00e9mergeantes. Avec Virgil van Dijk, Joe Gomez et Jo\u00ebl Matip d\u00e9j\u00e0 en place, les champions de Premier League ont \u00e9t\u00e9 s\u00e9lectifs quant \u00e0 l'ajout d'un autre d\u00e9fenseur central, m\u00eame s'ils continuent de surveiller les jeunes talents au fort potentiel.<\/p>\n<p>Le Real Madrid, quant \u00e0 lui, a \u00e9t\u00e9 associ\u00e9 \u00e0 plusieurs d\u00e9fenseurs alors qu'il cherche \u00e0 rajeunir son effectif progressivement. L'\u00e2ge et l'exp\u00e9rience de Konat\u00e9 au plus haut niveau en faisaient un nom logique \u00e0 suivre, mais la r\u00e9ussite de Leipzig \u00e0 le retenir rend un transfert dans un avenir proche bien moins probable.<\/p>\n<p>Si un contrat ne met jamais totalement fin aux int\u00e9r\u00eats de transfert, l'accord de Leipzig avec Konat\u00e9 renforce sa position et signale son intention de garder ses joueurs cl\u00e9s alors qu'il continue de se battre au niveau national et europ\u00e9en.<\/p>","protected":false},"excerpt":{"rendered":"<p>Liverpool and Real Madrid have been linked with a move for Ibrahima Konat\u00e9 in recent months, but the defender has [&hellip;]<\/p>\n","protected":false},"author":3,"featured_media":9467,"comment_status":"","ping_status":"open","sticky":false,"template":"","format":"standard","meta":{"googlesitekit_rrm_CAow_uzEDA:productID":"","site-sidebar-layout":"default","site-content-layout":"","ast-site-content-layout":"default","site-content-style":"default","site-sidebar-style":"default","ast-global-header-display":"","ast-banner-title-visibility":"","ast-main-header-display":"","ast-hfb-above-header-display":"","ast-hfb-below-header-display":"","ast-hfb-mobile-header-display":"","site-post-title":"","ast-breadcrumbs-content":"","ast-featured-img":"","footer-sml-layout":"","ast-disable-related-posts":"","theme-transparent-header-meta":"","adv-header-id-meta":"","stick-header-meta":"","header-above-stick-meta":"","header-main-stick-meta":"","header-below-stick-meta":"","astra-migrate-meta-layouts":"default","ast-page-background-enabled":"default","ast-page-background-meta":{"desktop":{"background-color":"var(--ast-global-color-5)","background-image":"","background-repeat":"repeat","background-position":"center center","background-size":"auto","background-attachment":"scroll","background-type":"","background-media":"","overlay-type":"","overlay-color":"","overlay-opacity":"","overlay-gradient":""},"tablet":{"background-color":"","background-image":"","background-repeat":"repeat","background-position":"center center","background-size":"auto","background-attachment":"scroll","background-type":"","background-media":"","overlay-type":"","overlay-color":"","overlay-opacity":"","overlay-gradient":""},"mobile":{"background-color":"","background-image":"","background-repeat":"repeat","background-position":"center center","background-size":"auto","background-attachment":"scroll","background-type":"","background-media":"","overlay-type":"","overlay-color":"","overlay-opacity":"","overlay-gradient":""}},"ast-content-background-meta":{"desktop":{"background-color":"var(--ast-global-color-4)","background-image":"","background-repeat":"repeat","background-position":"center center","background-size":"auto","background-attachment":"scroll","background-type":"","background-media":"","overlay-type":"","overlay-color":"","overlay-opacity":"","overlay-gradient":""},"tablet":{"background-color":"var(--ast-global-color-4)","background-image":"","background-repeat":"repeat","background-position":"center center","background-size":"auto","background-attachment":"scroll","background-type":"","background-media":"","overlay-type":"","overlay-color":"","overlay-opacity":"","overlay-gradient":""},"mobile":{"background-color":"var(--ast-global-color-4)","background-image":"","background-repeat":"repeat","background-position":"center center","background-size":"auto","background-attachment":"scroll","background-type":"","background-media":"","overlay-type":"","overlay-color":"","overlay-opacity":"","overlay-gradient":""}},"footnotes":""},"categories":[1,170],"tags":[],"class_list":["post-9468","post","type-post","status-publish","format-standard","has-post-thumbnail","hentry","category-football-latest-news","category-transfers"],"yoast_head":"<!-- This site is optimized with the Yoast SEO Premium plugin v26.6 (Yoast SEO v27.4) - https:\/\/yoast.com\/product\/yoast-seo-premium-wordpress\/ -->\n<title>Liverpool and Real Madrid Target Signs New Contract to Stay - Bladna News<\/title>\n<meta name=\"robots\" content=\"index, follow, max-snippet:-1, max-image-preview:large, max-video-preview:-1\" \/>\n<link rel=\"canonical\" href=\"https:\/\/bladnanews.com\/fr\/liverpool-et-le-real-madrid-voient-leur-cible-prolonger-son-contrat-pour-rester\/\" \/>\n<meta property=\"og:locale\" content=\"fr_FR\" \/>\n<meta property=\"og:type\" content=\"article\" \/>\n<meta property=\"og:title\" content=\"Liverpool and Real Madrid Target Signs New Contract to Stay\" \/>\n<meta property=\"og:description\" content=\"Liverpool and Real Madrid have been linked with a move for Ibrahima Konat\u00e9 in recent months, but the defender has [&hellip;]\" \/>\n<meta property=\"og:url\" content=\"https:\/\/bladnanews.com\/fr\/liverpool-et-le-real-madrid-voient-leur-cible-prolonger-son-contrat-pour-rester\/\" \/>\n<meta property=\"og:site_name\" content=\"Bladna News\" \/>\n<meta property=\"article:published_time\" content=\"2026-02-13T15:30:00+00:00\" \/>\n<meta property=\"og:image\" content=\"https:\/\/bladnanews.com\/wp-content\/uploads\/2025\/12\/freepik__bladna-newscom-moroccan-soccer-homepage-banner-mor__41838.png\" \/>\n\t<meta property=\"og:image:width\" content=\"1312\" \/>\n\t<meta property=\"og:image:height\" content=\"736\" \/>\n\t<meta property=\"og:image:type\" content=\"image\/png\" \/>\n<meta name=\"author\" content=\"Bladna News Staff\" \/>\n<meta name=\"twitter:card\" content=\"summary_large_image\" \/>\n<meta name=\"twitter:label1\" content=\"\u00c9crit par\" \/>\n\t<meta name=\"twitter:data1\" content=\"Bladna News Staff\" \/>\n\t<meta name=\"twitter:label2\" content=\"Dur\u00e9e de lecture estim\u00e9e\" \/>\n\t<meta name=\"twitter:data2\" content=\"2 minutes\" \/>\n<script type=\"application\/ld+json\" class=\"yoast-schema-graph\">{\"@context\":\"https:\\\/\\\/schema.org\",\"@graph\":[{\"@type\":\"Article\",\"@id\":\"https:\\\/\\\/bladnanews.com\\\/liverpool-and-real-madrid-target-signs-new-contract-to-stay\\\/#article\",\"isPartOf\":{\"@id\":\"https:\\\/\\\/bladnanews.com\\\/liverpool-and-real-madrid-target-signs-new-contract-to-stay\\\/\"},\"author\":{\"name\":\"Bladna News Staff\",\"@id\":\"https:\\\/\\\/mediumseagreen-eel-531711.hostingersite.com\\\/#\\\/schema\\\/person\\\/268e18a453ab080ebf76df6ef7845083\"},\"headline\":\"Liverpool and Real Madrid Target Signs New Contract to Stay\",\"datePublished\":\"2026-02-13T15:30:00+00:00\",\"mainEntityOfPage\":{\"@id\":\"https:\\\/\\\/bladnanews.com\\\/liverpool-and-real-madrid-target-signs-new-contract-to-stay\\\/\"},\"wordCount\":367,\"publisher\":{\"@id\":\"https:\\\/\\\/mediumseagreen-eel-531711.hostingersite.com\\\/#organization\"},\"image\":{\"@id\":\"https:\\\/\\\/bladnanews.com\\\/liverpool-and-real-madrid-target-signs-new-contract-to-stay\\\/#primaryimage\"},\"thumbnailUrl\":\"https:\\\/\\\/bladnanews.com\\\/wp-content\\\/uploads\\\/2026\\\/02\\\/BladnaNews-Liverpool-and-Real-Madrid-Target-Signs-New-Contract-to-Stay-2026-02-13T201657.637Z.jpg\",\"articleSection\":[\"Latest News\",\"Transfers\"],\"inLanguage\":\"fr-FR\",\"copyrightYear\":\"2026\",\"copyrightHolder\":{\"@id\":\"https:\\\/\\\/bladnanews.com\\\/fr\\\/#organization\"}},{\"@type\":\"WebPage\",\"@id\":\"https:\\\/\\\/bladnanews.com\\\/liverpool-and-real-madrid-target-signs-new-contract-to-stay\\\/\",\"url\":\"https:\\\/\\\/bladnanews.com\\\/liverpool-and-real-madrid-target-signs-new-contract-to-stay\\\/\",\"name\":\"Liverpool and Real Madrid Target Signs New Contract to Stay - Bladna News\",\"isPartOf\":{\"@id\":\"https:\\\/\\\/mediumseagreen-eel-531711.hostingersite.com\\\/#website\"},\"primaryImageOfPage\":{\"@id\":\"https:\\\/\\\/bladnanews.com\\\/liverpool-and-real-madrid-target-signs-new-contract-to-stay\\\/#primaryimage\"},\"image\":{\"@id\":\"https:\\\/\\\/bladnanews.com\\\/liverpool-and-real-madrid-target-signs-new-contract-to-stay\\\/#primaryimage\"},\"thumbnailUrl\":\"https:\\\/\\\/bladnanews.com\\\/wp-content\\\/uploads\\\/2026\\\/02\\\/BladnaNews-Liverpool-and-Real-Madrid-Target-Signs-New-Contract-to-Stay-2026-02-13T201657.637Z.jpg\",\"datePublished\":\"2026-02-13T15:30:00+00:00\",\"breadcrumb\":{\"@id\":\"https:\\\/\\\/bladnanews.com\\\/liverpool-and-real-madrid-target-signs-new-contract-to-stay\\\/#breadcrumb\"},\"inLanguage\":\"fr-FR\",\"potentialAction\":[{\"@type\":\"ReadAction\",\"target\":[\"https:\\\/\\\/bladnanews.com\\\/liverpool-and-real-madrid-target-signs-new-contract-to-stay\\\/\"]}]},{\"@type\":\"ImageObject\",\"inLanguage\":\"fr-FR\",\"@id\":\"https:\\\/\\\/bladnanews.com\\\/liverpool-and-real-madrid-target-signs-new-contract-to-stay\\\/#primaryimage\",\"url\":\"https:\\\/\\\/bladnanews.com\\\/wp-content\\\/uploads\\\/2026\\\/02\\\/BladnaNews-Liverpool-and-Real-Madrid-Target-Signs-New-Contract-to-Stay-2026-02-13T201657.637Z.jpg\",\"contentUrl\":\"https:\\\/\\\/bladnanews.com\\\/wp-content\\\/uploads\\\/2026\\\/02\\\/BladnaNews-Liverpool-and-Real-Madrid-Target-Signs-New-Contract-to-Stay-2026-02-13T201657.637Z.jpg\",\"width\":1440,\"height\":810,\"caption\":\"Two football managers are shown in profile: one appears frustrated with eyes closed, while the other gazes thoughtfully, both in dark jackets.\"},{\"@type\":\"BreadcrumbList\",\"@id\":\"https:\\\/\\\/bladnanews.com\\\/liverpool-and-real-madrid-target-signs-new-contract-to-stay\\\/#breadcrumb\",\"itemListElement\":[{\"@type\":\"ListItem\",\"position\":1,\"name\":\"Home\",\"item\":\"https:\\\/\\\/bladnanews.com\\\/\"},{\"@type\":\"ListItem\",\"position\":2,\"name\":\"Liverpool and Real Madrid Target Signs New Contract to Stay\"}]},{\"@type\":\"WebSite\",\"@id\":\"https:\\\/\\\/mediumseagreen-eel-531711.hostingersite.com\\\/#website\",\"url\":\"https:\\\/\\\/mediumseagreen-eel-531711.hostingersite.com\\\/\",\"name\":\"Bladna News - Morocco\",\"description\":\"Where Moroccan Football Meets the World\",\"publisher\":{\"@id\":\"https:\\\/\\\/mediumseagreen-eel-531711.hostingersite.com\\\/#organization\"},\"potentialAction\":[{\"@type\":\"SearchAction\",\"target\":{\"@type\":\"EntryPoint\",\"urlTemplate\":\"https:\\\/\\\/mediumseagreen-eel-531711.hostingersite.com\\\/?s={search_term_string}\"},\"query-input\":{\"@type\":\"PropertyValueSpecification\",\"valueRequired\":true,\"valueName\":\"search_term_string\"}}],\"inLanguage\":\"fr-FR\"},{\"@type\":\"Organization\",\"@id\":\"https:\\\/\\\/mediumseagreen-eel-531711.hostingersite.com\\\/#organization\",\"name\":\"Bladna News.com\",\"url\":\"https:\\\/\\\/mediumseagreen-eel-531711.hostingersite.com\\\/\",\"logo\":{\"@type\":\"ImageObject\",\"inLanguage\":\"fr-FR\",\"@id\":\"https:\\\/\\\/mediumseagreen-eel-531711.hostingersite.com\\\/#\\\/schema\\\/logo\\\/image\\\/\",\"url\":\"https:\\\/\\\/bladnanews.com\\\/wp-content\\\/uploads\\\/2025\\\/12\\\/logo-bladnanews-V2-web-black-red.png\",\"contentUrl\":\"https:\\\/\\\/bladnanews.com\\\/wp-content\\\/uploads\\\/2025\\\/12\\\/logo-bladnanews-V2-web-black-red.png\",\"width\":703,\"height\":287,\"caption\":\"Bladna News.com\"},\"image\":{\"@id\":\"https:\\\/\\\/mediumseagreen-eel-531711.hostingersite.com\\\/#\\\/schema\\\/logo\\\/image\\\/\"},\"email\":\"info@bladnanews.com\",\"legalName\":\"Bladna News\"},{\"@type\":\"Person\",\"@id\":\"https:\\\/\\\/mediumseagreen-eel-531711.hostingersite.com\\\/#\\\/schema\\\/person\\\/268e18a453ab080ebf76df6ef7845083\",\"name\":\"Bladna News Staff\",\"url\":\"https:\\\/\\\/bladnanews.com\\\/fr\\\/author\\\/bladna-news-staff\\\/\"}]}<\/script>\n<!-- \/ Yoast SEO Premium plugin. -->","yoast_head_json":{"title":"Liverpool et le Real Madrid ciblent une prolongation de contrat pour rester - Bladna News","robots":{"index":"index","follow":"follow","max-snippet":"max-snippet:-1","max-image-preview":"max-image-preview:large","max-video-preview":"max-video-preview:-1"},"canonical":"https:\/\/bladnanews.com\/fr\/liverpool-et-le-real-madrid-voient-leur-cible-prolonger-son-contrat-pour-rester\/","og_locale":"fr_FR","og_type":"article","og_title":"Liverpool and Real Madrid Target Signs New Contract to Stay","og_description":"Liverpool and Real Madrid have been linked with a move for Ibrahima Konat\u00e9 in recent months, but the defender has [&hellip;]","og_url":"https:\/\/bladnanews.com\/fr\/liverpool-et-le-real-madrid-voient-leur-cible-prolonger-son-contrat-pour-rester\/","og_site_name":"Bladna News","article_published_time":"2026-02-13T15:30:00+00:00","og_image":[{"width":1312,"height":736,"url":"https:\/\/bladnanews.com\/wp-content\/uploads\/2025\/12\/freepik__bladna-newscom-moroccan-soccer-homepage-banner-mor__41838.png","type":"image\/png"}],"author":"Bladna News Staff","twitter_card":"summary_large_image","twitter_misc":{"\u00c9crit par":"Bladna News Staff","Dur\u00e9e de lecture estim\u00e9e":"2 minutes"},"schema":{"@context":"https:\/\/schema.org","@graph":[{"@type":"Article","@id":"https:\/\/bladnanews.com\/liverpool-and-real-madrid-target-signs-new-contract-to-stay\/#article","isPartOf":{"@id":"https:\/\/bladnanews.com\/liverpool-and-real-madrid-target-signs-new-contract-to-stay\/"},"author":{"name":"Bladna News Staff","@id":"https:\/\/mediumseagreen-eel-531711.hostingersite.com\/#\/schema\/person\/268e18a453ab080ebf76df6ef7845083"},"headline":"Liverpool and Real Madrid Target Signs New Contract to Stay","datePublished":"2026-02-13T15:30:00+00:00","mainEntityOfPage":{"@id":"https:\/\/bladnanews.com\/liverpool-and-real-madrid-target-signs-new-contract-to-stay\/"},"wordCount":367,"publisher":{"@id":"https:\/\/mediumseagreen-eel-531711.hostingersite.com\/#organization"},"image":{"@id":"https:\/\/bladnanews.com\/liverpool-and-real-madrid-target-signs-new-contract-to-stay\/#primaryimage"},"thumbnailUrl":"https:\/\/bladnanews.com\/wp-content\/uploads\/2026\/02\/BladnaNews-Liverpool-and-Real-Madrid-Target-Signs-New-Contract-to-Stay-2026-02-13T201657.637Z.jpg","articleSection":["Latest News","Transfers"],"inLanguage":"fr-FR","copyrightYear":"2026","copyrightHolder":{"@id":"https:\/\/bladnanews.com\/fr\/#organization"}},{"@type":"WebPage","@id":"https:\/\/bladnanews.com\/liverpool-and-real-madrid-target-signs-new-contract-to-stay\/","url":"https:\/\/bladnanews.com\/liverpool-and-real-madrid-target-signs-new-contract-to-stay\/","name":"Liverpool et le Real Madrid ciblent une prolongation de contrat pour rester - Bladna News","isPartOf":{"@id":"https:\/\/mediumseagreen-eel-531711.hostingersite.com\/#website"},"primaryImageOfPage":{"@id":"https:\/\/bladnanews.com\/liverpool-and-real-madrid-target-signs-new-contract-to-stay\/#primaryimage"},"image":{"@id":"https:\/\/bladnanews.com\/liverpool-and-real-madrid-target-signs-new-contract-to-stay\/#primaryimage"},"thumbnailUrl":"https:\/\/bladnanews.com\/wp-content\/uploads\/2026\/02\/BladnaNews-Liverpool-and-Real-Madrid-Target-Signs-New-Contract-to-Stay-2026-02-13T201657.637Z.jpg","datePublished":"2026-02-13T15:30:00+00:00","breadcrumb":{"@id":"https:\/\/bladnanews.com\/liverpool-and-real-madrid-target-signs-new-contract-to-stay\/#breadcrumb"},"inLanguage":"fr-FR","potentialAction":[{"@type":"ReadAction","target":["https:\/\/bladnanews.com\/liverpool-and-real-madrid-target-signs-new-contract-to-stay\/"]}]},{"@type":"ImageObject","inLanguage":"fr-FR","@id":"https:\/\/bladnanews.com\/liverpool-and-real-madrid-target-signs-new-contract-to-stay\/#primaryimage","url":"https:\/\/bladnanews.com\/wp-content\/uploads\/2026\/02\/BladnaNews-Liverpool-and-Real-Madrid-Target-Signs-New-Contract-to-Stay-2026-02-13T201657.637Z.jpg","contentUrl":"https:\/\/bladnanews.com\/wp-content\/uploads\/2026\/02\/BladnaNews-Liverpool-and-Real-Madrid-Target-Signs-New-Contract-to-Stay-2026-02-13T201657.637Z.jpg","width":1440,"height":810,"caption":"Two football managers are shown in profile: one appears frustrated with eyes closed, while the other gazes thoughtfully, both in dark jackets."},{"@type":"BreadcrumbList","@id":"https:\/\/bladnanews.com\/liverpool-and-real-madrid-target-signs-new-contract-to-stay\/#breadcrumb","itemListElement":[{"@type":"ListItem","position":1,"name":"Home","item":"https:\/\/bladnanews.com\/"},{"@type":"ListItem","position":2,"name":"Liverpool and Real Madrid Target Signs New Contract to Stay"}]},{"@type":"WebSite","@id":"https:\/\/mediumseagreen-eel-531711.hostingersite.com\/#website","url":"https:\/\/mediumseagreen-eel-531711.hostingersite.com\/","name":"Bladna News - Maroc","description":"Quand le football marocain rencontre le monde","publisher":{"@id":"https:\/\/mediumseagreen-eel-531711.hostingersite.com\/#organization"},"potentialAction":[{"@type":"SearchAction","target":{"@type":"EntryPoint","urlTemplate":"https:\/\/mediumseagreen-eel-531711.hostingersite.com\/?s={search_term_string}"},"query-input":{"@type":"PropertyValueSpecification","valueRequired":true,"valueName":"search_term_string"}}],"inLanguage":"fr-FR"},{"@type":"Organization","@id":"https:\/\/mediumseagreen-eel-531711.hostingersite.com\/#organization","name":"Bladna News.com","url":"https:\/\/mediumseagreen-eel-531711.hostingersite.com\/","logo":{"@type":"ImageObject","inLanguage":"fr-FR","@id":"https:\/\/mediumseagreen-eel-531711.hostingersite.com\/#\/schema\/logo\/image\/","url":"https:\/\/bladnanews.com\/wp-content\/uploads\/2025\/12\/logo-bladnanews-V2-web-black-red.png","contentUrl":"https:\/\/bladnanews.com\/wp-content\/uploads\/2025\/12\/logo-bladnanews-V2-web-black-red.png","width":703,"height":287,"caption":"Bladna News.com"},"image":{"@id":"https:\/\/mediumseagreen-eel-531711.hostingersite.com\/#\/schema\/logo\/image\/"},"email":"info@bladnanews.com","legalName":"Bladna News"},{"@type":"Person","@id":"https:\/\/mediumseagreen-eel-531711.hostingersite.com\/#\/schema\/person\/268e18a453ab080ebf76df6ef7845083","name":"\u00c9quipe r\u00e9dactionnelle de Bladna News","url":"https:\/\/bladnanews.com\/fr\/author\/bladna-news-staff\/"}]}},"_links":{"self":[{"href":"https:\/\/bladnanews.com\/fr\/wp-json\/wp\/v2\/posts\/9468","targetHints":{"allow":["GET"]}}],"collection":[{"href":"https:\/\/bladnanews.com\/fr\/wp-json\/wp\/v2\/posts"}],"about":[{"href":"https:\/\/bladnanews.com\/fr\/wp-json\/wp\/v2\/types\/post"}],"author":[{"embeddable":true,"href":"https:\/\/bladnanews.com\/fr\/wp-json\/wp\/v2\/users\/3"}],"replies":[{"embeddable":true,"href":"https:\/\/bladnanews.com\/fr\/wp-json\/wp\/v2\/comments?post=9468"}],"version-history":[{"count":0,"href":"https:\/\/bladnanews.com\/fr\/wp-json\/wp\/v2\/posts\/9468\/revisions"}],"wp:featuredmedia":[{"embeddable":true,"href":"https:\/\/bladnanews.com\/fr\/wp-json\/wp\/v2\/media\/9467"}],"wp:attachment":[{"href":"https:\/\/bladnanews.com\/fr\/wp-json\/wp\/v2\/media?parent=9468"}],"wp:term":[{"taxonomy":"category","embeddable":true,"href":"https:\/\/bladnanews.com\/fr\/wp-json\/wp\/v2\/categories?post=9468"},{"taxonomy":"post_tag","embeddable":true,"href":"https:\/\/bladnanews.com\/fr\/wp-json\/wp\/v2\/tags?post=9468"}],"curies":[{"name":"wp","href":"https:\/\/api.w.org\/{rel}","templated":true}]}}