{"id":947,"date":"2025-12-31T13:33:27","date_gmt":"2025-12-31T13:33:27","guid":{"rendered":"https:\/\/bladnanews.com\/kylian-mbappe-suffers-knee-injury-major-blow-for-real-madrid\/"},"modified":"2025-12-31T13:33:27","modified_gmt":"2025-12-31T13:33:27","slug":"kylian-mbappe-souffre-dune-blessure-au-genou-un-coup-dur-pour-le-real-madrid","status":"publish","type":"post","link":"https:\/\/bladnanews.com\/fr\/kylian-mbappe-souffre-dune-blessure-au-genou-un-coup-dur-pour-le-real-madrid\/","title":{"rendered":"Kylian Mbapp\u00e9 souffre d'une blessure au genou, un coup dur pour le Real Madrid"},"content":{"rendered":"<p><html><br \/>\n<body><\/p>\n<p>Le Real Madrid a subi un revers important suite \u00e0 la blessure aux ligaments du genou de son attaquant vedette Kylian Mbapp\u00e9. Cette blessure, confirm\u00e9e apr\u00e8s des examens m\u00e9dicaux approfondis, devrait \u00e9loigner l'international fran\u00e7ais des terrains pendant plusieurs semaines, suscitant des inqui\u00e9tudes quant aux ambitions du club pour les mois cruciaux \u00e0 venir.<\/p>\n<p>Mbapp\u00e9 a subi cette blessure \u00e0 l'entra\u00eenement, o\u00f9 un mouvement malencontreux a provoqu\u00e9 une g\u00eane au genou droit. L'\u00e9quipe m\u00e9dicale du Real Madrid a imm\u00e9diatement proc\u00e9d\u00e9 \u00e0 des examens d'imagerie, r\u00e9v\u00e9lant une l\u00e9sion ligamentaire qui n\u00e9cessitera une p\u00e9riode de repos et de r\u00e9\u00e9ducation. Bien que le club n'ait pas encore pr\u00e9cis\u00e9 de calendrier exact pour son retour, les premi\u00e8res estimations sugg\u00e8rent qu'il pourrait manquer des matchs cl\u00e9s, notamment en Liga et en Ligue des champions.<\/p>\n<p>Le timing de cette blessure ne pourrait pas \u00eatre pire pour les Merengues, qui sont actuellement engag\u00e9s dans une course au titre acharn\u00e9e sur le plan national et cherchent \u00e0 maintenir leur statut de puissance europ\u00e9enne. L'absence de Mbapp\u00e9 risque de perturber la fluidit\u00e9 offensive et l'efficacit\u00e9 devant le but de l'\u00e9quipe, lui qui a \u00e9t\u00e9 un \u00e9l\u00e9ment instrumental dans la strat\u00e9gie d'attaque du Real Madrid depuis son arriv\u00e9e.<\/p>\n<p>Depuis son arriv\u00e9e chez le g\u00e9ant espagnol, Mbapp\u00e9 est devenu une figure centrale, alliant vitesse, technique et finition pour avoir un impact tangible. Son association avec les autres attaquants a dop\u00e9 le nombre de buts du Real Madrid, et la perte d'un joueur aussi influent exerce une pression suppl\u00e9mentaire sur l'effectif. Le manager Carlo Ancelotti devra explorer d'autres configurations tactiques et s'appuyer sur la profondeur de l'\u00e9quipe pour compenser ce vide.<\/p>\n<p>Cette blessure soul\u00e8ve \u00e9galement des questions sur la strat\u00e9gie de transfert future du Real Madrid, le club devant envisager de poursuivre la saison sans l'un de ses atouts majeurs. Les supporters et les analystes suivront de pr\u00e8s la capacit\u00e9 de l'\u00e9quipe \u00e0 s'adapter et \u00e0 voir si les jeunes talents ou les recrues r\u00e9centes pourront prendre le relais pendant la convalescence de Mbapp\u00e9.<\/p>\n<p>La situation de Mbapp\u00e9 sera \u00e9troitement surveill\u00e9e, avec des mises \u00e0 jour r\u00e9guli\u00e8res attendues au fur et \u00e0 mesure de sa progression dans le traitement. Le personnel m\u00e9dical du club se montre optimiste quant \u00e0 une gu\u00e9rison compl\u00e8te, en soulignant l'importance d'une approche prudente pour \u00e9viter toute complication \u00e0 long terme. Son programme de r\u00e9\u00e9ducation sera probablement intensif, combinant kin\u00e9sith\u00e9rapie et reprise progressive de l'entra\u00eenement sur le terrain.<\/p>\n<p>Les blessures de cette nature sont toujours une pr\u00e9occupation pour les athl\u00e8tes d'\u00e9lite, mais compte tenu de la jeunesse et du professionnalisme de Mbapp\u00e9, on est confiant dans sa capacit\u00e9 \u00e0 retrouver une pleine forme physique et son meilleur niveau. Son engagement dans la r\u00e9cup\u00e9ration sera crucial, alors que le Real Madrid se pr\u00e9pare \u00e0 un calendrier exigeant, comprenant la deuxi\u00e8me partie de la saison de championnat et les phases \u00e0 \u00e9limination directe des comp\u00e9titions europ\u00e9ennes.<\/p>\n<p>Le club devra \u00e9galement g\u00e9rer les attentes des supporters impatients de revoir leur attaquant vedette sur le terrain. L'absence de Mbapp\u00e9 pourrait modifier la dynamique non seulement en attaque, mais aussi au niveau du moral, mettant au d\u00e9fi le leadership d'Ancelotti pour maintenir la concentration et la motivation au sein de l'effectif.<\/p>\n<p>Alors que la nouvelle fait son chemin, le monde du football attendra de voir comment Kylian Mbapp\u00e9 r\u00e9agira \u00e0 ce revers et comment le Real Madrid naviguera les d\u00e9fis \u00e0 venir sans son prolifique buteur. La r\u00e9silience et la capacit\u00e9 d'adaptation du joueur et du club seront mises \u00e0 l'\u00e9preuve dans les semaines \u00e0 venir.<\/p>\n<p><\/body><br \/>\n<\/html><\/p>","protected":false},"excerpt":{"rendered":"<p>Real Madrid has been dealt a significant setback as star forward Kylian Mbapp\u00e9 has suffered a knee ligament injury. The [&hellip;]<\/p>\n","protected":false},"author":3,"featured_media":946,"comment_status":"","ping_status":"open","sticky":false,"template":"","format":"standard","meta":{"googlesitekit_rrm_CAow_uzEDA:productID":"","site-sidebar-layout":"default","site-content-layout":"","ast-site-content-layout":"default","site-content-style":"default","site-sidebar-style":"default","ast-global-header-display":"","ast-banner-title-visibility":"","ast-main-header-display":"","ast-hfb-above-header-display":"","ast-hfb-below-header-display":"","ast-hfb-mobile-header-display":"","site-post-title":"","ast-breadcrumbs-content":"","ast-featured-img":"","footer-sml-layout":"","ast-disable-related-posts":"","theme-transparent-header-meta":"","adv-header-id-meta":"","stick-header-meta":"","header-above-stick-meta":"","header-main-stick-meta":"","header-below-stick-meta":"","astra-migrate-meta-layouts":"default","ast-page-background-enabled":"default","ast-page-background-meta":{"desktop":{"background-color":"var(--ast-global-color-5)","background-image":"","background-repeat":"repeat","background-position":"center center","background-size":"auto","background-attachment":"scroll","background-type":"","background-media":"","overlay-type":"","overlay-color":"","overlay-opacity":"","overlay-gradient":""},"tablet":{"background-color":"","background-image":"","background-repeat":"repeat","background-position":"center center","background-size":"auto","background-attachment":"scroll","background-type":"","background-media":"","overlay-type":"","overlay-color":"","overlay-opacity":"","overlay-gradient":""},"mobile":{"background-color":"","background-image":"","background-repeat":"repeat","background-position":"center center","background-size":"auto","background-attachment":"scroll","background-type":"","background-media":"","overlay-type":"","overlay-color":"","overlay-opacity":"","overlay-gradient":""}},"ast-content-background-meta":{"desktop":{"background-color":"var(--ast-global-color-4)","background-image":"","background-repeat":"repeat","background-position":"center center","background-size":"auto","background-attachment":"scroll","background-type":"","background-media":"","overlay-type":"","overlay-color":"","overlay-opacity":"","overlay-gradient":""},"tablet":{"background-color":"var(--ast-global-color-4)","background-image":"","background-repeat":"repeat","background-position":"center center","background-size":"auto","background-attachment":"scroll","background-type":"","background-media":"","overlay-type":"","overlay-color":"","overlay-opacity":"","overlay-gradient":""},"mobile":{"background-color":"var(--ast-global-color-4)","background-image":"","background-repeat":"repeat","background-position":"center center","background-size":"auto","background-attachment":"scroll","background-type":"","background-media":"","overlay-type":"","overlay-color":"","overlay-opacity":"","overlay-gradient":""}},"footnotes":""},"categories":[20,1],"tags":[],"class_list":["post-947","post","type-post","status-publish","format-standard","has-post-thumbnail","hentry","category-international","category-football-latest-news"],"yoast_head":"<!-- This site is optimized with the Yoast SEO Premium plugin v26.6 (Yoast SEO v27.5) - https:\/\/yoast.com\/product\/yoast-seo-premium-wordpress\/ -->\n<title>Kylian Mbappe Suffers Knee Injury, Major Blow for Real Madrid - Bladna News<\/title>\n<meta name=\"robots\" content=\"index, follow, max-snippet:-1, max-image-preview:large, max-video-preview:-1\" \/>\n<link rel=\"canonical\" href=\"https:\/\/bladnanews.com\/fr\/kylian-mbappe-souffre-dune-blessure-au-genou-un-coup-dur-pour-le-real-madrid\/\" \/>\n<meta property=\"og:locale\" content=\"fr_FR\" \/>\n<meta property=\"og:type\" content=\"article\" \/>\n<meta property=\"og:title\" content=\"Kylian Mbappe Suffers Knee Injury, Major Blow for Real Madrid\" \/>\n<meta property=\"og:description\" content=\"Real Madrid has been dealt a significant setback as star forward Kylian Mbapp\u00e9 has suffered a knee ligament injury. The [&hellip;]\" \/>\n<meta property=\"og:url\" content=\"https:\/\/bladnanews.com\/fr\/kylian-mbappe-souffre-dune-blessure-au-genou-un-coup-dur-pour-le-real-madrid\/\" \/>\n<meta property=\"og:site_name\" content=\"Bladna News\" \/>\n<meta property=\"article:published_time\" content=\"2025-12-31T13:33:27+00:00\" \/>\n<meta property=\"og:image\" content=\"https:\/\/bladnanews.com\/wp-content\/uploads\/2025\/12\/BladnaNews-Kylian-Mbappe-Suffers-Knee-Injury-Major-Blow-for-Real-Madrid-2025-12-31T210321.726Z.jpg\" \/>\n\t<meta property=\"og:image:width\" content=\"1600\" \/>\n\t<meta property=\"og:image:height\" content=\"900\" \/>\n\t<meta property=\"og:image:type\" content=\"image\/jpeg\" \/>\n<meta name=\"author\" content=\"Bladna News Staff\" \/>\n<meta name=\"twitter:card\" content=\"summary_large_image\" \/>\n<meta name=\"twitter:label1\" content=\"\u00c9crit par\" \/>\n\t<meta name=\"twitter:data1\" content=\"Bladna News Staff\" \/>\n\t<meta name=\"twitter:label2\" content=\"Dur\u00e9e de lecture estim\u00e9e\" \/>\n\t<meta name=\"twitter:data2\" content=\"3 minutes\" \/>\n<script type=\"application\/ld+json\" class=\"yoast-schema-graph\">{\"@context\":\"https:\\\/\\\/schema.org\",\"@graph\":[{\"@type\":\"Article\",\"@id\":\"https:\\\/\\\/bladnanews.com\\\/kylian-mbappe-suffers-knee-injury-major-blow-for-real-madrid\\\/#article\",\"isPartOf\":{\"@id\":\"https:\\\/\\\/bladnanews.com\\\/kylian-mbappe-suffers-knee-injury-major-blow-for-real-madrid\\\/\"},\"author\":{\"name\":\"Bladna News Staff\",\"@id\":\"https:\\\/\\\/mediumseagreen-eel-531711.hostingersite.com\\\/#\\\/schema\\\/person\\\/268e18a453ab080ebf76df6ef7845083\"},\"headline\":\"Kylian Mbappe Suffers Knee Injury, Major Blow for Real Madrid\",\"datePublished\":\"2025-12-31T13:33:27+00:00\",\"mainEntityOfPage\":{\"@id\":\"https:\\\/\\\/bladnanews.com\\\/kylian-mbappe-suffers-knee-injury-major-blow-for-real-madrid\\\/\"},\"wordCount\":525,\"publisher\":{\"@id\":\"https:\\\/\\\/mediumseagreen-eel-531711.hostingersite.com\\\/#organization\"},\"image\":{\"@id\":\"https:\\\/\\\/bladnanews.com\\\/kylian-mbappe-suffers-knee-injury-major-blow-for-real-madrid\\\/#primaryimage\"},\"thumbnailUrl\":\"https:\\\/\\\/bladnanews.com\\\/wp-content\\\/uploads\\\/2025\\\/12\\\/BladnaNews-Kylian-Mbappe-Suffers-Knee-Injury-Major-Blow-for-Real-Madrid-2025-12-31T210321.726Z.jpg\",\"articleSection\":[\"International\",\"Latest News\"],\"inLanguage\":\"fr-FR\",\"copyrightYear\":\"2025\",\"copyrightHolder\":{\"@id\":\"https:\\\/\\\/bladnanews.com\\\/fr\\\/#organization\"}},{\"@type\":\"WebPage\",\"@id\":\"https:\\\/\\\/bladnanews.com\\\/kylian-mbappe-suffers-knee-injury-major-blow-for-real-madrid\\\/\",\"url\":\"https:\\\/\\\/bladnanews.com\\\/kylian-mbappe-suffers-knee-injury-major-blow-for-real-madrid\\\/\",\"name\":\"Kylian Mbappe Suffers Knee Injury, Major Blow for Real Madrid - Bladna News\",\"isPartOf\":{\"@id\":\"https:\\\/\\\/mediumseagreen-eel-531711.hostingersite.com\\\/#website\"},\"primaryImageOfPage\":{\"@id\":\"https:\\\/\\\/bladnanews.com\\\/kylian-mbappe-suffers-knee-injury-major-blow-for-real-madrid\\\/#primaryimage\"},\"image\":{\"@id\":\"https:\\\/\\\/bladnanews.com\\\/kylian-mbappe-suffers-knee-injury-major-blow-for-real-madrid\\\/#primaryimage\"},\"thumbnailUrl\":\"https:\\\/\\\/bladnanews.com\\\/wp-content\\\/uploads\\\/2025\\\/12\\\/BladnaNews-Kylian-Mbappe-Suffers-Knee-Injury-Major-Blow-for-Real-Madrid-2025-12-31T210321.726Z.jpg\",\"datePublished\":\"2025-12-31T13:33:27+00:00\",\"breadcrumb\":{\"@id\":\"https:\\\/\\\/bladnanews.com\\\/kylian-mbappe-suffers-knee-injury-major-blow-for-real-madrid\\\/#breadcrumb\"},\"inLanguage\":\"fr-FR\",\"potentialAction\":[{\"@type\":\"ReadAction\",\"target\":[\"https:\\\/\\\/bladnanews.com\\\/kylian-mbappe-suffers-knee-injury-major-blow-for-real-madrid\\\/\"]}]},{\"@type\":\"ImageObject\",\"inLanguage\":\"fr-FR\",\"@id\":\"https:\\\/\\\/bladnanews.com\\\/kylian-mbappe-suffers-knee-injury-major-blow-for-real-madrid\\\/#primaryimage\",\"url\":\"https:\\\/\\\/bladnanews.com\\\/wp-content\\\/uploads\\\/2025\\\/12\\\/BladnaNews-Kylian-Mbappe-Suffers-Knee-Injury-Major-Blow-for-Real-Madrid-2025-12-31T210321.726Z.jpg\",\"contentUrl\":\"https:\\\/\\\/bladnanews.com\\\/wp-content\\\/uploads\\\/2025\\\/12\\\/BladnaNews-Kylian-Mbappe-Suffers-Knee-Injury-Major-Blow-for-Real-Madrid-2025-12-31T210321.726Z.jpg\",\"width\":1600,\"height\":900},{\"@type\":\"BreadcrumbList\",\"@id\":\"https:\\\/\\\/bladnanews.com\\\/kylian-mbappe-suffers-knee-injury-major-blow-for-real-madrid\\\/#breadcrumb\",\"itemListElement\":[{\"@type\":\"ListItem\",\"position\":1,\"name\":\"Home\",\"item\":\"https:\\\/\\\/bladnanews.com\\\/\"},{\"@type\":\"ListItem\",\"position\":2,\"name\":\"Kylian Mbappe Suffers Knee Injury, Major Blow for Real Madrid\"}]},{\"@type\":\"WebSite\",\"@id\":\"https:\\\/\\\/mediumseagreen-eel-531711.hostingersite.com\\\/#website\",\"url\":\"https:\\\/\\\/mediumseagreen-eel-531711.hostingersite.com\\\/\",\"name\":\"Bladna News - Morocco\",\"description\":\"Where Moroccan Football Meets the World\",\"publisher\":{\"@id\":\"https:\\\/\\\/mediumseagreen-eel-531711.hostingersite.com\\\/#organization\"},\"potentialAction\":[{\"@type\":\"SearchAction\",\"target\":{\"@type\":\"EntryPoint\",\"urlTemplate\":\"https:\\\/\\\/mediumseagreen-eel-531711.hostingersite.com\\\/?s={search_term_string}\"},\"query-input\":{\"@type\":\"PropertyValueSpecification\",\"valueRequired\":true,\"valueName\":\"search_term_string\"}}],\"inLanguage\":\"fr-FR\"},{\"@type\":\"Organization\",\"@id\":\"https:\\\/\\\/mediumseagreen-eel-531711.hostingersite.com\\\/#organization\",\"name\":\"Bladna News.com\",\"url\":\"https:\\\/\\\/mediumseagreen-eel-531711.hostingersite.com\\\/\",\"logo\":{\"@type\":\"ImageObject\",\"inLanguage\":\"fr-FR\",\"@id\":\"https:\\\/\\\/mediumseagreen-eel-531711.hostingersite.com\\\/#\\\/schema\\\/logo\\\/image\\\/\",\"url\":\"https:\\\/\\\/bladnanews.com\\\/wp-content\\\/uploads\\\/2025\\\/12\\\/logo-bladnanews-V2-web-black-red.png\",\"contentUrl\":\"https:\\\/\\\/bladnanews.com\\\/wp-content\\\/uploads\\\/2025\\\/12\\\/logo-bladnanews-V2-web-black-red.png\",\"width\":703,\"height\":287,\"caption\":\"Bladna News.com\"},\"image\":{\"@id\":\"https:\\\/\\\/mediumseagreen-eel-531711.hostingersite.com\\\/#\\\/schema\\\/logo\\\/image\\\/\"},\"email\":\"info@bladnanews.com\",\"legalName\":\"Bladna News\"},{\"@type\":\"Person\",\"@id\":\"https:\\\/\\\/mediumseagreen-eel-531711.hostingersite.com\\\/#\\\/schema\\\/person\\\/268e18a453ab080ebf76df6ef7845083\",\"name\":\"Bladna News Staff\",\"url\":\"https:\\\/\\\/bladnanews.com\\\/fr\\\/author\\\/bladna-news-staff\\\/\"}]}<\/script>\n<!-- \/ Yoast SEO Premium plugin. -->","yoast_head_json":{"title":"Kylian Mbapp\u00e9 souffre d'une blessure au genou, un coup dur pour le Real Madrid - Bladna News","robots":{"index":"index","follow":"follow","max-snippet":"max-snippet:-1","max-image-preview":"max-image-preview:large","max-video-preview":"max-video-preview:-1"},"canonical":"https:\/\/bladnanews.com\/fr\/kylian-mbappe-souffre-dune-blessure-au-genou-un-coup-dur-pour-le-real-madrid\/","og_locale":"fr_FR","og_type":"article","og_title":"Kylian Mbappe Suffers Knee Injury, Major Blow for Real Madrid","og_description":"Real Madrid has been dealt a significant setback as star forward Kylian Mbapp\u00e9 has suffered a knee ligament injury. The [&hellip;]","og_url":"https:\/\/bladnanews.com\/fr\/kylian-mbappe-souffre-dune-blessure-au-genou-un-coup-dur-pour-le-real-madrid\/","og_site_name":"Bladna News","article_published_time":"2025-12-31T13:33:27+00:00","og_image":[{"width":1600,"height":900,"url":"https:\/\/bladnanews.com\/wp-content\/uploads\/2025\/12\/BladnaNews-Kylian-Mbappe-Suffers-Knee-Injury-Major-Blow-for-Real-Madrid-2025-12-31T210321.726Z.jpg","type":"image\/jpeg"}],"author":"Bladna News Staff","twitter_card":"summary_large_image","twitter_misc":{"\u00c9crit par":"Bladna News Staff","Dur\u00e9e de lecture estim\u00e9e":"3 minutes"},"schema":{"@context":"https:\/\/schema.org","@graph":[{"@type":"Article","@id":"https:\/\/bladnanews.com\/kylian-mbappe-suffers-knee-injury-major-blow-for-real-madrid\/#article","isPartOf":{"@id":"https:\/\/bladnanews.com\/kylian-mbappe-suffers-knee-injury-major-blow-for-real-madrid\/"},"author":{"name":"Bladna News Staff","@id":"https:\/\/mediumseagreen-eel-531711.hostingersite.com\/#\/schema\/person\/268e18a453ab080ebf76df6ef7845083"},"headline":"Kylian Mbappe Suffers Knee Injury, Major Blow for Real Madrid","datePublished":"2025-12-31T13:33:27+00:00","mainEntityOfPage":{"@id":"https:\/\/bladnanews.com\/kylian-mbappe-suffers-knee-injury-major-blow-for-real-madrid\/"},"wordCount":525,"publisher":{"@id":"https:\/\/mediumseagreen-eel-531711.hostingersite.com\/#organization"},"image":{"@id":"https:\/\/bladnanews.com\/kylian-mbappe-suffers-knee-injury-major-blow-for-real-madrid\/#primaryimage"},"thumbnailUrl":"https:\/\/bladnanews.com\/wp-content\/uploads\/2025\/12\/BladnaNews-Kylian-Mbappe-Suffers-Knee-Injury-Major-Blow-for-Real-Madrid-2025-12-31T210321.726Z.jpg","articleSection":["International","Latest News"],"inLanguage":"fr-FR","copyrightYear":"2025","copyrightHolder":{"@id":"https:\/\/bladnanews.com\/fr\/#organization"}},{"@type":"WebPage","@id":"https:\/\/bladnanews.com\/kylian-mbappe-suffers-knee-injury-major-blow-for-real-madrid\/","url":"https:\/\/bladnanews.com\/kylian-mbappe-suffers-knee-injury-major-blow-for-real-madrid\/","name":"Kylian Mbapp\u00e9 souffre d'une blessure au genou, un coup dur pour le Real Madrid - Bladna News","isPartOf":{"@id":"https:\/\/mediumseagreen-eel-531711.hostingersite.com\/#website"},"primaryImageOfPage":{"@id":"https:\/\/bladnanews.com\/kylian-mbappe-suffers-knee-injury-major-blow-for-real-madrid\/#primaryimage"},"image":{"@id":"https:\/\/bladnanews.com\/kylian-mbappe-suffers-knee-injury-major-blow-for-real-madrid\/#primaryimage"},"thumbnailUrl":"https:\/\/bladnanews.com\/wp-content\/uploads\/2025\/12\/BladnaNews-Kylian-Mbappe-Suffers-Knee-Injury-Major-Blow-for-Real-Madrid-2025-12-31T210321.726Z.jpg","datePublished":"2025-12-31T13:33:27+00:00","breadcrumb":{"@id":"https:\/\/bladnanews.com\/kylian-mbappe-suffers-knee-injury-major-blow-for-real-madrid\/#breadcrumb"},"inLanguage":"fr-FR","potentialAction":[{"@type":"ReadAction","target":["https:\/\/bladnanews.com\/kylian-mbappe-suffers-knee-injury-major-blow-for-real-madrid\/"]}]},{"@type":"ImageObject","inLanguage":"fr-FR","@id":"https:\/\/bladnanews.com\/kylian-mbappe-suffers-knee-injury-major-blow-for-real-madrid\/#primaryimage","url":"https:\/\/bladnanews.com\/wp-content\/uploads\/2025\/12\/BladnaNews-Kylian-Mbappe-Suffers-Knee-Injury-Major-Blow-for-Real-Madrid-2025-12-31T210321.726Z.jpg","contentUrl":"https:\/\/bladnanews.com\/wp-content\/uploads\/2025\/12\/BladnaNews-Kylian-Mbappe-Suffers-Knee-Injury-Major-Blow-for-Real-Madrid-2025-12-31T210321.726Z.jpg","width":1600,"height":900},{"@type":"BreadcrumbList","@id":"https:\/\/bladnanews.com\/kylian-mbappe-suffers-knee-injury-major-blow-for-real-madrid\/#breadcrumb","itemListElement":[{"@type":"ListItem","position":1,"name":"Home","item":"https:\/\/bladnanews.com\/"},{"@type":"ListItem","position":2,"name":"Kylian Mbappe Suffers Knee Injury, Major Blow for Real Madrid"}]},{"@type":"WebSite","@id":"https:\/\/mediumseagreen-eel-531711.hostingersite.com\/#website","url":"https:\/\/mediumseagreen-eel-531711.hostingersite.com\/","name":"Bladna News - Maroc","description":"Quand le football marocain rencontre le monde","publisher":{"@id":"https:\/\/mediumseagreen-eel-531711.hostingersite.com\/#organization"},"potentialAction":[{"@type":"SearchAction","target":{"@type":"EntryPoint","urlTemplate":"https:\/\/mediumseagreen-eel-531711.hostingersite.com\/?s={search_term_string}"},"query-input":{"@type":"PropertyValueSpecification","valueRequired":true,"valueName":"search_term_string"}}],"inLanguage":"fr-FR"},{"@type":"Organization","@id":"https:\/\/mediumseagreen-eel-531711.hostingersite.com\/#organization","name":"Bladna News.com","url":"https:\/\/mediumseagreen-eel-531711.hostingersite.com\/","logo":{"@type":"ImageObject","inLanguage":"fr-FR","@id":"https:\/\/mediumseagreen-eel-531711.hostingersite.com\/#\/schema\/logo\/image\/","url":"https:\/\/bladnanews.com\/wp-content\/uploads\/2025\/12\/logo-bladnanews-V2-web-black-red.png","contentUrl":"https:\/\/bladnanews.com\/wp-content\/uploads\/2025\/12\/logo-bladnanews-V2-web-black-red.png","width":703,"height":287,"caption":"Bladna News.com"},"image":{"@id":"https:\/\/mediumseagreen-eel-531711.hostingersite.com\/#\/schema\/logo\/image\/"},"email":"info@bladnanews.com","legalName":"Bladna News"},{"@type":"Person","@id":"https:\/\/mediumseagreen-eel-531711.hostingersite.com\/#\/schema\/person\/268e18a453ab080ebf76df6ef7845083","name":"\u00c9quipe r\u00e9dactionnelle de Bladna News","url":"https:\/\/bladnanews.com\/fr\/author\/bladna-news-staff\/"}]}},"_links":{"self":[{"href":"https:\/\/bladnanews.com\/fr\/wp-json\/wp\/v2\/posts\/947","targetHints":{"allow":["GET"]}}],"collection":[{"href":"https:\/\/bladnanews.com\/fr\/wp-json\/wp\/v2\/posts"}],"about":[{"href":"https:\/\/bladnanews.com\/fr\/wp-json\/wp\/v2\/types\/post"}],"author":[{"embeddable":true,"href":"https:\/\/bladnanews.com\/fr\/wp-json\/wp\/v2\/users\/3"}],"replies":[{"embeddable":true,"href":"https:\/\/bladnanews.com\/fr\/wp-json\/wp\/v2\/comments?post=947"}],"version-history":[{"count":0,"href":"https:\/\/bladnanews.com\/fr\/wp-json\/wp\/v2\/posts\/947\/revisions"}],"wp:featuredmedia":[{"embeddable":true,"href":"https:\/\/bladnanews.com\/fr\/wp-json\/wp\/v2\/media\/946"}],"wp:attachment":[{"href":"https:\/\/bladnanews.com\/fr\/wp-json\/wp\/v2\/media?parent=947"}],"wp:term":[{"taxonomy":"category","embeddable":true,"href":"https:\/\/bladnanews.com\/fr\/wp-json\/wp\/v2\/categories?post=947"},{"taxonomy":"post_tag","embeddable":true,"href":"https:\/\/bladnanews.com\/fr\/wp-json\/wp\/v2\/tags?post=947"}],"curies":[{"name":"wp","href":"https:\/\/api.w.org\/{rel}","templated":true}]}}