{"id":9492,"date":"2026-02-13T11:46:10","date_gmt":"2026-02-13T11:46:10","guid":{"rendered":"https:\/\/bladnanews.com\/man-utd-lead-race-to-re-sign-mctominay-from-napoli\/"},"modified":"2026-02-13T11:46:10","modified_gmt":"2026-02-13T11:46:10","slug":"manchester-united-en-tete-pour-reengager-mctominay-face-a-naples","status":"publish","type":"post","link":"https:\/\/bladnanews.com\/fr\/manchester-united-en-tete-pour-reengager-mctominay-face-a-naples\/","title":{"rendered":"Manchester United est en t\u00eate pour r\u00e9cup\u00e9rer McTominay du Napoli"},"content":{"rendered":"<p>Selon les informations, Manchester United serait <strong>\u201cen t\u00eate\u201d<\/strong> dans la course pour ramener <strong>Scott McTominay<\/strong> en Premier League, le milieu de terrain \u00e9tant d\u00e9crit comme <strong>\u201cr\u00eavant\u201d<\/strong> d'un retour depuis <strong>Naples.<\/strong>.<\/p>\n<p>L'international \u00e9cossais a quitt\u00e9 Old Trafford l'\u00e9t\u00e9 dernier apr\u00e8s \u00eatre pass\u00e9 par le centre de formation du club et avoir disput\u00e9 plus de 250 matches avec l'\u00e9quipe premi\u00e8re. Il a rejoint Naples dans un transfert d'une valeur d'environ <strong>25,7 millions de livres sterling<\/strong>, apr\u00e8s avoir suscit\u00e9 l'int\u00e9r\u00eat de plusieurs clubs.<\/p>\n<p>McTominay s'est depuis acclimat\u00e9 \u00e0 la vie en Italie et est devenu un \u00e9l\u00e9ment r\u00e9gulier \u00e0 Naples, mais le dernier rapport affirme qu'un retour en Angleterre est d\u00e9j\u00e0 dans ses pens\u00e9es. Il est pr\u00e9cis\u00e9 qu'il <strong>\u201cr\u00eave\u201d<\/strong> de retrouver la Premier League, United \u00e9tant actuellement consid\u00e9r\u00e9 comme le club le mieux plac\u00e9 pour obtenir sa signature si l'opportunit\u00e9 se pr\u00e9sente.<\/p>\n<p>Il a \u00e9galement \u00e9t\u00e9 r\u00e9v\u00e9l\u00e9 qu'un retour \u00e0 Old Trafford n'est pas le seul sc\u00e9nario envisag\u00e9, d'autres \u00e9quipes de Premier League pouvant \u00e9galement entrer en lice si Naples est dispos\u00e9 \u00e0 n\u00e9gocier.<\/p>\n<p>Pour l'instant, McTominay reste un joueur de Naples, mais le rapport indique qu'United est en premi\u00e8re position si un transfert devient possible, laissant la porte ouverte \u00e0 des retrouvailles avec un joueur qui a accompli toute son ascension professionnelle \u00e0 Manchester avant de partir \u00e0 l'\u00e9tranger.<\/p>","protected":false},"excerpt":{"rendered":"<p>Manchester United are reportedly \u201cleading the way\u201d in the race to bring Scott McTominay back to the Premier League, with [&hellip;]<\/p>\n","protected":false},"author":3,"featured_media":9491,"comment_status":"","ping_status":"open","sticky":false,"template":"","format":"standard","meta":{"googlesitekit_rrm_CAow_uzEDA:productID":"","site-sidebar-layout":"default","site-content-layout":"","ast-site-content-layout":"default","site-content-style":"default","site-sidebar-style":"default","ast-global-header-display":"","ast-banner-title-visibility":"","ast-main-header-display":"","ast-hfb-above-header-display":"","ast-hfb-below-header-display":"","ast-hfb-mobile-header-display":"","site-post-title":"","ast-breadcrumbs-content":"","ast-featured-img":"","footer-sml-layout":"","ast-disable-related-posts":"","theme-transparent-header-meta":"","adv-header-id-meta":"","stick-header-meta":"","header-above-stick-meta":"","header-main-stick-meta":"","header-below-stick-meta":"","astra-migrate-meta-layouts":"default","ast-page-background-enabled":"default","ast-page-background-meta":{"desktop":{"background-color":"var(--ast-global-color-5)","background-image":"","background-repeat":"repeat","background-position":"center center","background-size":"auto","background-attachment":"scroll","background-type":"","background-media":"","overlay-type":"","overlay-color":"","overlay-opacity":"","overlay-gradient":""},"tablet":{"background-color":"","background-image":"","background-repeat":"repeat","background-position":"center center","background-size":"auto","background-attachment":"scroll","background-type":"","background-media":"","overlay-type":"","overlay-color":"","overlay-opacity":"","overlay-gradient":""},"mobile":{"background-color":"","background-image":"","background-repeat":"repeat","background-position":"center center","background-size":"auto","background-attachment":"scroll","background-type":"","background-media":"","overlay-type":"","overlay-color":"","overlay-opacity":"","overlay-gradient":""}},"ast-content-background-meta":{"desktop":{"background-color":"var(--ast-global-color-4)","background-image":"","background-repeat":"repeat","background-position":"center center","background-size":"auto","background-attachment":"scroll","background-type":"","background-media":"","overlay-type":"","overlay-color":"","overlay-opacity":"","overlay-gradient":""},"tablet":{"background-color":"var(--ast-global-color-4)","background-image":"","background-repeat":"repeat","background-position":"center center","background-size":"auto","background-attachment":"scroll","background-type":"","background-media":"","overlay-type":"","overlay-color":"","overlay-opacity":"","overlay-gradient":""},"mobile":{"background-color":"var(--ast-global-color-4)","background-image":"","background-repeat":"repeat","background-position":"center center","background-size":"auto","background-attachment":"scroll","background-type":"","background-media":"","overlay-type":"","overlay-color":"","overlay-opacity":"","overlay-gradient":""}},"footnotes":""},"categories":[20,1],"tags":[],"class_list":["post-9492","post","type-post","status-publish","format-standard","has-post-thumbnail","hentry","category-international","category-football-latest-news"],"yoast_head":"<!-- This site is optimized with the Yoast SEO Premium plugin v26.6 (Yoast SEO v27.4) - https:\/\/yoast.com\/product\/yoast-seo-premium-wordpress\/ -->\n<title>Man Utd lead race to re-sign McTominay from Napoli - Bladna News<\/title>\n<meta name=\"robots\" content=\"index, follow, max-snippet:-1, max-image-preview:large, max-video-preview:-1\" \/>\n<link rel=\"canonical\" href=\"https:\/\/bladnanews.com\/fr\/manchester-united-en-tete-pour-reengager-mctominay-face-a-naples\/\" \/>\n<meta property=\"og:locale\" content=\"fr_FR\" \/>\n<meta property=\"og:type\" content=\"article\" \/>\n<meta property=\"og:title\" content=\"Man Utd lead race to re-sign McTominay from Napoli\" \/>\n<meta property=\"og:description\" content=\"Manchester United are reportedly \u201cleading the way\u201d in the race to bring Scott McTominay back to the Premier League, with [&hellip;]\" \/>\n<meta property=\"og:url\" content=\"https:\/\/bladnanews.com\/fr\/manchester-united-en-tete-pour-reengager-mctominay-face-a-naples\/\" \/>\n<meta property=\"og:site_name\" content=\"Bladna News\" \/>\n<meta property=\"article:published_time\" content=\"2026-02-13T11:46:10+00:00\" \/>\n<meta property=\"og:image\" content=\"https:\/\/bladnanews.com\/wp-content\/uploads\/2025\/12\/freepik__bladna-newscom-moroccan-soccer-homepage-banner-mor__41838.png\" \/>\n\t<meta property=\"og:image:width\" content=\"1312\" \/>\n\t<meta property=\"og:image:height\" content=\"736\" \/>\n\t<meta property=\"og:image:type\" content=\"image\/png\" \/>\n<meta name=\"author\" content=\"Bladna News Staff\" \/>\n<meta name=\"twitter:card\" content=\"summary_large_image\" \/>\n<meta name=\"twitter:label1\" content=\"\u00c9crit par\" \/>\n\t<meta name=\"twitter:data1\" content=\"Bladna News Staff\" \/>\n\t<meta name=\"twitter:label2\" content=\"Dur\u00e9e de lecture estim\u00e9e\" \/>\n\t<meta name=\"twitter:data2\" content=\"1 minute\" \/>\n<script type=\"application\/ld+json\" class=\"yoast-schema-graph\">{\"@context\":\"https:\\\/\\\/schema.org\",\"@graph\":[{\"@type\":\"Article\",\"@id\":\"https:\\\/\\\/bladnanews.com\\\/man-utd-lead-race-to-re-sign-mctominay-from-napoli\\\/#article\",\"isPartOf\":{\"@id\":\"https:\\\/\\\/bladnanews.com\\\/man-utd-lead-race-to-re-sign-mctominay-from-napoli\\\/\"},\"author\":{\"name\":\"Bladna News Staff\",\"@id\":\"https:\\\/\\\/mediumseagreen-eel-531711.hostingersite.com\\\/#\\\/schema\\\/person\\\/268e18a453ab080ebf76df6ef7845083\"},\"headline\":\"Man Utd lead race to re-sign McTominay from Napoli\",\"datePublished\":\"2026-02-13T11:46:10+00:00\",\"mainEntityOfPage\":{\"@id\":\"https:\\\/\\\/bladnanews.com\\\/man-utd-lead-race-to-re-sign-mctominay-from-napoli\\\/\"},\"wordCount\":225,\"publisher\":{\"@id\":\"https:\\\/\\\/mediumseagreen-eel-531711.hostingersite.com\\\/#organization\"},\"image\":{\"@id\":\"https:\\\/\\\/bladnanews.com\\\/man-utd-lead-race-to-re-sign-mctominay-from-napoli\\\/#primaryimage\"},\"thumbnailUrl\":\"https:\\\/\\\/bladnanews.com\\\/wp-content\\\/uploads\\\/2026\\\/02\\\/BladnaNews-Man-Utd-lead-race-to-re-sign-McTominay-from-Napoli-2026-02-14T011920.890Z.jpg\",\"articleSection\":[\"International\",\"Latest News\"],\"inLanguage\":\"fr-FR\",\"copyrightYear\":\"2026\",\"copyrightHolder\":{\"@id\":\"https:\\\/\\\/bladnanews.com\\\/fr\\\/#organization\"}},{\"@type\":\"WebPage\",\"@id\":\"https:\\\/\\\/bladnanews.com\\\/man-utd-lead-race-to-re-sign-mctominay-from-napoli\\\/\",\"url\":\"https:\\\/\\\/bladnanews.com\\\/man-utd-lead-race-to-re-sign-mctominay-from-napoli\\\/\",\"name\":\"Man Utd lead race to re-sign McTominay from Napoli - Bladna News\",\"isPartOf\":{\"@id\":\"https:\\\/\\\/mediumseagreen-eel-531711.hostingersite.com\\\/#website\"},\"primaryImageOfPage\":{\"@id\":\"https:\\\/\\\/bladnanews.com\\\/man-utd-lead-race-to-re-sign-mctominay-from-napoli\\\/#primaryimage\"},\"image\":{\"@id\":\"https:\\\/\\\/bladnanews.com\\\/man-utd-lead-race-to-re-sign-mctominay-from-napoli\\\/#primaryimage\"},\"thumbnailUrl\":\"https:\\\/\\\/bladnanews.com\\\/wp-content\\\/uploads\\\/2026\\\/02\\\/BladnaNews-Man-Utd-lead-race-to-re-sign-McTominay-from-Napoli-2026-02-14T011920.890Z.jpg\",\"datePublished\":\"2026-02-13T11:46:10+00:00\",\"breadcrumb\":{\"@id\":\"https:\\\/\\\/bladnanews.com\\\/man-utd-lead-race-to-re-sign-mctominay-from-napoli\\\/#breadcrumb\"},\"inLanguage\":\"fr-FR\",\"potentialAction\":[{\"@type\":\"ReadAction\",\"target\":[\"https:\\\/\\\/bladnanews.com\\\/man-utd-lead-race-to-re-sign-mctominay-from-napoli\\\/\"]}]},{\"@type\":\"ImageObject\",\"inLanguage\":\"fr-FR\",\"@id\":\"https:\\\/\\\/bladnanews.com\\\/man-utd-lead-race-to-re-sign-mctominay-from-napoli\\\/#primaryimage\",\"url\":\"https:\\\/\\\/bladnanews.com\\\/wp-content\\\/uploads\\\/2026\\\/02\\\/BladnaNews-Man-Utd-lead-race-to-re-sign-McTominay-from-Napoli-2026-02-14T011920.890Z.jpg\",\"contentUrl\":\"https:\\\/\\\/bladnanews.com\\\/wp-content\\\/uploads\\\/2026\\\/02\\\/BladnaNews-Man-Utd-lead-race-to-re-sign-McTominay-from-Napoli-2026-02-14T011920.890Z.jpg\",\"width\":1920,\"height\":1080,\"caption\":\"Scott McTominay in a Napoli training shirt, looking intently ahead, showcasing his determination and focus for upcoming matches.\"},{\"@type\":\"BreadcrumbList\",\"@id\":\"https:\\\/\\\/bladnanews.com\\\/man-utd-lead-race-to-re-sign-mctominay-from-napoli\\\/#breadcrumb\",\"itemListElement\":[{\"@type\":\"ListItem\",\"position\":1,\"name\":\"Home\",\"item\":\"https:\\\/\\\/bladnanews.com\\\/\"},{\"@type\":\"ListItem\",\"position\":2,\"name\":\"Man Utd lead race to re-sign McTominay from Napoli\"}]},{\"@type\":\"WebSite\",\"@id\":\"https:\\\/\\\/mediumseagreen-eel-531711.hostingersite.com\\\/#website\",\"url\":\"https:\\\/\\\/mediumseagreen-eel-531711.hostingersite.com\\\/\",\"name\":\"Bladna News - Morocco\",\"description\":\"Where Moroccan Football Meets the World\",\"publisher\":{\"@id\":\"https:\\\/\\\/mediumseagreen-eel-531711.hostingersite.com\\\/#organization\"},\"potentialAction\":[{\"@type\":\"SearchAction\",\"target\":{\"@type\":\"EntryPoint\",\"urlTemplate\":\"https:\\\/\\\/mediumseagreen-eel-531711.hostingersite.com\\\/?s={search_term_string}\"},\"query-input\":{\"@type\":\"PropertyValueSpecification\",\"valueRequired\":true,\"valueName\":\"search_term_string\"}}],\"inLanguage\":\"fr-FR\"},{\"@type\":\"Organization\",\"@id\":\"https:\\\/\\\/mediumseagreen-eel-531711.hostingersite.com\\\/#organization\",\"name\":\"Bladna News.com\",\"url\":\"https:\\\/\\\/mediumseagreen-eel-531711.hostingersite.com\\\/\",\"logo\":{\"@type\":\"ImageObject\",\"inLanguage\":\"fr-FR\",\"@id\":\"https:\\\/\\\/mediumseagreen-eel-531711.hostingersite.com\\\/#\\\/schema\\\/logo\\\/image\\\/\",\"url\":\"https:\\\/\\\/bladnanews.com\\\/wp-content\\\/uploads\\\/2025\\\/12\\\/logo-bladnanews-V2-web-black-red.png\",\"contentUrl\":\"https:\\\/\\\/bladnanews.com\\\/wp-content\\\/uploads\\\/2025\\\/12\\\/logo-bladnanews-V2-web-black-red.png\",\"width\":703,\"height\":287,\"caption\":\"Bladna News.com\"},\"image\":{\"@id\":\"https:\\\/\\\/mediumseagreen-eel-531711.hostingersite.com\\\/#\\\/schema\\\/logo\\\/image\\\/\"},\"email\":\"info@bladnanews.com\",\"legalName\":\"Bladna News\"},{\"@type\":\"Person\",\"@id\":\"https:\\\/\\\/mediumseagreen-eel-531711.hostingersite.com\\\/#\\\/schema\\\/person\\\/268e18a453ab080ebf76df6ef7845083\",\"name\":\"Bladna News Staff\",\"url\":\"https:\\\/\\\/bladnanews.com\\\/fr\\\/author\\\/bladna-news-staff\\\/\"}]}<\/script>\n<!-- \/ Yoast SEO Premium plugin. -->","yoast_head_json":{"title":"Manchester United en t\u00eate pour le retour de McTominay depuis Naples - Bladna News","robots":{"index":"index","follow":"follow","max-snippet":"max-snippet:-1","max-image-preview":"max-image-preview:large","max-video-preview":"max-video-preview:-1"},"canonical":"https:\/\/bladnanews.com\/fr\/manchester-united-en-tete-pour-reengager-mctominay-face-a-naples\/","og_locale":"fr_FR","og_type":"article","og_title":"Man Utd lead race to re-sign McTominay from Napoli","og_description":"Manchester United are reportedly \u201cleading the way\u201d in the race to bring Scott McTominay back to the Premier League, with [&hellip;]","og_url":"https:\/\/bladnanews.com\/fr\/manchester-united-en-tete-pour-reengager-mctominay-face-a-naples\/","og_site_name":"Bladna News","article_published_time":"2026-02-13T11:46:10+00:00","og_image":[{"width":1312,"height":736,"url":"https:\/\/bladnanews.com\/wp-content\/uploads\/2025\/12\/freepik__bladna-newscom-moroccan-soccer-homepage-banner-mor__41838.png","type":"image\/png"}],"author":"Bladna News Staff","twitter_card":"summary_large_image","twitter_misc":{"\u00c9crit par":"Bladna News Staff","Dur\u00e9e de lecture estim\u00e9e":"1 minute"},"schema":{"@context":"https:\/\/schema.org","@graph":[{"@type":"Article","@id":"https:\/\/bladnanews.com\/man-utd-lead-race-to-re-sign-mctominay-from-napoli\/#article","isPartOf":{"@id":"https:\/\/bladnanews.com\/man-utd-lead-race-to-re-sign-mctominay-from-napoli\/"},"author":{"name":"Bladna News Staff","@id":"https:\/\/mediumseagreen-eel-531711.hostingersite.com\/#\/schema\/person\/268e18a453ab080ebf76df6ef7845083"},"headline":"Man Utd lead race to re-sign McTominay from Napoli","datePublished":"2026-02-13T11:46:10+00:00","mainEntityOfPage":{"@id":"https:\/\/bladnanews.com\/man-utd-lead-race-to-re-sign-mctominay-from-napoli\/"},"wordCount":225,"publisher":{"@id":"https:\/\/mediumseagreen-eel-531711.hostingersite.com\/#organization"},"image":{"@id":"https:\/\/bladnanews.com\/man-utd-lead-race-to-re-sign-mctominay-from-napoli\/#primaryimage"},"thumbnailUrl":"https:\/\/bladnanews.com\/wp-content\/uploads\/2026\/02\/BladnaNews-Man-Utd-lead-race-to-re-sign-McTominay-from-Napoli-2026-02-14T011920.890Z.jpg","articleSection":["International","Latest News"],"inLanguage":"fr-FR","copyrightYear":"2026","copyrightHolder":{"@id":"https:\/\/bladnanews.com\/fr\/#organization"}},{"@type":"WebPage","@id":"https:\/\/bladnanews.com\/man-utd-lead-race-to-re-sign-mctominay-from-napoli\/","url":"https:\/\/bladnanews.com\/man-utd-lead-race-to-re-sign-mctominay-from-napoli\/","name":"Manchester United en t\u00eate pour le retour de McTominay depuis Naples - Bladna News","isPartOf":{"@id":"https:\/\/mediumseagreen-eel-531711.hostingersite.com\/#website"},"primaryImageOfPage":{"@id":"https:\/\/bladnanews.com\/man-utd-lead-race-to-re-sign-mctominay-from-napoli\/#primaryimage"},"image":{"@id":"https:\/\/bladnanews.com\/man-utd-lead-race-to-re-sign-mctominay-from-napoli\/#primaryimage"},"thumbnailUrl":"https:\/\/bladnanews.com\/wp-content\/uploads\/2026\/02\/BladnaNews-Man-Utd-lead-race-to-re-sign-McTominay-from-Napoli-2026-02-14T011920.890Z.jpg","datePublished":"2026-02-13T11:46:10+00:00","breadcrumb":{"@id":"https:\/\/bladnanews.com\/man-utd-lead-race-to-re-sign-mctominay-from-napoli\/#breadcrumb"},"inLanguage":"fr-FR","potentialAction":[{"@type":"ReadAction","target":["https:\/\/bladnanews.com\/man-utd-lead-race-to-re-sign-mctominay-from-napoli\/"]}]},{"@type":"ImageObject","inLanguage":"fr-FR","@id":"https:\/\/bladnanews.com\/man-utd-lead-race-to-re-sign-mctominay-from-napoli\/#primaryimage","url":"https:\/\/bladnanews.com\/wp-content\/uploads\/2026\/02\/BladnaNews-Man-Utd-lead-race-to-re-sign-McTominay-from-Napoli-2026-02-14T011920.890Z.jpg","contentUrl":"https:\/\/bladnanews.com\/wp-content\/uploads\/2026\/02\/BladnaNews-Man-Utd-lead-race-to-re-sign-McTominay-from-Napoli-2026-02-14T011920.890Z.jpg","width":1920,"height":1080,"caption":"Scott McTominay in a Napoli training shirt, looking intently ahead, showcasing his determination and focus for upcoming matches."},{"@type":"BreadcrumbList","@id":"https:\/\/bladnanews.com\/man-utd-lead-race-to-re-sign-mctominay-from-napoli\/#breadcrumb","itemListElement":[{"@type":"ListItem","position":1,"name":"Home","item":"https:\/\/bladnanews.com\/"},{"@type":"ListItem","position":2,"name":"Man Utd lead race to re-sign McTominay from Napoli"}]},{"@type":"WebSite","@id":"https:\/\/mediumseagreen-eel-531711.hostingersite.com\/#website","url":"https:\/\/mediumseagreen-eel-531711.hostingersite.com\/","name":"Bladna News - Maroc","description":"Quand le football marocain rencontre le monde","publisher":{"@id":"https:\/\/mediumseagreen-eel-531711.hostingersite.com\/#organization"},"potentialAction":[{"@type":"SearchAction","target":{"@type":"EntryPoint","urlTemplate":"https:\/\/mediumseagreen-eel-531711.hostingersite.com\/?s={search_term_string}"},"query-input":{"@type":"PropertyValueSpecification","valueRequired":true,"valueName":"search_term_string"}}],"inLanguage":"fr-FR"},{"@type":"Organization","@id":"https:\/\/mediumseagreen-eel-531711.hostingersite.com\/#organization","name":"Bladna News.com","url":"https:\/\/mediumseagreen-eel-531711.hostingersite.com\/","logo":{"@type":"ImageObject","inLanguage":"fr-FR","@id":"https:\/\/mediumseagreen-eel-531711.hostingersite.com\/#\/schema\/logo\/image\/","url":"https:\/\/bladnanews.com\/wp-content\/uploads\/2025\/12\/logo-bladnanews-V2-web-black-red.png","contentUrl":"https:\/\/bladnanews.com\/wp-content\/uploads\/2025\/12\/logo-bladnanews-V2-web-black-red.png","width":703,"height":287,"caption":"Bladna News.com"},"image":{"@id":"https:\/\/mediumseagreen-eel-531711.hostingersite.com\/#\/schema\/logo\/image\/"},"email":"info@bladnanews.com","legalName":"Bladna News"},{"@type":"Person","@id":"https:\/\/mediumseagreen-eel-531711.hostingersite.com\/#\/schema\/person\/268e18a453ab080ebf76df6ef7845083","name":"\u00c9quipe r\u00e9dactionnelle de Bladna News","url":"https:\/\/bladnanews.com\/fr\/author\/bladna-news-staff\/"}]}},"_links":{"self":[{"href":"https:\/\/bladnanews.com\/fr\/wp-json\/wp\/v2\/posts\/9492","targetHints":{"allow":["GET"]}}],"collection":[{"href":"https:\/\/bladnanews.com\/fr\/wp-json\/wp\/v2\/posts"}],"about":[{"href":"https:\/\/bladnanews.com\/fr\/wp-json\/wp\/v2\/types\/post"}],"author":[{"embeddable":true,"href":"https:\/\/bladnanews.com\/fr\/wp-json\/wp\/v2\/users\/3"}],"replies":[{"embeddable":true,"href":"https:\/\/bladnanews.com\/fr\/wp-json\/wp\/v2\/comments?post=9492"}],"version-history":[{"count":0,"href":"https:\/\/bladnanews.com\/fr\/wp-json\/wp\/v2\/posts\/9492\/revisions"}],"wp:featuredmedia":[{"embeddable":true,"href":"https:\/\/bladnanews.com\/fr\/wp-json\/wp\/v2\/media\/9491"}],"wp:attachment":[{"href":"https:\/\/bladnanews.com\/fr\/wp-json\/wp\/v2\/media?parent=9492"}],"wp:term":[{"taxonomy":"category","embeddable":true,"href":"https:\/\/bladnanews.com\/fr\/wp-json\/wp\/v2\/categories?post=9492"},{"taxonomy":"post_tag","embeddable":true,"href":"https:\/\/bladnanews.com\/fr\/wp-json\/wp\/v2\/tags?post=9492"}],"curies":[{"name":"wp","href":"https:\/\/api.w.org\/{rel}","templated":true}]}}