{"id":9643,"date":"2026-02-15T12:56:56","date_gmt":"2026-02-15T12:56:56","guid":{"rendered":"https:\/\/bladnanews.com\/ella-toone-set-to-miss-league-cup-final-and-england-camp\/"},"modified":"2026-02-15T12:56:56","modified_gmt":"2026-02-15T12:56:56","slug":"ella-toone-devrait-manquer-la-finale-de-la-coupe-de-la-ligue-et-le-stage-de-lequipe-dangleterre","status":"publish","type":"post","link":"https:\/\/bladnanews.com\/fr\/ella-toone-devrait-manquer-la-finale-de-la-coupe-de-la-ligue-et-le-stage-de-lequipe-dangleterre\/","title":{"rendered":"Ella Toone devrait manquer la finale de la League Cup et le stage de l'\u00e9quipe d'Angleterre"},"content":{"rendered":"<p>Milieu de terrain de Manchester United et de l'\u00e9quipe d'Angleterre <strong>Ella Toone<\/strong> devrait manquer la finale de la Coupe de la Ligue f\u00e9minine contre <strong>Chelsea<\/strong>, Chelsea, la derni\u00e8re mise \u00e0 jour sur sa condition physique indiquant clairement qu'un retour serait \u201c<em>trop pr\u00e9coce<\/em>\u201d.<\/p>\n<p>\". <strong>Toone travaille \u00e0 son retour de blessure, mais le calendrier implique que United sera priv\u00e9 d'une de ses joueuses cl\u00e9s pour la finale de prestige face \u00e0 Chelsea. La m\u00eame mise \u00e0 jour l'\u00e9carte \u00e9galement du<\/strong>.<\/p>\n<p>premier rassemblement des Lionesses en 2026.<\/p>\n<p>.\u201c<em>trop pr\u00e9coce<\/em>\u201d.<\/p>","protected":false},"excerpt":{"rendered":"<p>Manchester United and England midfielder Ella Toone is set to miss the Women\u2019s League Cup final against Chelsea, with the [&hellip;]<\/p>\n","protected":false},"author":3,"featured_media":9642,"comment_status":"","ping_status":"open","sticky":false,"template":"","format":"standard","meta":{"googlesitekit_rrm_CAow_uzEDA:productID":"","site-sidebar-layout":"default","site-content-layout":"","ast-site-content-layout":"default","site-content-style":"default","site-sidebar-style":"default","ast-global-header-display":"","ast-banner-title-visibility":"","ast-main-header-display":"","ast-hfb-above-header-display":"","ast-hfb-below-header-display":"","ast-hfb-mobile-header-display":"","site-post-title":"","ast-breadcrumbs-content":"","ast-featured-img":"","footer-sml-layout":"","ast-disable-related-posts":"","theme-transparent-header-meta":"","adv-header-id-meta":"","stick-header-meta":"","header-above-stick-meta":"","header-main-stick-meta":"","header-below-stick-meta":"","astra-migrate-meta-layouts":"default","ast-page-background-enabled":"default","ast-page-background-meta":{"desktop":{"background-color":"var(--ast-global-color-5)","background-image":"","background-repeat":"repeat","background-position":"center center","background-size":"auto","background-attachment":"scroll","background-type":"","background-media":"","overlay-type":"","overlay-color":"","overlay-opacity":"","overlay-gradient":""},"tablet":{"background-color":"","background-image":"","background-repeat":"repeat","background-position":"center center","background-size":"auto","background-attachment":"scroll","background-type":"","background-media":"","overlay-type":"","overlay-color":"","overlay-opacity":"","overlay-gradient":""},"mobile":{"background-color":"","background-image":"","background-repeat":"repeat","background-position":"center center","background-size":"auto","background-attachment":"scroll","background-type":"","background-media":"","overlay-type":"","overlay-color":"","overlay-opacity":"","overlay-gradient":""}},"ast-content-background-meta":{"desktop":{"background-color":"var(--ast-global-color-4)","background-image":"","background-repeat":"repeat","background-position":"center center","background-size":"auto","background-attachment":"scroll","background-type":"","background-media":"","overlay-type":"","overlay-color":"","overlay-opacity":"","overlay-gradient":""},"tablet":{"background-color":"var(--ast-global-color-4)","background-image":"","background-repeat":"repeat","background-position":"center center","background-size":"auto","background-attachment":"scroll","background-type":"","background-media":"","overlay-type":"","overlay-color":"","overlay-opacity":"","overlay-gradient":""},"mobile":{"background-color":"var(--ast-global-color-4)","background-image":"","background-repeat":"repeat","background-position":"center center","background-size":"auto","background-attachment":"scroll","background-type":"","background-media":"","overlay-type":"","overlay-color":"","overlay-opacity":"","overlay-gradient":""}},"footnotes":""},"categories":[20,1],"tags":[],"class_list":["post-9643","post","type-post","status-publish","format-standard","has-post-thumbnail","hentry","category-international","category-football-latest-news"],"yoast_head":"<!-- This site is optimized with the Yoast SEO Premium plugin v26.6 (Yoast SEO v27.4) - https:\/\/yoast.com\/product\/yoast-seo-premium-wordpress\/ -->\n<title>Ella Toone set to miss League Cup final and England camp - Bladna News<\/title>\n<meta name=\"robots\" content=\"index, follow, max-snippet:-1, max-image-preview:large, max-video-preview:-1\" \/>\n<link rel=\"canonical\" href=\"https:\/\/bladnanews.com\/fr\/ella-toone-devrait-manquer-la-finale-de-la-coupe-de-la-ligue-et-le-stage-de-lequipe-dangleterre\/\" \/>\n<meta property=\"og:locale\" content=\"fr_FR\" \/>\n<meta property=\"og:type\" content=\"article\" \/>\n<meta property=\"og:title\" content=\"Ella Toone set to miss League Cup final and England camp\" \/>\n<meta property=\"og:description\" content=\"Manchester United and England midfielder Ella Toone is set to miss the Women\u2019s League Cup final against Chelsea, with the [&hellip;]\" \/>\n<meta property=\"og:url\" content=\"https:\/\/bladnanews.com\/fr\/ella-toone-devrait-manquer-la-finale-de-la-coupe-de-la-ligue-et-le-stage-de-lequipe-dangleterre\/\" \/>\n<meta property=\"og:site_name\" content=\"Bladna News\" \/>\n<meta property=\"article:published_time\" content=\"2026-02-15T12:56:56+00:00\" \/>\n<meta property=\"og:image\" content=\"https:\/\/bladnanews.com\/wp-content\/uploads\/2025\/12\/freepik__bladna-newscom-moroccan-soccer-homepage-banner-mor__41838.png\" \/>\n\t<meta property=\"og:image:width\" content=\"1312\" \/>\n\t<meta property=\"og:image:height\" content=\"736\" \/>\n\t<meta property=\"og:image:type\" content=\"image\/png\" \/>\n<meta name=\"author\" content=\"Bladna News Staff\" \/>\n<meta name=\"twitter:card\" content=\"summary_large_image\" \/>\n<meta name=\"twitter:label1\" content=\"\u00c9crit par\" \/>\n\t<meta name=\"twitter:data1\" content=\"Bladna News Staff\" \/>\n\t<meta name=\"twitter:label2\" content=\"Dur\u00e9e de lecture estim\u00e9e\" \/>\n\t<meta name=\"twitter:data2\" content=\"1 minute\" \/>\n<script type=\"application\/ld+json\" class=\"yoast-schema-graph\">{\"@context\":\"https:\\\/\\\/schema.org\",\"@graph\":[{\"@type\":\"Article\",\"@id\":\"https:\\\/\\\/bladnanews.com\\\/ella-toone-set-to-miss-league-cup-final-and-england-camp\\\/#article\",\"isPartOf\":{\"@id\":\"https:\\\/\\\/bladnanews.com\\\/ella-toone-set-to-miss-league-cup-final-and-england-camp\\\/\"},\"author\":{\"name\":\"Bladna News Staff\",\"@id\":\"https:\\\/\\\/mediumseagreen-eel-531711.hostingersite.com\\\/#\\\/schema\\\/person\\\/268e18a453ab080ebf76df6ef7845083\"},\"headline\":\"Ella Toone set to miss League Cup final and England camp\",\"datePublished\":\"2026-02-15T12:56:56+00:00\",\"mainEntityOfPage\":{\"@id\":\"https:\\\/\\\/bladnanews.com\\\/ella-toone-set-to-miss-league-cup-final-and-england-camp\\\/\"},\"wordCount\":169,\"publisher\":{\"@id\":\"https:\\\/\\\/mediumseagreen-eel-531711.hostingersite.com\\\/#organization\"},\"image\":{\"@id\":\"https:\\\/\\\/bladnanews.com\\\/ella-toone-set-to-miss-league-cup-final-and-england-camp\\\/#primaryimage\"},\"thumbnailUrl\":\"https:\\\/\\\/bladnanews.com\\\/wp-content\\\/uploads\\\/2026\\\/02\\\/BladnaNews-Ella-Toone-set-to-miss-League-Cup-final-and-England-camp-2026-02-16T011802.973Z.jpg\",\"articleSection\":[\"International\",\"Latest News\"],\"inLanguage\":\"fr-FR\",\"copyrightYear\":\"2026\",\"copyrightHolder\":{\"@id\":\"https:\\\/\\\/bladnanews.com\\\/fr\\\/#organization\"}},{\"@type\":\"WebPage\",\"@id\":\"https:\\\/\\\/bladnanews.com\\\/ella-toone-set-to-miss-league-cup-final-and-england-camp\\\/\",\"url\":\"https:\\\/\\\/bladnanews.com\\\/ella-toone-set-to-miss-league-cup-final-and-england-camp\\\/\",\"name\":\"Ella Toone set to miss League Cup final and England camp - Bladna News\",\"isPartOf\":{\"@id\":\"https:\\\/\\\/mediumseagreen-eel-531711.hostingersite.com\\\/#website\"},\"primaryImageOfPage\":{\"@id\":\"https:\\\/\\\/bladnanews.com\\\/ella-toone-set-to-miss-league-cup-final-and-england-camp\\\/#primaryimage\"},\"image\":{\"@id\":\"https:\\\/\\\/bladnanews.com\\\/ella-toone-set-to-miss-league-cup-final-and-england-camp\\\/#primaryimage\"},\"thumbnailUrl\":\"https:\\\/\\\/bladnanews.com\\\/wp-content\\\/uploads\\\/2026\\\/02\\\/BladnaNews-Ella-Toone-set-to-miss-League-Cup-final-and-England-camp-2026-02-16T011802.973Z.jpg\",\"datePublished\":\"2026-02-15T12:56:56+00:00\",\"breadcrumb\":{\"@id\":\"https:\\\/\\\/bladnanews.com\\\/ella-toone-set-to-miss-league-cup-final-and-england-camp\\\/#breadcrumb\"},\"inLanguage\":\"fr-FR\",\"potentialAction\":[{\"@type\":\"ReadAction\",\"target\":[\"https:\\\/\\\/bladnanews.com\\\/ella-toone-set-to-miss-league-cup-final-and-england-camp\\\/\"]}]},{\"@type\":\"ImageObject\",\"inLanguage\":\"fr-FR\",\"@id\":\"https:\\\/\\\/bladnanews.com\\\/ella-toone-set-to-miss-league-cup-final-and-england-camp\\\/#primaryimage\",\"url\":\"https:\\\/\\\/bladnanews.com\\\/wp-content\\\/uploads\\\/2026\\\/02\\\/BladnaNews-Ella-Toone-set-to-miss-League-Cup-final-and-England-camp-2026-02-16T011802.973Z.jpg\",\"contentUrl\":\"https:\\\/\\\/bladnanews.com\\\/wp-content\\\/uploads\\\/2026\\\/02\\\/BladnaNews-Ella-Toone-set-to-miss-League-Cup-final-and-England-camp-2026-02-16T011802.973Z.jpg\",\"width\":1920,\"height\":1080,\"caption\":\"Ella Toone in a Manchester United shirt, looking downcast during a rain-soaked match, highlighting her disappointment over missing key fixtures.\"},{\"@type\":\"BreadcrumbList\",\"@id\":\"https:\\\/\\\/bladnanews.com\\\/ella-toone-set-to-miss-league-cup-final-and-england-camp\\\/#breadcrumb\",\"itemListElement\":[{\"@type\":\"ListItem\",\"position\":1,\"name\":\"Home\",\"item\":\"https:\\\/\\\/bladnanews.com\\\/\"},{\"@type\":\"ListItem\",\"position\":2,\"name\":\"Ella Toone set to miss League Cup final and England camp\"}]},{\"@type\":\"WebSite\",\"@id\":\"https:\\\/\\\/mediumseagreen-eel-531711.hostingersite.com\\\/#website\",\"url\":\"https:\\\/\\\/mediumseagreen-eel-531711.hostingersite.com\\\/\",\"name\":\"Bladna News - Morocco\",\"description\":\"Where Moroccan Football Meets the World\",\"publisher\":{\"@id\":\"https:\\\/\\\/mediumseagreen-eel-531711.hostingersite.com\\\/#organization\"},\"potentialAction\":[{\"@type\":\"SearchAction\",\"target\":{\"@type\":\"EntryPoint\",\"urlTemplate\":\"https:\\\/\\\/mediumseagreen-eel-531711.hostingersite.com\\\/?s={search_term_string}\"},\"query-input\":{\"@type\":\"PropertyValueSpecification\",\"valueRequired\":true,\"valueName\":\"search_term_string\"}}],\"inLanguage\":\"fr-FR\"},{\"@type\":\"Organization\",\"@id\":\"https:\\\/\\\/mediumseagreen-eel-531711.hostingersite.com\\\/#organization\",\"name\":\"Bladna News.com\",\"url\":\"https:\\\/\\\/mediumseagreen-eel-531711.hostingersite.com\\\/\",\"logo\":{\"@type\":\"ImageObject\",\"inLanguage\":\"fr-FR\",\"@id\":\"https:\\\/\\\/mediumseagreen-eel-531711.hostingersite.com\\\/#\\\/schema\\\/logo\\\/image\\\/\",\"url\":\"https:\\\/\\\/bladnanews.com\\\/wp-content\\\/uploads\\\/2025\\\/12\\\/logo-bladnanews-V2-web-black-red.png\",\"contentUrl\":\"https:\\\/\\\/bladnanews.com\\\/wp-content\\\/uploads\\\/2025\\\/12\\\/logo-bladnanews-V2-web-black-red.png\",\"width\":703,\"height\":287,\"caption\":\"Bladna News.com\"},\"image\":{\"@id\":\"https:\\\/\\\/mediumseagreen-eel-531711.hostingersite.com\\\/#\\\/schema\\\/logo\\\/image\\\/\"},\"email\":\"info@bladnanews.com\",\"legalName\":\"Bladna News\"},{\"@type\":\"Person\",\"@id\":\"https:\\\/\\\/mediumseagreen-eel-531711.hostingersite.com\\\/#\\\/schema\\\/person\\\/268e18a453ab080ebf76df6ef7845083\",\"name\":\"Bladna News Staff\",\"url\":\"https:\\\/\\\/bladnanews.com\\\/fr\\\/author\\\/bladna-news-staff\\\/\"}]}<\/script>\n<!-- \/ Yoast SEO Premium plugin. -->","yoast_head_json":{"title":"Ella Toone devrait manquer la finale de la League Cup et le stage de l'\u00e9quipe d'Angleterre - Bladna News","robots":{"index":"index","follow":"follow","max-snippet":"max-snippet:-1","max-image-preview":"max-image-preview:large","max-video-preview":"max-video-preview:-1"},"canonical":"https:\/\/bladnanews.com\/fr\/ella-toone-devrait-manquer-la-finale-de-la-coupe-de-la-ligue-et-le-stage-de-lequipe-dangleterre\/","og_locale":"fr_FR","og_type":"article","og_title":"Ella Toone set to miss League Cup final and England camp","og_description":"Manchester United and England midfielder Ella Toone is set to miss the Women\u2019s League Cup final against Chelsea, with the [&hellip;]","og_url":"https:\/\/bladnanews.com\/fr\/ella-toone-devrait-manquer-la-finale-de-la-coupe-de-la-ligue-et-le-stage-de-lequipe-dangleterre\/","og_site_name":"Bladna News","article_published_time":"2026-02-15T12:56:56+00:00","og_image":[{"width":1312,"height":736,"url":"https:\/\/bladnanews.com\/wp-content\/uploads\/2025\/12\/freepik__bladna-newscom-moroccan-soccer-homepage-banner-mor__41838.png","type":"image\/png"}],"author":"Bladna News Staff","twitter_card":"summary_large_image","twitter_misc":{"\u00c9crit par":"Bladna News Staff","Dur\u00e9e de lecture estim\u00e9e":"1 minute"},"schema":{"@context":"https:\/\/schema.org","@graph":[{"@type":"Article","@id":"https:\/\/bladnanews.com\/ella-toone-set-to-miss-league-cup-final-and-england-camp\/#article","isPartOf":{"@id":"https:\/\/bladnanews.com\/ella-toone-set-to-miss-league-cup-final-and-england-camp\/"},"author":{"name":"Bladna News Staff","@id":"https:\/\/mediumseagreen-eel-531711.hostingersite.com\/#\/schema\/person\/268e18a453ab080ebf76df6ef7845083"},"headline":"Ella Toone set to miss League Cup final and England camp","datePublished":"2026-02-15T12:56:56+00:00","mainEntityOfPage":{"@id":"https:\/\/bladnanews.com\/ella-toone-set-to-miss-league-cup-final-and-england-camp\/"},"wordCount":169,"publisher":{"@id":"https:\/\/mediumseagreen-eel-531711.hostingersite.com\/#organization"},"image":{"@id":"https:\/\/bladnanews.com\/ella-toone-set-to-miss-league-cup-final-and-england-camp\/#primaryimage"},"thumbnailUrl":"https:\/\/bladnanews.com\/wp-content\/uploads\/2026\/02\/BladnaNews-Ella-Toone-set-to-miss-League-Cup-final-and-England-camp-2026-02-16T011802.973Z.jpg","articleSection":["International","Latest News"],"inLanguage":"fr-FR","copyrightYear":"2026","copyrightHolder":{"@id":"https:\/\/bladnanews.com\/fr\/#organization"}},{"@type":"WebPage","@id":"https:\/\/bladnanews.com\/ella-toone-set-to-miss-league-cup-final-and-england-camp\/","url":"https:\/\/bladnanews.com\/ella-toone-set-to-miss-league-cup-final-and-england-camp\/","name":"Ella Toone devrait manquer la finale de la League Cup et le stage de l'\u00e9quipe d'Angleterre - Bladna News","isPartOf":{"@id":"https:\/\/mediumseagreen-eel-531711.hostingersite.com\/#website"},"primaryImageOfPage":{"@id":"https:\/\/bladnanews.com\/ella-toone-set-to-miss-league-cup-final-and-england-camp\/#primaryimage"},"image":{"@id":"https:\/\/bladnanews.com\/ella-toone-set-to-miss-league-cup-final-and-england-camp\/#primaryimage"},"thumbnailUrl":"https:\/\/bladnanews.com\/wp-content\/uploads\/2026\/02\/BladnaNews-Ella-Toone-set-to-miss-League-Cup-final-and-England-camp-2026-02-16T011802.973Z.jpg","datePublished":"2026-02-15T12:56:56+00:00","breadcrumb":{"@id":"https:\/\/bladnanews.com\/ella-toone-set-to-miss-league-cup-final-and-england-camp\/#breadcrumb"},"inLanguage":"fr-FR","potentialAction":[{"@type":"ReadAction","target":["https:\/\/bladnanews.com\/ella-toone-set-to-miss-league-cup-final-and-england-camp\/"]}]},{"@type":"ImageObject","inLanguage":"fr-FR","@id":"https:\/\/bladnanews.com\/ella-toone-set-to-miss-league-cup-final-and-england-camp\/#primaryimage","url":"https:\/\/bladnanews.com\/wp-content\/uploads\/2026\/02\/BladnaNews-Ella-Toone-set-to-miss-League-Cup-final-and-England-camp-2026-02-16T011802.973Z.jpg","contentUrl":"https:\/\/bladnanews.com\/wp-content\/uploads\/2026\/02\/BladnaNews-Ella-Toone-set-to-miss-League-Cup-final-and-England-camp-2026-02-16T011802.973Z.jpg","width":1920,"height":1080,"caption":"Ella Toone in a Manchester United shirt, looking downcast during a rain-soaked match, highlighting her disappointment over missing key fixtures."},{"@type":"BreadcrumbList","@id":"https:\/\/bladnanews.com\/ella-toone-set-to-miss-league-cup-final-and-england-camp\/#breadcrumb","itemListElement":[{"@type":"ListItem","position":1,"name":"Home","item":"https:\/\/bladnanews.com\/"},{"@type":"ListItem","position":2,"name":"Ella Toone set to miss League Cup final and England camp"}]},{"@type":"WebSite","@id":"https:\/\/mediumseagreen-eel-531711.hostingersite.com\/#website","url":"https:\/\/mediumseagreen-eel-531711.hostingersite.com\/","name":"Bladna News - Maroc","description":"Quand le football marocain rencontre le monde","publisher":{"@id":"https:\/\/mediumseagreen-eel-531711.hostingersite.com\/#organization"},"potentialAction":[{"@type":"SearchAction","target":{"@type":"EntryPoint","urlTemplate":"https:\/\/mediumseagreen-eel-531711.hostingersite.com\/?s={search_term_string}"},"query-input":{"@type":"PropertyValueSpecification","valueRequired":true,"valueName":"search_term_string"}}],"inLanguage":"fr-FR"},{"@type":"Organization","@id":"https:\/\/mediumseagreen-eel-531711.hostingersite.com\/#organization","name":"Bladna News.com","url":"https:\/\/mediumseagreen-eel-531711.hostingersite.com\/","logo":{"@type":"ImageObject","inLanguage":"fr-FR","@id":"https:\/\/mediumseagreen-eel-531711.hostingersite.com\/#\/schema\/logo\/image\/","url":"https:\/\/bladnanews.com\/wp-content\/uploads\/2025\/12\/logo-bladnanews-V2-web-black-red.png","contentUrl":"https:\/\/bladnanews.com\/wp-content\/uploads\/2025\/12\/logo-bladnanews-V2-web-black-red.png","width":703,"height":287,"caption":"Bladna News.com"},"image":{"@id":"https:\/\/mediumseagreen-eel-531711.hostingersite.com\/#\/schema\/logo\/image\/"},"email":"info@bladnanews.com","legalName":"Bladna News"},{"@type":"Person","@id":"https:\/\/mediumseagreen-eel-531711.hostingersite.com\/#\/schema\/person\/268e18a453ab080ebf76df6ef7845083","name":"\u00c9quipe r\u00e9dactionnelle de Bladna News","url":"https:\/\/bladnanews.com\/fr\/author\/bladna-news-staff\/"}]}},"_links":{"self":[{"href":"https:\/\/bladnanews.com\/fr\/wp-json\/wp\/v2\/posts\/9643","targetHints":{"allow":["GET"]}}],"collection":[{"href":"https:\/\/bladnanews.com\/fr\/wp-json\/wp\/v2\/posts"}],"about":[{"href":"https:\/\/bladnanews.com\/fr\/wp-json\/wp\/v2\/types\/post"}],"author":[{"embeddable":true,"href":"https:\/\/bladnanews.com\/fr\/wp-json\/wp\/v2\/users\/3"}],"replies":[{"embeddable":true,"href":"https:\/\/bladnanews.com\/fr\/wp-json\/wp\/v2\/comments?post=9643"}],"version-history":[{"count":0,"href":"https:\/\/bladnanews.com\/fr\/wp-json\/wp\/v2\/posts\/9643\/revisions"}],"wp:featuredmedia":[{"embeddable":true,"href":"https:\/\/bladnanews.com\/fr\/wp-json\/wp\/v2\/media\/9642"}],"wp:attachment":[{"href":"https:\/\/bladnanews.com\/fr\/wp-json\/wp\/v2\/media?parent=9643"}],"wp:term":[{"taxonomy":"category","embeddable":true,"href":"https:\/\/bladnanews.com\/fr\/wp-json\/wp\/v2\/categories?post=9643"},{"taxonomy":"post_tag","embeddable":true,"href":"https:\/\/bladnanews.com\/fr\/wp-json\/wp\/v2\/tags?post=9643"}],"curies":[{"name":"wp","href":"https:\/\/api.w.org\/{rel}","templated":true}]}}