{"id":9653,"date":"2026-02-15T14:41:23","date_gmt":"2026-02-15T14:41:23","guid":{"rendered":"https:\/\/bladnanews.com\/eden-hazard-recalls-really-bad-clashes-with-jose-mourinho\/"},"modified":"2026-02-15T14:41:23","modified_gmt":"2026-02-15T14:41:23","slug":"eden-hazard-se-souvient-de-conflits-vraiment-mauvais-avec-jose-mourinho","status":"publish","type":"post","link":"https:\/\/bladnanews.com\/fr\/eden-hazard-se-souvient-de-conflits-vraiment-mauvais-avec-jose-mourinho\/","title":{"rendered":"Eden Hazard se souvient de conflits vraiment mauvais avec Jos\u00e9 Mourinho."},"content":{"rendered":"<p>Eden Hazard est revenu sur ce qu'il d\u00e9crit comme des affrontements \u201cvraiment mauvais\u201d avec Jos\u00e9 Mourinho durant son passage \u00e0 Chelsea, admettant que leur relation s'est d\u00e9grad\u00e9e lors de la derni\u00e8re saison de l'entra\u00eeneur \u00e0 Stamford Bridge.<\/p>\n<p>Hazard, qui a jou\u00e9 sous les ordres de Mourinho lors du deuxi\u00e8me mandat de l'entra\u00eeneur portugais, a d\u00e9clar\u00e9 que les tensions sont devenues \u00e9videntes lorsque les r\u00e9sultats ont commenc\u00e9 \u00e0 tourner \u00e0 l'avantage des adversaires. Le Belge a expliqu\u00e9 que la situation est parfois devenue personnelle, Mourinho exprimant ses sentiments en termes directs.<\/p>\n<p><em>\u201cIl a dit que c'\u00e9tait de ma faute\u201d,\u201d<\/em> se souvient Hazard, \u00e9voquant la mani\u00e8re dont Mourinho l'a pris pour cible durant cette p\u00e9riode difficile. Hazard a accept\u00e9 sa part de responsabilit\u00e9 dans ce qui s'est produit, mais a pr\u00e9cis\u00e9 que les \u00e9changes entre le joueur et l'entra\u00eeneur n'\u00e9taient pas de simples d\u00e9saccords.<\/p>\n<p>L'ancien attaquant de Chelsea a qualifi\u00e9 ces affrontements de \u201cvraiment mauvais\u201d, survenus lors d'une saison o\u00f9 l'ambiance au sein de l'effectif a chang\u00e9. Il a sugg\u00e9r\u00e9 que le lien fort qui existait auparavant entre l'entra\u00eeneur et les joueurs n'\u00e9tait plus pr\u00e9sent, et que la dynamique du vestiaire a \u00e9volu\u00e9 au fil de la campagne.<\/p>\n<p>Hazard a \u00e9t\u00e9 une figure cl\u00e9 pour Chelsea tout au long de ses sept ann\u00e9es au club, remportant des titres majeurs et s'imposant comme l'un des attaquants les plus remarquables de la Premier League. Mais il a admis que m\u00eame dans un club performant, la relation entre un joueur star et son entra\u00eeneur peut se tendre lorsque les performances d\u00e9clinent et que la pression monte.<\/p>\n<p>Le deuxi\u00e8me mandat de Mourinho \u00e0 Chelsea a pris fin en d\u00e9cembre 2015, Hazard et le reste de l'effectif ayant \u00e9prouv\u00e9 des difficult\u00e9s \u00e0 maintenir la r\u00e9gularit\u00e9 dans les mois ayant suivi le titre de champion de Premier League de la saison pr\u00e9c\u00e9dente. Les r\u00e9cents commentaires d'Hazard offrent un aper\u00e7u franc de la difficult\u00e9 de cette p\u00e9riode en coulisses, y compris du moment o\u00f9 on lui a directement signifi\u00e9 qu'il \u00e9tait fautif.<\/p>","protected":false},"excerpt":{"rendered":"<p>Eden Hazard has looked back on what he describes as \u201creally bad\u201d clashes with Jose Mourinho during his time at [&hellip;]<\/p>\n","protected":false},"author":3,"featured_media":9652,"comment_status":"","ping_status":"open","sticky":false,"template":"","format":"standard","meta":{"googlesitekit_rrm_CAow_uzEDA:productID":"","site-sidebar-layout":"default","site-content-layout":"","ast-site-content-layout":"default","site-content-style":"default","site-sidebar-style":"default","ast-global-header-display":"","ast-banner-title-visibility":"","ast-main-header-display":"","ast-hfb-above-header-display":"","ast-hfb-below-header-display":"","ast-hfb-mobile-header-display":"","site-post-title":"","ast-breadcrumbs-content":"","ast-featured-img":"","footer-sml-layout":"","ast-disable-related-posts":"","theme-transparent-header-meta":"","adv-header-id-meta":"","stick-header-meta":"","header-above-stick-meta":"","header-main-stick-meta":"","header-below-stick-meta":"","astra-migrate-meta-layouts":"default","ast-page-background-enabled":"default","ast-page-background-meta":{"desktop":{"background-color":"var(--ast-global-color-5)","background-image":"","background-repeat":"repeat","background-position":"center center","background-size":"auto","background-attachment":"scroll","background-type":"","background-media":"","overlay-type":"","overlay-color":"","overlay-opacity":"","overlay-gradient":""},"tablet":{"background-color":"","background-image":"","background-repeat":"repeat","background-position":"center center","background-size":"auto","background-attachment":"scroll","background-type":"","background-media":"","overlay-type":"","overlay-color":"","overlay-opacity":"","overlay-gradient":""},"mobile":{"background-color":"","background-image":"","background-repeat":"repeat","background-position":"center center","background-size":"auto","background-attachment":"scroll","background-type":"","background-media":"","overlay-type":"","overlay-color":"","overlay-opacity":"","overlay-gradient":""}},"ast-content-background-meta":{"desktop":{"background-color":"var(--ast-global-color-4)","background-image":"","background-repeat":"repeat","background-position":"center center","background-size":"auto","background-attachment":"scroll","background-type":"","background-media":"","overlay-type":"","overlay-color":"","overlay-opacity":"","overlay-gradient":""},"tablet":{"background-color":"var(--ast-global-color-4)","background-image":"","background-repeat":"repeat","background-position":"center center","background-size":"auto","background-attachment":"scroll","background-type":"","background-media":"","overlay-type":"","overlay-color":"","overlay-opacity":"","overlay-gradient":""},"mobile":{"background-color":"var(--ast-global-color-4)","background-image":"","background-repeat":"repeat","background-position":"center center","background-size":"auto","background-attachment":"scroll","background-type":"","background-media":"","overlay-type":"","overlay-color":"","overlay-opacity":"","overlay-gradient":""}},"footnotes":""},"categories":[20,1],"tags":[],"class_list":["post-9653","post","type-post","status-publish","format-standard","has-post-thumbnail","hentry","category-international","category-football-latest-news"],"yoast_head":"<!-- This site is optimized with the Yoast SEO Premium plugin v26.6 (Yoast SEO v27.4) - https:\/\/yoast.com\/product\/yoast-seo-premium-wordpress\/ -->\n<title>Eden Hazard recalls really bad clashes with Jose Mourinho - Bladna News<\/title>\n<meta name=\"robots\" content=\"index, follow, max-snippet:-1, max-image-preview:large, max-video-preview:-1\" \/>\n<link rel=\"canonical\" href=\"https:\/\/bladnanews.com\/fr\/eden-hazard-se-souvient-de-conflits-vraiment-mauvais-avec-jose-mourinho\/\" \/>\n<meta property=\"og:locale\" content=\"fr_FR\" \/>\n<meta property=\"og:type\" content=\"article\" \/>\n<meta property=\"og:title\" content=\"Eden Hazard recalls really bad clashes with Jose Mourinho\" \/>\n<meta property=\"og:description\" content=\"Eden Hazard has looked back on what he describes as \u201creally bad\u201d clashes with Jose Mourinho during his time at [&hellip;]\" \/>\n<meta property=\"og:url\" content=\"https:\/\/bladnanews.com\/fr\/eden-hazard-se-souvient-de-conflits-vraiment-mauvais-avec-jose-mourinho\/\" \/>\n<meta property=\"og:site_name\" content=\"Bladna News\" \/>\n<meta property=\"article:published_time\" content=\"2026-02-15T14:41:23+00:00\" \/>\n<meta property=\"og:image\" content=\"https:\/\/bladnanews.com\/wp-content\/uploads\/2025\/12\/freepik__bladna-newscom-moroccan-soccer-homepage-banner-mor__41838.png\" \/>\n\t<meta property=\"og:image:width\" content=\"1312\" \/>\n\t<meta property=\"og:image:height\" content=\"736\" \/>\n\t<meta property=\"og:image:type\" content=\"image\/png\" \/>\n<meta name=\"author\" content=\"Bladna News Staff\" \/>\n<meta name=\"twitter:card\" content=\"summary_large_image\" \/>\n<meta name=\"twitter:label1\" content=\"\u00c9crit par\" \/>\n\t<meta name=\"twitter:data1\" content=\"Bladna News Staff\" \/>\n\t<meta name=\"twitter:label2\" content=\"Dur\u00e9e de lecture estim\u00e9e\" \/>\n\t<meta name=\"twitter:data2\" content=\"1 minute\" \/>\n<script type=\"application\/ld+json\" class=\"yoast-schema-graph\">{\"@context\":\"https:\\\/\\\/schema.org\",\"@graph\":[{\"@type\":\"Article\",\"@id\":\"https:\\\/\\\/bladnanews.com\\\/eden-hazard-recalls-really-bad-clashes-with-jose-mourinho\\\/#article\",\"isPartOf\":{\"@id\":\"https:\\\/\\\/bladnanews.com\\\/eden-hazard-recalls-really-bad-clashes-with-jose-mourinho\\\/\"},\"author\":{\"name\":\"Bladna News Staff\",\"@id\":\"https:\\\/\\\/mediumseagreen-eel-531711.hostingersite.com\\\/#\\\/schema\\\/person\\\/268e18a453ab080ebf76df6ef7845083\"},\"headline\":\"Eden Hazard recalls really bad clashes with Jose Mourinho\",\"datePublished\":\"2026-02-15T14:41:23+00:00\",\"mainEntityOfPage\":{\"@id\":\"https:\\\/\\\/bladnanews.com\\\/eden-hazard-recalls-really-bad-clashes-with-jose-mourinho\\\/\"},\"wordCount\":300,\"publisher\":{\"@id\":\"https:\\\/\\\/mediumseagreen-eel-531711.hostingersite.com\\\/#organization\"},\"image\":{\"@id\":\"https:\\\/\\\/bladnanews.com\\\/eden-hazard-recalls-really-bad-clashes-with-jose-mourinho\\\/#primaryimage\"},\"thumbnailUrl\":\"https:\\\/\\\/bladnanews.com\\\/wp-content\\\/uploads\\\/2026\\\/02\\\/BladnaNews-Eden-Hazard-recalls-really-bad-clashes-with-Jose-Mourinho-2026-02-16T051811.161Z.jpg\",\"articleSection\":[\"International\",\"Latest News\"],\"inLanguage\":\"fr-FR\",\"copyrightYear\":\"2026\",\"copyrightHolder\":{\"@id\":\"https:\\\/\\\/bladnanews.com\\\/fr\\\/#organization\"}},{\"@type\":\"WebPage\",\"@id\":\"https:\\\/\\\/bladnanews.com\\\/eden-hazard-recalls-really-bad-clashes-with-jose-mourinho\\\/\",\"url\":\"https:\\\/\\\/bladnanews.com\\\/eden-hazard-recalls-really-bad-clashes-with-jose-mourinho\\\/\",\"name\":\"Eden Hazard recalls really bad clashes with Jose Mourinho - Bladna News\",\"isPartOf\":{\"@id\":\"https:\\\/\\\/mediumseagreen-eel-531711.hostingersite.com\\\/#website\"},\"primaryImageOfPage\":{\"@id\":\"https:\\\/\\\/bladnanews.com\\\/eden-hazard-recalls-really-bad-clashes-with-jose-mourinho\\\/#primaryimage\"},\"image\":{\"@id\":\"https:\\\/\\\/bladnanews.com\\\/eden-hazard-recalls-really-bad-clashes-with-jose-mourinho\\\/#primaryimage\"},\"thumbnailUrl\":\"https:\\\/\\\/bladnanews.com\\\/wp-content\\\/uploads\\\/2026\\\/02\\\/BladnaNews-Eden-Hazard-recalls-really-bad-clashes-with-Jose-Mourinho-2026-02-16T051811.161Z.jpg\",\"datePublished\":\"2026-02-15T14:41:23+00:00\",\"breadcrumb\":{\"@id\":\"https:\\\/\\\/bladnanews.com\\\/eden-hazard-recalls-really-bad-clashes-with-jose-mourinho\\\/#breadcrumb\"},\"inLanguage\":\"fr-FR\",\"potentialAction\":[{\"@type\":\"ReadAction\",\"target\":[\"https:\\\/\\\/bladnanews.com\\\/eden-hazard-recalls-really-bad-clashes-with-jose-mourinho\\\/\"]}]},{\"@type\":\"ImageObject\",\"inLanguage\":\"fr-FR\",\"@id\":\"https:\\\/\\\/bladnanews.com\\\/eden-hazard-recalls-really-bad-clashes-with-jose-mourinho\\\/#primaryimage\",\"url\":\"https:\\\/\\\/bladnanews.com\\\/wp-content\\\/uploads\\\/2026\\\/02\\\/BladnaNews-Eden-Hazard-recalls-really-bad-clashes-with-Jose-Mourinho-2026-02-16T051811.161Z.jpg\",\"contentUrl\":\"https:\\\/\\\/bladnanews.com\\\/wp-content\\\/uploads\\\/2026\\\/02\\\/BladnaNews-Eden-Hazard-recalls-really-bad-clashes-with-Jose-Mourinho-2026-02-16T051811.161Z.jpg\",\"width\":2080,\"height\":1170,\"caption\":\"Eden Hazard in a blue Chelsea kit receives guidance from manager Jos\u00e9 Mourinho, both engaged in a critical moment on the pitch.\"},{\"@type\":\"BreadcrumbList\",\"@id\":\"https:\\\/\\\/bladnanews.com\\\/eden-hazard-recalls-really-bad-clashes-with-jose-mourinho\\\/#breadcrumb\",\"itemListElement\":[{\"@type\":\"ListItem\",\"position\":1,\"name\":\"Home\",\"item\":\"https:\\\/\\\/bladnanews.com\\\/\"},{\"@type\":\"ListItem\",\"position\":2,\"name\":\"Eden Hazard recalls really bad clashes with Jose Mourinho\"}]},{\"@type\":\"WebSite\",\"@id\":\"https:\\\/\\\/mediumseagreen-eel-531711.hostingersite.com\\\/#website\",\"url\":\"https:\\\/\\\/mediumseagreen-eel-531711.hostingersite.com\\\/\",\"name\":\"Bladna News - Morocco\",\"description\":\"Where Moroccan Football Meets the World\",\"publisher\":{\"@id\":\"https:\\\/\\\/mediumseagreen-eel-531711.hostingersite.com\\\/#organization\"},\"potentialAction\":[{\"@type\":\"SearchAction\",\"target\":{\"@type\":\"EntryPoint\",\"urlTemplate\":\"https:\\\/\\\/mediumseagreen-eel-531711.hostingersite.com\\\/?s={search_term_string}\"},\"query-input\":{\"@type\":\"PropertyValueSpecification\",\"valueRequired\":true,\"valueName\":\"search_term_string\"}}],\"inLanguage\":\"fr-FR\"},{\"@type\":\"Organization\",\"@id\":\"https:\\\/\\\/mediumseagreen-eel-531711.hostingersite.com\\\/#organization\",\"name\":\"Bladna News.com\",\"url\":\"https:\\\/\\\/mediumseagreen-eel-531711.hostingersite.com\\\/\",\"logo\":{\"@type\":\"ImageObject\",\"inLanguage\":\"fr-FR\",\"@id\":\"https:\\\/\\\/mediumseagreen-eel-531711.hostingersite.com\\\/#\\\/schema\\\/logo\\\/image\\\/\",\"url\":\"https:\\\/\\\/bladnanews.com\\\/wp-content\\\/uploads\\\/2025\\\/12\\\/logo-bladnanews-V2-web-black-red.png\",\"contentUrl\":\"https:\\\/\\\/bladnanews.com\\\/wp-content\\\/uploads\\\/2025\\\/12\\\/logo-bladnanews-V2-web-black-red.png\",\"width\":703,\"height\":287,\"caption\":\"Bladna News.com\"},\"image\":{\"@id\":\"https:\\\/\\\/mediumseagreen-eel-531711.hostingersite.com\\\/#\\\/schema\\\/logo\\\/image\\\/\"},\"email\":\"info@bladnanews.com\",\"legalName\":\"Bladna News\"},{\"@type\":\"Person\",\"@id\":\"https:\\\/\\\/mediumseagreen-eel-531711.hostingersite.com\\\/#\\\/schema\\\/person\\\/268e18a453ab080ebf76df6ef7845083\",\"name\":\"Bladna News Staff\",\"url\":\"https:\\\/\\\/bladnanews.com\\\/fr\\\/author\\\/bladna-news-staff\\\/\"}]}<\/script>\n<!-- \/ Yoast SEO Premium plugin. -->","yoast_head_json":{"title":"Eden Hazard se souvient de conflits vraiment mauvais avec Jose Mourinho - Bladna News","robots":{"index":"index","follow":"follow","max-snippet":"max-snippet:-1","max-image-preview":"max-image-preview:large","max-video-preview":"max-video-preview:-1"},"canonical":"https:\/\/bladnanews.com\/fr\/eden-hazard-se-souvient-de-conflits-vraiment-mauvais-avec-jose-mourinho\/","og_locale":"fr_FR","og_type":"article","og_title":"Eden Hazard recalls really bad clashes with Jose Mourinho","og_description":"Eden Hazard has looked back on what he describes as \u201creally bad\u201d clashes with Jose Mourinho during his time at [&hellip;]","og_url":"https:\/\/bladnanews.com\/fr\/eden-hazard-se-souvient-de-conflits-vraiment-mauvais-avec-jose-mourinho\/","og_site_name":"Bladna News","article_published_time":"2026-02-15T14:41:23+00:00","og_image":[{"width":1312,"height":736,"url":"https:\/\/bladnanews.com\/wp-content\/uploads\/2025\/12\/freepik__bladna-newscom-moroccan-soccer-homepage-banner-mor__41838.png","type":"image\/png"}],"author":"Bladna News Staff","twitter_card":"summary_large_image","twitter_misc":{"\u00c9crit par":"Bladna News Staff","Dur\u00e9e de lecture estim\u00e9e":"1 minute"},"schema":{"@context":"https:\/\/schema.org","@graph":[{"@type":"Article","@id":"https:\/\/bladnanews.com\/eden-hazard-recalls-really-bad-clashes-with-jose-mourinho\/#article","isPartOf":{"@id":"https:\/\/bladnanews.com\/eden-hazard-recalls-really-bad-clashes-with-jose-mourinho\/"},"author":{"name":"Bladna News Staff","@id":"https:\/\/mediumseagreen-eel-531711.hostingersite.com\/#\/schema\/person\/268e18a453ab080ebf76df6ef7845083"},"headline":"Eden Hazard recalls really bad clashes with Jose Mourinho","datePublished":"2026-02-15T14:41:23+00:00","mainEntityOfPage":{"@id":"https:\/\/bladnanews.com\/eden-hazard-recalls-really-bad-clashes-with-jose-mourinho\/"},"wordCount":300,"publisher":{"@id":"https:\/\/mediumseagreen-eel-531711.hostingersite.com\/#organization"},"image":{"@id":"https:\/\/bladnanews.com\/eden-hazard-recalls-really-bad-clashes-with-jose-mourinho\/#primaryimage"},"thumbnailUrl":"https:\/\/bladnanews.com\/wp-content\/uploads\/2026\/02\/BladnaNews-Eden-Hazard-recalls-really-bad-clashes-with-Jose-Mourinho-2026-02-16T051811.161Z.jpg","articleSection":["International","Latest News"],"inLanguage":"fr-FR","copyrightYear":"2026","copyrightHolder":{"@id":"https:\/\/bladnanews.com\/fr\/#organization"}},{"@type":"WebPage","@id":"https:\/\/bladnanews.com\/eden-hazard-recalls-really-bad-clashes-with-jose-mourinho\/","url":"https:\/\/bladnanews.com\/eden-hazard-recalls-really-bad-clashes-with-jose-mourinho\/","name":"Eden Hazard se souvient de conflits vraiment mauvais avec Jose Mourinho - Bladna News","isPartOf":{"@id":"https:\/\/mediumseagreen-eel-531711.hostingersite.com\/#website"},"primaryImageOfPage":{"@id":"https:\/\/bladnanews.com\/eden-hazard-recalls-really-bad-clashes-with-jose-mourinho\/#primaryimage"},"image":{"@id":"https:\/\/bladnanews.com\/eden-hazard-recalls-really-bad-clashes-with-jose-mourinho\/#primaryimage"},"thumbnailUrl":"https:\/\/bladnanews.com\/wp-content\/uploads\/2026\/02\/BladnaNews-Eden-Hazard-recalls-really-bad-clashes-with-Jose-Mourinho-2026-02-16T051811.161Z.jpg","datePublished":"2026-02-15T14:41:23+00:00","breadcrumb":{"@id":"https:\/\/bladnanews.com\/eden-hazard-recalls-really-bad-clashes-with-jose-mourinho\/#breadcrumb"},"inLanguage":"fr-FR","potentialAction":[{"@type":"ReadAction","target":["https:\/\/bladnanews.com\/eden-hazard-recalls-really-bad-clashes-with-jose-mourinho\/"]}]},{"@type":"ImageObject","inLanguage":"fr-FR","@id":"https:\/\/bladnanews.com\/eden-hazard-recalls-really-bad-clashes-with-jose-mourinho\/#primaryimage","url":"https:\/\/bladnanews.com\/wp-content\/uploads\/2026\/02\/BladnaNews-Eden-Hazard-recalls-really-bad-clashes-with-Jose-Mourinho-2026-02-16T051811.161Z.jpg","contentUrl":"https:\/\/bladnanews.com\/wp-content\/uploads\/2026\/02\/BladnaNews-Eden-Hazard-recalls-really-bad-clashes-with-Jose-Mourinho-2026-02-16T051811.161Z.jpg","width":2080,"height":1170,"caption":"Eden Hazard in a blue Chelsea kit receives guidance from manager Jos\u00e9 Mourinho, both engaged in a critical moment on the pitch."},{"@type":"BreadcrumbList","@id":"https:\/\/bladnanews.com\/eden-hazard-recalls-really-bad-clashes-with-jose-mourinho\/#breadcrumb","itemListElement":[{"@type":"ListItem","position":1,"name":"Home","item":"https:\/\/bladnanews.com\/"},{"@type":"ListItem","position":2,"name":"Eden Hazard recalls really bad clashes with Jose Mourinho"}]},{"@type":"WebSite","@id":"https:\/\/mediumseagreen-eel-531711.hostingersite.com\/#website","url":"https:\/\/mediumseagreen-eel-531711.hostingersite.com\/","name":"Bladna News - Maroc","description":"Quand le football marocain rencontre le monde","publisher":{"@id":"https:\/\/mediumseagreen-eel-531711.hostingersite.com\/#organization"},"potentialAction":[{"@type":"SearchAction","target":{"@type":"EntryPoint","urlTemplate":"https:\/\/mediumseagreen-eel-531711.hostingersite.com\/?s={search_term_string}"},"query-input":{"@type":"PropertyValueSpecification","valueRequired":true,"valueName":"search_term_string"}}],"inLanguage":"fr-FR"},{"@type":"Organization","@id":"https:\/\/mediumseagreen-eel-531711.hostingersite.com\/#organization","name":"Bladna News.com","url":"https:\/\/mediumseagreen-eel-531711.hostingersite.com\/","logo":{"@type":"ImageObject","inLanguage":"fr-FR","@id":"https:\/\/mediumseagreen-eel-531711.hostingersite.com\/#\/schema\/logo\/image\/","url":"https:\/\/bladnanews.com\/wp-content\/uploads\/2025\/12\/logo-bladnanews-V2-web-black-red.png","contentUrl":"https:\/\/bladnanews.com\/wp-content\/uploads\/2025\/12\/logo-bladnanews-V2-web-black-red.png","width":703,"height":287,"caption":"Bladna News.com"},"image":{"@id":"https:\/\/mediumseagreen-eel-531711.hostingersite.com\/#\/schema\/logo\/image\/"},"email":"info@bladnanews.com","legalName":"Bladna News"},{"@type":"Person","@id":"https:\/\/mediumseagreen-eel-531711.hostingersite.com\/#\/schema\/person\/268e18a453ab080ebf76df6ef7845083","name":"\u00c9quipe r\u00e9dactionnelle de Bladna News","url":"https:\/\/bladnanews.com\/fr\/author\/bladna-news-staff\/"}]}},"_links":{"self":[{"href":"https:\/\/bladnanews.com\/fr\/wp-json\/wp\/v2\/posts\/9653","targetHints":{"allow":["GET"]}}],"collection":[{"href":"https:\/\/bladnanews.com\/fr\/wp-json\/wp\/v2\/posts"}],"about":[{"href":"https:\/\/bladnanews.com\/fr\/wp-json\/wp\/v2\/types\/post"}],"author":[{"embeddable":true,"href":"https:\/\/bladnanews.com\/fr\/wp-json\/wp\/v2\/users\/3"}],"replies":[{"embeddable":true,"href":"https:\/\/bladnanews.com\/fr\/wp-json\/wp\/v2\/comments?post=9653"}],"version-history":[{"count":0,"href":"https:\/\/bladnanews.com\/fr\/wp-json\/wp\/v2\/posts\/9653\/revisions"}],"wp:featuredmedia":[{"embeddable":true,"href":"https:\/\/bladnanews.com\/fr\/wp-json\/wp\/v2\/media\/9652"}],"wp:attachment":[{"href":"https:\/\/bladnanews.com\/fr\/wp-json\/wp\/v2\/media?parent=9653"}],"wp:term":[{"taxonomy":"category","embeddable":true,"href":"https:\/\/bladnanews.com\/fr\/wp-json\/wp\/v2\/categories?post=9653"},{"taxonomy":"post_tag","embeddable":true,"href":"https:\/\/bladnanews.com\/fr\/wp-json\/wp\/v2\/tags?post=9653"}],"curies":[{"name":"wp","href":"https:\/\/api.w.org\/{rel}","templated":true}]}}