{"id":9731,"date":"2026-02-16T14:46:12","date_gmt":"2026-02-16T14:46:12","guid":{"rendered":"https:\/\/bladnanews.com\/benfica-keeper-trubin-on-scoring-vs-real-madrid-and-courtois-praise\/"},"modified":"2026-02-16T14:46:12","modified_gmt":"2026-02-16T14:46:12","slug":"le-gardien-de-benfica-trubin-sur-son-but-contre-le-real-madrid-et-les-eloges-de-courtois","status":"publish","type":"post","link":"https:\/\/bladnanews.com\/fr\/le-gardien-de-benfica-trubin-sur-son-but-contre-le-real-madrid-et-les-eloges-de-courtois\/","title":{"rendered":"Le gardien de Benfica Trubin \u00e9voque son but contre le Real Madrid et les \u00e9loges de Courtois"},"content":{"rendered":"<p>Le gardien de but du Benfica, Anatoliy Trubin, a d\u00e9crit la sensation \u201c folle \u201d d\u2019avoir marqu\u00e9 contre le Real Madrid, admettant que c\u2019\u00e9tait un moment qui l\u2019a fait se sentir \u201c comme un attaquant \u201d, alors que le club portugais a remport\u00e9 une victoire surprise.<\/p>\n<p>Trubin, qui a \u00e9t\u00e9 l\u2019un des joueurs cl\u00e9s du Benfica cette saison, s\u2019est retrouv\u00e9 au tableau des scores de mani\u00e8re extraordinaire face aux g\u00e9ants espagnols, un fait rare pour un gardien de haut niveau. \u00c9voquant ce moment par la suite, l\u2019international ukrainien a d\u00e9clar\u00e9 que l\u2019\u00e9motion \u00e9tait \u201c folle \u201d et a compar\u00e9 cet instinct \u00e0 ce que ressent un attaquant face au but.<\/p>\n<p>Il a \u00e9galement r\u00e9v\u00e9l\u00e9 ce qui l\u2019a marqu\u00e9 apr\u00e8s le coup de sifflet final : un geste de classe du gardien du Real Madrid, Thibaut Courtois. Trubin a salu\u00e9 la r\u00e9action de Courtois, soulignant le respect manifest\u00e9 entre les deux gardiens, m\u00eame apr\u00e8s un r\u00e9sultat inattendu.<\/p>\n<p>La victoire du Benfica contre le Real Madrid a \u00e9t\u00e9 l\u2019un des r\u00e9sultats marquants, et le but de Trubin a ajout\u00e9 un rebondissement inoubliable \u00e0 l\u2019histoire. Alors que les projecteurs sont souvent braqu\u00e9s sur les attaquants dans des matchs de cette envergure, le num\u00e9ro 1 du Benfica a finalement offert un moment dont il se souviendra longtemps.<\/p>\n<p>Trubin a clairement indiqu\u00e9 que le but \u00e9tait sp\u00e9cial, mais il a tout aussi vite soulign\u00e9 que la r\u00e9action de Courtois \u00e9tait quelque chose qu\u2019il appr\u00e9ciait, mettant en avant l\u2019esprit sportif manifest\u00e9 malgr\u00e9 la d\u00e9ception pour le Madrid.<\/p>","protected":false},"excerpt":{"rendered":"<p>Benfica goalkeeper Anatoliy Trubin has described the \u201ccrazy\u201d feeling of scoring against Real Madrid, admitting it was a moment that [&hellip;]<\/p>\n","protected":false},"author":3,"featured_media":9730,"comment_status":"","ping_status":"open","sticky":false,"template":"","format":"standard","meta":{"googlesitekit_rrm_CAow_uzEDA:productID":"","site-sidebar-layout":"default","site-content-layout":"","ast-site-content-layout":"default","site-content-style":"default","site-sidebar-style":"default","ast-global-header-display":"","ast-banner-title-visibility":"","ast-main-header-display":"","ast-hfb-above-header-display":"","ast-hfb-below-header-display":"","ast-hfb-mobile-header-display":"","site-post-title":"","ast-breadcrumbs-content":"","ast-featured-img":"","footer-sml-layout":"","ast-disable-related-posts":"","theme-transparent-header-meta":"","adv-header-id-meta":"","stick-header-meta":"","header-above-stick-meta":"","header-main-stick-meta":"","header-below-stick-meta":"","astra-migrate-meta-layouts":"default","ast-page-background-enabled":"default","ast-page-background-meta":{"desktop":{"background-color":"var(--ast-global-color-5)","background-image":"","background-repeat":"repeat","background-position":"center center","background-size":"auto","background-attachment":"scroll","background-type":"","background-media":"","overlay-type":"","overlay-color":"","overlay-opacity":"","overlay-gradient":""},"tablet":{"background-color":"","background-image":"","background-repeat":"repeat","background-position":"center center","background-size":"auto","background-attachment":"scroll","background-type":"","background-media":"","overlay-type":"","overlay-color":"","overlay-opacity":"","overlay-gradient":""},"mobile":{"background-color":"","background-image":"","background-repeat":"repeat","background-position":"center center","background-size":"auto","background-attachment":"scroll","background-type":"","background-media":"","overlay-type":"","overlay-color":"","overlay-opacity":"","overlay-gradient":""}},"ast-content-background-meta":{"desktop":{"background-color":"var(--ast-global-color-4)","background-image":"","background-repeat":"repeat","background-position":"center center","background-size":"auto","background-attachment":"scroll","background-type":"","background-media":"","overlay-type":"","overlay-color":"","overlay-opacity":"","overlay-gradient":""},"tablet":{"background-color":"var(--ast-global-color-4)","background-image":"","background-repeat":"repeat","background-position":"center center","background-size":"auto","background-attachment":"scroll","background-type":"","background-media":"","overlay-type":"","overlay-color":"","overlay-opacity":"","overlay-gradient":""},"mobile":{"background-color":"var(--ast-global-color-4)","background-image":"","background-repeat":"repeat","background-position":"center center","background-size":"auto","background-attachment":"scroll","background-type":"","background-media":"","overlay-type":"","overlay-color":"","overlay-opacity":"","overlay-gradient":""}},"footnotes":""},"categories":[20,1],"tags":[],"class_list":["post-9731","post","type-post","status-publish","format-standard","has-post-thumbnail","hentry","category-international","category-football-latest-news"],"yoast_head":"<!-- This site is optimized with the Yoast SEO Premium plugin v26.6 (Yoast SEO v27.4) - https:\/\/yoast.com\/product\/yoast-seo-premium-wordpress\/ -->\n<title>Benfica keeper Trubin on scoring vs Real Madrid and Courtois praise - Bladna News<\/title>\n<meta name=\"robots\" content=\"index, follow, max-snippet:-1, max-image-preview:large, max-video-preview:-1\" \/>\n<link rel=\"canonical\" href=\"https:\/\/bladnanews.com\/fr\/le-gardien-de-benfica-trubin-sur-son-but-contre-le-real-madrid-et-les-eloges-de-courtois\/\" \/>\n<meta property=\"og:locale\" content=\"fr_FR\" \/>\n<meta property=\"og:type\" content=\"article\" \/>\n<meta property=\"og:title\" content=\"Benfica keeper Trubin on scoring vs Real Madrid and Courtois praise\" \/>\n<meta property=\"og:description\" content=\"Benfica goalkeeper Anatoliy Trubin has described the \u201ccrazy\u201d feeling of scoring against Real Madrid, admitting it was a moment that [&hellip;]\" \/>\n<meta property=\"og:url\" content=\"https:\/\/bladnanews.com\/fr\/le-gardien-de-benfica-trubin-sur-son-but-contre-le-real-madrid-et-les-eloges-de-courtois\/\" \/>\n<meta property=\"og:site_name\" content=\"Bladna News\" \/>\n<meta property=\"article:published_time\" content=\"2026-02-16T14:46:12+00:00\" \/>\n<meta property=\"og:image\" content=\"https:\/\/bladnanews.com\/wp-content\/uploads\/2025\/12\/freepik__bladna-newscom-moroccan-soccer-homepage-banner-mor__41838.png\" \/>\n\t<meta property=\"og:image:width\" content=\"1312\" \/>\n\t<meta property=\"og:image:height\" content=\"736\" \/>\n\t<meta property=\"og:image:type\" content=\"image\/png\" \/>\n<meta name=\"author\" content=\"Bladna News Staff\" \/>\n<meta name=\"twitter:card\" content=\"summary_large_image\" \/>\n<meta name=\"twitter:label1\" content=\"\u00c9crit par\" \/>\n\t<meta name=\"twitter:data1\" content=\"Bladna News Staff\" \/>\n\t<meta name=\"twitter:label2\" content=\"Dur\u00e9e de lecture estim\u00e9e\" \/>\n\t<meta name=\"twitter:data2\" content=\"1 minute\" \/>\n<script type=\"application\/ld+json\" class=\"yoast-schema-graph\">{\"@context\":\"https:\\\/\\\/schema.org\",\"@graph\":[{\"@type\":\"Article\",\"@id\":\"https:\\\/\\\/bladnanews.com\\\/benfica-keeper-trubin-on-scoring-vs-real-madrid-and-courtois-praise\\\/#article\",\"isPartOf\":{\"@id\":\"https:\\\/\\\/bladnanews.com\\\/benfica-keeper-trubin-on-scoring-vs-real-madrid-and-courtois-praise\\\/\"},\"author\":{\"name\":\"Bladna News Staff\",\"@id\":\"https:\\\/\\\/mediumseagreen-eel-531711.hostingersite.com\\\/#\\\/schema\\\/person\\\/268e18a453ab080ebf76df6ef7845083\"},\"headline\":\"Benfica keeper Trubin on scoring vs Real Madrid and Courtois praise\",\"datePublished\":\"2026-02-16T14:46:12+00:00\",\"mainEntityOfPage\":{\"@id\":\"https:\\\/\\\/bladnanews.com\\\/benfica-keeper-trubin-on-scoring-vs-real-madrid-and-courtois-praise\\\/\"},\"wordCount\":229,\"publisher\":{\"@id\":\"https:\\\/\\\/mediumseagreen-eel-531711.hostingersite.com\\\/#organization\"},\"image\":{\"@id\":\"https:\\\/\\\/bladnanews.com\\\/benfica-keeper-trubin-on-scoring-vs-real-madrid-and-courtois-praise\\\/#primaryimage\"},\"thumbnailUrl\":\"https:\\\/\\\/bladnanews.com\\\/wp-content\\\/uploads\\\/2026\\\/02\\\/BladnaNews-Benfica-keeper-Trubin-on-scoring-vs-Real-Madrid-and-Courtois-praise-2026-02-17T051829.552Z-scaled.jpg\",\"articleSection\":[\"International\",\"Latest News\"],\"inLanguage\":\"fr-FR\",\"copyrightYear\":\"2026\",\"copyrightHolder\":{\"@id\":\"https:\\\/\\\/bladnanews.com\\\/fr\\\/#organization\"}},{\"@type\":\"WebPage\",\"@id\":\"https:\\\/\\\/bladnanews.com\\\/benfica-keeper-trubin-on-scoring-vs-real-madrid-and-courtois-praise\\\/\",\"url\":\"https:\\\/\\\/bladnanews.com\\\/benfica-keeper-trubin-on-scoring-vs-real-madrid-and-courtois-praise\\\/\",\"name\":\"Benfica keeper Trubin on scoring vs Real Madrid and Courtois praise - Bladna News\",\"isPartOf\":{\"@id\":\"https:\\\/\\\/mediumseagreen-eel-531711.hostingersite.com\\\/#website\"},\"primaryImageOfPage\":{\"@id\":\"https:\\\/\\\/bladnanews.com\\\/benfica-keeper-trubin-on-scoring-vs-real-madrid-and-courtois-praise\\\/#primaryimage\"},\"image\":{\"@id\":\"https:\\\/\\\/bladnanews.com\\\/benfica-keeper-trubin-on-scoring-vs-real-madrid-and-courtois-praise\\\/#primaryimage\"},\"thumbnailUrl\":\"https:\\\/\\\/bladnanews.com\\\/wp-content\\\/uploads\\\/2026\\\/02\\\/BladnaNews-Benfica-keeper-Trubin-on-scoring-vs-Real-Madrid-and-Courtois-praise-2026-02-17T051829.552Z-scaled.jpg\",\"datePublished\":\"2026-02-16T14:46:12+00:00\",\"breadcrumb\":{\"@id\":\"https:\\\/\\\/bladnanews.com\\\/benfica-keeper-trubin-on-scoring-vs-real-madrid-and-courtois-praise\\\/#breadcrumb\"},\"inLanguage\":\"fr-FR\",\"potentialAction\":[{\"@type\":\"ReadAction\",\"target\":[\"https:\\\/\\\/bladnanews.com\\\/benfica-keeper-trubin-on-scoring-vs-real-madrid-and-courtois-praise\\\/\"]}]},{\"@type\":\"ImageObject\",\"inLanguage\":\"fr-FR\",\"@id\":\"https:\\\/\\\/bladnanews.com\\\/benfica-keeper-trubin-on-scoring-vs-real-madrid-and-courtois-praise\\\/#primaryimage\",\"url\":\"https:\\\/\\\/bladnanews.com\\\/wp-content\\\/uploads\\\/2026\\\/02\\\/BladnaNews-Benfica-keeper-Trubin-on-scoring-vs-Real-Madrid-and-Courtois-praise-2026-02-17T051829.552Z-scaled.jpg\",\"contentUrl\":\"https:\\\/\\\/bladnanews.com\\\/wp-content\\\/uploads\\\/2026\\\/02\\\/BladnaNews-Benfica-keeper-Trubin-on-scoring-vs-Real-Madrid-and-Courtois-praise-2026-02-17T051829.552Z-scaled.jpg\",\"width\":2560,\"height\":1440,\"caption\":\"Benfica players and staff celebrate wildly around goalkeeper Trubin after a crucial match victory against Real Madrid.\"},{\"@type\":\"BreadcrumbList\",\"@id\":\"https:\\\/\\\/bladnanews.com\\\/benfica-keeper-trubin-on-scoring-vs-real-madrid-and-courtois-praise\\\/#breadcrumb\",\"itemListElement\":[{\"@type\":\"ListItem\",\"position\":1,\"name\":\"Home\",\"item\":\"https:\\\/\\\/bladnanews.com\\\/\"},{\"@type\":\"ListItem\",\"position\":2,\"name\":\"Benfica keeper Trubin on scoring vs Real Madrid and Courtois praise\"}]},{\"@type\":\"WebSite\",\"@id\":\"https:\\\/\\\/mediumseagreen-eel-531711.hostingersite.com\\\/#website\",\"url\":\"https:\\\/\\\/mediumseagreen-eel-531711.hostingersite.com\\\/\",\"name\":\"Bladna News - Morocco\",\"description\":\"Where Moroccan Football Meets the World\",\"publisher\":{\"@id\":\"https:\\\/\\\/mediumseagreen-eel-531711.hostingersite.com\\\/#organization\"},\"potentialAction\":[{\"@type\":\"SearchAction\",\"target\":{\"@type\":\"EntryPoint\",\"urlTemplate\":\"https:\\\/\\\/mediumseagreen-eel-531711.hostingersite.com\\\/?s={search_term_string}\"},\"query-input\":{\"@type\":\"PropertyValueSpecification\",\"valueRequired\":true,\"valueName\":\"search_term_string\"}}],\"inLanguage\":\"fr-FR\"},{\"@type\":\"Organization\",\"@id\":\"https:\\\/\\\/mediumseagreen-eel-531711.hostingersite.com\\\/#organization\",\"name\":\"Bladna News.com\",\"url\":\"https:\\\/\\\/mediumseagreen-eel-531711.hostingersite.com\\\/\",\"logo\":{\"@type\":\"ImageObject\",\"inLanguage\":\"fr-FR\",\"@id\":\"https:\\\/\\\/mediumseagreen-eel-531711.hostingersite.com\\\/#\\\/schema\\\/logo\\\/image\\\/\",\"url\":\"https:\\\/\\\/bladnanews.com\\\/wp-content\\\/uploads\\\/2025\\\/12\\\/logo-bladnanews-V2-web-black-red.png\",\"contentUrl\":\"https:\\\/\\\/bladnanews.com\\\/wp-content\\\/uploads\\\/2025\\\/12\\\/logo-bladnanews-V2-web-black-red.png\",\"width\":703,\"height\":287,\"caption\":\"Bladna News.com\"},\"image\":{\"@id\":\"https:\\\/\\\/mediumseagreen-eel-531711.hostingersite.com\\\/#\\\/schema\\\/logo\\\/image\\\/\"},\"email\":\"info@bladnanews.com\",\"legalName\":\"Bladna News\"},{\"@type\":\"Person\",\"@id\":\"https:\\\/\\\/mediumseagreen-eel-531711.hostingersite.com\\\/#\\\/schema\\\/person\\\/268e18a453ab080ebf76df6ef7845083\",\"name\":\"Bladna News Staff\",\"url\":\"https:\\\/\\\/bladnanews.com\\\/fr\\\/author\\\/bladna-news-staff\\\/\"}]}<\/script>\n<!-- \/ Yoast SEO Premium plugin. -->","yoast_head_json":{"title":"Le gardien de Benfica, Trubin, sur son but contre le Real Madrid et les \u00e9loges de Courtois - Bladna News","robots":{"index":"index","follow":"follow","max-snippet":"max-snippet:-1","max-image-preview":"max-image-preview:large","max-video-preview":"max-video-preview:-1"},"canonical":"https:\/\/bladnanews.com\/fr\/le-gardien-de-benfica-trubin-sur-son-but-contre-le-real-madrid-et-les-eloges-de-courtois\/","og_locale":"fr_FR","og_type":"article","og_title":"Benfica keeper Trubin on scoring vs Real Madrid and Courtois praise","og_description":"Benfica goalkeeper Anatoliy Trubin has described the \u201ccrazy\u201d feeling of scoring against Real Madrid, admitting it was a moment that [&hellip;]","og_url":"https:\/\/bladnanews.com\/fr\/le-gardien-de-benfica-trubin-sur-son-but-contre-le-real-madrid-et-les-eloges-de-courtois\/","og_site_name":"Bladna News","article_published_time":"2026-02-16T14:46:12+00:00","og_image":[{"width":1312,"height":736,"url":"https:\/\/bladnanews.com\/wp-content\/uploads\/2025\/12\/freepik__bladna-newscom-moroccan-soccer-homepage-banner-mor__41838.png","type":"image\/png"}],"author":"Bladna News Staff","twitter_card":"summary_large_image","twitter_misc":{"\u00c9crit par":"Bladna News Staff","Dur\u00e9e de lecture estim\u00e9e":"1 minute"},"schema":{"@context":"https:\/\/schema.org","@graph":[{"@type":"Article","@id":"https:\/\/bladnanews.com\/benfica-keeper-trubin-on-scoring-vs-real-madrid-and-courtois-praise\/#article","isPartOf":{"@id":"https:\/\/bladnanews.com\/benfica-keeper-trubin-on-scoring-vs-real-madrid-and-courtois-praise\/"},"author":{"name":"Bladna News Staff","@id":"https:\/\/mediumseagreen-eel-531711.hostingersite.com\/#\/schema\/person\/268e18a453ab080ebf76df6ef7845083"},"headline":"Benfica keeper Trubin on scoring vs Real Madrid and Courtois praise","datePublished":"2026-02-16T14:46:12+00:00","mainEntityOfPage":{"@id":"https:\/\/bladnanews.com\/benfica-keeper-trubin-on-scoring-vs-real-madrid-and-courtois-praise\/"},"wordCount":229,"publisher":{"@id":"https:\/\/mediumseagreen-eel-531711.hostingersite.com\/#organization"},"image":{"@id":"https:\/\/bladnanews.com\/benfica-keeper-trubin-on-scoring-vs-real-madrid-and-courtois-praise\/#primaryimage"},"thumbnailUrl":"https:\/\/bladnanews.com\/wp-content\/uploads\/2026\/02\/BladnaNews-Benfica-keeper-Trubin-on-scoring-vs-Real-Madrid-and-Courtois-praise-2026-02-17T051829.552Z-scaled.jpg","articleSection":["International","Latest News"],"inLanguage":"fr-FR","copyrightYear":"2026","copyrightHolder":{"@id":"https:\/\/bladnanews.com\/fr\/#organization"}},{"@type":"WebPage","@id":"https:\/\/bladnanews.com\/benfica-keeper-trubin-on-scoring-vs-real-madrid-and-courtois-praise\/","url":"https:\/\/bladnanews.com\/benfica-keeper-trubin-on-scoring-vs-real-madrid-and-courtois-praise\/","name":"Le gardien de Benfica, Trubin, sur son but contre le Real Madrid et les \u00e9loges de Courtois - Bladna News","isPartOf":{"@id":"https:\/\/mediumseagreen-eel-531711.hostingersite.com\/#website"},"primaryImageOfPage":{"@id":"https:\/\/bladnanews.com\/benfica-keeper-trubin-on-scoring-vs-real-madrid-and-courtois-praise\/#primaryimage"},"image":{"@id":"https:\/\/bladnanews.com\/benfica-keeper-trubin-on-scoring-vs-real-madrid-and-courtois-praise\/#primaryimage"},"thumbnailUrl":"https:\/\/bladnanews.com\/wp-content\/uploads\/2026\/02\/BladnaNews-Benfica-keeper-Trubin-on-scoring-vs-Real-Madrid-and-Courtois-praise-2026-02-17T051829.552Z-scaled.jpg","datePublished":"2026-02-16T14:46:12+00:00","breadcrumb":{"@id":"https:\/\/bladnanews.com\/benfica-keeper-trubin-on-scoring-vs-real-madrid-and-courtois-praise\/#breadcrumb"},"inLanguage":"fr-FR","potentialAction":[{"@type":"ReadAction","target":["https:\/\/bladnanews.com\/benfica-keeper-trubin-on-scoring-vs-real-madrid-and-courtois-praise\/"]}]},{"@type":"ImageObject","inLanguage":"fr-FR","@id":"https:\/\/bladnanews.com\/benfica-keeper-trubin-on-scoring-vs-real-madrid-and-courtois-praise\/#primaryimage","url":"https:\/\/bladnanews.com\/wp-content\/uploads\/2026\/02\/BladnaNews-Benfica-keeper-Trubin-on-scoring-vs-Real-Madrid-and-Courtois-praise-2026-02-17T051829.552Z-scaled.jpg","contentUrl":"https:\/\/bladnanews.com\/wp-content\/uploads\/2026\/02\/BladnaNews-Benfica-keeper-Trubin-on-scoring-vs-Real-Madrid-and-Courtois-praise-2026-02-17T051829.552Z-scaled.jpg","width":2560,"height":1440,"caption":"Benfica players and staff celebrate wildly around goalkeeper Trubin after a crucial match victory against Real Madrid."},{"@type":"BreadcrumbList","@id":"https:\/\/bladnanews.com\/benfica-keeper-trubin-on-scoring-vs-real-madrid-and-courtois-praise\/#breadcrumb","itemListElement":[{"@type":"ListItem","position":1,"name":"Home","item":"https:\/\/bladnanews.com\/"},{"@type":"ListItem","position":2,"name":"Benfica keeper Trubin on scoring vs Real Madrid and Courtois praise"}]},{"@type":"WebSite","@id":"https:\/\/mediumseagreen-eel-531711.hostingersite.com\/#website","url":"https:\/\/mediumseagreen-eel-531711.hostingersite.com\/","name":"Bladna News - Maroc","description":"Quand le football marocain rencontre le monde","publisher":{"@id":"https:\/\/mediumseagreen-eel-531711.hostingersite.com\/#organization"},"potentialAction":[{"@type":"SearchAction","target":{"@type":"EntryPoint","urlTemplate":"https:\/\/mediumseagreen-eel-531711.hostingersite.com\/?s={search_term_string}"},"query-input":{"@type":"PropertyValueSpecification","valueRequired":true,"valueName":"search_term_string"}}],"inLanguage":"fr-FR"},{"@type":"Organization","@id":"https:\/\/mediumseagreen-eel-531711.hostingersite.com\/#organization","name":"Bladna News.com","url":"https:\/\/mediumseagreen-eel-531711.hostingersite.com\/","logo":{"@type":"ImageObject","inLanguage":"fr-FR","@id":"https:\/\/mediumseagreen-eel-531711.hostingersite.com\/#\/schema\/logo\/image\/","url":"https:\/\/bladnanews.com\/wp-content\/uploads\/2025\/12\/logo-bladnanews-V2-web-black-red.png","contentUrl":"https:\/\/bladnanews.com\/wp-content\/uploads\/2025\/12\/logo-bladnanews-V2-web-black-red.png","width":703,"height":287,"caption":"Bladna News.com"},"image":{"@id":"https:\/\/mediumseagreen-eel-531711.hostingersite.com\/#\/schema\/logo\/image\/"},"email":"info@bladnanews.com","legalName":"Bladna News"},{"@type":"Person","@id":"https:\/\/mediumseagreen-eel-531711.hostingersite.com\/#\/schema\/person\/268e18a453ab080ebf76df6ef7845083","name":"\u00c9quipe r\u00e9dactionnelle de Bladna News","url":"https:\/\/bladnanews.com\/fr\/author\/bladna-news-staff\/"}]}},"_links":{"self":[{"href":"https:\/\/bladnanews.com\/fr\/wp-json\/wp\/v2\/posts\/9731","targetHints":{"allow":["GET"]}}],"collection":[{"href":"https:\/\/bladnanews.com\/fr\/wp-json\/wp\/v2\/posts"}],"about":[{"href":"https:\/\/bladnanews.com\/fr\/wp-json\/wp\/v2\/types\/post"}],"author":[{"embeddable":true,"href":"https:\/\/bladnanews.com\/fr\/wp-json\/wp\/v2\/users\/3"}],"replies":[{"embeddable":true,"href":"https:\/\/bladnanews.com\/fr\/wp-json\/wp\/v2\/comments?post=9731"}],"version-history":[{"count":0,"href":"https:\/\/bladnanews.com\/fr\/wp-json\/wp\/v2\/posts\/9731\/revisions"}],"wp:featuredmedia":[{"embeddable":true,"href":"https:\/\/bladnanews.com\/fr\/wp-json\/wp\/v2\/media\/9730"}],"wp:attachment":[{"href":"https:\/\/bladnanews.com\/fr\/wp-json\/wp\/v2\/media?parent=9731"}],"wp:term":[{"taxonomy":"category","embeddable":true,"href":"https:\/\/bladnanews.com\/fr\/wp-json\/wp\/v2\/categories?post=9731"},{"taxonomy":"post_tag","embeddable":true,"href":"https:\/\/bladnanews.com\/fr\/wp-json\/wp\/v2\/tags?post=9731"}],"curies":[{"name":"wp","href":"https:\/\/api.w.org\/{rel}","templated":true}]}}