{"id":984,"date":"2025-12-31T14:29:39","date_gmt":"2025-12-31T14:29:39","guid":{"rendered":"https:\/\/bladnanews.com\/luis-de-la-fuente-confident-on-yamal-amid-spain-barcelona-dispute\/"},"modified":"2025-12-31T14:29:39","modified_gmt":"2025-12-31T14:29:39","slug":"luis-de-la-fuente-confiant-pour-yamal-malgre-le-differend-entre-lespagne-et-barcelone","status":"publish","type":"post","link":"https:\/\/bladnanews.com\/fr\/luis-de-la-fuente-confiant-pour-yamal-malgre-le-differend-entre-lespagne-et-barcelone\/","title":{"rendered":"Luis de la Fuente Confiant Concernant Yamal Malgr\u00e9 le Conflit Espagne-Barcelone"},"content":{"rendered":"<p><html><br \/>\n<body><\/p>\n<p>Luis de la Fuente, s\u00e9lectionneur de l'\u00e9quipe d'Espagne des moins de 17 ans, s'est exprim\u00e9 sur la r\u00e9cente controverse concernant Lamine Yamal, dans un contexte de tensions entre le FC Barcelone et la F\u00e9d\u00e9ration espagnole de football.<\/p>\n<p>Yamal, l'un des plus brillants jeunes espoirs du Bar\u00e7a, s'est retrouv\u00e9 au c\u0153ur d'un diff\u00e9rend concernant sa disponibilit\u00e9 pour la s\u00e9lection nationale. Le club barcelonais a exprim\u00e9 des inqui\u00e9tudes quant \u00e0 la condition physique du joueur, \u00e9voquant une pubalgie, tandis que le staff technique espagnol affirmait avoir confiance en son \u00e9tat.<\/p>\n<p>De la Fuente a \u00e9t\u00e9 clair sur la situation, soulignant que Yamal est pleinement apte et pr\u00eat \u00e0 contribuer \u00e0 l'\u00e9quipe nationale. \u201c Lamine s'est entra\u00een\u00e9 avec nous sans aucun probl\u00e8me \u201d, a-t-il d\u00e9clar\u00e9. \u201c Il n'y a aucun doute sur ses capacit\u00e9s ou son \u00e9tat physique. \u201d<\/p>\n<p>Le milieu de terrain de 15 ans a impressionn\u00e9 tant avec son club qu'en s\u00e9lection, attirant l'attention par sa technique et son intelligence de jeu. Malgr\u00e9 les informations contradictoires, le s\u00e9lectionneur espagnol a confirm\u00e9 que la participation de Yamal n'\u00e9tait pas compromise, visant \u00e0 se concentrer sur son d\u00e9veloppement et ses performances.<\/p>\n<p>Les inqui\u00e9tudes du Bar\u00e7a d\u00e9coulaient de pr\u00e9occupations concernant le bien-\u00eatre du joueur, souhaitant \u00e9viter d'aggraver toute blessure. Cependant, la f\u00e9d\u00e9ration et de la Fuente ont rassur\u00e9 toutes les parties en affirmant que des \u00e9valuations m\u00e9dicales appropri\u00e9es avaient d\u00e9clar\u00e9 Yamal apte \u00e0 l'effort.<\/p>\n<p>Cet \u00e9pisode met en lumi\u00e8re l'\u00e9quilibre souvent d\u00e9licat entre club et s\u00e9lection nationale dans la gestion des jeunes talents. Les deux parties sont soucieuses de prot\u00e9ger la sant\u00e9 du joueur tout en favorisant son \u00e9panouissement, mais une communication ouverte reste essentielle pour \u00e9viter les malentendus.<\/p>\n<p>Alors que l'\u00e9quipe d'Espagne U17 poursuit ses pr\u00e9paratifs pour les comp\u00e9titions \u00e0 venir, de la Fuente insiste sur le fait que le cas de Yamal sera trait\u00e9 avec prudence. \u201c Notre priorit\u00e9 est son progr\u00e8s et son bien-\u00eatre \u201d, a-t-il ajout\u00e9.<\/p>\n<p>Pour l'instant, le milieu de terrain a repris l'entra\u00eenement avec l'Espagne, avec l'objectif de capitaliser sur son d\u00e9but de carri\u00e8re prometteur et de contribuer au succ\u00e8s de l'\u00e9quipe sur la sc\u00e8ne internationale.<\/p>\n<p><\/body><br \/>\n<\/html><\/p>","protected":false},"excerpt":{"rendered":"<p>Spain Under-17 coach Luis de la Fuente has addressed the recent controversy surrounding Lamine Yamal, amid tensions between Barcelona and [&hellip;]<\/p>\n","protected":false},"author":3,"featured_media":983,"comment_status":"","ping_status":"open","sticky":false,"template":"","format":"standard","meta":{"googlesitekit_rrm_CAow_uzEDA:productID":"","site-sidebar-layout":"default","site-content-layout":"","ast-site-content-layout":"default","site-content-style":"default","site-sidebar-style":"default","ast-global-header-display":"","ast-banner-title-visibility":"","ast-main-header-display":"","ast-hfb-above-header-display":"","ast-hfb-below-header-display":"","ast-hfb-mobile-header-display":"","site-post-title":"","ast-breadcrumbs-content":"","ast-featured-img":"","footer-sml-layout":"","ast-disable-related-posts":"","theme-transparent-header-meta":"","adv-header-id-meta":"","stick-header-meta":"","header-above-stick-meta":"","header-main-stick-meta":"","header-below-stick-meta":"","astra-migrate-meta-layouts":"default","ast-page-background-enabled":"default","ast-page-background-meta":{"desktop":{"background-color":"var(--ast-global-color-5)","background-image":"","background-repeat":"repeat","background-position":"center center","background-size":"auto","background-attachment":"scroll","background-type":"","background-media":"","overlay-type":"","overlay-color":"","overlay-opacity":"","overlay-gradient":""},"tablet":{"background-color":"","background-image":"","background-repeat":"repeat","background-position":"center center","background-size":"auto","background-attachment":"scroll","background-type":"","background-media":"","overlay-type":"","overlay-color":"","overlay-opacity":"","overlay-gradient":""},"mobile":{"background-color":"","background-image":"","background-repeat":"repeat","background-position":"center center","background-size":"auto","background-attachment":"scroll","background-type":"","background-media":"","overlay-type":"","overlay-color":"","overlay-opacity":"","overlay-gradient":""}},"ast-content-background-meta":{"desktop":{"background-color":"var(--ast-global-color-4)","background-image":"","background-repeat":"repeat","background-position":"center center","background-size":"auto","background-attachment":"scroll","background-type":"","background-media":"","overlay-type":"","overlay-color":"","overlay-opacity":"","overlay-gradient":""},"tablet":{"background-color":"var(--ast-global-color-4)","background-image":"","background-repeat":"repeat","background-position":"center center","background-size":"auto","background-attachment":"scroll","background-type":"","background-media":"","overlay-type":"","overlay-color":"","overlay-opacity":"","overlay-gradient":""},"mobile":{"background-color":"var(--ast-global-color-4)","background-image":"","background-repeat":"repeat","background-position":"center center","background-size":"auto","background-attachment":"scroll","background-type":"","background-media":"","overlay-type":"","overlay-color":"","overlay-opacity":"","overlay-gradient":""}},"footnotes":""},"categories":[20,1],"tags":[],"class_list":["post-984","post","type-post","status-publish","format-standard","has-post-thumbnail","hentry","category-international","category-football-latest-news"],"yoast_head":"<!-- This site is optimized with the Yoast SEO Premium plugin v26.6 (Yoast SEO v27.5) - https:\/\/yoast.com\/product\/yoast-seo-premium-wordpress\/ -->\n<title>Luis de la Fuente Confident on Yamal Amid Spain-Barcelona Dispute - Bladna News<\/title>\n<meta name=\"robots\" content=\"index, follow, max-snippet:-1, max-image-preview:large, max-video-preview:-1\" \/>\n<link rel=\"canonical\" href=\"https:\/\/bladnanews.com\/fr\/luis-de-la-fuente-confiant-pour-yamal-malgre-le-differend-entre-lespagne-et-barcelone\/\" \/>\n<meta property=\"og:locale\" content=\"fr_FR\" \/>\n<meta property=\"og:type\" content=\"article\" \/>\n<meta property=\"og:title\" content=\"Luis de la Fuente Confident on Yamal Amid Spain-Barcelona Dispute\" \/>\n<meta property=\"og:description\" content=\"Spain Under-17 coach Luis de la Fuente has addressed the recent controversy surrounding Lamine Yamal, amid tensions between Barcelona and [&hellip;]\" \/>\n<meta property=\"og:url\" content=\"https:\/\/bladnanews.com\/fr\/luis-de-la-fuente-confiant-pour-yamal-malgre-le-differend-entre-lespagne-et-barcelone\/\" \/>\n<meta property=\"og:site_name\" content=\"Bladna News\" \/>\n<meta property=\"article:published_time\" content=\"2025-12-31T14:29:39+00:00\" \/>\n<meta property=\"og:image\" content=\"https:\/\/bladnanews.com\/wp-content\/uploads\/2025\/12\/BladnaNews-Luis-de-la-Fuente-Confident-on-Yamal-Amid-Spain-Barcelona-Dispute-2025-12-31T222415.475Z.jpg\" \/>\n\t<meta property=\"og:image:width\" content=\"1920\" \/>\n\t<meta property=\"og:image:height\" content=\"1080\" \/>\n\t<meta property=\"og:image:type\" content=\"image\/jpeg\" \/>\n<meta name=\"author\" content=\"Bladna News Staff\" \/>\n<meta name=\"twitter:card\" content=\"summary_large_image\" \/>\n<meta name=\"twitter:label1\" content=\"\u00c9crit par\" \/>\n\t<meta name=\"twitter:data1\" content=\"Bladna News Staff\" \/>\n\t<meta name=\"twitter:label2\" content=\"Dur\u00e9e de lecture estim\u00e9e\" \/>\n\t<meta name=\"twitter:data2\" content=\"1 minute\" \/>\n<script type=\"application\/ld+json\" class=\"yoast-schema-graph\">{\"@context\":\"https:\\\/\\\/schema.org\",\"@graph\":[{\"@type\":\"Article\",\"@id\":\"https:\\\/\\\/bladnanews.com\\\/luis-de-la-fuente-confident-on-yamal-amid-spain-barcelona-dispute\\\/#article\",\"isPartOf\":{\"@id\":\"https:\\\/\\\/bladnanews.com\\\/luis-de-la-fuente-confident-on-yamal-amid-spain-barcelona-dispute\\\/\"},\"author\":{\"name\":\"Bladna News Staff\",\"@id\":\"https:\\\/\\\/mediumseagreen-eel-531711.hostingersite.com\\\/#\\\/schema\\\/person\\\/268e18a453ab080ebf76df6ef7845083\"},\"headline\":\"Luis de la Fuente Confident on Yamal Amid Spain-Barcelona Dispute\",\"datePublished\":\"2025-12-31T14:29:39+00:00\",\"mainEntityOfPage\":{\"@id\":\"https:\\\/\\\/bladnanews.com\\\/luis-de-la-fuente-confident-on-yamal-amid-spain-barcelona-dispute\\\/\"},\"wordCount\":296,\"publisher\":{\"@id\":\"https:\\\/\\\/mediumseagreen-eel-531711.hostingersite.com\\\/#organization\"},\"image\":{\"@id\":\"https:\\\/\\\/bladnanews.com\\\/luis-de-la-fuente-confident-on-yamal-amid-spain-barcelona-dispute\\\/#primaryimage\"},\"thumbnailUrl\":\"https:\\\/\\\/bladnanews.com\\\/wp-content\\\/uploads\\\/2025\\\/12\\\/BladnaNews-Luis-de-la-Fuente-Confident-on-Yamal-Amid-Spain-Barcelona-Dispute-2025-12-31T222415.475Z.jpg\",\"articleSection\":[\"International\",\"Latest News\"],\"inLanguage\":\"fr-FR\",\"copyrightYear\":\"2025\",\"copyrightHolder\":{\"@id\":\"https:\\\/\\\/bladnanews.com\\\/fr\\\/#organization\"}},{\"@type\":\"WebPage\",\"@id\":\"https:\\\/\\\/bladnanews.com\\\/luis-de-la-fuente-confident-on-yamal-amid-spain-barcelona-dispute\\\/\",\"url\":\"https:\\\/\\\/bladnanews.com\\\/luis-de-la-fuente-confident-on-yamal-amid-spain-barcelona-dispute\\\/\",\"name\":\"Luis de la Fuente Confident on Yamal Amid Spain-Barcelona Dispute - Bladna News\",\"isPartOf\":{\"@id\":\"https:\\\/\\\/mediumseagreen-eel-531711.hostingersite.com\\\/#website\"},\"primaryImageOfPage\":{\"@id\":\"https:\\\/\\\/bladnanews.com\\\/luis-de-la-fuente-confident-on-yamal-amid-spain-barcelona-dispute\\\/#primaryimage\"},\"image\":{\"@id\":\"https:\\\/\\\/bladnanews.com\\\/luis-de-la-fuente-confident-on-yamal-amid-spain-barcelona-dispute\\\/#primaryimage\"},\"thumbnailUrl\":\"https:\\\/\\\/bladnanews.com\\\/wp-content\\\/uploads\\\/2025\\\/12\\\/BladnaNews-Luis-de-la-Fuente-Confident-on-Yamal-Amid-Spain-Barcelona-Dispute-2025-12-31T222415.475Z.jpg\",\"datePublished\":\"2025-12-31T14:29:39+00:00\",\"breadcrumb\":{\"@id\":\"https:\\\/\\\/bladnanews.com\\\/luis-de-la-fuente-confident-on-yamal-amid-spain-barcelona-dispute\\\/#breadcrumb\"},\"inLanguage\":\"fr-FR\",\"potentialAction\":[{\"@type\":\"ReadAction\",\"target\":[\"https:\\\/\\\/bladnanews.com\\\/luis-de-la-fuente-confident-on-yamal-amid-spain-barcelona-dispute\\\/\"]}]},{\"@type\":\"ImageObject\",\"inLanguage\":\"fr-FR\",\"@id\":\"https:\\\/\\\/bladnanews.com\\\/luis-de-la-fuente-confident-on-yamal-amid-spain-barcelona-dispute\\\/#primaryimage\",\"url\":\"https:\\\/\\\/bladnanews.com\\\/wp-content\\\/uploads\\\/2025\\\/12\\\/BladnaNews-Luis-de-la-Fuente-Confident-on-Yamal-Amid-Spain-Barcelona-Dispute-2025-12-31T222415.475Z.jpg\",\"contentUrl\":\"https:\\\/\\\/bladnanews.com\\\/wp-content\\\/uploads\\\/2025\\\/12\\\/BladnaNews-Luis-de-la-Fuente-Confident-on-Yamal-Amid-Spain-Barcelona-Dispute-2025-12-31T222415.475Z.jpg\",\"width\":1600,\"height\":900},{\"@type\":\"BreadcrumbList\",\"@id\":\"https:\\\/\\\/bladnanews.com\\\/luis-de-la-fuente-confident-on-yamal-amid-spain-barcelona-dispute\\\/#breadcrumb\",\"itemListElement\":[{\"@type\":\"ListItem\",\"position\":1,\"name\":\"Home\",\"item\":\"https:\\\/\\\/bladnanews.com\\\/\"},{\"@type\":\"ListItem\",\"position\":2,\"name\":\"Luis de la Fuente Confident on Yamal Amid Spain-Barcelona Dispute\"}]},{\"@type\":\"WebSite\",\"@id\":\"https:\\\/\\\/mediumseagreen-eel-531711.hostingersite.com\\\/#website\",\"url\":\"https:\\\/\\\/mediumseagreen-eel-531711.hostingersite.com\\\/\",\"name\":\"Bladna News - Morocco\",\"description\":\"Where Moroccan Football Meets the World\",\"publisher\":{\"@id\":\"https:\\\/\\\/mediumseagreen-eel-531711.hostingersite.com\\\/#organization\"},\"potentialAction\":[{\"@type\":\"SearchAction\",\"target\":{\"@type\":\"EntryPoint\",\"urlTemplate\":\"https:\\\/\\\/mediumseagreen-eel-531711.hostingersite.com\\\/?s={search_term_string}\"},\"query-input\":{\"@type\":\"PropertyValueSpecification\",\"valueRequired\":true,\"valueName\":\"search_term_string\"}}],\"inLanguage\":\"fr-FR\"},{\"@type\":\"Organization\",\"@id\":\"https:\\\/\\\/mediumseagreen-eel-531711.hostingersite.com\\\/#organization\",\"name\":\"Bladna News.com\",\"url\":\"https:\\\/\\\/mediumseagreen-eel-531711.hostingersite.com\\\/\",\"logo\":{\"@type\":\"ImageObject\",\"inLanguage\":\"fr-FR\",\"@id\":\"https:\\\/\\\/mediumseagreen-eel-531711.hostingersite.com\\\/#\\\/schema\\\/logo\\\/image\\\/\",\"url\":\"https:\\\/\\\/bladnanews.com\\\/wp-content\\\/uploads\\\/2025\\\/12\\\/logo-bladnanews-V2-web-black-red.png\",\"contentUrl\":\"https:\\\/\\\/bladnanews.com\\\/wp-content\\\/uploads\\\/2025\\\/12\\\/logo-bladnanews-V2-web-black-red.png\",\"width\":703,\"height\":287,\"caption\":\"Bladna News.com\"},\"image\":{\"@id\":\"https:\\\/\\\/mediumseagreen-eel-531711.hostingersite.com\\\/#\\\/schema\\\/logo\\\/image\\\/\"},\"email\":\"info@bladnanews.com\",\"legalName\":\"Bladna News\"},{\"@type\":\"Person\",\"@id\":\"https:\\\/\\\/mediumseagreen-eel-531711.hostingersite.com\\\/#\\\/schema\\\/person\\\/268e18a453ab080ebf76df6ef7845083\",\"name\":\"Bladna News Staff\",\"url\":\"https:\\\/\\\/bladnanews.com\\\/fr\\\/author\\\/bladna-news-staff\\\/\"}]}<\/script>\n<!-- \/ Yoast SEO Premium plugin. -->","yoast_head_json":{"title":"Luis de la Fuente Confiant Concernant Yamal Malgr\u00e9 le Conflit Espagne-Barcelone - Bladna News","robots":{"index":"index","follow":"follow","max-snippet":"max-snippet:-1","max-image-preview":"max-image-preview:large","max-video-preview":"max-video-preview:-1"},"canonical":"https:\/\/bladnanews.com\/fr\/luis-de-la-fuente-confiant-pour-yamal-malgre-le-differend-entre-lespagne-et-barcelone\/","og_locale":"fr_FR","og_type":"article","og_title":"Luis de la Fuente Confident on Yamal Amid Spain-Barcelona Dispute","og_description":"Spain Under-17 coach Luis de la Fuente has addressed the recent controversy surrounding Lamine Yamal, amid tensions between Barcelona and [&hellip;]","og_url":"https:\/\/bladnanews.com\/fr\/luis-de-la-fuente-confiant-pour-yamal-malgre-le-differend-entre-lespagne-et-barcelone\/","og_site_name":"Bladna News","article_published_time":"2025-12-31T14:29:39+00:00","og_image":[{"width":1920,"height":1080,"url":"https:\/\/bladnanews.com\/wp-content\/uploads\/2025\/12\/BladnaNews-Luis-de-la-Fuente-Confident-on-Yamal-Amid-Spain-Barcelona-Dispute-2025-12-31T222415.475Z.jpg","type":"image\/jpeg"}],"author":"Bladna News Staff","twitter_card":"summary_large_image","twitter_misc":{"\u00c9crit par":"Bladna News Staff","Dur\u00e9e de lecture estim\u00e9e":"1 minute"},"schema":{"@context":"https:\/\/schema.org","@graph":[{"@type":"Article","@id":"https:\/\/bladnanews.com\/luis-de-la-fuente-confident-on-yamal-amid-spain-barcelona-dispute\/#article","isPartOf":{"@id":"https:\/\/bladnanews.com\/luis-de-la-fuente-confident-on-yamal-amid-spain-barcelona-dispute\/"},"author":{"name":"Bladna News Staff","@id":"https:\/\/mediumseagreen-eel-531711.hostingersite.com\/#\/schema\/person\/268e18a453ab080ebf76df6ef7845083"},"headline":"Luis de la Fuente Confident on Yamal Amid Spain-Barcelona Dispute","datePublished":"2025-12-31T14:29:39+00:00","mainEntityOfPage":{"@id":"https:\/\/bladnanews.com\/luis-de-la-fuente-confident-on-yamal-amid-spain-barcelona-dispute\/"},"wordCount":296,"publisher":{"@id":"https:\/\/mediumseagreen-eel-531711.hostingersite.com\/#organization"},"image":{"@id":"https:\/\/bladnanews.com\/luis-de-la-fuente-confident-on-yamal-amid-spain-barcelona-dispute\/#primaryimage"},"thumbnailUrl":"https:\/\/bladnanews.com\/wp-content\/uploads\/2025\/12\/BladnaNews-Luis-de-la-Fuente-Confident-on-Yamal-Amid-Spain-Barcelona-Dispute-2025-12-31T222415.475Z.jpg","articleSection":["International","Latest News"],"inLanguage":"fr-FR","copyrightYear":"2025","copyrightHolder":{"@id":"https:\/\/bladnanews.com\/fr\/#organization"}},{"@type":"WebPage","@id":"https:\/\/bladnanews.com\/luis-de-la-fuente-confident-on-yamal-amid-spain-barcelona-dispute\/","url":"https:\/\/bladnanews.com\/luis-de-la-fuente-confident-on-yamal-amid-spain-barcelona-dispute\/","name":"Luis de la Fuente Confiant Concernant Yamal Malgr\u00e9 le Conflit Espagne-Barcelone - Bladna News","isPartOf":{"@id":"https:\/\/mediumseagreen-eel-531711.hostingersite.com\/#website"},"primaryImageOfPage":{"@id":"https:\/\/bladnanews.com\/luis-de-la-fuente-confident-on-yamal-amid-spain-barcelona-dispute\/#primaryimage"},"image":{"@id":"https:\/\/bladnanews.com\/luis-de-la-fuente-confident-on-yamal-amid-spain-barcelona-dispute\/#primaryimage"},"thumbnailUrl":"https:\/\/bladnanews.com\/wp-content\/uploads\/2025\/12\/BladnaNews-Luis-de-la-Fuente-Confident-on-Yamal-Amid-Spain-Barcelona-Dispute-2025-12-31T222415.475Z.jpg","datePublished":"2025-12-31T14:29:39+00:00","breadcrumb":{"@id":"https:\/\/bladnanews.com\/luis-de-la-fuente-confident-on-yamal-amid-spain-barcelona-dispute\/#breadcrumb"},"inLanguage":"fr-FR","potentialAction":[{"@type":"ReadAction","target":["https:\/\/bladnanews.com\/luis-de-la-fuente-confident-on-yamal-amid-spain-barcelona-dispute\/"]}]},{"@type":"ImageObject","inLanguage":"fr-FR","@id":"https:\/\/bladnanews.com\/luis-de-la-fuente-confident-on-yamal-amid-spain-barcelona-dispute\/#primaryimage","url":"https:\/\/bladnanews.com\/wp-content\/uploads\/2025\/12\/BladnaNews-Luis-de-la-Fuente-Confident-on-Yamal-Amid-Spain-Barcelona-Dispute-2025-12-31T222415.475Z.jpg","contentUrl":"https:\/\/bladnanews.com\/wp-content\/uploads\/2025\/12\/BladnaNews-Luis-de-la-Fuente-Confident-on-Yamal-Amid-Spain-Barcelona-Dispute-2025-12-31T222415.475Z.jpg","width":1600,"height":900},{"@type":"BreadcrumbList","@id":"https:\/\/bladnanews.com\/luis-de-la-fuente-confident-on-yamal-amid-spain-barcelona-dispute\/#breadcrumb","itemListElement":[{"@type":"ListItem","position":1,"name":"Home","item":"https:\/\/bladnanews.com\/"},{"@type":"ListItem","position":2,"name":"Luis de la Fuente Confident on Yamal Amid Spain-Barcelona Dispute"}]},{"@type":"WebSite","@id":"https:\/\/mediumseagreen-eel-531711.hostingersite.com\/#website","url":"https:\/\/mediumseagreen-eel-531711.hostingersite.com\/","name":"Bladna News - Maroc","description":"Quand le football marocain rencontre le monde","publisher":{"@id":"https:\/\/mediumseagreen-eel-531711.hostingersite.com\/#organization"},"potentialAction":[{"@type":"SearchAction","target":{"@type":"EntryPoint","urlTemplate":"https:\/\/mediumseagreen-eel-531711.hostingersite.com\/?s={search_term_string}"},"query-input":{"@type":"PropertyValueSpecification","valueRequired":true,"valueName":"search_term_string"}}],"inLanguage":"fr-FR"},{"@type":"Organization","@id":"https:\/\/mediumseagreen-eel-531711.hostingersite.com\/#organization","name":"Bladna News.com","url":"https:\/\/mediumseagreen-eel-531711.hostingersite.com\/","logo":{"@type":"ImageObject","inLanguage":"fr-FR","@id":"https:\/\/mediumseagreen-eel-531711.hostingersite.com\/#\/schema\/logo\/image\/","url":"https:\/\/bladnanews.com\/wp-content\/uploads\/2025\/12\/logo-bladnanews-V2-web-black-red.png","contentUrl":"https:\/\/bladnanews.com\/wp-content\/uploads\/2025\/12\/logo-bladnanews-V2-web-black-red.png","width":703,"height":287,"caption":"Bladna News.com"},"image":{"@id":"https:\/\/mediumseagreen-eel-531711.hostingersite.com\/#\/schema\/logo\/image\/"},"email":"info@bladnanews.com","legalName":"Bladna News"},{"@type":"Person","@id":"https:\/\/mediumseagreen-eel-531711.hostingersite.com\/#\/schema\/person\/268e18a453ab080ebf76df6ef7845083","name":"\u00c9quipe r\u00e9dactionnelle de Bladna News","url":"https:\/\/bladnanews.com\/fr\/author\/bladna-news-staff\/"}]}},"_links":{"self":[{"href":"https:\/\/bladnanews.com\/fr\/wp-json\/wp\/v2\/posts\/984","targetHints":{"allow":["GET"]}}],"collection":[{"href":"https:\/\/bladnanews.com\/fr\/wp-json\/wp\/v2\/posts"}],"about":[{"href":"https:\/\/bladnanews.com\/fr\/wp-json\/wp\/v2\/types\/post"}],"author":[{"embeddable":true,"href":"https:\/\/bladnanews.com\/fr\/wp-json\/wp\/v2\/users\/3"}],"replies":[{"embeddable":true,"href":"https:\/\/bladnanews.com\/fr\/wp-json\/wp\/v2\/comments?post=984"}],"version-history":[{"count":0,"href":"https:\/\/bladnanews.com\/fr\/wp-json\/wp\/v2\/posts\/984\/revisions"}],"wp:featuredmedia":[{"embeddable":true,"href":"https:\/\/bladnanews.com\/fr\/wp-json\/wp\/v2\/media\/983"}],"wp:attachment":[{"href":"https:\/\/bladnanews.com\/fr\/wp-json\/wp\/v2\/media?parent=984"}],"wp:term":[{"taxonomy":"category","embeddable":true,"href":"https:\/\/bladnanews.com\/fr\/wp-json\/wp\/v2\/categories?post=984"},{"taxonomy":"post_tag","embeddable":true,"href":"https:\/\/bladnanews.com\/fr\/wp-json\/wp\/v2\/tags?post=984"}],"curies":[{"name":"wp","href":"https:\/\/api.w.org\/{rel}","templated":true}]}}