{"id":10894,"date":"2026-04-24T19:59:15","date_gmt":"2026-04-24T19:59:15","guid":{"rendered":"https:\/\/bladnanews.com\/mbappe-joins-real-madrids-century-club\/"},"modified":"2026-04-24T19:59:15","modified_gmt":"2026-04-24T19:59:15","slug":"mbappe-sluit-zich-aan-bij-de-eeuwclub-van-real-madrid","status":"publish","type":"post","link":"https:\/\/bladnanews.com\/nl\/mbappe-sluit-zich-aan-bij-de-eeuwclub-van-real-madrid\/","title":{"rendered":"Mbappe voegt zich bij de eeuwclub van Real Madrid"},"content":{"rendered":"<p>Kylian Mbapp\u00e9 is officieel toegetreden tot de honderdclub van Real Madrid en heeft een mijlpaal in doelpunten bereikt die hem plaatst tussen de grootste spelers uit de clubgeschiedenis. De Franse superster bereikte deze mijlpaal tijdens een cruciale wedstrijd en bevestigde daarmee zijn status in het Santiago Bernab\u00e9u.<\/p>\n<p>Mbapp\u00e9's honderdste doelpunt voor Los Blancos viel in het seizoen 2026, een moment waarop sinds zijn spraakmakende komst werd gewacht. De aanvaller, die Real Madrid in een megatransfer versterkte, heeft sinds hij het beroemde witte shirt draagt consistent gepresteerd.<\/p>\n<p>Het doelpunt zelf viel op typische Mbapp\u00e9-wijze: een explosieve versnelling, een klinische afwerking. Het was een treffer die zijn impact bij de club samenvatte: direct, beslissend en verwoestend voor tegenstanders. Het Bernab\u00e9u stond op om de prestatie te erkennen, terwijl zijn naam door het stadion echode.<\/p>\n<p>Het bereiken van de honderd brengt Mbapp\u00e9 in een elitegezelschap. Hij voegt zich bij een selecte groep Real Madrid-legenden die 100 of meer doelpunten voor de club hebben gescoord. De lijst omvat namen als Cristiano Ronaldo, Ra\u00fal, Alfredo Di St\u00e9fano en Karim Benzema \u2013 spelers die tijdperken bij de club hebben gedefinieerd.<\/p>\n<p>Wat Mbapp\u00e9's prestatie bijzonder indrukwekkend maakt, is de snelheid waarmee hij deze heeft bereikt. De Fransman handhaaft sinds zijn komst een opmerkelijke doelpunten-per-wedstrijdratio en gaat zelden meer dan \u00e9\u00e9n of twee wedstrijden voorbij zonder te scoren. Zijn consistentie is een sleutelfactor geweest in de binnenlandse en Europese campagnes van Real Madrid.<\/p>\n<p>Na de wedstrijd sprak Mbapp\u00e9 over de betekenis van het moment. \u201cHet is een eer om bij deze club te horen,\u201d zei hij. \u201cReal Madrid is de grootste club ter wereld, en hier 100 doelpunten scoren betekent alles. Ik wil mijn teamgenoten, de coach en de fans bedanken voor hun steun.\u201d<\/p>\n<p>Het seizoen 2026 is een bepalend jaar voor Mbapp\u00e9. Hij heeft de aanvallende verantwoordelijkheid bij Real Madrid gedragen, heeft in grote momenten gepresteerd en het team geholpen een veeleisend wedstrijdschema te doorstaan. Zijn samenwerking met mede-aanvallers is tot bloei gekomen, maar het is zijn individuele briljantie die hem blijft onderscheiden.<\/p>\n<p>De technische staf van Real Madrid heeft Mbapp\u00e9's professionaliteit en werkethiek geprezen. Zij wijzen op zijn toewijding tijdens trainingen en zijn bereidheid zich aan te passen aan de tactische eisen van het team als redenen voor zijn succes. De aanvaller heeft ook een leiderschapsrol op zich genomen, jongere spelers begeleid en normen gesteld in de kleedkamer.<\/p>\n<p>Voor de fans is Mbapp\u00e9's honderdste doelpunt een nieuw hoofdstuk in wat een roemruchte carri\u00e8re in het Bernab\u00e9u belooft te worden. Velen geloven dat hij op koers ligt om de all-time scorerecords van de club uit te dagen, met zijn beste jaren mogelijk nog voor hem.<\/p>\n<p>De prestatie weegt ook zwaar in de bredere context van het Europese voetbal. Mbapp\u00e9 heeft zich gevestigd als een van de bepalende spelers van zijn generatie, en zijn succes bij Real Madrid versterkt die reputatie alleen maar. Zijn 100 doelpunten zijn gevallen in La Liga, de Champions League en nationale bekercompetities, wat zijn vermogen toont om op elk podium te presteren.<\/p>\n<p>Naarmate het seizoen 2026 vordert, zullen alle ogen op Mbapp\u00e9 gericht zijn om te zien hoe ver hij zijn totaal kan opvoeren. Voor nu kan hij echter van het moment genieten. Toetreden tot de honderdclub van Real Madrid is geen kleinigheid, en de Fransman heeft zijn plaats tussen de legendes verdiend.<\/p>","protected":false},"excerpt":{"rendered":"<p>Kylian Mbappe has officially entered Real Madrid&#8217;s century club, reaching a landmark goal tally that places him among the club&#8217;s [&hellip;]<\/p>\n","protected":false},"author":3,"featured_media":10893,"comment_status":"","ping_status":"open","sticky":false,"template":"","format":"standard","meta":{"googlesitekit_rrm_CAow_uzEDA:productID":"","site-sidebar-layout":"default","site-content-layout":"","ast-site-content-layout":"default","site-content-style":"default","site-sidebar-style":"default","ast-global-header-display":"","ast-banner-title-visibility":"","ast-main-header-display":"","ast-hfb-above-header-display":"","ast-hfb-below-header-display":"","ast-hfb-mobile-header-display":"","site-post-title":"","ast-breadcrumbs-content":"","ast-featured-img":"","footer-sml-layout":"","ast-disable-related-posts":"","theme-transparent-header-meta":"","adv-header-id-meta":"","stick-header-meta":"","header-above-stick-meta":"","header-main-stick-meta":"","header-below-stick-meta":"","astra-migrate-meta-layouts":"default","ast-page-background-enabled":"default","ast-page-background-meta":{"desktop":{"background-color":"var(--ast-global-color-5)","background-image":"","background-repeat":"repeat","background-position":"center center","background-size":"auto","background-attachment":"scroll","background-type":"","background-media":"","overlay-type":"","overlay-color":"","overlay-opacity":"","overlay-gradient":""},"tablet":{"background-color":"","background-image":"","background-repeat":"repeat","background-position":"center center","background-size":"auto","background-attachment":"scroll","background-type":"","background-media":"","overlay-type":"","overlay-color":"","overlay-opacity":"","overlay-gradient":""},"mobile":{"background-color":"","background-image":"","background-repeat":"repeat","background-position":"center center","background-size":"auto","background-attachment":"scroll","background-type":"","background-media":"","overlay-type":"","overlay-color":"","overlay-opacity":"","overlay-gradient":""}},"ast-content-background-meta":{"desktop":{"background-color":"var(--ast-global-color-4)","background-image":"","background-repeat":"repeat","background-position":"center center","background-size":"auto","background-attachment":"scroll","background-type":"","background-media":"","overlay-type":"","overlay-color":"","overlay-opacity":"","overlay-gradient":""},"tablet":{"background-color":"var(--ast-global-color-4)","background-image":"","background-repeat":"repeat","background-position":"center center","background-size":"auto","background-attachment":"scroll","background-type":"","background-media":"","overlay-type":"","overlay-color":"","overlay-opacity":"","overlay-gradient":""},"mobile":{"background-color":"var(--ast-global-color-4)","background-image":"","background-repeat":"repeat","background-position":"center center","background-size":"auto","background-attachment":"scroll","background-type":"","background-media":"","overlay-type":"","overlay-color":"","overlay-opacity":"","overlay-gradient":""}},"footnotes":""},"categories":[20,1],"tags":[],"class_list":["post-10894","post","type-post","status-publish","format-standard","has-post-thumbnail","hentry","category-international","category-football-latest-news"],"yoast_head":"<!-- This site is optimized with the Yoast SEO Premium plugin v26.6 (Yoast SEO v27.4) - https:\/\/yoast.com\/product\/yoast-seo-premium-wordpress\/ -->\n<title>Mbappe joins Real Madrid&#039;s century club - Bladna News<\/title>\n<meta name=\"robots\" content=\"index, follow, max-snippet:-1, max-image-preview:large, max-video-preview:-1\" \/>\n<link rel=\"canonical\" href=\"https:\/\/bladnanews.com\/nl\/mbappe-sluit-zich-aan-bij-de-eeuwclub-van-real-madrid\/\" \/>\n<meta property=\"og:locale\" content=\"nl_NL\" \/>\n<meta property=\"og:type\" content=\"article\" \/>\n<meta property=\"og:title\" content=\"Mbappe joins Real Madrid&#039;s century club\" \/>\n<meta property=\"og:description\" content=\"Kylian Mbappe has officially entered Real Madrid&#8217;s century club, reaching a landmark goal tally that places him among the club&#8217;s [&hellip;]\" \/>\n<meta property=\"og:url\" content=\"https:\/\/bladnanews.com\/nl\/mbappe-sluit-zich-aan-bij-de-eeuwclub-van-real-madrid\/\" \/>\n<meta property=\"og:site_name\" content=\"Bladna News\" \/>\n<meta property=\"article:published_time\" content=\"2026-04-24T19:59:15+00:00\" \/>\n<meta property=\"og:image\" content=\"https:\/\/bladnanews.com\/wp-content\/uploads\/2025\/12\/freepik__bladna-newscom-moroccan-soccer-homepage-banner-mor__41838.png\" \/>\n\t<meta property=\"og:image:width\" content=\"1312\" \/>\n\t<meta property=\"og:image:height\" content=\"736\" \/>\n\t<meta property=\"og:image:type\" content=\"image\/png\" \/>\n<meta name=\"author\" content=\"Bladna News Staff\" \/>\n<meta name=\"twitter:card\" content=\"summary_large_image\" \/>\n<meta name=\"twitter:label1\" content=\"Geschreven door\" \/>\n\t<meta name=\"twitter:data1\" content=\"Bladna News Staff\" \/>\n\t<meta name=\"twitter:label2\" content=\"Geschatte leestijd\" \/>\n\t<meta name=\"twitter:data2\" content=\"3 minuten\" \/>\n<script type=\"application\/ld+json\" class=\"yoast-schema-graph\">{\"@context\":\"https:\\\/\\\/schema.org\",\"@graph\":[{\"@type\":\"Article\",\"@id\":\"https:\\\/\\\/bladnanews.com\\\/mbappe-joins-real-madrids-century-club\\\/#article\",\"isPartOf\":{\"@id\":\"https:\\\/\\\/bladnanews.com\\\/mbappe-joins-real-madrids-century-club\\\/\"},\"author\":{\"name\":\"Bladna News Staff\",\"@id\":\"https:\\\/\\\/mediumseagreen-eel-531711.hostingersite.com\\\/#\\\/schema\\\/person\\\/268e18a453ab080ebf76df6ef7845083\"},\"headline\":\"Mbappe joins Real Madrid&#8217;s century club\",\"datePublished\":\"2026-04-24T19:59:15+00:00\",\"mainEntityOfPage\":{\"@id\":\"https:\\\/\\\/bladnanews.com\\\/mbappe-joins-real-madrids-century-club\\\/\"},\"wordCount\":542,\"publisher\":{\"@id\":\"https:\\\/\\\/mediumseagreen-eel-531711.hostingersite.com\\\/#organization\"},\"image\":{\"@id\":\"https:\\\/\\\/bladnanews.com\\\/mbappe-joins-real-madrids-century-club\\\/#primaryimage\"},\"thumbnailUrl\":\"https:\\\/\\\/bladnanews.com\\\/wp-content\\\/uploads\\\/2026\\\/04\\\/GettyImages-2272290513.jpg-scaled.jpg\",\"articleSection\":[\"International\",\"Latest News\"],\"inLanguage\":\"nl-NL\",\"copyrightYear\":\"2026\",\"copyrightHolder\":{\"@id\":\"https:\\\/\\\/bladnanews.com\\\/nl\\\/#organization\"}},{\"@type\":\"WebPage\",\"@id\":\"https:\\\/\\\/bladnanews.com\\\/mbappe-joins-real-madrids-century-club\\\/\",\"url\":\"https:\\\/\\\/bladnanews.com\\\/mbappe-joins-real-madrids-century-club\\\/\",\"name\":\"Mbappe joins Real Madrid's century club - Bladna News\",\"isPartOf\":{\"@id\":\"https:\\\/\\\/mediumseagreen-eel-531711.hostingersite.com\\\/#website\"},\"primaryImageOfPage\":{\"@id\":\"https:\\\/\\\/bladnanews.com\\\/mbappe-joins-real-madrids-century-club\\\/#primaryimage\"},\"image\":{\"@id\":\"https:\\\/\\\/bladnanews.com\\\/mbappe-joins-real-madrids-century-club\\\/#primaryimage\"},\"thumbnailUrl\":\"https:\\\/\\\/bladnanews.com\\\/wp-content\\\/uploads\\\/2026\\\/04\\\/GettyImages-2272290513.jpg-scaled.jpg\",\"datePublished\":\"2026-04-24T19:59:15+00:00\",\"breadcrumb\":{\"@id\":\"https:\\\/\\\/bladnanews.com\\\/mbappe-joins-real-madrids-century-club\\\/#breadcrumb\"},\"inLanguage\":\"nl-NL\",\"potentialAction\":[{\"@type\":\"ReadAction\",\"target\":[\"https:\\\/\\\/bladnanews.com\\\/mbappe-joins-real-madrids-century-club\\\/\"]}]},{\"@type\":\"ImageObject\",\"inLanguage\":\"nl-NL\",\"@id\":\"https:\\\/\\\/bladnanews.com\\\/mbappe-joins-real-madrids-century-club\\\/#primaryimage\",\"url\":\"https:\\\/\\\/bladnanews.com\\\/wp-content\\\/uploads\\\/2026\\\/04\\\/GettyImages-2272290513.jpg-scaled.jpg\",\"contentUrl\":\"https:\\\/\\\/bladnanews.com\\\/wp-content\\\/uploads\\\/2026\\\/04\\\/GettyImages-2272290513.jpg-scaled.jpg\",\"width\":2560,\"height\":1440,\"caption\":\"Cristiano Ronaldo in action during a football match with Real Madrid and green team players.\"},{\"@type\":\"BreadcrumbList\",\"@id\":\"https:\\\/\\\/bladnanews.com\\\/mbappe-joins-real-madrids-century-club\\\/#breadcrumb\",\"itemListElement\":[{\"@type\":\"ListItem\",\"position\":1,\"name\":\"Home\",\"item\":\"https:\\\/\\\/bladnanews.com\\\/\"},{\"@type\":\"ListItem\",\"position\":2,\"name\":\"Mbappe joins Real Madrid&#8217;s century club\"}]},{\"@type\":\"WebSite\",\"@id\":\"https:\\\/\\\/mediumseagreen-eel-531711.hostingersite.com\\\/#website\",\"url\":\"https:\\\/\\\/mediumseagreen-eel-531711.hostingersite.com\\\/\",\"name\":\"Bladna News - Morocco\",\"description\":\"Where Moroccan Football Meets the World\",\"publisher\":{\"@id\":\"https:\\\/\\\/mediumseagreen-eel-531711.hostingersite.com\\\/#organization\"},\"potentialAction\":[{\"@type\":\"SearchAction\",\"target\":{\"@type\":\"EntryPoint\",\"urlTemplate\":\"https:\\\/\\\/mediumseagreen-eel-531711.hostingersite.com\\\/?s={search_term_string}\"},\"query-input\":{\"@type\":\"PropertyValueSpecification\",\"valueRequired\":true,\"valueName\":\"search_term_string\"}}],\"inLanguage\":\"nl-NL\"},{\"@type\":\"Organization\",\"@id\":\"https:\\\/\\\/mediumseagreen-eel-531711.hostingersite.com\\\/#organization\",\"name\":\"Bladna News.com\",\"url\":\"https:\\\/\\\/mediumseagreen-eel-531711.hostingersite.com\\\/\",\"logo\":{\"@type\":\"ImageObject\",\"inLanguage\":\"nl-NL\",\"@id\":\"https:\\\/\\\/mediumseagreen-eel-531711.hostingersite.com\\\/#\\\/schema\\\/logo\\\/image\\\/\",\"url\":\"https:\\\/\\\/bladnanews.com\\\/wp-content\\\/uploads\\\/2025\\\/12\\\/logo-bladnanews-V2-web-black-red.png\",\"contentUrl\":\"https:\\\/\\\/bladnanews.com\\\/wp-content\\\/uploads\\\/2025\\\/12\\\/logo-bladnanews-V2-web-black-red.png\",\"width\":703,\"height\":287,\"caption\":\"Bladna News.com\"},\"image\":{\"@id\":\"https:\\\/\\\/mediumseagreen-eel-531711.hostingersite.com\\\/#\\\/schema\\\/logo\\\/image\\\/\"},\"email\":\"info@bladnanews.com\",\"legalName\":\"Bladna News\"},{\"@type\":\"Person\",\"@id\":\"https:\\\/\\\/mediumseagreen-eel-531711.hostingersite.com\\\/#\\\/schema\\\/person\\\/268e18a453ab080ebf76df6ef7845083\",\"name\":\"Bladna News Staff\",\"url\":\"https:\\\/\\\/bladnanews.com\\\/nl\\\/author\\\/bladna-news-staff\\\/\"}]}<\/script>\n<!-- \/ Yoast SEO Premium plugin. -->","yoast_head_json":{"title":"Mbappe sluit zich aan bij de eeuwclub van Real Madrid - Bladna News","robots":{"index":"index","follow":"follow","max-snippet":"max-snippet:-1","max-image-preview":"max-image-preview:large","max-video-preview":"max-video-preview:-1"},"canonical":"https:\/\/bladnanews.com\/nl\/mbappe-sluit-zich-aan-bij-de-eeuwclub-van-real-madrid\/","og_locale":"nl_NL","og_type":"article","og_title":"Mbappe joins Real Madrid's century club","og_description":"Kylian Mbappe has officially entered Real Madrid&#8217;s century club, reaching a landmark goal tally that places him among the club&#8217;s [&hellip;]","og_url":"https:\/\/bladnanews.com\/nl\/mbappe-sluit-zich-aan-bij-de-eeuwclub-van-real-madrid\/","og_site_name":"Bladna News","article_published_time":"2026-04-24T19:59:15+00:00","og_image":[{"width":1312,"height":736,"url":"https:\/\/bladnanews.com\/wp-content\/uploads\/2025\/12\/freepik__bladna-newscom-moroccan-soccer-homepage-banner-mor__41838.png","type":"image\/png"}],"author":"Bladna News Staff","twitter_card":"summary_large_image","twitter_misc":{"Geschreven door":"Bladna News Staff","Geschatte leestijd":"3 minuten"},"schema":{"@context":"https:\/\/schema.org","@graph":[{"@type":"Article","@id":"https:\/\/bladnanews.com\/mbappe-joins-real-madrids-century-club\/#article","isPartOf":{"@id":"https:\/\/bladnanews.com\/mbappe-joins-real-madrids-century-club\/"},"author":{"name":"Bladna News Staff","@id":"https:\/\/mediumseagreen-eel-531711.hostingersite.com\/#\/schema\/person\/268e18a453ab080ebf76df6ef7845083"},"headline":"Mbappe joins Real Madrid&#8217;s century club","datePublished":"2026-04-24T19:59:15+00:00","mainEntityOfPage":{"@id":"https:\/\/bladnanews.com\/mbappe-joins-real-madrids-century-club\/"},"wordCount":542,"publisher":{"@id":"https:\/\/mediumseagreen-eel-531711.hostingersite.com\/#organization"},"image":{"@id":"https:\/\/bladnanews.com\/mbappe-joins-real-madrids-century-club\/#primaryimage"},"thumbnailUrl":"https:\/\/bladnanews.com\/wp-content\/uploads\/2026\/04\/GettyImages-2272290513.jpg-scaled.jpg","articleSection":["International","Latest News"],"inLanguage":"nl-NL","copyrightYear":"2026","copyrightHolder":{"@id":"https:\/\/bladnanews.com\/nl\/#organization"}},{"@type":"WebPage","@id":"https:\/\/bladnanews.com\/mbappe-joins-real-madrids-century-club\/","url":"https:\/\/bladnanews.com\/mbappe-joins-real-madrids-century-club\/","name":"Mbappe sluit zich aan bij de eeuwclub van Real Madrid - Bladna News","isPartOf":{"@id":"https:\/\/mediumseagreen-eel-531711.hostingersite.com\/#website"},"primaryImageOfPage":{"@id":"https:\/\/bladnanews.com\/mbappe-joins-real-madrids-century-club\/#primaryimage"},"image":{"@id":"https:\/\/bladnanews.com\/mbappe-joins-real-madrids-century-club\/#primaryimage"},"thumbnailUrl":"https:\/\/bladnanews.com\/wp-content\/uploads\/2026\/04\/GettyImages-2272290513.jpg-scaled.jpg","datePublished":"2026-04-24T19:59:15+00:00","breadcrumb":{"@id":"https:\/\/bladnanews.com\/mbappe-joins-real-madrids-century-club\/#breadcrumb"},"inLanguage":"nl-NL","potentialAction":[{"@type":"ReadAction","target":["https:\/\/bladnanews.com\/mbappe-joins-real-madrids-century-club\/"]}]},{"@type":"ImageObject","inLanguage":"nl-NL","@id":"https:\/\/bladnanews.com\/mbappe-joins-real-madrids-century-club\/#primaryimage","url":"https:\/\/bladnanews.com\/wp-content\/uploads\/2026\/04\/GettyImages-2272290513.jpg-scaled.jpg","contentUrl":"https:\/\/bladnanews.com\/wp-content\/uploads\/2026\/04\/GettyImages-2272290513.jpg-scaled.jpg","width":2560,"height":1440,"caption":"Cristiano Ronaldo in action during a football match with Real Madrid and green team players."},{"@type":"BreadcrumbList","@id":"https:\/\/bladnanews.com\/mbappe-joins-real-madrids-century-club\/#breadcrumb","itemListElement":[{"@type":"ListItem","position":1,"name":"Home","item":"https:\/\/bladnanews.com\/"},{"@type":"ListItem","position":2,"name":"Mbappe joins Real Madrid&#8217;s century club"}]},{"@type":"WebSite","@id":"https:\/\/mediumseagreen-eel-531711.hostingersite.com\/#website","url":"https:\/\/mediumseagreen-eel-531711.hostingersite.com\/","name":"Bladna Nieuws - Marokko","description":"Waar Marokkaans voetbal de wereld ontmoet","publisher":{"@id":"https:\/\/mediumseagreen-eel-531711.hostingersite.com\/#organization"},"potentialAction":[{"@type":"SearchAction","target":{"@type":"EntryPoint","urlTemplate":"https:\/\/mediumseagreen-eel-531711.hostingersite.com\/?s={search_term_string}"},"query-input":{"@type":"PropertyValueSpecification","valueRequired":true,"valueName":"search_term_string"}}],"inLanguage":"nl-NL"},{"@type":"Organization","@id":"https:\/\/mediumseagreen-eel-531711.hostingersite.com\/#organization","name":"Bladna Nieuws.com","url":"https:\/\/mediumseagreen-eel-531711.hostingersite.com\/","logo":{"@type":"ImageObject","inLanguage":"nl-NL","@id":"https:\/\/mediumseagreen-eel-531711.hostingersite.com\/#\/schema\/logo\/image\/","url":"https:\/\/bladnanews.com\/wp-content\/uploads\/2025\/12\/logo-bladnanews-V2-web-black-red.png","contentUrl":"https:\/\/bladnanews.com\/wp-content\/uploads\/2025\/12\/logo-bladnanews-V2-web-black-red.png","width":703,"height":287,"caption":"Bladna News.com"},"image":{"@id":"https:\/\/mediumseagreen-eel-531711.hostingersite.com\/#\/schema\/logo\/image\/"},"email":"info@bladnanews.com","legalName":"Bladna News"},{"@type":"Person","@id":"https:\/\/mediumseagreen-eel-531711.hostingersite.com\/#\/schema\/person\/268e18a453ab080ebf76df6ef7845083","name":"Bladna Nieuwsredactie","url":"https:\/\/bladnanews.com\/nl\/author\/bladna-news-staff\/"}]}},"_links":{"self":[{"href":"https:\/\/bladnanews.com\/nl\/wp-json\/wp\/v2\/posts\/10894","targetHints":{"allow":["GET"]}}],"collection":[{"href":"https:\/\/bladnanews.com\/nl\/wp-json\/wp\/v2\/posts"}],"about":[{"href":"https:\/\/bladnanews.com\/nl\/wp-json\/wp\/v2\/types\/post"}],"author":[{"embeddable":true,"href":"https:\/\/bladnanews.com\/nl\/wp-json\/wp\/v2\/users\/3"}],"replies":[{"embeddable":true,"href":"https:\/\/bladnanews.com\/nl\/wp-json\/wp\/v2\/comments?post=10894"}],"version-history":[{"count":0,"href":"https:\/\/bladnanews.com\/nl\/wp-json\/wp\/v2\/posts\/10894\/revisions"}],"wp:featuredmedia":[{"embeddable":true,"href":"https:\/\/bladnanews.com\/nl\/wp-json\/wp\/v2\/media\/10893"}],"wp:attachment":[{"href":"https:\/\/bladnanews.com\/nl\/wp-json\/wp\/v2\/media?parent=10894"}],"wp:term":[{"taxonomy":"category","embeddable":true,"href":"https:\/\/bladnanews.com\/nl\/wp-json\/wp\/v2\/categories?post=10894"},{"taxonomy":"post_tag","embeddable":true,"href":"https:\/\/bladnanews.com\/nl\/wp-json\/wp\/v2\/tags?post=10894"}],"curies":[{"name":"wp","href":"https:\/\/api.w.org\/{rel}","templated":true}]}}