{"id":10965,"date":"2026-04-26T14:47:04","date_gmt":"2026-04-26T14:47:04","guid":{"rendered":"https:\/\/bladnanews.com\/bayern-munich-suffers-new-injury-blow-before-psg-clash\/"},"modified":"2026-04-26T14:47:04","modified_gmt":"2026-04-26T14:47:04","slug":"bayern-munchen-krijgt-nieuwe-tegenslag-met-blessure-voor-confrontatie-met-psg","status":"publish","type":"post","link":"https:\/\/bladnanews.com\/nl\/bayern-munchen-krijgt-nieuwe-tegenslag-met-blessure-voor-confrontatie-met-psg\/","title":{"rendered":"Bayern M\u00fcnchen krijgt nieuwe blessuretegenslag voor duel met PSG"},"content":{"rendered":"<p>Bayern M\u00fcnchen heeft opnieuw een belangrijke tegenslag te verwerken gekregen door een blessure, slechts enkele dagen voor hun cruciale Champions League-wedstrijd tegen Paris Saint-Germain.<\/p>\n<p>De Duitse topclub bevestigde dinsdag dat sleutelverdediger Dayot Upamecano niet beschikbaar is voor de komende wedstrijd, nadat hij tijdens de training een spierblessure had opgelopen. De Franse international onderging medische onderzoeken die een verrekking aan het licht brachten, waardoor hij de confrontatie met zijn voormalige club aan zich voorbij moet laten gaan.<\/p>\n<p>Deze nieuwe tegenslag komt bovenop de groeiende lijst van geblesseerden bij Bayern in aanloop naar het hoogstaande treffen, gepland voor 2026. De Beierse ploeg mist al meerdere vaste basisspelers, waaronder Manuel Neuer en Kingsley Coman, die beiden kampen met langdurige problemen.<\/p>\n<p>De afwezigheid van Upamecano laat een aanzienlijk gat achter in de defensieve opstelling van Vincent Kompany. De 27-jarige is dit seizoen een hoeksteen van de verdediging van Bayern geweest en stond tot nu toe in alle op \u00e9\u00e9n na Champions League-groepswedstrijden in de basis.<\/p>\n<p>Bayern neemt het op tegen PSG in de vijfde speelronde van de competitie, waarbij beide ploegen wanhopig op zoek zijn naar punten om hun positie in de ranglijst te verbeteren. De Duitse kampioen staat momenteel op de 13e plaats met zes punten uit vier wedstrijden, terwijl de Franse ploeg met \u00e9\u00e9n punt minder op de 15e plaats staat.<\/p>\n<p>De medische staf zal het herstel van Upamecano nauwlettend volgen, maar vroege aanwijzingen suggereren dat hij ook twijfelachtig zou kunnen zijn voor de Bundesliga-wedstrijd van Bayern in het weekend. De club heeft geen specifiek tijdschema voor zijn terugkeer gegeven.<\/p>\n<p>Naar verwachting zal Kompany nu een beroep doen op Eric Dier of Kim Min-jae om samen met Matthijs de Ligt het hart van de verdediging tegen PSG te vormen. De Belgische coach zal op woensdag de media te woord staan tijdens zijn persconferentie voor de wedstrijd, waar hij naar verwachting vragen zal krijgen over zijn verdedigingsopties.<\/p>\n<p>Bayern reist op dinsdag 26 november 2026 af naar het Parc des Princes, in wat een cruciale avond belooft te worden voor de Europese ambities van beide clubs.<\/p>","protected":false},"excerpt":{"rendered":"<p>Bayern Munich have been dealt another significant injury setback just days before their crucial Champions League showdown with Paris Saint-Germain. [&hellip;]<\/p>\n","protected":false},"author":3,"featured_media":10964,"comment_status":"","ping_status":"open","sticky":false,"template":"","format":"standard","meta":{"googlesitekit_rrm_CAow_uzEDA:productID":"","site-sidebar-layout":"default","site-content-layout":"","ast-site-content-layout":"default","site-content-style":"default","site-sidebar-style":"default","ast-global-header-display":"","ast-banner-title-visibility":"","ast-main-header-display":"","ast-hfb-above-header-display":"","ast-hfb-below-header-display":"","ast-hfb-mobile-header-display":"","site-post-title":"","ast-breadcrumbs-content":"","ast-featured-img":"","footer-sml-layout":"","ast-disable-related-posts":"","theme-transparent-header-meta":"","adv-header-id-meta":"","stick-header-meta":"","header-above-stick-meta":"","header-main-stick-meta":"","header-below-stick-meta":"","astra-migrate-meta-layouts":"default","ast-page-background-enabled":"default","ast-page-background-meta":{"desktop":{"background-color":"var(--ast-global-color-5)","background-image":"","background-repeat":"repeat","background-position":"center center","background-size":"auto","background-attachment":"scroll","background-type":"","background-media":"","overlay-type":"","overlay-color":"","overlay-opacity":"","overlay-gradient":""},"tablet":{"background-color":"","background-image":"","background-repeat":"repeat","background-position":"center center","background-size":"auto","background-attachment":"scroll","background-type":"","background-media":"","overlay-type":"","overlay-color":"","overlay-opacity":"","overlay-gradient":""},"mobile":{"background-color":"","background-image":"","background-repeat":"repeat","background-position":"center center","background-size":"auto","background-attachment":"scroll","background-type":"","background-media":"","overlay-type":"","overlay-color":"","overlay-opacity":"","overlay-gradient":""}},"ast-content-background-meta":{"desktop":{"background-color":"var(--ast-global-color-4)","background-image":"","background-repeat":"repeat","background-position":"center center","background-size":"auto","background-attachment":"scroll","background-type":"","background-media":"","overlay-type":"","overlay-color":"","overlay-opacity":"","overlay-gradient":""},"tablet":{"background-color":"var(--ast-global-color-4)","background-image":"","background-repeat":"repeat","background-position":"center center","background-size":"auto","background-attachment":"scroll","background-type":"","background-media":"","overlay-type":"","overlay-color":"","overlay-opacity":"","overlay-gradient":""},"mobile":{"background-color":"var(--ast-global-color-4)","background-image":"","background-repeat":"repeat","background-position":"center center","background-size":"auto","background-attachment":"scroll","background-type":"","background-media":"","overlay-type":"","overlay-color":"","overlay-opacity":"","overlay-gradient":""}},"footnotes":""},"categories":[20,1],"tags":[],"class_list":["post-10965","post","type-post","status-publish","format-standard","has-post-thumbnail","hentry","category-international","category-football-latest-news"],"yoast_head":"<!-- This site is optimized with the Yoast SEO Premium plugin v26.6 (Yoast SEO v27.4) - https:\/\/yoast.com\/product\/yoast-seo-premium-wordpress\/ -->\n<title>Bayern munich suffers new injury blow before psg clash - Bladna News<\/title>\n<meta name=\"robots\" content=\"index, follow, max-snippet:-1, max-image-preview:large, max-video-preview:-1\" \/>\n<link rel=\"canonical\" href=\"https:\/\/bladnanews.com\/nl\/bayern-munchen-krijgt-nieuwe-tegenslag-met-blessure-voor-confrontatie-met-psg\/\" \/>\n<meta property=\"og:locale\" content=\"nl_NL\" \/>\n<meta property=\"og:type\" content=\"article\" \/>\n<meta property=\"og:title\" content=\"Bayern munich suffers new injury blow before psg clash\" \/>\n<meta property=\"og:description\" content=\"Bayern Munich have been dealt another significant injury setback just days before their crucial Champions League showdown with Paris Saint-Germain. [&hellip;]\" \/>\n<meta property=\"og:url\" content=\"https:\/\/bladnanews.com\/nl\/bayern-munchen-krijgt-nieuwe-tegenslag-met-blessure-voor-confrontatie-met-psg\/\" \/>\n<meta property=\"og:site_name\" content=\"Bladna News\" \/>\n<meta property=\"article:published_time\" content=\"2026-04-26T14:47:04+00:00\" \/>\n<meta property=\"og:image\" content=\"https:\/\/bladnanews.com\/wp-content\/uploads\/2025\/12\/freepik__bladna-newscom-moroccan-soccer-homepage-banner-mor__41838.png\" \/>\n\t<meta property=\"og:image:width\" content=\"1312\" \/>\n\t<meta property=\"og:image:height\" content=\"736\" \/>\n\t<meta property=\"og:image:type\" content=\"image\/png\" \/>\n<meta name=\"author\" content=\"Bladna News Staff\" \/>\n<meta name=\"twitter:card\" content=\"summary_large_image\" \/>\n<meta name=\"twitter:label1\" content=\"Geschreven door\" \/>\n\t<meta name=\"twitter:data1\" content=\"Bladna News Staff\" \/>\n\t<meta name=\"twitter:label2\" content=\"Geschatte leestijd\" \/>\n\t<meta name=\"twitter:data2\" content=\"1 minuut\" \/>\n<script type=\"application\/ld+json\" class=\"yoast-schema-graph\">{\"@context\":\"https:\\\/\\\/schema.org\",\"@graph\":[{\"@type\":\"Article\",\"@id\":\"https:\\\/\\\/bladnanews.com\\\/bayern-munich-suffers-new-injury-blow-before-psg-clash\\\/#article\",\"isPartOf\":{\"@id\":\"https:\\\/\\\/bladnanews.com\\\/bayern-munich-suffers-new-injury-blow-before-psg-clash\\\/\"},\"author\":{\"name\":\"Bladna News Staff\",\"@id\":\"https:\\\/\\\/mediumseagreen-eel-531711.hostingersite.com\\\/#\\\/schema\\\/person\\\/268e18a453ab080ebf76df6ef7845083\"},\"headline\":\"Bayern munich suffers new injury blow before psg clash\",\"datePublished\":\"2026-04-26T14:47:04+00:00\",\"mainEntityOfPage\":{\"@id\":\"https:\\\/\\\/bladnanews.com\\\/bayern-munich-suffers-new-injury-blow-before-psg-clash\\\/\"},\"wordCount\":309,\"publisher\":{\"@id\":\"https:\\\/\\\/mediumseagreen-eel-531711.hostingersite.com\\\/#organization\"},\"image\":{\"@id\":\"https:\\\/\\\/bladnanews.com\\\/bayern-munich-suffers-new-injury-blow-before-psg-clash\\\/#primaryimage\"},\"thumbnailUrl\":\"https:\\\/\\\/bladnanews.com\\\/wp-content\\\/uploads\\\/2026\\\/04\\\/GettyImages-2270334327.jpg-scaled.jpg\",\"articleSection\":[\"International\",\"Latest News\"],\"inLanguage\":\"nl-NL\",\"copyrightYear\":\"2026\",\"copyrightHolder\":{\"@id\":\"https:\\\/\\\/bladnanews.com\\\/nl\\\/#organization\"}},{\"@type\":\"WebPage\",\"@id\":\"https:\\\/\\\/bladnanews.com\\\/bayern-munich-suffers-new-injury-blow-before-psg-clash\\\/\",\"url\":\"https:\\\/\\\/bladnanews.com\\\/bayern-munich-suffers-new-injury-blow-before-psg-clash\\\/\",\"name\":\"Bayern munich suffers new injury blow before psg clash - Bladna News\",\"isPartOf\":{\"@id\":\"https:\\\/\\\/mediumseagreen-eel-531711.hostingersite.com\\\/#website\"},\"primaryImageOfPage\":{\"@id\":\"https:\\\/\\\/bladnanews.com\\\/bayern-munich-suffers-new-injury-blow-before-psg-clash\\\/#primaryimage\"},\"image\":{\"@id\":\"https:\\\/\\\/bladnanews.com\\\/bayern-munich-suffers-new-injury-blow-before-psg-clash\\\/#primaryimage\"},\"thumbnailUrl\":\"https:\\\/\\\/bladnanews.com\\\/wp-content\\\/uploads\\\/2026\\\/04\\\/GettyImages-2270334327.jpg-scaled.jpg\",\"datePublished\":\"2026-04-26T14:47:04+00:00\",\"breadcrumb\":{\"@id\":\"https:\\\/\\\/bladnanews.com\\\/bayern-munich-suffers-new-injury-blow-before-psg-clash\\\/#breadcrumb\"},\"inLanguage\":\"nl-NL\",\"potentialAction\":[{\"@type\":\"ReadAction\",\"target\":[\"https:\\\/\\\/bladnanews.com\\\/bayern-munich-suffers-new-injury-blow-before-psg-clash\\\/\"]}]},{\"@type\":\"ImageObject\",\"inLanguage\":\"nl-NL\",\"@id\":\"https:\\\/\\\/bladnanews.com\\\/bayern-munich-suffers-new-injury-blow-before-psg-clash\\\/#primaryimage\",\"url\":\"https:\\\/\\\/bladnanews.com\\\/wp-content\\\/uploads\\\/2026\\\/04\\\/GettyImages-2270334327.jpg-scaled.jpg\",\"contentUrl\":\"https:\\\/\\\/bladnanews.com\\\/wp-content\\\/uploads\\\/2026\\\/04\\\/GettyImages-2270334327.jpg-scaled.jpg\",\"width\":2560,\"height\":1440,\"caption\":\"Bayern munich suffers new injury blow before psg clash\"},{\"@type\":\"BreadcrumbList\",\"@id\":\"https:\\\/\\\/bladnanews.com\\\/bayern-munich-suffers-new-injury-blow-before-psg-clash\\\/#breadcrumb\",\"itemListElement\":[{\"@type\":\"ListItem\",\"position\":1,\"name\":\"Home\",\"item\":\"https:\\\/\\\/bladnanews.com\\\/\"},{\"@type\":\"ListItem\",\"position\":2,\"name\":\"Bayern munich suffers new injury blow before psg clash\"}]},{\"@type\":\"WebSite\",\"@id\":\"https:\\\/\\\/mediumseagreen-eel-531711.hostingersite.com\\\/#website\",\"url\":\"https:\\\/\\\/mediumseagreen-eel-531711.hostingersite.com\\\/\",\"name\":\"Bladna News - Morocco\",\"description\":\"Where Moroccan Football Meets the World\",\"publisher\":{\"@id\":\"https:\\\/\\\/mediumseagreen-eel-531711.hostingersite.com\\\/#organization\"},\"potentialAction\":[{\"@type\":\"SearchAction\",\"target\":{\"@type\":\"EntryPoint\",\"urlTemplate\":\"https:\\\/\\\/mediumseagreen-eel-531711.hostingersite.com\\\/?s={search_term_string}\"},\"query-input\":{\"@type\":\"PropertyValueSpecification\",\"valueRequired\":true,\"valueName\":\"search_term_string\"}}],\"inLanguage\":\"nl-NL\"},{\"@type\":\"Organization\",\"@id\":\"https:\\\/\\\/mediumseagreen-eel-531711.hostingersite.com\\\/#organization\",\"name\":\"Bladna News.com\",\"url\":\"https:\\\/\\\/mediumseagreen-eel-531711.hostingersite.com\\\/\",\"logo\":{\"@type\":\"ImageObject\",\"inLanguage\":\"nl-NL\",\"@id\":\"https:\\\/\\\/mediumseagreen-eel-531711.hostingersite.com\\\/#\\\/schema\\\/logo\\\/image\\\/\",\"url\":\"https:\\\/\\\/bladnanews.com\\\/wp-content\\\/uploads\\\/2025\\\/12\\\/logo-bladnanews-V2-web-black-red.png\",\"contentUrl\":\"https:\\\/\\\/bladnanews.com\\\/wp-content\\\/uploads\\\/2025\\\/12\\\/logo-bladnanews-V2-web-black-red.png\",\"width\":703,\"height\":287,\"caption\":\"Bladna News.com\"},\"image\":{\"@id\":\"https:\\\/\\\/mediumseagreen-eel-531711.hostingersite.com\\\/#\\\/schema\\\/logo\\\/image\\\/\"},\"email\":\"info@bladnanews.com\",\"legalName\":\"Bladna News\"},{\"@type\":\"Person\",\"@id\":\"https:\\\/\\\/mediumseagreen-eel-531711.hostingersite.com\\\/#\\\/schema\\\/person\\\/268e18a453ab080ebf76df6ef7845083\",\"name\":\"Bladna News Staff\",\"url\":\"https:\\\/\\\/bladnanews.com\\\/nl\\\/author\\\/bladna-news-staff\\\/\"}]}<\/script>\n<!-- \/ Yoast SEO Premium plugin. -->","yoast_head_json":{"title":"Bayern M\u00fcnchen krijgt nieuwe tegenslag met blessure v\u00f3\u00f3r clash tegen PSG - Bladna News","robots":{"index":"index","follow":"follow","max-snippet":"max-snippet:-1","max-image-preview":"max-image-preview:large","max-video-preview":"max-video-preview:-1"},"canonical":"https:\/\/bladnanews.com\/nl\/bayern-munchen-krijgt-nieuwe-tegenslag-met-blessure-voor-confrontatie-met-psg\/","og_locale":"nl_NL","og_type":"article","og_title":"Bayern munich suffers new injury blow before psg clash","og_description":"Bayern Munich have been dealt another significant injury setback just days before their crucial Champions League showdown with Paris Saint-Germain. [&hellip;]","og_url":"https:\/\/bladnanews.com\/nl\/bayern-munchen-krijgt-nieuwe-tegenslag-met-blessure-voor-confrontatie-met-psg\/","og_site_name":"Bladna News","article_published_time":"2026-04-26T14:47:04+00:00","og_image":[{"width":1312,"height":736,"url":"https:\/\/bladnanews.com\/wp-content\/uploads\/2025\/12\/freepik__bladna-newscom-moroccan-soccer-homepage-banner-mor__41838.png","type":"image\/png"}],"author":"Bladna News Staff","twitter_card":"summary_large_image","twitter_misc":{"Geschreven door":"Bladna News Staff","Geschatte leestijd":"1 minuut"},"schema":{"@context":"https:\/\/schema.org","@graph":[{"@type":"Article","@id":"https:\/\/bladnanews.com\/bayern-munich-suffers-new-injury-blow-before-psg-clash\/#article","isPartOf":{"@id":"https:\/\/bladnanews.com\/bayern-munich-suffers-new-injury-blow-before-psg-clash\/"},"author":{"name":"Bladna News Staff","@id":"https:\/\/mediumseagreen-eel-531711.hostingersite.com\/#\/schema\/person\/268e18a453ab080ebf76df6ef7845083"},"headline":"Bayern munich suffers new injury blow before psg clash","datePublished":"2026-04-26T14:47:04+00:00","mainEntityOfPage":{"@id":"https:\/\/bladnanews.com\/bayern-munich-suffers-new-injury-blow-before-psg-clash\/"},"wordCount":309,"publisher":{"@id":"https:\/\/mediumseagreen-eel-531711.hostingersite.com\/#organization"},"image":{"@id":"https:\/\/bladnanews.com\/bayern-munich-suffers-new-injury-blow-before-psg-clash\/#primaryimage"},"thumbnailUrl":"https:\/\/bladnanews.com\/wp-content\/uploads\/2026\/04\/GettyImages-2270334327.jpg-scaled.jpg","articleSection":["International","Latest News"],"inLanguage":"nl-NL","copyrightYear":"2026","copyrightHolder":{"@id":"https:\/\/bladnanews.com\/nl\/#organization"}},{"@type":"WebPage","@id":"https:\/\/bladnanews.com\/bayern-munich-suffers-new-injury-blow-before-psg-clash\/","url":"https:\/\/bladnanews.com\/bayern-munich-suffers-new-injury-blow-before-psg-clash\/","name":"Bayern M\u00fcnchen krijgt nieuwe tegenslag met blessure v\u00f3\u00f3r clash tegen PSG - Bladna News","isPartOf":{"@id":"https:\/\/mediumseagreen-eel-531711.hostingersite.com\/#website"},"primaryImageOfPage":{"@id":"https:\/\/bladnanews.com\/bayern-munich-suffers-new-injury-blow-before-psg-clash\/#primaryimage"},"image":{"@id":"https:\/\/bladnanews.com\/bayern-munich-suffers-new-injury-blow-before-psg-clash\/#primaryimage"},"thumbnailUrl":"https:\/\/bladnanews.com\/wp-content\/uploads\/2026\/04\/GettyImages-2270334327.jpg-scaled.jpg","datePublished":"2026-04-26T14:47:04+00:00","breadcrumb":{"@id":"https:\/\/bladnanews.com\/bayern-munich-suffers-new-injury-blow-before-psg-clash\/#breadcrumb"},"inLanguage":"nl-NL","potentialAction":[{"@type":"ReadAction","target":["https:\/\/bladnanews.com\/bayern-munich-suffers-new-injury-blow-before-psg-clash\/"]}]},{"@type":"ImageObject","inLanguage":"nl-NL","@id":"https:\/\/bladnanews.com\/bayern-munich-suffers-new-injury-blow-before-psg-clash\/#primaryimage","url":"https:\/\/bladnanews.com\/wp-content\/uploads\/2026\/04\/GettyImages-2270334327.jpg-scaled.jpg","contentUrl":"https:\/\/bladnanews.com\/wp-content\/uploads\/2026\/04\/GettyImages-2270334327.jpg-scaled.jpg","width":2560,"height":1440,"caption":"Bayern munich suffers new injury blow before psg clash"},{"@type":"BreadcrumbList","@id":"https:\/\/bladnanews.com\/bayern-munich-suffers-new-injury-blow-before-psg-clash\/#breadcrumb","itemListElement":[{"@type":"ListItem","position":1,"name":"Home","item":"https:\/\/bladnanews.com\/"},{"@type":"ListItem","position":2,"name":"Bayern munich suffers new injury blow before psg clash"}]},{"@type":"WebSite","@id":"https:\/\/mediumseagreen-eel-531711.hostingersite.com\/#website","url":"https:\/\/mediumseagreen-eel-531711.hostingersite.com\/","name":"Bladna Nieuws - Marokko","description":"Waar Marokkaans voetbal de wereld ontmoet","publisher":{"@id":"https:\/\/mediumseagreen-eel-531711.hostingersite.com\/#organization"},"potentialAction":[{"@type":"SearchAction","target":{"@type":"EntryPoint","urlTemplate":"https:\/\/mediumseagreen-eel-531711.hostingersite.com\/?s={search_term_string}"},"query-input":{"@type":"PropertyValueSpecification","valueRequired":true,"valueName":"search_term_string"}}],"inLanguage":"nl-NL"},{"@type":"Organization","@id":"https:\/\/mediumseagreen-eel-531711.hostingersite.com\/#organization","name":"Bladna Nieuws.com","url":"https:\/\/mediumseagreen-eel-531711.hostingersite.com\/","logo":{"@type":"ImageObject","inLanguage":"nl-NL","@id":"https:\/\/mediumseagreen-eel-531711.hostingersite.com\/#\/schema\/logo\/image\/","url":"https:\/\/bladnanews.com\/wp-content\/uploads\/2025\/12\/logo-bladnanews-V2-web-black-red.png","contentUrl":"https:\/\/bladnanews.com\/wp-content\/uploads\/2025\/12\/logo-bladnanews-V2-web-black-red.png","width":703,"height":287,"caption":"Bladna News.com"},"image":{"@id":"https:\/\/mediumseagreen-eel-531711.hostingersite.com\/#\/schema\/logo\/image\/"},"email":"info@bladnanews.com","legalName":"Bladna News"},{"@type":"Person","@id":"https:\/\/mediumseagreen-eel-531711.hostingersite.com\/#\/schema\/person\/268e18a453ab080ebf76df6ef7845083","name":"Bladna Nieuwsredactie","url":"https:\/\/bladnanews.com\/nl\/author\/bladna-news-staff\/"}]}},"_links":{"self":[{"href":"https:\/\/bladnanews.com\/nl\/wp-json\/wp\/v2\/posts\/10965","targetHints":{"allow":["GET"]}}],"collection":[{"href":"https:\/\/bladnanews.com\/nl\/wp-json\/wp\/v2\/posts"}],"about":[{"href":"https:\/\/bladnanews.com\/nl\/wp-json\/wp\/v2\/types\/post"}],"author":[{"embeddable":true,"href":"https:\/\/bladnanews.com\/nl\/wp-json\/wp\/v2\/users\/3"}],"replies":[{"embeddable":true,"href":"https:\/\/bladnanews.com\/nl\/wp-json\/wp\/v2\/comments?post=10965"}],"version-history":[{"count":0,"href":"https:\/\/bladnanews.com\/nl\/wp-json\/wp\/v2\/posts\/10965\/revisions"}],"wp:featuredmedia":[{"embeddable":true,"href":"https:\/\/bladnanews.com\/nl\/wp-json\/wp\/v2\/media\/10964"}],"wp:attachment":[{"href":"https:\/\/bladnanews.com\/nl\/wp-json\/wp\/v2\/media?parent=10965"}],"wp:term":[{"taxonomy":"category","embeddable":true,"href":"https:\/\/bladnanews.com\/nl\/wp-json\/wp\/v2\/categories?post=10965"},{"taxonomy":"post_tag","embeddable":true,"href":"https:\/\/bladnanews.com\/nl\/wp-json\/wp\/v2\/tags?post=10965"}],"curies":[{"name":"wp","href":"https:\/\/api.w.org\/{rel}","templated":true}]}}