{"id":11011,"date":"2026-04-27T17:54:28","date_gmt":"2026-04-27T17:54:28","guid":{"rendered":"https:\/\/bladnanews.com\/amorim-makes-decisive-choice-about-his-future\/"},"modified":"2026-04-27T17:54:28","modified_gmt":"2026-04-27T17:54:28","slug":"amorim-maakt-een-beslissende-keuze-over-zijn-toekomst","status":"publish","type":"post","link":"https:\/\/bladnanews.com\/nl\/amorim-maakt-een-beslissende-keuze-over-zijn-toekomst\/","title":{"rendered":"Amorim neemt een beslissende keuze over zijn toekomst"},"content":{"rendered":"<p>Ruben Amorim heeft een beslissende keuze gemaakt over zijn toekomst, waarmee een einde komt aan weken van speculatie over de volgende stap in zijn trainerscarri\u00e8re. De 39-jarige Portugese coach heeft bevestigd dat hij bij Sporting CP blijft en heeft toenaderingen van verschillende grote Europese clubs afgewezen.<\/p>\n<p>Volgens bronnen dicht bij de coach heeft Amorim het bestuur van Sporting op dinsdag 11 maart 2025 op de hoogte gesteld van zijn besluit. Hij heeft zich ertoe verbonden om tot ten minste het einde van het seizoen 2025\u20132026 bij de club uit Lissabon te blijven. De aankondiging maakt een einde aan geruchten die hem in verband brachten met een overstap naar de Premier League of andere topcompetities in Europa.<\/p>\n<p>Amorims huidige contract bij Sporting loopt tot juni 2026. De club had zich voorbereid op mogelijke aanbiedingen na zijn indrukwekkende werk in de afgelopen jaren. Onder zijn leiding won Sporting de Primeira Liga-titel in 2020\u20132021 en opnieuw in 2023\u20132024, waarmee een einde kwam aan de dominantie van Benfica en Porto.<\/p>\n<p>Na zijn beslissing zei Amorim: \u201cIk voel me hier thuis. Het project is nog niet afgerond. We hebben nog meer te bereiken samen. Nu vertrekken zou niet de juiste stap zijn voor mij of voor de club.\u201d Zijn verklaring werd verwelkomd door Sporting-fans, die zijn tactische aanpak en leiderschap zijn gaan bewonderen.<\/p>\n<p>De coach sprak ook over de belangstelling uit het buitenland. \u201cHet is vleiend om gewild te worden door grote clubs. Maar ik heb een belofte gedaan aan de spelers en aan de fans. Ik ben van plan die na te komen. Mijn focus ligt op de volgende wedstrijd, niet op de volgende baan.\u201d<\/p>\n<p>Sporting staat momenteel tweede in de Primeira Liga, drie punten achter koploper Benfica met nog negen wedstrijden te spelen in het seizoen 2024\u20132025. Amorims ploeg bereikte ook de kwartfinales van de Ta\u00e7a de Portugal en is nog actief in de Europa League, waar ze in april 2025 een tweeluik tegen Roma spelen.<\/p>\n<p>De beslissing brengt duidelijkheid in de planning van Sporting voor de zomerse transferperiode. De club kan nu verder met zijn wervingsstrategie, wetende dat de coach nog ten minste \u00e9\u00e9n seizoen aan het roer staat. Verschillende sleutelspelers, waaronder Pedro Gon\u00e7alves en Ousmane Diomande, zijn ook in verband gebracht met een vertrek, maar Amorims toewijding kan hen helpen overtuigen om te blijven.<\/p>\n<p>Amorim nam in maart 2020 het roer over bij Sporting als opvolger van Silas. Hij was destijds slechts 35 jaar oud en had slechts \u00e9\u00e9n volledig seizoen ervaring als hoofdcoach bij Braga. Sindsdien heeft hij een reputatie opgebouwd als een van de meest veelbelovende jonge coaches van Europa, bekend om zijn hoge druk-systeem en zijn vermogen om jong talent te ontwikkelen.<\/p>\n<p>Zijn beslissing om bij Sporting te blijven wordt gezien als een grote impuls voor de langetermijndoelen van de club. Sporting-voorzitter Frederico Varandas zei: \u201cRuben is niet alleen onze coach. Hij is het hart van dit project. Zijn beslissing toont zijn geloof in wat we aan het opbouwen zijn.\u201d<\/p>\n<p>Nu zijn toekomst is geregeld, kan Amorim zich volledig richten op de slotfase van het seizoen. Sporting staat op 16 maart 2025 voor een cruciale competitiewedstrijd tegen Porto, gevolgd door de eerste wedstrijd van hun Europa League-tweeluik tegen Roma op 3 april 2025. De komende weken zullen bepalen of dit seizoen eindigt met prijzen of teleurstelling.<\/p>","protected":false},"excerpt":{"rendered":"<p>Ruben Amorim has made a decisive choice about his future, ending weeks of speculation over the next step in his [&hellip;]<\/p>\n","protected":false},"author":3,"featured_media":11010,"comment_status":"","ping_status":"open","sticky":false,"template":"","format":"standard","meta":{"googlesitekit_rrm_CAow_uzEDA:productID":"","site-sidebar-layout":"default","site-content-layout":"","ast-site-content-layout":"default","site-content-style":"default","site-sidebar-style":"default","ast-global-header-display":"","ast-banner-title-visibility":"","ast-main-header-display":"","ast-hfb-above-header-display":"","ast-hfb-below-header-display":"","ast-hfb-mobile-header-display":"","site-post-title":"","ast-breadcrumbs-content":"","ast-featured-img":"","footer-sml-layout":"","ast-disable-related-posts":"","theme-transparent-header-meta":"","adv-header-id-meta":"","stick-header-meta":"","header-above-stick-meta":"","header-main-stick-meta":"","header-below-stick-meta":"","astra-migrate-meta-layouts":"default","ast-page-background-enabled":"default","ast-page-background-meta":{"desktop":{"background-color":"var(--ast-global-color-5)","background-image":"","background-repeat":"repeat","background-position":"center center","background-size":"auto","background-attachment":"scroll","background-type":"","background-media":"","overlay-type":"","overlay-color":"","overlay-opacity":"","overlay-gradient":""},"tablet":{"background-color":"","background-image":"","background-repeat":"repeat","background-position":"center center","background-size":"auto","background-attachment":"scroll","background-type":"","background-media":"","overlay-type":"","overlay-color":"","overlay-opacity":"","overlay-gradient":""},"mobile":{"background-color":"","background-image":"","background-repeat":"repeat","background-position":"center center","background-size":"auto","background-attachment":"scroll","background-type":"","background-media":"","overlay-type":"","overlay-color":"","overlay-opacity":"","overlay-gradient":""}},"ast-content-background-meta":{"desktop":{"background-color":"var(--ast-global-color-4)","background-image":"","background-repeat":"repeat","background-position":"center center","background-size":"auto","background-attachment":"scroll","background-type":"","background-media":"","overlay-type":"","overlay-color":"","overlay-opacity":"","overlay-gradient":""},"tablet":{"background-color":"var(--ast-global-color-4)","background-image":"","background-repeat":"repeat","background-position":"center center","background-size":"auto","background-attachment":"scroll","background-type":"","background-media":"","overlay-type":"","overlay-color":"","overlay-opacity":"","overlay-gradient":""},"mobile":{"background-color":"var(--ast-global-color-4)","background-image":"","background-repeat":"repeat","background-position":"center center","background-size":"auto","background-attachment":"scroll","background-type":"","background-media":"","overlay-type":"","overlay-color":"","overlay-opacity":"","overlay-gradient":""}},"footnotes":""},"categories":[20,1],"tags":[],"class_list":["post-11011","post","type-post","status-publish","format-standard","has-post-thumbnail","hentry","category-international","category-football-latest-news"],"yoast_head":"<!-- This site is optimized with the Yoast SEO Premium plugin v26.6 (Yoast SEO v27.4) - https:\/\/yoast.com\/product\/yoast-seo-premium-wordpress\/ -->\n<title>Amorim makes decisive choice about his future - Bladna News<\/title>\n<meta name=\"robots\" content=\"index, follow, max-snippet:-1, max-image-preview:large, max-video-preview:-1\" \/>\n<link rel=\"canonical\" href=\"https:\/\/bladnanews.com\/nl\/amorim-maakt-een-beslissende-keuze-over-zijn-toekomst\/\" \/>\n<meta property=\"og:locale\" content=\"nl_NL\" \/>\n<meta property=\"og:type\" content=\"article\" \/>\n<meta property=\"og:title\" content=\"Amorim makes decisive choice about his future\" \/>\n<meta property=\"og:description\" content=\"Ruben Amorim has made a decisive choice about his future, ending weeks of speculation over the next step in his [&hellip;]\" \/>\n<meta property=\"og:url\" content=\"https:\/\/bladnanews.com\/nl\/amorim-maakt-een-beslissende-keuze-over-zijn-toekomst\/\" \/>\n<meta property=\"og:site_name\" content=\"Bladna News\" \/>\n<meta property=\"article:published_time\" content=\"2026-04-27T17:54:28+00:00\" \/>\n<meta property=\"og:image\" content=\"https:\/\/bladnanews.com\/wp-content\/uploads\/2025\/12\/freepik__bladna-newscom-moroccan-soccer-homepage-banner-mor__41838.png\" \/>\n\t<meta property=\"og:image:width\" content=\"1312\" \/>\n\t<meta property=\"og:image:height\" content=\"736\" \/>\n\t<meta property=\"og:image:type\" content=\"image\/png\" \/>\n<meta name=\"author\" content=\"Bladna News Staff\" \/>\n<meta name=\"twitter:card\" content=\"summary_large_image\" \/>\n<meta name=\"twitter:label1\" content=\"Geschreven door\" \/>\n\t<meta name=\"twitter:data1\" content=\"Bladna News Staff\" \/>\n\t<meta name=\"twitter:label2\" content=\"Geschatte leestijd\" \/>\n\t<meta name=\"twitter:data2\" content=\"3 minuten\" \/>\n<script type=\"application\/ld+json\" class=\"yoast-schema-graph\">{\"@context\":\"https:\\\/\\\/schema.org\",\"@graph\":[{\"@type\":\"Article\",\"@id\":\"https:\\\/\\\/bladnanews.com\\\/amorim-makes-decisive-choice-about-his-future\\\/#article\",\"isPartOf\":{\"@id\":\"https:\\\/\\\/bladnanews.com\\\/amorim-makes-decisive-choice-about-his-future\\\/\"},\"author\":{\"name\":\"Bladna News Staff\",\"@id\":\"https:\\\/\\\/mediumseagreen-eel-531711.hostingersite.com\\\/#\\\/schema\\\/person\\\/268e18a453ab080ebf76df6ef7845083\"},\"headline\":\"Amorim makes decisive choice about his future\",\"datePublished\":\"2026-04-27T17:54:28+00:00\",\"mainEntityOfPage\":{\"@id\":\"https:\\\/\\\/bladnanews.com\\\/amorim-makes-decisive-choice-about-his-future\\\/\"},\"wordCount\":510,\"publisher\":{\"@id\":\"https:\\\/\\\/mediumseagreen-eel-531711.hostingersite.com\\\/#organization\"},\"image\":{\"@id\":\"https:\\\/\\\/bladnanews.com\\\/amorim-makes-decisive-choice-about-his-future\\\/#primaryimage\"},\"thumbnailUrl\":\"https:\\\/\\\/bladnanews.com\\\/wp-content\\\/uploads\\\/2026\\\/04\\\/GettyImages-2253674046.jpg.jpg\",\"articleSection\":[\"International\",\"Latest News\"],\"inLanguage\":\"nl-NL\",\"copyrightYear\":\"2026\",\"copyrightHolder\":{\"@id\":\"https:\\\/\\\/bladnanews.com\\\/nl\\\/#organization\"}},{\"@type\":\"WebPage\",\"@id\":\"https:\\\/\\\/bladnanews.com\\\/amorim-makes-decisive-choice-about-his-future\\\/\",\"url\":\"https:\\\/\\\/bladnanews.com\\\/amorim-makes-decisive-choice-about-his-future\\\/\",\"name\":\"Amorim makes decisive choice about his future - Bladna News\",\"isPartOf\":{\"@id\":\"https:\\\/\\\/mediumseagreen-eel-531711.hostingersite.com\\\/#website\"},\"primaryImageOfPage\":{\"@id\":\"https:\\\/\\\/bladnanews.com\\\/amorim-makes-decisive-choice-about-his-future\\\/#primaryimage\"},\"image\":{\"@id\":\"https:\\\/\\\/bladnanews.com\\\/amorim-makes-decisive-choice-about-his-future\\\/#primaryimage\"},\"thumbnailUrl\":\"https:\\\/\\\/bladnanews.com\\\/wp-content\\\/uploads\\\/2026\\\/04\\\/GettyImages-2253674046.jpg.jpg\",\"datePublished\":\"2026-04-27T17:54:28+00:00\",\"breadcrumb\":{\"@id\":\"https:\\\/\\\/bladnanews.com\\\/amorim-makes-decisive-choice-about-his-future\\\/#breadcrumb\"},\"inLanguage\":\"nl-NL\",\"potentialAction\":[{\"@type\":\"ReadAction\",\"target\":[\"https:\\\/\\\/bladnanews.com\\\/amorim-makes-decisive-choice-about-his-future\\\/\"]}]},{\"@type\":\"ImageObject\",\"inLanguage\":\"nl-NL\",\"@id\":\"https:\\\/\\\/bladnanews.com\\\/amorim-makes-decisive-choice-about-his-future\\\/#primaryimage\",\"url\":\"https:\\\/\\\/bladnanews.com\\\/wp-content\\\/uploads\\\/2026\\\/04\\\/GettyImages-2253674046.jpg.jpg\",\"contentUrl\":\"https:\\\/\\\/bladnanews.com\\\/wp-content\\\/uploads\\\/2026\\\/04\\\/GettyImages-2253674046.jpg.jpg\",\"width\":2308,\"height\":1298,\"caption\":\"Amorim makes decisive choice about his future\"},{\"@type\":\"BreadcrumbList\",\"@id\":\"https:\\\/\\\/bladnanews.com\\\/amorim-makes-decisive-choice-about-his-future\\\/#breadcrumb\",\"itemListElement\":[{\"@type\":\"ListItem\",\"position\":1,\"name\":\"Home\",\"item\":\"https:\\\/\\\/bladnanews.com\\\/\"},{\"@type\":\"ListItem\",\"position\":2,\"name\":\"Amorim makes decisive choice about his future\"}]},{\"@type\":\"WebSite\",\"@id\":\"https:\\\/\\\/mediumseagreen-eel-531711.hostingersite.com\\\/#website\",\"url\":\"https:\\\/\\\/mediumseagreen-eel-531711.hostingersite.com\\\/\",\"name\":\"Bladna News - Morocco\",\"description\":\"Where Moroccan Football Meets the World\",\"publisher\":{\"@id\":\"https:\\\/\\\/mediumseagreen-eel-531711.hostingersite.com\\\/#organization\"},\"potentialAction\":[{\"@type\":\"SearchAction\",\"target\":{\"@type\":\"EntryPoint\",\"urlTemplate\":\"https:\\\/\\\/mediumseagreen-eel-531711.hostingersite.com\\\/?s={search_term_string}\"},\"query-input\":{\"@type\":\"PropertyValueSpecification\",\"valueRequired\":true,\"valueName\":\"search_term_string\"}}],\"inLanguage\":\"nl-NL\"},{\"@type\":\"Organization\",\"@id\":\"https:\\\/\\\/mediumseagreen-eel-531711.hostingersite.com\\\/#organization\",\"name\":\"Bladna News.com\",\"url\":\"https:\\\/\\\/mediumseagreen-eel-531711.hostingersite.com\\\/\",\"logo\":{\"@type\":\"ImageObject\",\"inLanguage\":\"nl-NL\",\"@id\":\"https:\\\/\\\/mediumseagreen-eel-531711.hostingersite.com\\\/#\\\/schema\\\/logo\\\/image\\\/\",\"url\":\"https:\\\/\\\/bladnanews.com\\\/wp-content\\\/uploads\\\/2025\\\/12\\\/logo-bladnanews-V2-web-black-red.png\",\"contentUrl\":\"https:\\\/\\\/bladnanews.com\\\/wp-content\\\/uploads\\\/2025\\\/12\\\/logo-bladnanews-V2-web-black-red.png\",\"width\":703,\"height\":287,\"caption\":\"Bladna News.com\"},\"image\":{\"@id\":\"https:\\\/\\\/mediumseagreen-eel-531711.hostingersite.com\\\/#\\\/schema\\\/logo\\\/image\\\/\"},\"email\":\"info@bladnanews.com\",\"legalName\":\"Bladna News\"},{\"@type\":\"Person\",\"@id\":\"https:\\\/\\\/mediumseagreen-eel-531711.hostingersite.com\\\/#\\\/schema\\\/person\\\/268e18a453ab080ebf76df6ef7845083\",\"name\":\"Bladna News Staff\",\"url\":\"https:\\\/\\\/bladnanews.com\\\/nl\\\/author\\\/bladna-news-staff\\\/\"}]}<\/script>\n<!-- \/ Yoast SEO Premium plugin. -->","yoast_head_json":{"title":"Amorim maakt een beslissende keuze over zijn toekomst - Bladna Nieuws","robots":{"index":"index","follow":"follow","max-snippet":"max-snippet:-1","max-image-preview":"max-image-preview:large","max-video-preview":"max-video-preview:-1"},"canonical":"https:\/\/bladnanews.com\/nl\/amorim-maakt-een-beslissende-keuze-over-zijn-toekomst\/","og_locale":"nl_NL","og_type":"article","og_title":"Amorim makes decisive choice about his future","og_description":"Ruben Amorim has made a decisive choice about his future, ending weeks of speculation over the next step in his [&hellip;]","og_url":"https:\/\/bladnanews.com\/nl\/amorim-maakt-een-beslissende-keuze-over-zijn-toekomst\/","og_site_name":"Bladna News","article_published_time":"2026-04-27T17:54:28+00:00","og_image":[{"width":1312,"height":736,"url":"https:\/\/bladnanews.com\/wp-content\/uploads\/2025\/12\/freepik__bladna-newscom-moroccan-soccer-homepage-banner-mor__41838.png","type":"image\/png"}],"author":"Bladna News Staff","twitter_card":"summary_large_image","twitter_misc":{"Geschreven door":"Bladna News Staff","Geschatte leestijd":"3 minuten"},"schema":{"@context":"https:\/\/schema.org","@graph":[{"@type":"Article","@id":"https:\/\/bladnanews.com\/amorim-makes-decisive-choice-about-his-future\/#article","isPartOf":{"@id":"https:\/\/bladnanews.com\/amorim-makes-decisive-choice-about-his-future\/"},"author":{"name":"Bladna News Staff","@id":"https:\/\/mediumseagreen-eel-531711.hostingersite.com\/#\/schema\/person\/268e18a453ab080ebf76df6ef7845083"},"headline":"Amorim makes decisive choice about his future","datePublished":"2026-04-27T17:54:28+00:00","mainEntityOfPage":{"@id":"https:\/\/bladnanews.com\/amorim-makes-decisive-choice-about-his-future\/"},"wordCount":510,"publisher":{"@id":"https:\/\/mediumseagreen-eel-531711.hostingersite.com\/#organization"},"image":{"@id":"https:\/\/bladnanews.com\/amorim-makes-decisive-choice-about-his-future\/#primaryimage"},"thumbnailUrl":"https:\/\/bladnanews.com\/wp-content\/uploads\/2026\/04\/GettyImages-2253674046.jpg.jpg","articleSection":["International","Latest News"],"inLanguage":"nl-NL","copyrightYear":"2026","copyrightHolder":{"@id":"https:\/\/bladnanews.com\/nl\/#organization"}},{"@type":"WebPage","@id":"https:\/\/bladnanews.com\/amorim-makes-decisive-choice-about-his-future\/","url":"https:\/\/bladnanews.com\/amorim-makes-decisive-choice-about-his-future\/","name":"Amorim maakt een beslissende keuze over zijn toekomst - Bladna Nieuws","isPartOf":{"@id":"https:\/\/mediumseagreen-eel-531711.hostingersite.com\/#website"},"primaryImageOfPage":{"@id":"https:\/\/bladnanews.com\/amorim-makes-decisive-choice-about-his-future\/#primaryimage"},"image":{"@id":"https:\/\/bladnanews.com\/amorim-makes-decisive-choice-about-his-future\/#primaryimage"},"thumbnailUrl":"https:\/\/bladnanews.com\/wp-content\/uploads\/2026\/04\/GettyImages-2253674046.jpg.jpg","datePublished":"2026-04-27T17:54:28+00:00","breadcrumb":{"@id":"https:\/\/bladnanews.com\/amorim-makes-decisive-choice-about-his-future\/#breadcrumb"},"inLanguage":"nl-NL","potentialAction":[{"@type":"ReadAction","target":["https:\/\/bladnanews.com\/amorim-makes-decisive-choice-about-his-future\/"]}]},{"@type":"ImageObject","inLanguage":"nl-NL","@id":"https:\/\/bladnanews.com\/amorim-makes-decisive-choice-about-his-future\/#primaryimage","url":"https:\/\/bladnanews.com\/wp-content\/uploads\/2026\/04\/GettyImages-2253674046.jpg.jpg","contentUrl":"https:\/\/bladnanews.com\/wp-content\/uploads\/2026\/04\/GettyImages-2253674046.jpg.jpg","width":2308,"height":1298,"caption":"Amorim makes decisive choice about his future"},{"@type":"BreadcrumbList","@id":"https:\/\/bladnanews.com\/amorim-makes-decisive-choice-about-his-future\/#breadcrumb","itemListElement":[{"@type":"ListItem","position":1,"name":"Home","item":"https:\/\/bladnanews.com\/"},{"@type":"ListItem","position":2,"name":"Amorim makes decisive choice about his future"}]},{"@type":"WebSite","@id":"https:\/\/mediumseagreen-eel-531711.hostingersite.com\/#website","url":"https:\/\/mediumseagreen-eel-531711.hostingersite.com\/","name":"Bladna Nieuws - Marokko","description":"Waar Marokkaans voetbal de wereld ontmoet","publisher":{"@id":"https:\/\/mediumseagreen-eel-531711.hostingersite.com\/#organization"},"potentialAction":[{"@type":"SearchAction","target":{"@type":"EntryPoint","urlTemplate":"https:\/\/mediumseagreen-eel-531711.hostingersite.com\/?s={search_term_string}"},"query-input":{"@type":"PropertyValueSpecification","valueRequired":true,"valueName":"search_term_string"}}],"inLanguage":"nl-NL"},{"@type":"Organization","@id":"https:\/\/mediumseagreen-eel-531711.hostingersite.com\/#organization","name":"Bladna Nieuws.com","url":"https:\/\/mediumseagreen-eel-531711.hostingersite.com\/","logo":{"@type":"ImageObject","inLanguage":"nl-NL","@id":"https:\/\/mediumseagreen-eel-531711.hostingersite.com\/#\/schema\/logo\/image\/","url":"https:\/\/bladnanews.com\/wp-content\/uploads\/2025\/12\/logo-bladnanews-V2-web-black-red.png","contentUrl":"https:\/\/bladnanews.com\/wp-content\/uploads\/2025\/12\/logo-bladnanews-V2-web-black-red.png","width":703,"height":287,"caption":"Bladna News.com"},"image":{"@id":"https:\/\/mediumseagreen-eel-531711.hostingersite.com\/#\/schema\/logo\/image\/"},"email":"info@bladnanews.com","legalName":"Bladna News"},{"@type":"Person","@id":"https:\/\/mediumseagreen-eel-531711.hostingersite.com\/#\/schema\/person\/268e18a453ab080ebf76df6ef7845083","name":"Bladna Nieuwsredactie","url":"https:\/\/bladnanews.com\/nl\/author\/bladna-news-staff\/"}]}},"_links":{"self":[{"href":"https:\/\/bladnanews.com\/nl\/wp-json\/wp\/v2\/posts\/11011","targetHints":{"allow":["GET"]}}],"collection":[{"href":"https:\/\/bladnanews.com\/nl\/wp-json\/wp\/v2\/posts"}],"about":[{"href":"https:\/\/bladnanews.com\/nl\/wp-json\/wp\/v2\/types\/post"}],"author":[{"embeddable":true,"href":"https:\/\/bladnanews.com\/nl\/wp-json\/wp\/v2\/users\/3"}],"replies":[{"embeddable":true,"href":"https:\/\/bladnanews.com\/nl\/wp-json\/wp\/v2\/comments?post=11011"}],"version-history":[{"count":0,"href":"https:\/\/bladnanews.com\/nl\/wp-json\/wp\/v2\/posts\/11011\/revisions"}],"wp:featuredmedia":[{"embeddable":true,"href":"https:\/\/bladnanews.com\/nl\/wp-json\/wp\/v2\/media\/11010"}],"wp:attachment":[{"href":"https:\/\/bladnanews.com\/nl\/wp-json\/wp\/v2\/media?parent=11011"}],"wp:term":[{"taxonomy":"category","embeddable":true,"href":"https:\/\/bladnanews.com\/nl\/wp-json\/wp\/v2\/categories?post=11011"},{"taxonomy":"post_tag","embeddable":true,"href":"https:\/\/bladnanews.com\/nl\/wp-json\/wp\/v2\/tags?post=11011"}],"curies":[{"name":"wp","href":"https:\/\/api.w.org\/{rel}","templated":true}]}}