{"id":11029,"date":"2026-04-27T20:19:00","date_gmt":"2026-04-27T20:19:00","guid":{"rendered":"https:\/\/bladnanews.com\/casemiro-bids-farewell-to-manchester-united-in-ideal-fashion-2\/"},"modified":"2026-04-27T20:19:00","modified_gmt":"2026-04-27T20:19:00","slug":"casemiro-neemt-op-ideale-wijze-afscheid-van-manchester-united-2","status":"publish","type":"post","link":"https:\/\/bladnanews.com\/nl\/casemiro-neemt-op-ideale-wijze-afscheid-van-manchester-united-2\/","title":{"rendered":"Casemiro neemt op ideale wijze afscheid van Manchester United"},"content":{"rendered":"<p>Casemiro heeft op de meest passende manier een einde gemaakt aan zijn carri\u00e8re bij Manchester United, waarbij hij Old Trafford verliet met een afscheidscadeau dat zijn tijd bij de club samenvat.<\/p>\n<p>De Braziliaanse middenvelder, die in de zomer van 2022 van Real Madrid naar United kwam, speelde op zondag 25 mei 2025 zijn laatste wedstrijd voor de Rode Duivels, aan het einde van het Premier League-seizoen. En hij stelde niet teleur.<\/p>\n<p>In wat zijn laatste optreden in een United-shirt was, leverde Casemiro een man-van-de-wedstrijd-prestatie, met \u00e9\u00e9n doelpunt en \u00e9\u00e9n assist in een 3-1 overwinning op Fulham in Old Trafford. De overwinning zorgde ervoor dat United het seizoen op de vierde plaats afsloot, waarmee Champions League-voetbal voor het seizoen 2025-26 werd veiliggesteld.<\/p>\n<p>De 33-jarige opende de score in de 23e minuut door het hoogst te springen bij een corner van Bruno Fernandes en een kopbal langs Bernd Leno te schieten. Vlak voor de rust was hij vervolgens aangever, met een perfect gewogen pass door naar Marcus Rashford, die van dichtbij geen fout maakte.<\/p>\n<p>Fulham scoorde de aansluitingstreffer via Rodrigo Muniz in de 67e minuut, maar United herstelde de twee doelpunten voorsprong toen Alejandro Garnacho in de 81e minuut een fraai doelpunt binnenschoot. De uitslag stond eigenlijk nooit ter discussie.<\/p>\n<p>Na het eindsignaal kreeg Casemiro een erehaag van zijn teamgenoten terwijl hij voor de laatste keer het veld verliet. De Braziliaan was zichtbaar ge\u00ebmotioneerd en zwaaide naar alle vier de hoeken van het stadion terwijl de United-aanhang zijn naam scandeerde.<\/p>\n<p>\u201cHet was een eer om dit shirt te dragen,\u201d zei Casemiro in een verklaring die na de wedstrijd werd uitgebracht. \u201cIk heb alles gegeven voor deze club, en ik vertrek met opgeheven hoofd. De fans zijn vanaf dag \u00e9\u00e9n ongelooflijk geweest, en ik zal hen altijd in mijn hart dragen.\u201d<\/p>\n<p>United-manager Erik ten Hag bracht hulde aan de middenvelder en zei: \u201cCasemiro is een echte professional en een winnaar. Hij heeft zoveel ervaring en kwaliteit in dit team gebracht. We zullen hem missen, maar we wensen hem het allerbeste voor het volgende hoofdstuk van zijn carri\u00e8re.\u201d<\/p>\n<p>Rapporten suggereren dat Casemiro op het punt staat om bij de Saoedische Pro League-club Al-Nassr een driejarig contract te tekenen ter waarde van \u00a330 miljoen, met een offici\u00eble aankondiging die naar verwachting binnen de komende 48 uur zal plaatsvinden. De overstap betekent dat hij herenigd wordt met zijn voormalige Real Madrid-teamgenoot Cristiano Ronaldo.<\/p>\n<p>Gedurende zijn drie seizoenen bij United maakte Casemiro 112 optredens, scoorde hij 14 doelpunten en won hij in 2023 de EFL Cup. Hij vertrekt als een favoriet van de fans, nadat hij een sleutelrol heeft gespeeld in de terugkeer van de club naar de Champions League.<\/p>\n<p>Voor een speler die arriveerde met een reputatie als een van de beste verdedigende middenvelders van zijn generatie, was het afscheid van Casemiro ronduit perfect. Hij verliet het veld als winnaar, en het publiek in Old Trafford zorgde ervoor dat hij precies wist hoeveel hij voor hen betekende.<\/p>","protected":false},"excerpt":{"rendered":"<p>Casemiro has brought the curtain down on his Manchester United career in the most fitting way possible, leaving Old Trafford [&hellip;]<\/p>\n","protected":false},"author":3,"featured_media":11028,"comment_status":"","ping_status":"open","sticky":false,"template":"","format":"standard","meta":{"googlesitekit_rrm_CAow_uzEDA:productID":"","site-sidebar-layout":"default","site-content-layout":"","ast-site-content-layout":"default","site-content-style":"default","site-sidebar-style":"default","ast-global-header-display":"","ast-banner-title-visibility":"","ast-main-header-display":"","ast-hfb-above-header-display":"","ast-hfb-below-header-display":"","ast-hfb-mobile-header-display":"","site-post-title":"","ast-breadcrumbs-content":"","ast-featured-img":"","footer-sml-layout":"","ast-disable-related-posts":"","theme-transparent-header-meta":"","adv-header-id-meta":"","stick-header-meta":"","header-above-stick-meta":"","header-main-stick-meta":"","header-below-stick-meta":"","astra-migrate-meta-layouts":"default","ast-page-background-enabled":"default","ast-page-background-meta":{"desktop":{"background-color":"var(--ast-global-color-5)","background-image":"","background-repeat":"repeat","background-position":"center center","background-size":"auto","background-attachment":"scroll","background-type":"","background-media":"","overlay-type":"","overlay-color":"","overlay-opacity":"","overlay-gradient":""},"tablet":{"background-color":"","background-image":"","background-repeat":"repeat","background-position":"center center","background-size":"auto","background-attachment":"scroll","background-type":"","background-media":"","overlay-type":"","overlay-color":"","overlay-opacity":"","overlay-gradient":""},"mobile":{"background-color":"","background-image":"","background-repeat":"repeat","background-position":"center center","background-size":"auto","background-attachment":"scroll","background-type":"","background-media":"","overlay-type":"","overlay-color":"","overlay-opacity":"","overlay-gradient":""}},"ast-content-background-meta":{"desktop":{"background-color":"var(--ast-global-color-4)","background-image":"","background-repeat":"repeat","background-position":"center center","background-size":"auto","background-attachment":"scroll","background-type":"","background-media":"","overlay-type":"","overlay-color":"","overlay-opacity":"","overlay-gradient":""},"tablet":{"background-color":"var(--ast-global-color-4)","background-image":"","background-repeat":"repeat","background-position":"center center","background-size":"auto","background-attachment":"scroll","background-type":"","background-media":"","overlay-type":"","overlay-color":"","overlay-opacity":"","overlay-gradient":""},"mobile":{"background-color":"var(--ast-global-color-4)","background-image":"","background-repeat":"repeat","background-position":"center center","background-size":"auto","background-attachment":"scroll","background-type":"","background-media":"","overlay-type":"","overlay-color":"","overlay-opacity":"","overlay-gradient":""}},"footnotes":""},"categories":[20,1],"tags":[],"class_list":["post-11029","post","type-post","status-publish","format-standard","has-post-thumbnail","hentry","category-international","category-football-latest-news"],"yoast_head":"<!-- This site is optimized with the Yoast SEO Premium plugin v26.6 (Yoast SEO v27.4) - https:\/\/yoast.com\/product\/yoast-seo-premium-wordpress\/ -->\n<title>Casemiro bids farewell to Manchester United in ideal fashion - Bladna News<\/title>\n<meta name=\"robots\" content=\"index, follow, max-snippet:-1, max-image-preview:large, max-video-preview:-1\" \/>\n<link rel=\"canonical\" href=\"https:\/\/bladnanews.com\/nl\/casemiro-neemt-op-ideale-wijze-afscheid-van-manchester-united-2\/\" \/>\n<meta property=\"og:locale\" content=\"nl_NL\" \/>\n<meta property=\"og:type\" content=\"article\" \/>\n<meta property=\"og:title\" content=\"Casemiro bids farewell to Manchester United in ideal fashion\" \/>\n<meta property=\"og:description\" content=\"Casemiro has brought the curtain down on his Manchester United career in the most fitting way possible, leaving Old Trafford [&hellip;]\" \/>\n<meta property=\"og:url\" content=\"https:\/\/bladnanews.com\/nl\/casemiro-neemt-op-ideale-wijze-afscheid-van-manchester-united-2\/\" \/>\n<meta property=\"og:site_name\" content=\"Bladna News\" \/>\n<meta property=\"article:published_time\" content=\"2026-04-27T20:19:00+00:00\" \/>\n<meta property=\"og:image\" content=\"https:\/\/bladnanews.com\/wp-content\/uploads\/2025\/12\/freepik__bladna-newscom-moroccan-soccer-homepage-banner-mor__41838.png\" \/>\n\t<meta property=\"og:image:width\" content=\"1312\" \/>\n\t<meta property=\"og:image:height\" content=\"736\" \/>\n\t<meta property=\"og:image:type\" content=\"image\/png\" \/>\n<meta name=\"author\" content=\"Bladna News Staff\" \/>\n<meta name=\"twitter:card\" content=\"summary_large_image\" \/>\n<meta name=\"twitter:label1\" content=\"Geschreven door\" \/>\n\t<meta name=\"twitter:data1\" content=\"Bladna News Staff\" \/>\n\t<meta name=\"twitter:label2\" content=\"Geschatte leestijd\" \/>\n\t<meta name=\"twitter:data2\" content=\"2 minuten\" \/>\n<script type=\"application\/ld+json\" class=\"yoast-schema-graph\">{\"@context\":\"https:\\\/\\\/schema.org\",\"@graph\":[{\"@type\":\"Article\",\"@id\":\"https:\\\/\\\/bladnanews.com\\\/casemiro-bids-farewell-to-manchester-united-in-ideal-fashion-2\\\/#article\",\"isPartOf\":{\"@id\":\"https:\\\/\\\/bladnanews.com\\\/casemiro-bids-farewell-to-manchester-united-in-ideal-fashion-2\\\/\"},\"author\":{\"name\":\"Bladna News Staff\",\"@id\":\"https:\\\/\\\/mediumseagreen-eel-531711.hostingersite.com\\\/#\\\/schema\\\/person\\\/268e18a453ab080ebf76df6ef7845083\"},\"headline\":\"Casemiro bids farewell to Manchester United in ideal fashion\",\"datePublished\":\"2026-04-27T20:19:00+00:00\",\"mainEntityOfPage\":{\"@id\":\"https:\\\/\\\/bladnanews.com\\\/casemiro-bids-farewell-to-manchester-united-in-ideal-fashion-2\\\/\"},\"wordCount\":476,\"publisher\":{\"@id\":\"https:\\\/\\\/mediumseagreen-eel-531711.hostingersite.com\\\/#organization\"},\"image\":{\"@id\":\"https:\\\/\\\/bladnanews.com\\\/casemiro-bids-farewell-to-manchester-united-in-ideal-fashion-2\\\/#primaryimage\"},\"thumbnailUrl\":\"https:\\\/\\\/bladnanews.com\\\/wp-content\\\/uploads\\\/2026\\\/04\\\/GettyImages-2273419986-1.jpg-1.jpg\",\"articleSection\":[\"International\",\"Latest News\"],\"inLanguage\":\"nl-NL\",\"copyrightYear\":\"2026\",\"copyrightHolder\":{\"@id\":\"https:\\\/\\\/bladnanews.com\\\/nl\\\/#organization\"}},{\"@type\":\"WebPage\",\"@id\":\"https:\\\/\\\/bladnanews.com\\\/casemiro-bids-farewell-to-manchester-united-in-ideal-fashion-2\\\/\",\"url\":\"https:\\\/\\\/bladnanews.com\\\/casemiro-bids-farewell-to-manchester-united-in-ideal-fashion-2\\\/\",\"name\":\"Casemiro bids farewell to Manchester United in ideal fashion - Bladna News\",\"isPartOf\":{\"@id\":\"https:\\\/\\\/mediumseagreen-eel-531711.hostingersite.com\\\/#website\"},\"primaryImageOfPage\":{\"@id\":\"https:\\\/\\\/bladnanews.com\\\/casemiro-bids-farewell-to-manchester-united-in-ideal-fashion-2\\\/#primaryimage\"},\"image\":{\"@id\":\"https:\\\/\\\/bladnanews.com\\\/casemiro-bids-farewell-to-manchester-united-in-ideal-fashion-2\\\/#primaryimage\"},\"thumbnailUrl\":\"https:\\\/\\\/bladnanews.com\\\/wp-content\\\/uploads\\\/2026\\\/04\\\/GettyImages-2273419986-1.jpg-1.jpg\",\"datePublished\":\"2026-04-27T20:19:00+00:00\",\"breadcrumb\":{\"@id\":\"https:\\\/\\\/bladnanews.com\\\/casemiro-bids-farewell-to-manchester-united-in-ideal-fashion-2\\\/#breadcrumb\"},\"inLanguage\":\"nl-NL\",\"potentialAction\":[{\"@type\":\"ReadAction\",\"target\":[\"https:\\\/\\\/bladnanews.com\\\/casemiro-bids-farewell-to-manchester-united-in-ideal-fashion-2\\\/\"]}]},{\"@type\":\"ImageObject\",\"inLanguage\":\"nl-NL\",\"@id\":\"https:\\\/\\\/bladnanews.com\\\/casemiro-bids-farewell-to-manchester-united-in-ideal-fashion-2\\\/#primaryimage\",\"url\":\"https:\\\/\\\/bladnanews.com\\\/wp-content\\\/uploads\\\/2026\\\/04\\\/GettyImages-2273419986-1.jpg-1.jpg\",\"contentUrl\":\"https:\\\/\\\/bladnanews.com\\\/wp-content\\\/uploads\\\/2026\\\/04\\\/GettyImages-2273419986-1.jpg-1.jpg\",\"width\":1483,\"height\":834,\"caption\":\"Casemiro bids farewell to Manchester United in ideal fashion\"},{\"@type\":\"BreadcrumbList\",\"@id\":\"https:\\\/\\\/bladnanews.com\\\/casemiro-bids-farewell-to-manchester-united-in-ideal-fashion-2\\\/#breadcrumb\",\"itemListElement\":[{\"@type\":\"ListItem\",\"position\":1,\"name\":\"Home\",\"item\":\"https:\\\/\\\/bladnanews.com\\\/\"},{\"@type\":\"ListItem\",\"position\":2,\"name\":\"Casemiro bids farewell to Manchester United in ideal fashion\"}]},{\"@type\":\"WebSite\",\"@id\":\"https:\\\/\\\/mediumseagreen-eel-531711.hostingersite.com\\\/#website\",\"url\":\"https:\\\/\\\/mediumseagreen-eel-531711.hostingersite.com\\\/\",\"name\":\"Bladna News - Morocco\",\"description\":\"Where Moroccan Football Meets the World\",\"publisher\":{\"@id\":\"https:\\\/\\\/mediumseagreen-eel-531711.hostingersite.com\\\/#organization\"},\"potentialAction\":[{\"@type\":\"SearchAction\",\"target\":{\"@type\":\"EntryPoint\",\"urlTemplate\":\"https:\\\/\\\/mediumseagreen-eel-531711.hostingersite.com\\\/?s={search_term_string}\"},\"query-input\":{\"@type\":\"PropertyValueSpecification\",\"valueRequired\":true,\"valueName\":\"search_term_string\"}}],\"inLanguage\":\"nl-NL\"},{\"@type\":\"Organization\",\"@id\":\"https:\\\/\\\/mediumseagreen-eel-531711.hostingersite.com\\\/#organization\",\"name\":\"Bladna News.com\",\"url\":\"https:\\\/\\\/mediumseagreen-eel-531711.hostingersite.com\\\/\",\"logo\":{\"@type\":\"ImageObject\",\"inLanguage\":\"nl-NL\",\"@id\":\"https:\\\/\\\/mediumseagreen-eel-531711.hostingersite.com\\\/#\\\/schema\\\/logo\\\/image\\\/\",\"url\":\"https:\\\/\\\/bladnanews.com\\\/wp-content\\\/uploads\\\/2025\\\/12\\\/logo-bladnanews-V2-web-black-red.png\",\"contentUrl\":\"https:\\\/\\\/bladnanews.com\\\/wp-content\\\/uploads\\\/2025\\\/12\\\/logo-bladnanews-V2-web-black-red.png\",\"width\":703,\"height\":287,\"caption\":\"Bladna News.com\"},\"image\":{\"@id\":\"https:\\\/\\\/mediumseagreen-eel-531711.hostingersite.com\\\/#\\\/schema\\\/logo\\\/image\\\/\"},\"email\":\"info@bladnanews.com\",\"legalName\":\"Bladna News\"},{\"@type\":\"Person\",\"@id\":\"https:\\\/\\\/mediumseagreen-eel-531711.hostingersite.com\\\/#\\\/schema\\\/person\\\/268e18a453ab080ebf76df6ef7845083\",\"name\":\"Bladna News Staff\",\"url\":\"https:\\\/\\\/bladnanews.com\\\/nl\\\/author\\\/bladna-news-staff\\\/\"}]}<\/script>\n<!-- \/ Yoast SEO Premium plugin. -->","yoast_head_json":{"title":"Casemiro neemt op ideale wijze afscheid van Manchester United - Bladna News","robots":{"index":"index","follow":"follow","max-snippet":"max-snippet:-1","max-image-preview":"max-image-preview:large","max-video-preview":"max-video-preview:-1"},"canonical":"https:\/\/bladnanews.com\/nl\/casemiro-neemt-op-ideale-wijze-afscheid-van-manchester-united-2\/","og_locale":"nl_NL","og_type":"article","og_title":"Casemiro bids farewell to Manchester United in ideal fashion","og_description":"Casemiro has brought the curtain down on his Manchester United career in the most fitting way possible, leaving Old Trafford [&hellip;]","og_url":"https:\/\/bladnanews.com\/nl\/casemiro-neemt-op-ideale-wijze-afscheid-van-manchester-united-2\/","og_site_name":"Bladna News","article_published_time":"2026-04-27T20:19:00+00:00","og_image":[{"width":1312,"height":736,"url":"https:\/\/bladnanews.com\/wp-content\/uploads\/2025\/12\/freepik__bladna-newscom-moroccan-soccer-homepage-banner-mor__41838.png","type":"image\/png"}],"author":"Bladna News Staff","twitter_card":"summary_large_image","twitter_misc":{"Geschreven door":"Bladna News Staff","Geschatte leestijd":"2 minuten"},"schema":{"@context":"https:\/\/schema.org","@graph":[{"@type":"Article","@id":"https:\/\/bladnanews.com\/casemiro-bids-farewell-to-manchester-united-in-ideal-fashion-2\/#article","isPartOf":{"@id":"https:\/\/bladnanews.com\/casemiro-bids-farewell-to-manchester-united-in-ideal-fashion-2\/"},"author":{"name":"Bladna News Staff","@id":"https:\/\/mediumseagreen-eel-531711.hostingersite.com\/#\/schema\/person\/268e18a453ab080ebf76df6ef7845083"},"headline":"Casemiro bids farewell to Manchester United in ideal fashion","datePublished":"2026-04-27T20:19:00+00:00","mainEntityOfPage":{"@id":"https:\/\/bladnanews.com\/casemiro-bids-farewell-to-manchester-united-in-ideal-fashion-2\/"},"wordCount":476,"publisher":{"@id":"https:\/\/mediumseagreen-eel-531711.hostingersite.com\/#organization"},"image":{"@id":"https:\/\/bladnanews.com\/casemiro-bids-farewell-to-manchester-united-in-ideal-fashion-2\/#primaryimage"},"thumbnailUrl":"https:\/\/bladnanews.com\/wp-content\/uploads\/2026\/04\/GettyImages-2273419986-1.jpg-1.jpg","articleSection":["International","Latest News"],"inLanguage":"nl-NL","copyrightYear":"2026","copyrightHolder":{"@id":"https:\/\/bladnanews.com\/nl\/#organization"}},{"@type":"WebPage","@id":"https:\/\/bladnanews.com\/casemiro-bids-farewell-to-manchester-united-in-ideal-fashion-2\/","url":"https:\/\/bladnanews.com\/casemiro-bids-farewell-to-manchester-united-in-ideal-fashion-2\/","name":"Casemiro neemt op ideale wijze afscheid van Manchester United - Bladna News","isPartOf":{"@id":"https:\/\/mediumseagreen-eel-531711.hostingersite.com\/#website"},"primaryImageOfPage":{"@id":"https:\/\/bladnanews.com\/casemiro-bids-farewell-to-manchester-united-in-ideal-fashion-2\/#primaryimage"},"image":{"@id":"https:\/\/bladnanews.com\/casemiro-bids-farewell-to-manchester-united-in-ideal-fashion-2\/#primaryimage"},"thumbnailUrl":"https:\/\/bladnanews.com\/wp-content\/uploads\/2026\/04\/GettyImages-2273419986-1.jpg-1.jpg","datePublished":"2026-04-27T20:19:00+00:00","breadcrumb":{"@id":"https:\/\/bladnanews.com\/casemiro-bids-farewell-to-manchester-united-in-ideal-fashion-2\/#breadcrumb"},"inLanguage":"nl-NL","potentialAction":[{"@type":"ReadAction","target":["https:\/\/bladnanews.com\/casemiro-bids-farewell-to-manchester-united-in-ideal-fashion-2\/"]}]},{"@type":"ImageObject","inLanguage":"nl-NL","@id":"https:\/\/bladnanews.com\/casemiro-bids-farewell-to-manchester-united-in-ideal-fashion-2\/#primaryimage","url":"https:\/\/bladnanews.com\/wp-content\/uploads\/2026\/04\/GettyImages-2273419986-1.jpg-1.jpg","contentUrl":"https:\/\/bladnanews.com\/wp-content\/uploads\/2026\/04\/GettyImages-2273419986-1.jpg-1.jpg","width":1483,"height":834,"caption":"Casemiro bids farewell to Manchester United in ideal fashion"},{"@type":"BreadcrumbList","@id":"https:\/\/bladnanews.com\/casemiro-bids-farewell-to-manchester-united-in-ideal-fashion-2\/#breadcrumb","itemListElement":[{"@type":"ListItem","position":1,"name":"Home","item":"https:\/\/bladnanews.com\/"},{"@type":"ListItem","position":2,"name":"Casemiro bids farewell to Manchester United in ideal fashion"}]},{"@type":"WebSite","@id":"https:\/\/mediumseagreen-eel-531711.hostingersite.com\/#website","url":"https:\/\/mediumseagreen-eel-531711.hostingersite.com\/","name":"Bladna Nieuws - Marokko","description":"Waar Marokkaans voetbal de wereld ontmoet","publisher":{"@id":"https:\/\/mediumseagreen-eel-531711.hostingersite.com\/#organization"},"potentialAction":[{"@type":"SearchAction","target":{"@type":"EntryPoint","urlTemplate":"https:\/\/mediumseagreen-eel-531711.hostingersite.com\/?s={search_term_string}"},"query-input":{"@type":"PropertyValueSpecification","valueRequired":true,"valueName":"search_term_string"}}],"inLanguage":"nl-NL"},{"@type":"Organization","@id":"https:\/\/mediumseagreen-eel-531711.hostingersite.com\/#organization","name":"Bladna Nieuws.com","url":"https:\/\/mediumseagreen-eel-531711.hostingersite.com\/","logo":{"@type":"ImageObject","inLanguage":"nl-NL","@id":"https:\/\/mediumseagreen-eel-531711.hostingersite.com\/#\/schema\/logo\/image\/","url":"https:\/\/bladnanews.com\/wp-content\/uploads\/2025\/12\/logo-bladnanews-V2-web-black-red.png","contentUrl":"https:\/\/bladnanews.com\/wp-content\/uploads\/2025\/12\/logo-bladnanews-V2-web-black-red.png","width":703,"height":287,"caption":"Bladna News.com"},"image":{"@id":"https:\/\/mediumseagreen-eel-531711.hostingersite.com\/#\/schema\/logo\/image\/"},"email":"info@bladnanews.com","legalName":"Bladna News"},{"@type":"Person","@id":"https:\/\/mediumseagreen-eel-531711.hostingersite.com\/#\/schema\/person\/268e18a453ab080ebf76df6ef7845083","name":"Bladna Nieuwsredactie","url":"https:\/\/bladnanews.com\/nl\/author\/bladna-news-staff\/"}]}},"_links":{"self":[{"href":"https:\/\/bladnanews.com\/nl\/wp-json\/wp\/v2\/posts\/11029","targetHints":{"allow":["GET"]}}],"collection":[{"href":"https:\/\/bladnanews.com\/nl\/wp-json\/wp\/v2\/posts"}],"about":[{"href":"https:\/\/bladnanews.com\/nl\/wp-json\/wp\/v2\/types\/post"}],"author":[{"embeddable":true,"href":"https:\/\/bladnanews.com\/nl\/wp-json\/wp\/v2\/users\/3"}],"replies":[{"embeddable":true,"href":"https:\/\/bladnanews.com\/nl\/wp-json\/wp\/v2\/comments?post=11029"}],"version-history":[{"count":0,"href":"https:\/\/bladnanews.com\/nl\/wp-json\/wp\/v2\/posts\/11029\/revisions"}],"wp:featuredmedia":[{"embeddable":true,"href":"https:\/\/bladnanews.com\/nl\/wp-json\/wp\/v2\/media\/11028"}],"wp:attachment":[{"href":"https:\/\/bladnanews.com\/nl\/wp-json\/wp\/v2\/media?parent=11029"}],"wp:term":[{"taxonomy":"category","embeddable":true,"href":"https:\/\/bladnanews.com\/nl\/wp-json\/wp\/v2\/categories?post=11029"},{"taxonomy":"post_tag","embeddable":true,"href":"https:\/\/bladnanews.com\/nl\/wp-json\/wp\/v2\/tags?post=11029"}],"curies":[{"name":"wp","href":"https:\/\/api.w.org\/{rel}","templated":true}]}}