{"id":11059,"date":"2026-04-28T20:34:34","date_gmt":"2026-04-28T20:34:34","guid":{"rendered":"https:\/\/bladnanews.com\/dembele-follows-di-marias-footsteps-in-champions-league\/"},"modified":"2026-04-28T20:34:34","modified_gmt":"2026-04-28T20:34:34","slug":"dembele-volgt-in-de-voetsporen-van-di-maria-in-de-champions-league","status":"publish","type":"post","link":"https:\/\/bladnanews.com\/nl\/dembele-volgt-in-de-voetsporen-van-di-maria-in-de-champions-league\/","title":{"rendered":"Demb\u00e9l\u00e9 volgt in de voetsporen van Di Mar\u00eda in de Champions League"},"content":{"rendered":"<p>Ousmane Demb\u00e9l\u00e9 loopt dit seizoen in de voetsporen van \u00c1ngel Di Mar\u00eda in de UEFA Champions League. De vleugelspeler van Paris Saint-Germain heeft een opmerkelijke mijlpaal bereikt die eerder alleen de Argentijn in de geschiedenis van de competitie had weten te realiseren.<\/p>\n<p>Volgens offici\u00eble UEFA-statistieken heeft Demb\u00e9l\u00e9 nu in zes opeenvolgende Champions League-optredens gescoord. De laatste speler die deze prestatie leverde, was Di Mar\u00eda, die dit deed tijdens het seizoen 2018-2019, toen hij voor Paris Saint-Germain speelde.<\/p>\n<p>De Franse international opende de score in de 3-0 overwinning van PSG op Brest in de eerste wedstrijd van de play-offs van de knock-outfase van de Champions League op dinsdagavond. Dat doelpunt verlengde zijn scorende reeks tot zes opeenvolgende wedstrijden in het toernooi.<\/p>\n<p>De reeks van Demb\u00e9l\u00e9 begon op speeldag vijf van de competitiefase tegen Bayern M\u00fcnchen in november 2024. Vervolgens scoorde hij in de competitiefase tegen Salzburg, Manchester City, Stuttgart en Brest, voordat hij in de eerste wedstrijd van de play-offs opnieuw tegen Brest scoorde.<\/p>\n<p>De 27-jarige verkeert in verwoestende vorm voor de ploeg van Luis Enrique. Zijn scorende reeks van zes wedstrijden omvat doelpunten tegen enkele van de topclubs van Europa, wat zijn belang voor de aanvallende dreiging van PSG onderstreept.<\/p>\n<p>Di Mar\u00eda zette de maatstaf tijdens het seizoen 2018-2019, toen hij in zes opeenvolgende Champions League-wedstrijden voor PSG scoorde. Die reeks omvatte doelpunten tegen Rode Ster Belgrado, Napoli, Liverpool en Manchester United.<\/p>\n<p>Demb\u00e9l\u00e9 heeft nu de kans om het record van Di Mar\u00eda te overtreffen als hij scoort in de volgende Champions League-wedstrijd van PSG. De tweede wedstrijd tegen Brest staat gepland voor 19 februari 2025 in het Parc des Princes.<\/p>\n<p>PSG-hoofdtrainer Luis Enrique prees de consistentie van Demb\u00e9l\u00e9 na de wedstrijd. \u201cOusmane toont zijn ware niveau,\u201d zei de Spaanse coach. \u201cHij is beslissend in elke wedstrijd, en dat is wat we verwachten van een speler van zijn kwaliteit.\u201d<\/p>\n<p>De Parijse club hoopt dat Demb\u00e9l\u00e9 zijn scorende vorm kan behouden terwijl ze proberen verder te komen in de competitie. PSG is de grote favoriet om Brest te verslaan en de achtste finales te bereiken.<\/p>","protected":false},"excerpt":{"rendered":"<p>Ousmane Demb\u00e9l\u00e9 is walking in \u00c1ngel Di Mar\u00eda\u2019s footsteps in the UEFA Champions League this season. The Paris Saint-Germain winger [&hellip;]<\/p>\n","protected":false},"author":3,"featured_media":11058,"comment_status":"","ping_status":"open","sticky":false,"template":"","format":"standard","meta":{"googlesitekit_rrm_CAow_uzEDA:productID":"","site-sidebar-layout":"default","site-content-layout":"","ast-site-content-layout":"default","site-content-style":"default","site-sidebar-style":"default","ast-global-header-display":"","ast-banner-title-visibility":"","ast-main-header-display":"","ast-hfb-above-header-display":"","ast-hfb-below-header-display":"","ast-hfb-mobile-header-display":"","site-post-title":"","ast-breadcrumbs-content":"","ast-featured-img":"","footer-sml-layout":"","ast-disable-related-posts":"","theme-transparent-header-meta":"","adv-header-id-meta":"","stick-header-meta":"","header-above-stick-meta":"","header-main-stick-meta":"","header-below-stick-meta":"","astra-migrate-meta-layouts":"default","ast-page-background-enabled":"default","ast-page-background-meta":{"desktop":{"background-color":"var(--ast-global-color-5)","background-image":"","background-repeat":"repeat","background-position":"center center","background-size":"auto","background-attachment":"scroll","background-type":"","background-media":"","overlay-type":"","overlay-color":"","overlay-opacity":"","overlay-gradient":""},"tablet":{"background-color":"","background-image":"","background-repeat":"repeat","background-position":"center center","background-size":"auto","background-attachment":"scroll","background-type":"","background-media":"","overlay-type":"","overlay-color":"","overlay-opacity":"","overlay-gradient":""},"mobile":{"background-color":"","background-image":"","background-repeat":"repeat","background-position":"center center","background-size":"auto","background-attachment":"scroll","background-type":"","background-media":"","overlay-type":"","overlay-color":"","overlay-opacity":"","overlay-gradient":""}},"ast-content-background-meta":{"desktop":{"background-color":"var(--ast-global-color-4)","background-image":"","background-repeat":"repeat","background-position":"center center","background-size":"auto","background-attachment":"scroll","background-type":"","background-media":"","overlay-type":"","overlay-color":"","overlay-opacity":"","overlay-gradient":""},"tablet":{"background-color":"var(--ast-global-color-4)","background-image":"","background-repeat":"repeat","background-position":"center center","background-size":"auto","background-attachment":"scroll","background-type":"","background-media":"","overlay-type":"","overlay-color":"","overlay-opacity":"","overlay-gradient":""},"mobile":{"background-color":"var(--ast-global-color-4)","background-image":"","background-repeat":"repeat","background-position":"center center","background-size":"auto","background-attachment":"scroll","background-type":"","background-media":"","overlay-type":"","overlay-color":"","overlay-opacity":"","overlay-gradient":""}},"footnotes":""},"categories":[20,1],"tags":[],"class_list":["post-11059","post","type-post","status-publish","format-standard","has-post-thumbnail","hentry","category-international","category-football-latest-news"],"yoast_head":"<!-- This site is optimized with the Yoast SEO Premium plugin v26.6 (Yoast SEO v27.5) - https:\/\/yoast.com\/product\/yoast-seo-premium-wordpress\/ -->\n<title>Demb\u00e9l\u00e9 follows Di Mar\u00eda\u2019s footsteps in Champions League - Bladna News<\/title>\n<meta name=\"robots\" content=\"index, follow, max-snippet:-1, max-image-preview:large, max-video-preview:-1\" \/>\n<link rel=\"canonical\" href=\"https:\/\/bladnanews.com\/nl\/dembele-volgt-in-de-voetsporen-van-di-maria-in-de-champions-league\/\" \/>\n<meta property=\"og:locale\" content=\"nl_NL\" \/>\n<meta property=\"og:type\" content=\"article\" \/>\n<meta property=\"og:title\" content=\"Demb\u00e9l\u00e9 follows Di Mar\u00eda\u2019s footsteps in Champions League\" \/>\n<meta property=\"og:description\" content=\"Ousmane Demb\u00e9l\u00e9 is walking in \u00c1ngel Di Mar\u00eda\u2019s footsteps in the UEFA Champions League this season. The Paris Saint-Germain winger [&hellip;]\" \/>\n<meta property=\"og:url\" content=\"https:\/\/bladnanews.com\/nl\/dembele-volgt-in-de-voetsporen-van-di-maria-in-de-champions-league\/\" \/>\n<meta property=\"og:site_name\" content=\"Bladna News\" \/>\n<meta property=\"article:published_time\" content=\"2026-04-28T20:34:34+00:00\" \/>\n<meta property=\"og:image\" content=\"https:\/\/bladnanews.com\/wp-content\/uploads\/2025\/12\/freepik__bladna-newscom-moroccan-soccer-homepage-banner-mor__41838.png\" \/>\n\t<meta property=\"og:image:width\" content=\"1312\" \/>\n\t<meta property=\"og:image:height\" content=\"736\" \/>\n\t<meta property=\"og:image:type\" content=\"image\/png\" \/>\n<meta name=\"author\" content=\"Bladna News Staff\" \/>\n<meta name=\"twitter:card\" content=\"summary_large_image\" \/>\n<meta name=\"twitter:label1\" content=\"Geschreven door\" \/>\n\t<meta name=\"twitter:data1\" content=\"Bladna News Staff\" \/>\n\t<meta name=\"twitter:label2\" content=\"Geschatte leestijd\" \/>\n\t<meta name=\"twitter:data2\" content=\"2 minuten\" \/>\n<script type=\"application\/ld+json\" class=\"yoast-schema-graph\">{\"@context\":\"https:\\\/\\\/schema.org\",\"@graph\":[{\"@type\":\"Article\",\"@id\":\"https:\\\/\\\/bladnanews.com\\\/dembele-follows-di-marias-footsteps-in-champions-league\\\/#article\",\"isPartOf\":{\"@id\":\"https:\\\/\\\/bladnanews.com\\\/dembele-follows-di-marias-footsteps-in-champions-league\\\/\"},\"author\":{\"name\":\"Bladna News Staff\",\"@id\":\"https:\\\/\\\/mediumseagreen-eel-531711.hostingersite.com\\\/#\\\/schema\\\/person\\\/268e18a453ab080ebf76df6ef7845083\"},\"headline\":\"Demb\u00e9l\u00e9 follows Di Mar\u00eda\u2019s footsteps in Champions League\",\"datePublished\":\"2026-04-28T20:34:34+00:00\",\"mainEntityOfPage\":{\"@id\":\"https:\\\/\\\/bladnanews.com\\\/dembele-follows-di-marias-footsteps-in-champions-league\\\/\"},\"wordCount\":354,\"publisher\":{\"@id\":\"https:\\\/\\\/mediumseagreen-eel-531711.hostingersite.com\\\/#organization\"},\"image\":{\"@id\":\"https:\\\/\\\/bladnanews.com\\\/dembele-follows-di-marias-footsteps-in-champions-league\\\/#primaryimage\"},\"thumbnailUrl\":\"https:\\\/\\\/bladnanews.com\\\/wp-content\\\/uploads\\\/2026\\\/04\\\/GettyImages-2273058573.jpg-scaled.jpg\",\"articleSection\":[\"International\",\"Latest News\"],\"inLanguage\":\"nl-NL\",\"copyrightYear\":\"2026\",\"copyrightHolder\":{\"@id\":\"https:\\\/\\\/bladnanews.com\\\/nl\\\/#organization\"}},{\"@type\":\"WebPage\",\"@id\":\"https:\\\/\\\/bladnanews.com\\\/dembele-follows-di-marias-footsteps-in-champions-league\\\/\",\"url\":\"https:\\\/\\\/bladnanews.com\\\/dembele-follows-di-marias-footsteps-in-champions-league\\\/\",\"name\":\"Demb\u00e9l\u00e9 follows Di Mar\u00eda\u2019s footsteps in Champions League - Bladna News\",\"isPartOf\":{\"@id\":\"https:\\\/\\\/mediumseagreen-eel-531711.hostingersite.com\\\/#website\"},\"primaryImageOfPage\":{\"@id\":\"https:\\\/\\\/bladnanews.com\\\/dembele-follows-di-marias-footsteps-in-champions-league\\\/#primaryimage\"},\"image\":{\"@id\":\"https:\\\/\\\/bladnanews.com\\\/dembele-follows-di-marias-footsteps-in-champions-league\\\/#primaryimage\"},\"thumbnailUrl\":\"https:\\\/\\\/bladnanews.com\\\/wp-content\\\/uploads\\\/2026\\\/04\\\/GettyImages-2273058573.jpg-scaled.jpg\",\"datePublished\":\"2026-04-28T20:34:34+00:00\",\"breadcrumb\":{\"@id\":\"https:\\\/\\\/bladnanews.com\\\/dembele-follows-di-marias-footsteps-in-champions-league\\\/#breadcrumb\"},\"inLanguage\":\"nl-NL\",\"potentialAction\":[{\"@type\":\"ReadAction\",\"target\":[\"https:\\\/\\\/bladnanews.com\\\/dembele-follows-di-marias-footsteps-in-champions-league\\\/\"]}]},{\"@type\":\"ImageObject\",\"inLanguage\":\"nl-NL\",\"@id\":\"https:\\\/\\\/bladnanews.com\\\/dembele-follows-di-marias-footsteps-in-champions-league\\\/#primaryimage\",\"url\":\"https:\\\/\\\/bladnanews.com\\\/wp-content\\\/uploads\\\/2026\\\/04\\\/GettyImages-2273058573.jpg-scaled.jpg\",\"contentUrl\":\"https:\\\/\\\/bladnanews.com\\\/wp-content\\\/uploads\\\/2026\\\/04\\\/GettyImages-2273058573.jpg-scaled.jpg\",\"width\":2560,\"height\":1440,\"caption\":\"Demb\u00e9l\u00e9 follows Di Mar\u00eda\u2019s footsteps in Champions League\"},{\"@type\":\"BreadcrumbList\",\"@id\":\"https:\\\/\\\/bladnanews.com\\\/dembele-follows-di-marias-footsteps-in-champions-league\\\/#breadcrumb\",\"itemListElement\":[{\"@type\":\"ListItem\",\"position\":1,\"name\":\"Home\",\"item\":\"https:\\\/\\\/bladnanews.com\\\/\"},{\"@type\":\"ListItem\",\"position\":2,\"name\":\"Demb\u00e9l\u00e9 follows Di Mar\u00eda\u2019s footsteps in Champions League\"}]},{\"@type\":\"WebSite\",\"@id\":\"https:\\\/\\\/mediumseagreen-eel-531711.hostingersite.com\\\/#website\",\"url\":\"https:\\\/\\\/mediumseagreen-eel-531711.hostingersite.com\\\/\",\"name\":\"Bladna News - Morocco\",\"description\":\"Where Moroccan Football Meets the World\",\"publisher\":{\"@id\":\"https:\\\/\\\/mediumseagreen-eel-531711.hostingersite.com\\\/#organization\"},\"potentialAction\":[{\"@type\":\"SearchAction\",\"target\":{\"@type\":\"EntryPoint\",\"urlTemplate\":\"https:\\\/\\\/mediumseagreen-eel-531711.hostingersite.com\\\/?s={search_term_string}\"},\"query-input\":{\"@type\":\"PropertyValueSpecification\",\"valueRequired\":true,\"valueName\":\"search_term_string\"}}],\"inLanguage\":\"nl-NL\"},{\"@type\":\"Organization\",\"@id\":\"https:\\\/\\\/mediumseagreen-eel-531711.hostingersite.com\\\/#organization\",\"name\":\"Bladna News.com\",\"url\":\"https:\\\/\\\/mediumseagreen-eel-531711.hostingersite.com\\\/\",\"logo\":{\"@type\":\"ImageObject\",\"inLanguage\":\"nl-NL\",\"@id\":\"https:\\\/\\\/mediumseagreen-eel-531711.hostingersite.com\\\/#\\\/schema\\\/logo\\\/image\\\/\",\"url\":\"https:\\\/\\\/bladnanews.com\\\/wp-content\\\/uploads\\\/2025\\\/12\\\/logo-bladnanews-V2-web-black-red.png\",\"contentUrl\":\"https:\\\/\\\/bladnanews.com\\\/wp-content\\\/uploads\\\/2025\\\/12\\\/logo-bladnanews-V2-web-black-red.png\",\"width\":703,\"height\":287,\"caption\":\"Bladna News.com\"},\"image\":{\"@id\":\"https:\\\/\\\/mediumseagreen-eel-531711.hostingersite.com\\\/#\\\/schema\\\/logo\\\/image\\\/\"},\"email\":\"info@bladnanews.com\",\"legalName\":\"Bladna News\"},{\"@type\":\"Person\",\"@id\":\"https:\\\/\\\/mediumseagreen-eel-531711.hostingersite.com\\\/#\\\/schema\\\/person\\\/268e18a453ab080ebf76df6ef7845083\",\"name\":\"Bladna News Staff\",\"url\":\"https:\\\/\\\/bladnanews.com\\\/nl\\\/author\\\/bladna-news-staff\\\/\"}]}<\/script>\n<!-- \/ Yoast SEO Premium plugin. -->","yoast_head_json":{"title":"Demb\u00e9l\u00e9 volgt in de voetsporen van Di Mar\u00eda in de Champions League - Bladna News","robots":{"index":"index","follow":"follow","max-snippet":"max-snippet:-1","max-image-preview":"max-image-preview:large","max-video-preview":"max-video-preview:-1"},"canonical":"https:\/\/bladnanews.com\/nl\/dembele-volgt-in-de-voetsporen-van-di-maria-in-de-champions-league\/","og_locale":"nl_NL","og_type":"article","og_title":"Demb\u00e9l\u00e9 follows Di Mar\u00eda\u2019s footsteps in Champions League","og_description":"Ousmane Demb\u00e9l\u00e9 is walking in \u00c1ngel Di Mar\u00eda\u2019s footsteps in the UEFA Champions League this season. The Paris Saint-Germain winger [&hellip;]","og_url":"https:\/\/bladnanews.com\/nl\/dembele-volgt-in-de-voetsporen-van-di-maria-in-de-champions-league\/","og_site_name":"Bladna News","article_published_time":"2026-04-28T20:34:34+00:00","og_image":[{"width":1312,"height":736,"url":"https:\/\/bladnanews.com\/wp-content\/uploads\/2025\/12\/freepik__bladna-newscom-moroccan-soccer-homepage-banner-mor__41838.png","type":"image\/png"}],"author":"Bladna News Staff","twitter_card":"summary_large_image","twitter_misc":{"Geschreven door":"Bladna News Staff","Geschatte leestijd":"2 minuten"},"schema":{"@context":"https:\/\/schema.org","@graph":[{"@type":"Article","@id":"https:\/\/bladnanews.com\/dembele-follows-di-marias-footsteps-in-champions-league\/#article","isPartOf":{"@id":"https:\/\/bladnanews.com\/dembele-follows-di-marias-footsteps-in-champions-league\/"},"author":{"name":"Bladna News Staff","@id":"https:\/\/mediumseagreen-eel-531711.hostingersite.com\/#\/schema\/person\/268e18a453ab080ebf76df6ef7845083"},"headline":"Demb\u00e9l\u00e9 follows Di Mar\u00eda\u2019s footsteps in Champions League","datePublished":"2026-04-28T20:34:34+00:00","mainEntityOfPage":{"@id":"https:\/\/bladnanews.com\/dembele-follows-di-marias-footsteps-in-champions-league\/"},"wordCount":354,"publisher":{"@id":"https:\/\/mediumseagreen-eel-531711.hostingersite.com\/#organization"},"image":{"@id":"https:\/\/bladnanews.com\/dembele-follows-di-marias-footsteps-in-champions-league\/#primaryimage"},"thumbnailUrl":"https:\/\/bladnanews.com\/wp-content\/uploads\/2026\/04\/GettyImages-2273058573.jpg-scaled.jpg","articleSection":["International","Latest News"],"inLanguage":"nl-NL","copyrightYear":"2026","copyrightHolder":{"@id":"https:\/\/bladnanews.com\/nl\/#organization"}},{"@type":"WebPage","@id":"https:\/\/bladnanews.com\/dembele-follows-di-marias-footsteps-in-champions-league\/","url":"https:\/\/bladnanews.com\/dembele-follows-di-marias-footsteps-in-champions-league\/","name":"Demb\u00e9l\u00e9 volgt in de voetsporen van Di Mar\u00eda in de Champions League - Bladna News","isPartOf":{"@id":"https:\/\/mediumseagreen-eel-531711.hostingersite.com\/#website"},"primaryImageOfPage":{"@id":"https:\/\/bladnanews.com\/dembele-follows-di-marias-footsteps-in-champions-league\/#primaryimage"},"image":{"@id":"https:\/\/bladnanews.com\/dembele-follows-di-marias-footsteps-in-champions-league\/#primaryimage"},"thumbnailUrl":"https:\/\/bladnanews.com\/wp-content\/uploads\/2026\/04\/GettyImages-2273058573.jpg-scaled.jpg","datePublished":"2026-04-28T20:34:34+00:00","breadcrumb":{"@id":"https:\/\/bladnanews.com\/dembele-follows-di-marias-footsteps-in-champions-league\/#breadcrumb"},"inLanguage":"nl-NL","potentialAction":[{"@type":"ReadAction","target":["https:\/\/bladnanews.com\/dembele-follows-di-marias-footsteps-in-champions-league\/"]}]},{"@type":"ImageObject","inLanguage":"nl-NL","@id":"https:\/\/bladnanews.com\/dembele-follows-di-marias-footsteps-in-champions-league\/#primaryimage","url":"https:\/\/bladnanews.com\/wp-content\/uploads\/2026\/04\/GettyImages-2273058573.jpg-scaled.jpg","contentUrl":"https:\/\/bladnanews.com\/wp-content\/uploads\/2026\/04\/GettyImages-2273058573.jpg-scaled.jpg","width":2560,"height":1440,"caption":"Demb\u00e9l\u00e9 follows Di Mar\u00eda\u2019s footsteps in Champions League"},{"@type":"BreadcrumbList","@id":"https:\/\/bladnanews.com\/dembele-follows-di-marias-footsteps-in-champions-league\/#breadcrumb","itemListElement":[{"@type":"ListItem","position":1,"name":"Home","item":"https:\/\/bladnanews.com\/"},{"@type":"ListItem","position":2,"name":"Demb\u00e9l\u00e9 follows Di Mar\u00eda\u2019s footsteps in Champions League"}]},{"@type":"WebSite","@id":"https:\/\/mediumseagreen-eel-531711.hostingersite.com\/#website","url":"https:\/\/mediumseagreen-eel-531711.hostingersite.com\/","name":"Bladna Nieuws - Marokko","description":"Waar Marokkaans voetbal de wereld ontmoet","publisher":{"@id":"https:\/\/mediumseagreen-eel-531711.hostingersite.com\/#organization"},"potentialAction":[{"@type":"SearchAction","target":{"@type":"EntryPoint","urlTemplate":"https:\/\/mediumseagreen-eel-531711.hostingersite.com\/?s={search_term_string}"},"query-input":{"@type":"PropertyValueSpecification","valueRequired":true,"valueName":"search_term_string"}}],"inLanguage":"nl-NL"},{"@type":"Organization","@id":"https:\/\/mediumseagreen-eel-531711.hostingersite.com\/#organization","name":"Bladna Nieuws.com","url":"https:\/\/mediumseagreen-eel-531711.hostingersite.com\/","logo":{"@type":"ImageObject","inLanguage":"nl-NL","@id":"https:\/\/mediumseagreen-eel-531711.hostingersite.com\/#\/schema\/logo\/image\/","url":"https:\/\/bladnanews.com\/wp-content\/uploads\/2025\/12\/logo-bladnanews-V2-web-black-red.png","contentUrl":"https:\/\/bladnanews.com\/wp-content\/uploads\/2025\/12\/logo-bladnanews-V2-web-black-red.png","width":703,"height":287,"caption":"Bladna News.com"},"image":{"@id":"https:\/\/mediumseagreen-eel-531711.hostingersite.com\/#\/schema\/logo\/image\/"},"email":"info@bladnanews.com","legalName":"Bladna News"},{"@type":"Person","@id":"https:\/\/mediumseagreen-eel-531711.hostingersite.com\/#\/schema\/person\/268e18a453ab080ebf76df6ef7845083","name":"Bladna Nieuwsredactie","url":"https:\/\/bladnanews.com\/nl\/author\/bladna-news-staff\/"}]}},"_links":{"self":[{"href":"https:\/\/bladnanews.com\/nl\/wp-json\/wp\/v2\/posts\/11059","targetHints":{"allow":["GET"]}}],"collection":[{"href":"https:\/\/bladnanews.com\/nl\/wp-json\/wp\/v2\/posts"}],"about":[{"href":"https:\/\/bladnanews.com\/nl\/wp-json\/wp\/v2\/types\/post"}],"author":[{"embeddable":true,"href":"https:\/\/bladnanews.com\/nl\/wp-json\/wp\/v2\/users\/3"}],"replies":[{"embeddable":true,"href":"https:\/\/bladnanews.com\/nl\/wp-json\/wp\/v2\/comments?post=11059"}],"version-history":[{"count":0,"href":"https:\/\/bladnanews.com\/nl\/wp-json\/wp\/v2\/posts\/11059\/revisions"}],"wp:featuredmedia":[{"embeddable":true,"href":"https:\/\/bladnanews.com\/nl\/wp-json\/wp\/v2\/media\/11058"}],"wp:attachment":[{"href":"https:\/\/bladnanews.com\/nl\/wp-json\/wp\/v2\/media?parent=11059"}],"wp:term":[{"taxonomy":"category","embeddable":true,"href":"https:\/\/bladnanews.com\/nl\/wp-json\/wp\/v2\/categories?post=11059"},{"taxonomy":"post_tag","embeddable":true,"href":"https:\/\/bladnanews.com\/nl\/wp-json\/wp\/v2\/tags?post=11059"}],"curies":[{"name":"wp","href":"https:\/\/api.w.org\/{rel}","templated":true}]}}