{"id":11123,"date":"2026-04-30T11:51:37","date_gmt":"2026-04-30T11:51:37","guid":{"rendered":"https:\/\/bladnanews.com\/canadas-world-cup-story-a-promising-project-fueled-by-fan-passion\/"},"modified":"2026-04-30T11:51:37","modified_gmt":"2026-04-30T11:51:37","slug":"canadas-wk-verhaal-een-veelbelovend-project-aangewakkerd-door-de-passie-van-de-fans","status":"publish","type":"post","link":"https:\/\/bladnanews.com\/nl\/canadas-wk-verhaal-een-veelbelovend-project-aangewakkerd-door-de-passie-van-de-fans\/","title":{"rendered":"Canada\u2019s WK-verhaal: een veelbelovend project gevoed door fanpassie"},"content":{"rendered":"<p>Canada's reis naar het WK 2026 is meer dan alleen een kwalificatieverhaal. Het is een verhaal over een veelbelovend voetbalproject, dat nu wordt versterkt door de groeiende passie van zijn fans.<\/p>\n<p>Het land zal in 2026 samen met de Verenigde Staten en Mexico het toernooi organiseren. Voor Canada markeert dit een historisch moment. Het zal pas de tweede keer zijn dat het nationale mannenteam het WK bereikt, na hun enige deelname in 1986.<\/p>\n<p>Die campagne van 1986 in Mexico eindigde zonder een enkel doelpunt en met drie nederlagen. Maar de huidige generatie heeft het verhaal veranderd. Onder hoofdcoach John Herdman heeft het team echte vooruitgang geboekt. Ze eindigden als eerste in de CONCACAF-kwalificatiegroep voor Qatar 2022 en verzekerden zich van hun plek met een overtuigende reeks.<\/p>\n<p>Op het WK 2022 in Qatar toonde Canada aan dat ze er thuishoorden. Ze scoorden hun allereerste WK-doelpunt, een strafschop van Alphonso Davies tegen Kroati\u00eb. Hoewel ze alle drie de groepswedstrijden verloren, waren de prestaties bemoedigend. Ze zetten Belgi\u00eb in de openingswedstrijd flink onder druk en namen het op tegen Kroati\u00eb, voordat ze werden verslagen door ervaring.<\/p>\n<p>De echte verschuiving vindt echter plaats buiten het veld. Canadese fans hebben het team omarmd als nooit tevoren. Stadions raken vol. Kijkcijferrecords worden verbroken. Het \u201cCanMNT\u201d-merk is een symbool van nationale trots geworden.<\/p>\n<p>Sleutelspelers zoals Alphonso Davies (Bayern M\u00fcnchen) en Jonathan David (Lille) zijn bekende namen geworden. Zij vertegenwoordigen een generatie die is opgegroeid met de droom om op het hoogste niveau te spelen. De nationale competitie, de Canadian Premier League, gelanceerd in 2019, levert ook talent aan de nationale ploeg.<\/p>\n<p>Voor 2026 zal Canada zijn groepswedstrijden op eigen bodem spelen. Het vooruitzicht om voor gepassioneerde thuispublieken in Toronto en Vancouver te spelen, is een enorme boost. Het team neemt niet langer alleen maar deel. Ze streven ernaar concurrerend te zijn.<\/p>\n<p>Het project is nog jong, maar de basis is solide. Met een getalenteerde selectie en een natie die nu volledig achter hen staat, begint Canada's WK-verhaal pas net. De energie van de fans is het sterkste wapen van het team geworden.<\/p>","protected":false},"excerpt":{"rendered":"<p>Canada\u2019s journey to the 2026 World Cup is more than just a qualification story. It is a tale of a [&hellip;]<\/p>\n","protected":false},"author":3,"featured_media":11122,"comment_status":"","ping_status":"open","sticky":false,"template":"","format":"standard","meta":{"googlesitekit_rrm_CAow_uzEDA:productID":"","site-sidebar-layout":"default","site-content-layout":"","ast-site-content-layout":"default","site-content-style":"default","site-sidebar-style":"default","ast-global-header-display":"","ast-banner-title-visibility":"","ast-main-header-display":"","ast-hfb-above-header-display":"","ast-hfb-below-header-display":"","ast-hfb-mobile-header-display":"","site-post-title":"","ast-breadcrumbs-content":"","ast-featured-img":"","footer-sml-layout":"","ast-disable-related-posts":"","theme-transparent-header-meta":"","adv-header-id-meta":"","stick-header-meta":"","header-above-stick-meta":"","header-main-stick-meta":"","header-below-stick-meta":"","astra-migrate-meta-layouts":"default","ast-page-background-enabled":"default","ast-page-background-meta":{"desktop":{"background-color":"var(--ast-global-color-5)","background-image":"","background-repeat":"repeat","background-position":"center center","background-size":"auto","background-attachment":"scroll","background-type":"","background-media":"","overlay-type":"","overlay-color":"","overlay-opacity":"","overlay-gradient":""},"tablet":{"background-color":"","background-image":"","background-repeat":"repeat","background-position":"center center","background-size":"auto","background-attachment":"scroll","background-type":"","background-media":"","overlay-type":"","overlay-color":"","overlay-opacity":"","overlay-gradient":""},"mobile":{"background-color":"","background-image":"","background-repeat":"repeat","background-position":"center center","background-size":"auto","background-attachment":"scroll","background-type":"","background-media":"","overlay-type":"","overlay-color":"","overlay-opacity":"","overlay-gradient":""}},"ast-content-background-meta":{"desktop":{"background-color":"var(--ast-global-color-4)","background-image":"","background-repeat":"repeat","background-position":"center center","background-size":"auto","background-attachment":"scroll","background-type":"","background-media":"","overlay-type":"","overlay-color":"","overlay-opacity":"","overlay-gradient":""},"tablet":{"background-color":"var(--ast-global-color-4)","background-image":"","background-repeat":"repeat","background-position":"center center","background-size":"auto","background-attachment":"scroll","background-type":"","background-media":"","overlay-type":"","overlay-color":"","overlay-opacity":"","overlay-gradient":""},"mobile":{"background-color":"var(--ast-global-color-4)","background-image":"","background-repeat":"repeat","background-position":"center center","background-size":"auto","background-attachment":"scroll","background-type":"","background-media":"","overlay-type":"","overlay-color":"","overlay-opacity":"","overlay-gradient":""}},"footnotes":""},"categories":[20,1],"tags":[],"class_list":["post-11123","post","type-post","status-publish","format-standard","has-post-thumbnail","hentry","category-international","category-football-latest-news"],"yoast_head":"<!-- This site is optimized with the Yoast SEO Premium plugin v26.6 (Yoast SEO v27.5) - https:\/\/yoast.com\/product\/yoast-seo-premium-wordpress\/ -->\n<title>Canada\u2019s World Cup story: a promising project fueled by fan passion - Bladna News<\/title>\n<meta name=\"robots\" content=\"index, follow, max-snippet:-1, max-image-preview:large, max-video-preview:-1\" \/>\n<link rel=\"canonical\" href=\"https:\/\/bladnanews.com\/nl\/canadas-wk-verhaal-een-veelbelovend-project-aangewakkerd-door-de-passie-van-de-fans\/\" \/>\n<meta property=\"og:locale\" content=\"nl_NL\" \/>\n<meta property=\"og:type\" content=\"article\" \/>\n<meta property=\"og:title\" content=\"Canada\u2019s World Cup story: a promising project fueled by fan passion\" \/>\n<meta property=\"og:description\" content=\"Canada\u2019s journey to the 2026 World Cup is more than just a qualification story. It is a tale of a [&hellip;]\" \/>\n<meta property=\"og:url\" content=\"https:\/\/bladnanews.com\/nl\/canadas-wk-verhaal-een-veelbelovend-project-aangewakkerd-door-de-passie-van-de-fans\/\" \/>\n<meta property=\"og:site_name\" content=\"Bladna News\" \/>\n<meta property=\"article:published_time\" content=\"2026-04-30T11:51:37+00:00\" \/>\n<meta property=\"og:image\" content=\"https:\/\/bladnanews.com\/wp-content\/uploads\/2025\/12\/freepik__bladna-newscom-moroccan-soccer-homepage-banner-mor__41838.png\" \/>\n\t<meta property=\"og:image:width\" content=\"1312\" \/>\n\t<meta property=\"og:image:height\" content=\"736\" \/>\n\t<meta property=\"og:image:type\" content=\"image\/png\" \/>\n<meta name=\"author\" content=\"Bladna News Staff\" \/>\n<meta name=\"twitter:card\" content=\"summary_large_image\" \/>\n<meta name=\"twitter:label1\" content=\"Geschreven door\" \/>\n\t<meta name=\"twitter:data1\" content=\"Bladna News Staff\" \/>\n\t<meta name=\"twitter:label2\" content=\"Geschatte leestijd\" \/>\n\t<meta name=\"twitter:data2\" content=\"2 minuten\" \/>\n<script type=\"application\/ld+json\" class=\"yoast-schema-graph\">{\"@context\":\"https:\\\/\\\/schema.org\",\"@graph\":[{\"@type\":\"Article\",\"@id\":\"https:\\\/\\\/bladnanews.com\\\/canadas-world-cup-story-a-promising-project-fueled-by-fan-passion\\\/#article\",\"isPartOf\":{\"@id\":\"https:\\\/\\\/bladnanews.com\\\/canadas-world-cup-story-a-promising-project-fueled-by-fan-passion\\\/\"},\"author\":{\"name\":\"Bladna News Staff\",\"@id\":\"https:\\\/\\\/mediumseagreen-eel-531711.hostingersite.com\\\/#\\\/schema\\\/person\\\/268e18a453ab080ebf76df6ef7845083\"},\"headline\":\"Canada\u2019s World Cup story: a promising project fueled by fan passion\",\"datePublished\":\"2026-04-30T11:51:37+00:00\",\"mainEntityOfPage\":{\"@id\":\"https:\\\/\\\/bladnanews.com\\\/canadas-world-cup-story-a-promising-project-fueled-by-fan-passion\\\/\"},\"wordCount\":351,\"publisher\":{\"@id\":\"https:\\\/\\\/mediumseagreen-eel-531711.hostingersite.com\\\/#organization\"},\"image\":{\"@id\":\"https:\\\/\\\/bladnanews.com\\\/canadas-world-cup-story-a-promising-project-fueled-by-fan-passion\\\/#primaryimage\"},\"thumbnailUrl\":\"https:\\\/\\\/bladnanews.com\\\/wp-content\\\/uploads\\\/2026\\\/04\\\/GettyImages-2269579698.jpg-scaled.jpg\",\"articleSection\":[\"International\",\"Latest News\"],\"inLanguage\":\"nl-NL\",\"copyrightYear\":\"2026\",\"copyrightHolder\":{\"@id\":\"https:\\\/\\\/bladnanews.com\\\/nl\\\/#organization\"}},{\"@type\":\"WebPage\",\"@id\":\"https:\\\/\\\/bladnanews.com\\\/canadas-world-cup-story-a-promising-project-fueled-by-fan-passion\\\/\",\"url\":\"https:\\\/\\\/bladnanews.com\\\/canadas-world-cup-story-a-promising-project-fueled-by-fan-passion\\\/\",\"name\":\"Canada\u2019s World Cup story: a promising project fueled by fan passion - Bladna News\",\"isPartOf\":{\"@id\":\"https:\\\/\\\/mediumseagreen-eel-531711.hostingersite.com\\\/#website\"},\"primaryImageOfPage\":{\"@id\":\"https:\\\/\\\/bladnanews.com\\\/canadas-world-cup-story-a-promising-project-fueled-by-fan-passion\\\/#primaryimage\"},\"image\":{\"@id\":\"https:\\\/\\\/bladnanews.com\\\/canadas-world-cup-story-a-promising-project-fueled-by-fan-passion\\\/#primaryimage\"},\"thumbnailUrl\":\"https:\\\/\\\/bladnanews.com\\\/wp-content\\\/uploads\\\/2026\\\/04\\\/GettyImages-2269579698.jpg-scaled.jpg\",\"datePublished\":\"2026-04-30T11:51:37+00:00\",\"breadcrumb\":{\"@id\":\"https:\\\/\\\/bladnanews.com\\\/canadas-world-cup-story-a-promising-project-fueled-by-fan-passion\\\/#breadcrumb\"},\"inLanguage\":\"nl-NL\",\"potentialAction\":[{\"@type\":\"ReadAction\",\"target\":[\"https:\\\/\\\/bladnanews.com\\\/canadas-world-cup-story-a-promising-project-fueled-by-fan-passion\\\/\"]}]},{\"@type\":\"ImageObject\",\"inLanguage\":\"nl-NL\",\"@id\":\"https:\\\/\\\/bladnanews.com\\\/canadas-world-cup-story-a-promising-project-fueled-by-fan-passion\\\/#primaryimage\",\"url\":\"https:\\\/\\\/bladnanews.com\\\/wp-content\\\/uploads\\\/2026\\\/04\\\/GettyImages-2269579698.jpg-scaled.jpg\",\"contentUrl\":\"https:\\\/\\\/bladnanews.com\\\/wp-content\\\/uploads\\\/2026\\\/04\\\/GettyImages-2269579698.jpg-scaled.jpg\",\"width\":2560,\"height\":1440,\"caption\":\"Canada\u2019s World Cup story: a promising project fueled by fan passion\"},{\"@type\":\"BreadcrumbList\",\"@id\":\"https:\\\/\\\/bladnanews.com\\\/canadas-world-cup-story-a-promising-project-fueled-by-fan-passion\\\/#breadcrumb\",\"itemListElement\":[{\"@type\":\"ListItem\",\"position\":1,\"name\":\"Home\",\"item\":\"https:\\\/\\\/bladnanews.com\\\/\"},{\"@type\":\"ListItem\",\"position\":2,\"name\":\"Canada\u2019s World Cup story: a promising project fueled by fan passion\"}]},{\"@type\":\"WebSite\",\"@id\":\"https:\\\/\\\/mediumseagreen-eel-531711.hostingersite.com\\\/#website\",\"url\":\"https:\\\/\\\/mediumseagreen-eel-531711.hostingersite.com\\\/\",\"name\":\"Bladna News - Morocco\",\"description\":\"Where Moroccan Football Meets the World\",\"publisher\":{\"@id\":\"https:\\\/\\\/mediumseagreen-eel-531711.hostingersite.com\\\/#organization\"},\"potentialAction\":[{\"@type\":\"SearchAction\",\"target\":{\"@type\":\"EntryPoint\",\"urlTemplate\":\"https:\\\/\\\/mediumseagreen-eel-531711.hostingersite.com\\\/?s={search_term_string}\"},\"query-input\":{\"@type\":\"PropertyValueSpecification\",\"valueRequired\":true,\"valueName\":\"search_term_string\"}}],\"inLanguage\":\"nl-NL\"},{\"@type\":\"Organization\",\"@id\":\"https:\\\/\\\/mediumseagreen-eel-531711.hostingersite.com\\\/#organization\",\"name\":\"Bladna News.com\",\"url\":\"https:\\\/\\\/mediumseagreen-eel-531711.hostingersite.com\\\/\",\"logo\":{\"@type\":\"ImageObject\",\"inLanguage\":\"nl-NL\",\"@id\":\"https:\\\/\\\/mediumseagreen-eel-531711.hostingersite.com\\\/#\\\/schema\\\/logo\\\/image\\\/\",\"url\":\"https:\\\/\\\/bladnanews.com\\\/wp-content\\\/uploads\\\/2025\\\/12\\\/logo-bladnanews-V2-web-black-red.png\",\"contentUrl\":\"https:\\\/\\\/bladnanews.com\\\/wp-content\\\/uploads\\\/2025\\\/12\\\/logo-bladnanews-V2-web-black-red.png\",\"width\":703,\"height\":287,\"caption\":\"Bladna News.com\"},\"image\":{\"@id\":\"https:\\\/\\\/mediumseagreen-eel-531711.hostingersite.com\\\/#\\\/schema\\\/logo\\\/image\\\/\"},\"email\":\"info@bladnanews.com\",\"legalName\":\"Bladna News\"},{\"@type\":\"Person\",\"@id\":\"https:\\\/\\\/mediumseagreen-eel-531711.hostingersite.com\\\/#\\\/schema\\\/person\\\/268e18a453ab080ebf76df6ef7845083\",\"name\":\"Bladna News Staff\",\"url\":\"https:\\\/\\\/bladnanews.com\\\/nl\\\/author\\\/bladna-news-staff\\\/\"}]}<\/script>\n<!-- \/ Yoast SEO Premium plugin. -->","yoast_head_json":{"title":"Canada's WK-verhaal: een veelbelovend project gevoed door fanpassie - Bladna News","robots":{"index":"index","follow":"follow","max-snippet":"max-snippet:-1","max-image-preview":"max-image-preview:large","max-video-preview":"max-video-preview:-1"},"canonical":"https:\/\/bladnanews.com\/nl\/canadas-wk-verhaal-een-veelbelovend-project-aangewakkerd-door-de-passie-van-de-fans\/","og_locale":"nl_NL","og_type":"article","og_title":"Canada\u2019s World Cup story: a promising project fueled by fan passion","og_description":"Canada\u2019s journey to the 2026 World Cup is more than just a qualification story. It is a tale of a [&hellip;]","og_url":"https:\/\/bladnanews.com\/nl\/canadas-wk-verhaal-een-veelbelovend-project-aangewakkerd-door-de-passie-van-de-fans\/","og_site_name":"Bladna News","article_published_time":"2026-04-30T11:51:37+00:00","og_image":[{"width":1312,"height":736,"url":"https:\/\/bladnanews.com\/wp-content\/uploads\/2025\/12\/freepik__bladna-newscom-moroccan-soccer-homepage-banner-mor__41838.png","type":"image\/png"}],"author":"Bladna News Staff","twitter_card":"summary_large_image","twitter_misc":{"Geschreven door":"Bladna News Staff","Geschatte leestijd":"2 minuten"},"schema":{"@context":"https:\/\/schema.org","@graph":[{"@type":"Article","@id":"https:\/\/bladnanews.com\/canadas-world-cup-story-a-promising-project-fueled-by-fan-passion\/#article","isPartOf":{"@id":"https:\/\/bladnanews.com\/canadas-world-cup-story-a-promising-project-fueled-by-fan-passion\/"},"author":{"name":"Bladna News Staff","@id":"https:\/\/mediumseagreen-eel-531711.hostingersite.com\/#\/schema\/person\/268e18a453ab080ebf76df6ef7845083"},"headline":"Canada\u2019s World Cup story: a promising project fueled by fan passion","datePublished":"2026-04-30T11:51:37+00:00","mainEntityOfPage":{"@id":"https:\/\/bladnanews.com\/canadas-world-cup-story-a-promising-project-fueled-by-fan-passion\/"},"wordCount":351,"publisher":{"@id":"https:\/\/mediumseagreen-eel-531711.hostingersite.com\/#organization"},"image":{"@id":"https:\/\/bladnanews.com\/canadas-world-cup-story-a-promising-project-fueled-by-fan-passion\/#primaryimage"},"thumbnailUrl":"https:\/\/bladnanews.com\/wp-content\/uploads\/2026\/04\/GettyImages-2269579698.jpg-scaled.jpg","articleSection":["International","Latest News"],"inLanguage":"nl-NL","copyrightYear":"2026","copyrightHolder":{"@id":"https:\/\/bladnanews.com\/nl\/#organization"}},{"@type":"WebPage","@id":"https:\/\/bladnanews.com\/canadas-world-cup-story-a-promising-project-fueled-by-fan-passion\/","url":"https:\/\/bladnanews.com\/canadas-world-cup-story-a-promising-project-fueled-by-fan-passion\/","name":"Canada's WK-verhaal: een veelbelovend project gevoed door fanpassie - Bladna News","isPartOf":{"@id":"https:\/\/mediumseagreen-eel-531711.hostingersite.com\/#website"},"primaryImageOfPage":{"@id":"https:\/\/bladnanews.com\/canadas-world-cup-story-a-promising-project-fueled-by-fan-passion\/#primaryimage"},"image":{"@id":"https:\/\/bladnanews.com\/canadas-world-cup-story-a-promising-project-fueled-by-fan-passion\/#primaryimage"},"thumbnailUrl":"https:\/\/bladnanews.com\/wp-content\/uploads\/2026\/04\/GettyImages-2269579698.jpg-scaled.jpg","datePublished":"2026-04-30T11:51:37+00:00","breadcrumb":{"@id":"https:\/\/bladnanews.com\/canadas-world-cup-story-a-promising-project-fueled-by-fan-passion\/#breadcrumb"},"inLanguage":"nl-NL","potentialAction":[{"@type":"ReadAction","target":["https:\/\/bladnanews.com\/canadas-world-cup-story-a-promising-project-fueled-by-fan-passion\/"]}]},{"@type":"ImageObject","inLanguage":"nl-NL","@id":"https:\/\/bladnanews.com\/canadas-world-cup-story-a-promising-project-fueled-by-fan-passion\/#primaryimage","url":"https:\/\/bladnanews.com\/wp-content\/uploads\/2026\/04\/GettyImages-2269579698.jpg-scaled.jpg","contentUrl":"https:\/\/bladnanews.com\/wp-content\/uploads\/2026\/04\/GettyImages-2269579698.jpg-scaled.jpg","width":2560,"height":1440,"caption":"Canada\u2019s World Cup story: a promising project fueled by fan passion"},{"@type":"BreadcrumbList","@id":"https:\/\/bladnanews.com\/canadas-world-cup-story-a-promising-project-fueled-by-fan-passion\/#breadcrumb","itemListElement":[{"@type":"ListItem","position":1,"name":"Home","item":"https:\/\/bladnanews.com\/"},{"@type":"ListItem","position":2,"name":"Canada\u2019s World Cup story: a promising project fueled by fan passion"}]},{"@type":"WebSite","@id":"https:\/\/mediumseagreen-eel-531711.hostingersite.com\/#website","url":"https:\/\/mediumseagreen-eel-531711.hostingersite.com\/","name":"Bladna Nieuws - Marokko","description":"Waar Marokkaans voetbal de wereld ontmoet","publisher":{"@id":"https:\/\/mediumseagreen-eel-531711.hostingersite.com\/#organization"},"potentialAction":[{"@type":"SearchAction","target":{"@type":"EntryPoint","urlTemplate":"https:\/\/mediumseagreen-eel-531711.hostingersite.com\/?s={search_term_string}"},"query-input":{"@type":"PropertyValueSpecification","valueRequired":true,"valueName":"search_term_string"}}],"inLanguage":"nl-NL"},{"@type":"Organization","@id":"https:\/\/mediumseagreen-eel-531711.hostingersite.com\/#organization","name":"Bladna Nieuws.com","url":"https:\/\/mediumseagreen-eel-531711.hostingersite.com\/","logo":{"@type":"ImageObject","inLanguage":"nl-NL","@id":"https:\/\/mediumseagreen-eel-531711.hostingersite.com\/#\/schema\/logo\/image\/","url":"https:\/\/bladnanews.com\/wp-content\/uploads\/2025\/12\/logo-bladnanews-V2-web-black-red.png","contentUrl":"https:\/\/bladnanews.com\/wp-content\/uploads\/2025\/12\/logo-bladnanews-V2-web-black-red.png","width":703,"height":287,"caption":"Bladna News.com"},"image":{"@id":"https:\/\/mediumseagreen-eel-531711.hostingersite.com\/#\/schema\/logo\/image\/"},"email":"info@bladnanews.com","legalName":"Bladna News"},{"@type":"Person","@id":"https:\/\/mediumseagreen-eel-531711.hostingersite.com\/#\/schema\/person\/268e18a453ab080ebf76df6ef7845083","name":"Bladna Nieuwsredactie","url":"https:\/\/bladnanews.com\/nl\/author\/bladna-news-staff\/"}]}},"_links":{"self":[{"href":"https:\/\/bladnanews.com\/nl\/wp-json\/wp\/v2\/posts\/11123","targetHints":{"allow":["GET"]}}],"collection":[{"href":"https:\/\/bladnanews.com\/nl\/wp-json\/wp\/v2\/posts"}],"about":[{"href":"https:\/\/bladnanews.com\/nl\/wp-json\/wp\/v2\/types\/post"}],"author":[{"embeddable":true,"href":"https:\/\/bladnanews.com\/nl\/wp-json\/wp\/v2\/users\/3"}],"replies":[{"embeddable":true,"href":"https:\/\/bladnanews.com\/nl\/wp-json\/wp\/v2\/comments?post=11123"}],"version-history":[{"count":0,"href":"https:\/\/bladnanews.com\/nl\/wp-json\/wp\/v2\/posts\/11123\/revisions"}],"wp:featuredmedia":[{"embeddable":true,"href":"https:\/\/bladnanews.com\/nl\/wp-json\/wp\/v2\/media\/11122"}],"wp:attachment":[{"href":"https:\/\/bladnanews.com\/nl\/wp-json\/wp\/v2\/media?parent=11123"}],"wp:term":[{"taxonomy":"category","embeddable":true,"href":"https:\/\/bladnanews.com\/nl\/wp-json\/wp\/v2\/categories?post=11123"},{"taxonomy":"post_tag","embeddable":true,"href":"https:\/\/bladnanews.com\/nl\/wp-json\/wp\/v2\/tags?post=11123"}],"curies":[{"name":"wp","href":"https:\/\/api.w.org\/{rel}","templated":true}]}}