{"id":11195,"date":"2026-05-02T06:48:52","date_gmt":"2026-05-02T06:48:52","guid":{"rendered":"https:\/\/bladnanews.com\/real-madrid-decides-on-courtoiss-status-for-el-clasico\/"},"modified":"2026-05-02T06:48:52","modified_gmt":"2026-05-02T06:48:52","slug":"real-madrid-beslist-over-de-status-van-courtois-voor-el-clasico","status":"publish","type":"post","link":"https:\/\/bladnanews.com\/nl\/real-madrid-beslist-over-de-status-van-courtois-voor-el-clasico\/","title":{"rendered":"Real Madrid beslist over de status van Courtois voor de el clasico"},"content":{"rendered":"<p>Real Madrid heeft een definitief besluit genomen over de beschikbaarheid van Thibaut Courtois voor El Cl\u00e1sico tegen Barcelona, waarmee een einde komt aan wekenlange speculatie over de fitheid van de Belgische doelman.<\/p>\n<p>De medische staf van de club bevestigde dinsdag dat Courtois volledig is hersteld van de spierblessure die hij op 15 maart 2026 opliep tijdens de training. De 33-jarige onderging vanmorgen een late fitheidstest in Valdebebas, en de resultaten gaven groen licht voor zijn deelname aan de La Liga-topwedstrijd van zondag in het Santiago Bernab\u00e9u.<\/p>\n<p>Volgens bronnen binnen de kleedkamer van Real Madrid heeft hoofdtrainer Carlo Ancelotti Courtois al laten weten dat hij onder de lat zal starten. Dit besluit volgt nadat Andriy Lunin de afgelopen drie competitiewedstrijden inviel en twee keer de nul hield in overwinningen op Villarreal en Real Sociedad.<\/p>\n<p>Courtois miste de 2-1 overwinning op Rayo Vallecano op 9 maart 2026, nadat hij tijdens de warming-up ongemak voelde in zijn rechterhamstring. Vervolgens werd hij uitgesloten van de return in de achtste finales van de Champions League tegen Atl\u00e9tico Madrid op 12 maart 2026, die Real Madrid met een totaalscore van 3-1 won.<\/p>\n<p>De voormalig Chelsea-speler keerde op 20 maart 2026 terug naar gedeeltelijke training en heeft sinds de interlandperiode drie volledige sessies met de selectie afgerond. Clubartsen hebben groen licht gegeven na beoordeling van zijn belasting tijdens de besloten training van vrijdag.<\/p>\n<p>\u201cThibaut is er klaar voor. Hij heeft hard gewerkt om terug te keren, en we vertrouwen op zijn ervaring voor een wedstrijd van deze omvang,\u201d zei Ancelotti in zijn persconferentie voor de wedstrijd. \u201cWe hebben geen risico's genomen. Het medische team was duidelijk, en de speler voelt zich zelfverzekerd.\u201d<\/p>\n<p>Real Madrid staat momenteel tweede in La Liga, drie punten achter koploper Barcelona met nog acht wedstrijden te spelen. De Cl\u00e1sico van zondag wordt algemeen beschouwd als een mogelijke titelbeslisser, en de terugkeer van Courtois geeft de verdedigende stabiliteit van de thuisploeg een flinke boost.<\/p>\n<p>De Belgische international heeft dit seizoen 22 competitiewedstrijden gespeeld, waarin hij 18 doelpunten incasseerde en 11 keer de nul hield. Zijn laatste Cl\u00e1sico-optreden was in oktober 2025, een 2-1 overwinning voor Real Madrid in het Bernab\u00e9u.<\/p>\n<p>Barcelona zal het ondertussen moeten stellen zonder eerste doelman Marc-Andr\u00e9 ter Stegen, die aan de kant staat met een rugblessure. Naar verwachting start I\u00f1aki Pe\u00f1a voor de bezoekers.<\/p>\n<p>De aftrap op zondag staat gepland om 21:00 uur lokale tijd.<\/p>","protected":false},"excerpt":{"rendered":"<p>Real Madrid have made a final decision on Thibaut Courtois\u2019s availability for El Clasico against Barcelona, putting an end to [&hellip;]<\/p>\n","protected":false},"author":3,"featured_media":11194,"comment_status":"","ping_status":"open","sticky":false,"template":"","format":"standard","meta":{"googlesitekit_rrm_CAow_uzEDA:productID":"","site-sidebar-layout":"default","site-content-layout":"","ast-site-content-layout":"default","site-content-style":"default","site-sidebar-style":"default","ast-global-header-display":"","ast-banner-title-visibility":"","ast-main-header-display":"","ast-hfb-above-header-display":"","ast-hfb-below-header-display":"","ast-hfb-mobile-header-display":"","site-post-title":"","ast-breadcrumbs-content":"","ast-featured-img":"","footer-sml-layout":"","ast-disable-related-posts":"","theme-transparent-header-meta":"","adv-header-id-meta":"","stick-header-meta":"","header-above-stick-meta":"","header-main-stick-meta":"","header-below-stick-meta":"","astra-migrate-meta-layouts":"default","ast-page-background-enabled":"default","ast-page-background-meta":{"desktop":{"background-color":"var(--ast-global-color-5)","background-image":"","background-repeat":"repeat","background-position":"center center","background-size":"auto","background-attachment":"scroll","background-type":"","background-media":"","overlay-type":"","overlay-color":"","overlay-opacity":"","overlay-gradient":""},"tablet":{"background-color":"","background-image":"","background-repeat":"repeat","background-position":"center center","background-size":"auto","background-attachment":"scroll","background-type":"","background-media":"","overlay-type":"","overlay-color":"","overlay-opacity":"","overlay-gradient":""},"mobile":{"background-color":"","background-image":"","background-repeat":"repeat","background-position":"center center","background-size":"auto","background-attachment":"scroll","background-type":"","background-media":"","overlay-type":"","overlay-color":"","overlay-opacity":"","overlay-gradient":""}},"ast-content-background-meta":{"desktop":{"background-color":"var(--ast-global-color-4)","background-image":"","background-repeat":"repeat","background-position":"center center","background-size":"auto","background-attachment":"scroll","background-type":"","background-media":"","overlay-type":"","overlay-color":"","overlay-opacity":"","overlay-gradient":""},"tablet":{"background-color":"var(--ast-global-color-4)","background-image":"","background-repeat":"repeat","background-position":"center center","background-size":"auto","background-attachment":"scroll","background-type":"","background-media":"","overlay-type":"","overlay-color":"","overlay-opacity":"","overlay-gradient":""},"mobile":{"background-color":"var(--ast-global-color-4)","background-image":"","background-repeat":"repeat","background-position":"center center","background-size":"auto","background-attachment":"scroll","background-type":"","background-media":"","overlay-type":"","overlay-color":"","overlay-opacity":"","overlay-gradient":""}},"footnotes":""},"categories":[20,1],"tags":[],"class_list":["post-11195","post","type-post","status-publish","format-standard","has-post-thumbnail","hentry","category-international","category-football-latest-news"],"yoast_head":"<!-- This site is optimized with the Yoast SEO Premium plugin v26.6 (Yoast SEO v27.5) - https:\/\/yoast.com\/product\/yoast-seo-premium-wordpress\/ -->\n<title>Real Madrid decides on Courtois\u2019s status for el clasico - Bladna News<\/title>\n<meta name=\"robots\" content=\"index, follow, max-snippet:-1, max-image-preview:large, max-video-preview:-1\" \/>\n<link rel=\"canonical\" href=\"https:\/\/bladnanews.com\/nl\/real-madrid-beslist-over-de-status-van-courtois-voor-el-clasico\/\" \/>\n<meta property=\"og:locale\" content=\"nl_NL\" \/>\n<meta property=\"og:type\" content=\"article\" \/>\n<meta property=\"og:title\" content=\"Real Madrid decides on Courtois\u2019s status for el clasico\" \/>\n<meta property=\"og:description\" content=\"Real Madrid have made a final decision on Thibaut Courtois\u2019s availability for El Clasico against Barcelona, putting an end to [&hellip;]\" \/>\n<meta property=\"og:url\" content=\"https:\/\/bladnanews.com\/nl\/real-madrid-beslist-over-de-status-van-courtois-voor-el-clasico\/\" \/>\n<meta property=\"og:site_name\" content=\"Bladna News\" \/>\n<meta property=\"article:published_time\" content=\"2026-05-02T06:48:52+00:00\" \/>\n<meta property=\"og:image\" content=\"https:\/\/bladnanews.com\/wp-content\/uploads\/2025\/12\/freepik__bladna-newscom-moroccan-soccer-homepage-banner-mor__41838.png\" \/>\n\t<meta property=\"og:image:width\" content=\"1312\" \/>\n\t<meta property=\"og:image:height\" content=\"736\" \/>\n\t<meta property=\"og:image:type\" content=\"image\/png\" \/>\n<meta name=\"author\" content=\"Bladna News Staff\" \/>\n<meta name=\"twitter:card\" content=\"summary_large_image\" \/>\n<meta name=\"twitter:label1\" content=\"Geschreven door\" \/>\n\t<meta name=\"twitter:data1\" content=\"Bladna News Staff\" \/>\n\t<meta name=\"twitter:label2\" content=\"Geschatte leestijd\" \/>\n\t<meta name=\"twitter:data2\" content=\"2 minuten\" \/>\n<script type=\"application\/ld+json\" class=\"yoast-schema-graph\">{\"@context\":\"https:\\\/\\\/schema.org\",\"@graph\":[{\"@type\":\"Article\",\"@id\":\"https:\\\/\\\/bladnanews.com\\\/real-madrid-decides-on-courtoiss-status-for-el-clasico\\\/#article\",\"isPartOf\":{\"@id\":\"https:\\\/\\\/bladnanews.com\\\/real-madrid-decides-on-courtoiss-status-for-el-clasico\\\/\"},\"author\":{\"name\":\"Bladna News Staff\",\"@id\":\"https:\\\/\\\/mediumseagreen-eel-531711.hostingersite.com\\\/#\\\/schema\\\/person\\\/268e18a453ab080ebf76df6ef7845083\"},\"headline\":\"Real Madrid decides on Courtois\u2019s status for el clasico\",\"datePublished\":\"2026-05-02T06:48:52+00:00\",\"mainEntityOfPage\":{\"@id\":\"https:\\\/\\\/bladnanews.com\\\/real-madrid-decides-on-courtoiss-status-for-el-clasico\\\/\"},\"wordCount\":376,\"publisher\":{\"@id\":\"https:\\\/\\\/mediumseagreen-eel-531711.hostingersite.com\\\/#organization\"},\"image\":{\"@id\":\"https:\\\/\\\/bladnanews.com\\\/real-madrid-decides-on-courtoiss-status-for-el-clasico\\\/#primaryimage\"},\"thumbnailUrl\":\"https:\\\/\\\/bladnanews.com\\\/wp-content\\\/uploads\\\/2026\\\/05\\\/GettyImages-2263765691.jpg-scaled.jpg\",\"articleSection\":[\"International\",\"Latest News\"],\"inLanguage\":\"nl-NL\",\"copyrightYear\":\"2026\",\"copyrightHolder\":{\"@id\":\"https:\\\/\\\/bladnanews.com\\\/nl\\\/#organization\"}},{\"@type\":\"WebPage\",\"@id\":\"https:\\\/\\\/bladnanews.com\\\/real-madrid-decides-on-courtoiss-status-for-el-clasico\\\/\",\"url\":\"https:\\\/\\\/bladnanews.com\\\/real-madrid-decides-on-courtoiss-status-for-el-clasico\\\/\",\"name\":\"Real Madrid decides on Courtois\u2019s status for el clasico - Bladna News\",\"isPartOf\":{\"@id\":\"https:\\\/\\\/mediumseagreen-eel-531711.hostingersite.com\\\/#website\"},\"primaryImageOfPage\":{\"@id\":\"https:\\\/\\\/bladnanews.com\\\/real-madrid-decides-on-courtoiss-status-for-el-clasico\\\/#primaryimage\"},\"image\":{\"@id\":\"https:\\\/\\\/bladnanews.com\\\/real-madrid-decides-on-courtoiss-status-for-el-clasico\\\/#primaryimage\"},\"thumbnailUrl\":\"https:\\\/\\\/bladnanews.com\\\/wp-content\\\/uploads\\\/2026\\\/05\\\/GettyImages-2263765691.jpg-scaled.jpg\",\"datePublished\":\"2026-05-02T06:48:52+00:00\",\"breadcrumb\":{\"@id\":\"https:\\\/\\\/bladnanews.com\\\/real-madrid-decides-on-courtoiss-status-for-el-clasico\\\/#breadcrumb\"},\"inLanguage\":\"nl-NL\",\"potentialAction\":[{\"@type\":\"ReadAction\",\"target\":[\"https:\\\/\\\/bladnanews.com\\\/real-madrid-decides-on-courtoiss-status-for-el-clasico\\\/\"]}]},{\"@type\":\"ImageObject\",\"inLanguage\":\"nl-NL\",\"@id\":\"https:\\\/\\\/bladnanews.com\\\/real-madrid-decides-on-courtoiss-status-for-el-clasico\\\/#primaryimage\",\"url\":\"https:\\\/\\\/bladnanews.com\\\/wp-content\\\/uploads\\\/2026\\\/05\\\/GettyImages-2263765691.jpg-scaled.jpg\",\"contentUrl\":\"https:\\\/\\\/bladnanews.com\\\/wp-content\\\/uploads\\\/2026\\\/05\\\/GettyImages-2263765691.jpg-scaled.jpg\",\"width\":2560,\"height\":1440,\"caption\":\"Real Madrid decides on Courtois\u2019s status for el clasico\"},{\"@type\":\"BreadcrumbList\",\"@id\":\"https:\\\/\\\/bladnanews.com\\\/real-madrid-decides-on-courtoiss-status-for-el-clasico\\\/#breadcrumb\",\"itemListElement\":[{\"@type\":\"ListItem\",\"position\":1,\"name\":\"Home\",\"item\":\"https:\\\/\\\/bladnanews.com\\\/\"},{\"@type\":\"ListItem\",\"position\":2,\"name\":\"Real Madrid decides on Courtois\u2019s status for el clasico\"}]},{\"@type\":\"WebSite\",\"@id\":\"https:\\\/\\\/mediumseagreen-eel-531711.hostingersite.com\\\/#website\",\"url\":\"https:\\\/\\\/mediumseagreen-eel-531711.hostingersite.com\\\/\",\"name\":\"Bladna News - Morocco\",\"description\":\"Where Moroccan Football Meets the World\",\"publisher\":{\"@id\":\"https:\\\/\\\/mediumseagreen-eel-531711.hostingersite.com\\\/#organization\"},\"potentialAction\":[{\"@type\":\"SearchAction\",\"target\":{\"@type\":\"EntryPoint\",\"urlTemplate\":\"https:\\\/\\\/mediumseagreen-eel-531711.hostingersite.com\\\/?s={search_term_string}\"},\"query-input\":{\"@type\":\"PropertyValueSpecification\",\"valueRequired\":true,\"valueName\":\"search_term_string\"}}],\"inLanguage\":\"nl-NL\"},{\"@type\":\"Organization\",\"@id\":\"https:\\\/\\\/mediumseagreen-eel-531711.hostingersite.com\\\/#organization\",\"name\":\"Bladna News.com\",\"url\":\"https:\\\/\\\/mediumseagreen-eel-531711.hostingersite.com\\\/\",\"logo\":{\"@type\":\"ImageObject\",\"inLanguage\":\"nl-NL\",\"@id\":\"https:\\\/\\\/mediumseagreen-eel-531711.hostingersite.com\\\/#\\\/schema\\\/logo\\\/image\\\/\",\"url\":\"https:\\\/\\\/bladnanews.com\\\/wp-content\\\/uploads\\\/2025\\\/12\\\/logo-bladnanews-V2-web-black-red.png\",\"contentUrl\":\"https:\\\/\\\/bladnanews.com\\\/wp-content\\\/uploads\\\/2025\\\/12\\\/logo-bladnanews-V2-web-black-red.png\",\"width\":703,\"height\":287,\"caption\":\"Bladna News.com\"},\"image\":{\"@id\":\"https:\\\/\\\/mediumseagreen-eel-531711.hostingersite.com\\\/#\\\/schema\\\/logo\\\/image\\\/\"},\"email\":\"info@bladnanews.com\",\"legalName\":\"Bladna News\"},{\"@type\":\"Person\",\"@id\":\"https:\\\/\\\/mediumseagreen-eel-531711.hostingersite.com\\\/#\\\/schema\\\/person\\\/268e18a453ab080ebf76df6ef7845083\",\"name\":\"Bladna News Staff\",\"url\":\"https:\\\/\\\/bladnanews.com\\\/nl\\\/author\\\/bladna-news-staff\\\/\"}]}<\/script>\n<!-- \/ Yoast SEO Premium plugin. -->","yoast_head_json":{"title":"Real Madrid beslist over de status van Courtois voor El Cl\u00e1sico - Bladna News","robots":{"index":"index","follow":"follow","max-snippet":"max-snippet:-1","max-image-preview":"max-image-preview:large","max-video-preview":"max-video-preview:-1"},"canonical":"https:\/\/bladnanews.com\/nl\/real-madrid-beslist-over-de-status-van-courtois-voor-el-clasico\/","og_locale":"nl_NL","og_type":"article","og_title":"Real Madrid decides on Courtois\u2019s status for el clasico","og_description":"Real Madrid have made a final decision on Thibaut Courtois\u2019s availability for El Clasico against Barcelona, putting an end to [&hellip;]","og_url":"https:\/\/bladnanews.com\/nl\/real-madrid-beslist-over-de-status-van-courtois-voor-el-clasico\/","og_site_name":"Bladna News","article_published_time":"2026-05-02T06:48:52+00:00","og_image":[{"width":1312,"height":736,"url":"https:\/\/bladnanews.com\/wp-content\/uploads\/2025\/12\/freepik__bladna-newscom-moroccan-soccer-homepage-banner-mor__41838.png","type":"image\/png"}],"author":"Bladna News Staff","twitter_card":"summary_large_image","twitter_misc":{"Geschreven door":"Bladna News Staff","Geschatte leestijd":"2 minuten"},"schema":{"@context":"https:\/\/schema.org","@graph":[{"@type":"Article","@id":"https:\/\/bladnanews.com\/real-madrid-decides-on-courtoiss-status-for-el-clasico\/#article","isPartOf":{"@id":"https:\/\/bladnanews.com\/real-madrid-decides-on-courtoiss-status-for-el-clasico\/"},"author":{"name":"Bladna News Staff","@id":"https:\/\/mediumseagreen-eel-531711.hostingersite.com\/#\/schema\/person\/268e18a453ab080ebf76df6ef7845083"},"headline":"Real Madrid decides on Courtois\u2019s status for el clasico","datePublished":"2026-05-02T06:48:52+00:00","mainEntityOfPage":{"@id":"https:\/\/bladnanews.com\/real-madrid-decides-on-courtoiss-status-for-el-clasico\/"},"wordCount":376,"publisher":{"@id":"https:\/\/mediumseagreen-eel-531711.hostingersite.com\/#organization"},"image":{"@id":"https:\/\/bladnanews.com\/real-madrid-decides-on-courtoiss-status-for-el-clasico\/#primaryimage"},"thumbnailUrl":"https:\/\/bladnanews.com\/wp-content\/uploads\/2026\/05\/GettyImages-2263765691.jpg-scaled.jpg","articleSection":["International","Latest News"],"inLanguage":"nl-NL","copyrightYear":"2026","copyrightHolder":{"@id":"https:\/\/bladnanews.com\/nl\/#organization"}},{"@type":"WebPage","@id":"https:\/\/bladnanews.com\/real-madrid-decides-on-courtoiss-status-for-el-clasico\/","url":"https:\/\/bladnanews.com\/real-madrid-decides-on-courtoiss-status-for-el-clasico\/","name":"Real Madrid beslist over de status van Courtois voor El Cl\u00e1sico - Bladna News","isPartOf":{"@id":"https:\/\/mediumseagreen-eel-531711.hostingersite.com\/#website"},"primaryImageOfPage":{"@id":"https:\/\/bladnanews.com\/real-madrid-decides-on-courtoiss-status-for-el-clasico\/#primaryimage"},"image":{"@id":"https:\/\/bladnanews.com\/real-madrid-decides-on-courtoiss-status-for-el-clasico\/#primaryimage"},"thumbnailUrl":"https:\/\/bladnanews.com\/wp-content\/uploads\/2026\/05\/GettyImages-2263765691.jpg-scaled.jpg","datePublished":"2026-05-02T06:48:52+00:00","breadcrumb":{"@id":"https:\/\/bladnanews.com\/real-madrid-decides-on-courtoiss-status-for-el-clasico\/#breadcrumb"},"inLanguage":"nl-NL","potentialAction":[{"@type":"ReadAction","target":["https:\/\/bladnanews.com\/real-madrid-decides-on-courtoiss-status-for-el-clasico\/"]}]},{"@type":"ImageObject","inLanguage":"nl-NL","@id":"https:\/\/bladnanews.com\/real-madrid-decides-on-courtoiss-status-for-el-clasico\/#primaryimage","url":"https:\/\/bladnanews.com\/wp-content\/uploads\/2026\/05\/GettyImages-2263765691.jpg-scaled.jpg","contentUrl":"https:\/\/bladnanews.com\/wp-content\/uploads\/2026\/05\/GettyImages-2263765691.jpg-scaled.jpg","width":2560,"height":1440,"caption":"Real Madrid decides on Courtois\u2019s status for el clasico"},{"@type":"BreadcrumbList","@id":"https:\/\/bladnanews.com\/real-madrid-decides-on-courtoiss-status-for-el-clasico\/#breadcrumb","itemListElement":[{"@type":"ListItem","position":1,"name":"Home","item":"https:\/\/bladnanews.com\/"},{"@type":"ListItem","position":2,"name":"Real Madrid decides on Courtois\u2019s status for el clasico"}]},{"@type":"WebSite","@id":"https:\/\/mediumseagreen-eel-531711.hostingersite.com\/#website","url":"https:\/\/mediumseagreen-eel-531711.hostingersite.com\/","name":"Bladna Nieuws - Marokko","description":"Waar Marokkaans voetbal de wereld ontmoet","publisher":{"@id":"https:\/\/mediumseagreen-eel-531711.hostingersite.com\/#organization"},"potentialAction":[{"@type":"SearchAction","target":{"@type":"EntryPoint","urlTemplate":"https:\/\/mediumseagreen-eel-531711.hostingersite.com\/?s={search_term_string}"},"query-input":{"@type":"PropertyValueSpecification","valueRequired":true,"valueName":"search_term_string"}}],"inLanguage":"nl-NL"},{"@type":"Organization","@id":"https:\/\/mediumseagreen-eel-531711.hostingersite.com\/#organization","name":"Bladna Nieuws.com","url":"https:\/\/mediumseagreen-eel-531711.hostingersite.com\/","logo":{"@type":"ImageObject","inLanguage":"nl-NL","@id":"https:\/\/mediumseagreen-eel-531711.hostingersite.com\/#\/schema\/logo\/image\/","url":"https:\/\/bladnanews.com\/wp-content\/uploads\/2025\/12\/logo-bladnanews-V2-web-black-red.png","contentUrl":"https:\/\/bladnanews.com\/wp-content\/uploads\/2025\/12\/logo-bladnanews-V2-web-black-red.png","width":703,"height":287,"caption":"Bladna News.com"},"image":{"@id":"https:\/\/mediumseagreen-eel-531711.hostingersite.com\/#\/schema\/logo\/image\/"},"email":"info@bladnanews.com","legalName":"Bladna News"},{"@type":"Person","@id":"https:\/\/mediumseagreen-eel-531711.hostingersite.com\/#\/schema\/person\/268e18a453ab080ebf76df6ef7845083","name":"Bladna Nieuwsredactie","url":"https:\/\/bladnanews.com\/nl\/author\/bladna-news-staff\/"}]}},"_links":{"self":[{"href":"https:\/\/bladnanews.com\/nl\/wp-json\/wp\/v2\/posts\/11195","targetHints":{"allow":["GET"]}}],"collection":[{"href":"https:\/\/bladnanews.com\/nl\/wp-json\/wp\/v2\/posts"}],"about":[{"href":"https:\/\/bladnanews.com\/nl\/wp-json\/wp\/v2\/types\/post"}],"author":[{"embeddable":true,"href":"https:\/\/bladnanews.com\/nl\/wp-json\/wp\/v2\/users\/3"}],"replies":[{"embeddable":true,"href":"https:\/\/bladnanews.com\/nl\/wp-json\/wp\/v2\/comments?post=11195"}],"version-history":[{"count":0,"href":"https:\/\/bladnanews.com\/nl\/wp-json\/wp\/v2\/posts\/11195\/revisions"}],"wp:featuredmedia":[{"embeddable":true,"href":"https:\/\/bladnanews.com\/nl\/wp-json\/wp\/v2\/media\/11194"}],"wp:attachment":[{"href":"https:\/\/bladnanews.com\/nl\/wp-json\/wp\/v2\/media?parent=11195"}],"wp:term":[{"taxonomy":"category","embeddable":true,"href":"https:\/\/bladnanews.com\/nl\/wp-json\/wp\/v2\/categories?post=11195"},{"taxonomy":"post_tag","embeddable":true,"href":"https:\/\/bladnanews.com\/nl\/wp-json\/wp\/v2\/tags?post=11195"}],"curies":[{"name":"wp","href":"https:\/\/api.w.org\/{rel}","templated":true}]}}